{"id":10052,"date":"2025-06-04T08:25:01","date_gmt":"2025-06-04T06:25:01","guid":{"rendered":"https:\/\/www.hotel-westend.com\/?p=10052"},"modified":"2025-05-30T11:44:31","modified_gmt":"2025-05-30T09:44:31","slug":"lete-sur-la-cote-dazur-les-festivals-incontournables-autour-de-nice","status":"publish","type":"post","link":"https:\/\/www.hotel-westend.com\/en\/2025\/06\/04\/lete-sur-la-cote-dazur-les-festivals-incontournables-autour-de-nice\/","title":{"rendered":"Summer on the C\u00f4te d&#8217;Azur: the must-see festivals around Nice"},"content":{"rendered":"<p>[et_pb_section fb_built=&#8221;1&#8243; admin_label=&#8221;section&#8221; _builder_version=&#8221;4.16&#8243; min_height=&#8221;629.4px&#8221; custom_padding=&#8221;||0px|||&#8221; global_colors_info=&#8221;{}&#8221;][et_pb_row admin_label=&#8221;row&#8221; _builder_version=&#8221;4.27.0&#8243; background_size=&#8221;initial&#8221; background_position=&#8221;top_left&#8221; background_repeat=&#8221;repeat&#8221; custom_margin=&#8221;-4px|auto||auto|false|false&#8221; custom_padding=&#8221;||0px|||&#8221; global_colors_info=&#8221;{}&#8221;][et_pb_column type=&#8221;4_4&#8243; _builder_version=&#8221;4.16&#8243; custom_padding=&#8221;|||&#8221; global_colors_info=&#8221;{}&#8221; custom_padding__hover=&#8221;|||&#8221;][et_pb_text module_class=&#8221;tiretsInverse&#8221; _builder_version=&#8221;4.27.0&#8243; _module_preset=&#8221;default&#8221; header_2_font=&#8221;Gilda Display||||||||&#8221; header_2_text_color=&#8221;#9b8760&#8243; header_2_font_size=&#8221;58px&#8221; width=&#8221;100%&#8221; custom_margin=&#8221;|||0px|false|false&#8221; custom_padding=&#8221;0px|||0px||&#8221; locked=&#8221;off&#8221; global_colors_info=&#8221;{}&#8221;]<\/p>\n<h2>Summer on the C\u00f4te d&#8217;Azur: the must-see festivals around Nice<\/h2>\n<p>[\/et_pb_text][et_pb_image src=&#8221;https:\/\/www.hotel-westend.com\/wp-content\/uploads\/2025\/05\/article-west-end-scaled.webp&#8221; alt=&#8221;L&#8217;\u00e9t\u00e9 sur la C\u00f4te d&#8217;Azur : les festivals incontournables autour de Nice&#8221; title_text=&#8221;L&#8217;\u00e9t\u00e9 sur la C\u00f4te d&#8217;Azur : les festivals incontournables autour de Nice&#8221; _builder_version=&#8221;4.27.0&#8243; _module_preset=&#8221;default&#8221; global_colors_info=&#8221;{}&#8221;][\/et_pb_image][et_pb_text admin_label=&#8221;Text&#8221; _builder_version=&#8221;4.27.0&#8243; background_size=&#8221;initial&#8221; background_position=&#8221;top_left&#8221; background_repeat=&#8221;repeat&#8221; global_colors_info=&#8221;{}&#8221;]<\/p>\n<p>Summer is fast approaching and the <a href=\"https:\/\/cotedazurfrance.com\/\" target=\"_blank\" rel=\"noopener\">C\u00f4te d&#8217;Azur<\/a> is getting ready to vibrate to the rhythm of festivals, each more exciting than the last! By staying at the H\u00f4tel West End, you&#8217;ll be ideally placed to take advantage of these exceptional events, which promise an atmosphere to suit all tastes. Get your diaries ready, here are the events you won&#8217;t want to miss!<\/p>\n<h3>Les Nuits Carr\u00e9es in Antibes: 12 to 14 June 2025<\/h3>\n<p>From 12 to 14 June 2025, the Nuits Carr\u00e9es return to Antibes with an eclectic and daring programme that promises to rock the Port Vauban. For three evenings, headliners and musical revelations will take to the stage one after the other, offering a total immersion in pop, rap, electro and French chanson. Expect a perfect fusion of powerful sounds and light shows, and Antibes will be dancing the night away.<\/p>\n<h3>The Kermesse Festival in Nice: 4 to 6 July 2025<\/h3>\n<p>Want to go back in time and relive the madness of the 2000s? Don&#8217;t miss La Kermesse Festival, from Friday 4 to Sunday 6 July 2025, at the Th\u00e9\u00e2tre de Verdure! Now in its 4th year, this unique festival brings together some of the decade&#8217;s most emblematic artists in a festive and convivial atmosphere, right on the legendary Promenade des Anglais. Get ready to sing and dance to the hits that marked your adolescence!<\/p>\n<h3>Nice Jazz Festival: 24 to 27 July 2025<\/h3>\n<p>Ready to immerse yourself in the spellbinding atmosphere of jazz in the heart of Nice? Don&#8217;t miss the Nice Jazz Festival, from 24 to 27 July 2025, at the Th\u00e9\u00e2tre de Verdure and Place Mass\u00e9na! Every summer since 1948, this emblematic festival has brought together leading jazz artists, as well as soul, funk and world music talents, for 4 unforgettable nights. A veritable musical institution not to be missed by fans of good vibes.<\/p>\n<h3>Les Plages \u00c9lectroniques in Cannes: 8 to 10 August 2025<\/h3>\n<p>Experience the intensity of music in the heart of Cannes! From 8 to 10 August 2025, Les Plages \u00c9lectroniques will transform the Croisette into a veritable temple of electro beats. Three evenings dedicated to international DJs and new stars of the scene await you for an unforgettable party where light, sound and sensations intertwine. An immersive experience for electronic music fans!<\/p>\n<h3>Crossover Nice: 5 and 6 September 2025<\/h3>\n<p>To round off the summer in style, come along to Nice on Friday 5 and Saturday 6 September 2025 for the Crossover festival, which will be bringing the city to the beat of contemporary music. For 2 days, it&#8217;s all about creativity in all its forms, with artists shaking things up and evenings full of surprises. It&#8217;s the perfect opportunity to discover new musical trends and prolong the summer spirit.<\/p>\n<p>Whether you&#8217;re a jazz fan, nostalgic for the 2000s or a fan of electro beats, the C\u00f4te d&#8217;Azur offers a rich and varied summer programme. Don&#8217;t miss out on any of the summer festivities by staying at the <a href=\"https:\/\/www.hotel-westend.com\/en\/booking-module\/\" target=\"_blank\" rel=\"noopener\">H\u00f4tel West End<\/a>, ideally located in the heart of the action!<\/p>\n<p>\u00a9 C\u00f4te d&#8217;Azur France &#8211; 2025<\/p>\n<p>[\/et_pb_text][\/et_pb_column][\/et_pb_row][\/et_pb_section]<\/p>\n","protected":false},"excerpt":{"rendered":"<p>Summer is fast approaching and the C\u00f4te d&#8217;Azur is getting ready to vibrate to the rhythm of festivals, each more exciting than the last&#8230;<\/p>\n","protected":false},"author":7,"featured_media":10045,"comment_status":"open","ping_status":"open","sticky":false,"template":"","format":"standard","meta":{"_et_pb_use_builder":"on","_et_pb_old_content":"<!-- wp:paragraph -->\r\n<p>Du 13 au 27 f\u00e9vrier 2021, Nice deviendra la Capitale mondiale de la mode avec la 137e \u00e9dition du Carnaval sur le th\u00e8me \u00ab Roi des animaux \u00bb. Venez admirer le Roi, la Reine et leurs sujets et participer aux extravagants d\u00e9fil\u00e9s de chars, de grosses t\u00eates et aux \u00e9l\u00e9gantes Batailles de Fleurs.<\/p>\r\n<!-- \/wp:paragraph -->\r\n\r\n<!-- wp:paragraph -->\r\n<p>Pendant 15 jours, le Carnaval de Nice, avec ses deux manifestations\u00a0: les Corsi carnavalesques (de jour ou de nuit) et les Batailles de fleurs, imposera son style et vous offrira un spectacle burlesque, magique et initiatique d\u00e9di\u00e9 \u00e0 la mode sous toutes ses coutures.<\/p>\r\n<!-- \/wp:paragraph -->\r\n\r\n<!-- wp:paragraph -->\r\n<p>Les chars cr\u00e9\u00e9s sur le th\u00e8me d\u00e9fileront lors des Corsi carnavalesques (mardis, samedis et dimanche), accompagn\u00e9s de grosses t\u00eates et d\u2019artistes venant du monde entier dans une ambiance festive et populaire, savamment sc\u00e9nographi\u00e9e, pour revisiter l\u2019histoire de la mode, vous faire rire, sourire mais aussi r\u00e9fl\u00e9chir sur la mode et ses dessous. Car si la mode lance des tendances et bouleverse les codes comme les comportements, elle a aussi un r\u00f4le \u00e9thique et responsable \u00e0 jouer.<\/p>\r\n<!-- \/wp:paragraph -->\r\n\r\n<!-- wp:paragraph -->\r\n<p>Les mercredis et samedis apr\u00e8s-midi, venez d\u00e9couvrir l\u2019autre temps du fort du Carnaval\u00a0: les Batailles de Fleurs o\u00f9 le th\u00e8me sera d\u00e9clin\u00e9 sur des chars orn\u00e9s de fleurs valorisant la production locale (80% des fleurs sont produites dans la r\u00e9gion) et anim\u00e9s par des com\u00e9diennes qui porteront des costumes sp\u00e9cialement con\u00e7us pour la manifestation. Un d\u00e9fil\u00e9 unique au monde o\u00f9 des milliers de fleurs seront distribu\u00e9es.<\/p>\r\n<!-- \/wp:paragraph -->\r\n\r\n<!-- wp:paragraph -->\r\n<p>Et n\u2019oubliez pas, grands et petits, d\u00e9guisez de la t\u00eate aux pieds, les corsi seront gratuits\u00a0!<\/p>\r\n<!-- \/wp:paragraph -->\r\n\r\n<!-- wp:paragraph -->\r\n<p><strong>Alors venez prendre part \u00e0 la f\u00eate du 13 au 27 f\u00e9vrier 2021 \u00e0 Nice.<\/strong><\/p>\r\n<!-- \/wp:paragraph -->","_et_gb_content_width":"1150","inline_featured_image":false,"footnotes":""},"categories":[36,37,35],"tags":[],"class_list":["post-10052","post","type-post","status-publish","format-standard","has-post-thumbnail","hentry","category-actualites-en","category-news-en","category-news-en-2022"],"yoast_head":"<!-- This site is optimized with the Yoast SEO plugin v27.4 - https:\/\/yoast.com\/product\/yoast-seo-wordpress\/ -->\n<title>Summer on the C\u00f4te d&#039;Azur: the must-see festivals around Nice -<\/title>\n<meta name=\"description\" content=\"Summer is fast approaching and the C\u00f4te d&#039;Azur is getting ready to vibrate to the rhythm of festivals, each more exciting than the last...\" \/>\n<meta name=\"robots\" content=\"index, follow, max-snippet:-1, max-image-preview:large, max-video-preview:-1\" \/>\n<link rel=\"canonical\" href=\"https:\/\/www.hotel-westend.com\/en\/2025\/06\/04\/lete-sur-la-cote-dazur-les-festivals-incontournables-autour-de-nice\/\" \/>\n<meta property=\"og:locale\" content=\"en_US\" \/>\n<meta property=\"og:type\" content=\"article\" \/>\n<meta property=\"og:title\" content=\"Summer on the C\u00f4te d&#039;Azur: the must-see festivals around Nice -\" \/>\n<meta property=\"og:description\" content=\"Summer is fast approaching and the C\u00f4te d&#039;Azur is getting ready to vibrate to the rhythm of festivals, each more exciting than the last...\" \/>\n<meta property=\"og:url\" content=\"https:\/\/www.hotel-westend.com\/en\/2025\/06\/04\/lete-sur-la-cote-dazur-les-festivals-incontournables-autour-de-nice\/\" \/>\n<meta property=\"og:site_name\" content=\"Hotel Westend Nice\" \/>\n<meta property=\"article:published_time\" content=\"2025-06-04T06:25:01+00:00\" \/>\n<meta property=\"og:image\" content=\"https:\/\/www.hotel-westend.com\/wp-content\/uploads\/2025\/05\/article-west-end-1024x664.webp\" \/>\n\t<meta property=\"og:image:width\" content=\"1024\" \/>\n\t<meta property=\"og:image:height\" content=\"664\" \/>\n\t<meta property=\"og:image:type\" content=\"image\/webp\" \/>\n<meta name=\"author\" content=\"AgenceAZ\" \/>\n<meta name=\"twitter:card\" content=\"summary_large_image\" \/>\n<meta name=\"twitter:label1\" content=\"Written by\" \/>\n\t<meta name=\"twitter:data1\" content=\"AgenceAZ\" \/>\n\t<meta name=\"twitter:label2\" content=\"Est. reading time\" \/>\n\t<meta name=\"twitter:data2\" content=\"4 minutes\" \/>\n<script type=\"application\/ld+json\" class=\"yoast-schema-graph\">{\"@context\":\"https:\\\/\\\/schema.org\",\"@graph\":[{\"@type\":\"Article\",\"@id\":\"https:\\\/\\\/www.hotel-westend.com\\\/en\\\/2025\\\/06\\\/04\\\/lete-sur-la-cote-dazur-les-festivals-incontournables-autour-de-nice\\\/#article\",\"isPartOf\":{\"@id\":\"https:\\\/\\\/www.hotel-westend.com\\\/en\\\/2025\\\/06\\\/04\\\/lete-sur-la-cote-dazur-les-festivals-incontournables-autour-de-nice\\\/\"},\"author\":{\"name\":\"AgenceAZ\",\"@id\":\"https:\\\/\\\/www.hotel-westend.com\\\/#\\\/schema\\\/person\\\/c3ec475886346e12750f94aa1d3d9458\"},\"headline\":\"Summer on the C\u00f4te d&#8217;Azur: the must-see festivals around Nice\",\"datePublished\":\"2025-06-04T06:25:01+00:00\",\"mainEntityOfPage\":{\"@id\":\"https:\\\/\\\/www.hotel-westend.com\\\/en\\\/2025\\\/06\\\/04\\\/lete-sur-la-cote-dazur-les-festivals-incontournables-autour-de-nice\\\/\"},\"wordCount\":700,\"commentCount\":0,\"image\":{\"@id\":\"https:\\\/\\\/www.hotel-westend.com\\\/en\\\/2025\\\/06\\\/04\\\/lete-sur-la-cote-dazur-les-festivals-incontournables-autour-de-nice\\\/#primaryimage\"},\"thumbnailUrl\":\"https:\\\/\\\/www.hotel-westend.com\\\/wp-content\\\/uploads\\\/2025\\\/05\\\/article-west-end-scaled.webp\",\"articleSection\":[\"Actualit\u00e9s\",\"News\",\"News-EN-2022\"],\"inLanguage\":\"en-US\"},{\"@type\":\"WebPage\",\"@id\":\"https:\\\/\\\/www.hotel-westend.com\\\/en\\\/2025\\\/06\\\/04\\\/lete-sur-la-cote-dazur-les-festivals-incontournables-autour-de-nice\\\/\",\"url\":\"https:\\\/\\\/www.hotel-westend.com\\\/en\\\/2025\\\/06\\\/04\\\/lete-sur-la-cote-dazur-les-festivals-incontournables-autour-de-nice\\\/\",\"name\":\"Summer on the C\u00f4te d'Azur: the must-see festivals around Nice -\",\"isPartOf\":{\"@id\":\"https:\\\/\\\/www.hotel-westend.com\\\/#website\"},\"primaryImageOfPage\":{\"@id\":\"https:\\\/\\\/www.hotel-westend.com\\\/en\\\/2025\\\/06\\\/04\\\/lete-sur-la-cote-dazur-les-festivals-incontournables-autour-de-nice\\\/#primaryimage\"},\"image\":{\"@id\":\"https:\\\/\\\/www.hotel-westend.com\\\/en\\\/2025\\\/06\\\/04\\\/lete-sur-la-cote-dazur-les-festivals-incontournables-autour-de-nice\\\/#primaryimage\"},\"thumbnailUrl\":\"https:\\\/\\\/www.hotel-westend.com\\\/wp-content\\\/uploads\\\/2025\\\/05\\\/article-west-end-scaled.webp\",\"datePublished\":\"2025-06-04T06:25:01+00:00\",\"author\":{\"@id\":\"https:\\\/\\\/www.hotel-westend.com\\\/#\\\/schema\\\/person\\\/c3ec475886346e12750f94aa1d3d9458\"},\"description\":\"Summer is fast approaching and the C\u00f4te d'Azur is getting ready to vibrate to the rhythm of festivals, each more exciting than the last...\",\"breadcrumb\":{\"@id\":\"https:\\\/\\\/www.hotel-westend.com\\\/en\\\/2025\\\/06\\\/04\\\/lete-sur-la-cote-dazur-les-festivals-incontournables-autour-de-nice\\\/#breadcrumb\"},\"inLanguage\":\"en-US\",\"potentialAction\":[{\"@type\":\"ReadAction\",\"target\":[\"https:\\\/\\\/www.hotel-westend.com\\\/en\\\/2025\\\/06\\\/04\\\/lete-sur-la-cote-dazur-les-festivals-incontournables-autour-de-nice\\\/\"]}]},{\"@type\":\"ImageObject\",\"inLanguage\":\"en-US\",\"@id\":\"https:\\\/\\\/www.hotel-westend.com\\\/en\\\/2025\\\/06\\\/04\\\/lete-sur-la-cote-dazur-les-festivals-incontournables-autour-de-nice\\\/#primaryimage\",\"url\":\"https:\\\/\\\/www.hotel-westend.com\\\/wp-content\\\/uploads\\\/2025\\\/05\\\/article-west-end-scaled.webp\",\"contentUrl\":\"https:\\\/\\\/www.hotel-westend.com\\\/wp-content\\\/uploads\\\/2025\\\/05\\\/article-west-end-scaled.webp\",\"width\":2000,\"height\":1296,\"caption\":\"L'\u00e9t\u00e9 sur la C\u00f4te d'Azur : les festivals incontournables autour de Nice\"},{\"@type\":\"BreadcrumbList\",\"@id\":\"https:\\\/\\\/www.hotel-westend.com\\\/en\\\/2025\\\/06\\\/04\\\/lete-sur-la-cote-dazur-les-festivals-incontournables-autour-de-nice\\\/#breadcrumb\",\"itemListElement\":[{\"@type\":\"ListItem\",\"position\":1,\"name\":\"Accueil\",\"item\":\"https:\\\/\\\/www.hotel-westend.com\\\/en\\\/\"},{\"@type\":\"ListItem\",\"position\":2,\"name\":\"Summer on the C\u00f4te d&rsquo;Azur: the must-see festivals around Nice\"}]},{\"@type\":\"WebSite\",\"@id\":\"https:\\\/\\\/www.hotel-westend.com\\\/#website\",\"url\":\"https:\\\/\\\/www.hotel-westend.com\\\/\",\"name\":\"Hotel Westend Nice\",\"description\":\"Hotel 4 Etoiles Nice - Promenade Anglais | OFFICIEL \",\"potentialAction\":[{\"@type\":\"SearchAction\",\"target\":{\"@type\":\"EntryPoint\",\"urlTemplate\":\"https:\\\/\\\/www.hotel-westend.com\\\/?s={search_term_string}\"},\"query-input\":{\"@type\":\"PropertyValueSpecification\",\"valueRequired\":true,\"valueName\":\"search_term_string\"}}],\"inLanguage\":\"en-US\"},{\"@type\":\"Person\",\"@id\":\"https:\\\/\\\/www.hotel-westend.com\\\/#\\\/schema\\\/person\\\/c3ec475886346e12750f94aa1d3d9458\",\"name\":\"AgenceAZ\",\"url\":\"https:\\\/\\\/www.hotel-westend.com\\\/en\\\/author\\\/agenceaz\\\/\"}]}<\/script>\n<!-- \/ Yoast SEO plugin. -->","yoast_head_json":{"title":"Summer on the C\u00f4te d'Azur: the must-see festivals around Nice -","description":"Summer is fast approaching and the C\u00f4te d'Azur is getting ready to vibrate to the rhythm of festivals, each more exciting than the last...","robots":{"index":"index","follow":"follow","max-snippet":"max-snippet:-1","max-image-preview":"max-image-preview:large","max-video-preview":"max-video-preview:-1"},"canonical":"https:\/\/www.hotel-westend.com\/en\/2025\/06\/04\/lete-sur-la-cote-dazur-les-festivals-incontournables-autour-de-nice\/","og_locale":"en_US","og_type":"article","og_title":"Summer on the C\u00f4te d'Azur: the must-see festivals around Nice -","og_description":"Summer is fast approaching and the C\u00f4te d'Azur is getting ready to vibrate to the rhythm of festivals, each more exciting than the last...","og_url":"https:\/\/www.hotel-westend.com\/en\/2025\/06\/04\/lete-sur-la-cote-dazur-les-festivals-incontournables-autour-de-nice\/","og_site_name":"Hotel Westend Nice","article_published_time":"2025-06-04T06:25:01+00:00","og_image":[{"width":1024,"height":664,"url":"https:\/\/www.hotel-westend.com\/wp-content\/uploads\/2025\/05\/article-west-end-1024x664.webp","type":"image\/webp"}],"author":"AgenceAZ","twitter_card":"summary_large_image","twitter_misc":{"Written by":"AgenceAZ","Est. reading time":"4 minutes"},"schema":{"@context":"https:\/\/schema.org","@graph":[{"@type":"Article","@id":"https:\/\/www.hotel-westend.com\/en\/2025\/06\/04\/lete-sur-la-cote-dazur-les-festivals-incontournables-autour-de-nice\/#article","isPartOf":{"@id":"https:\/\/www.hotel-westend.com\/en\/2025\/06\/04\/lete-sur-la-cote-dazur-les-festivals-incontournables-autour-de-nice\/"},"author":{"name":"AgenceAZ","@id":"https:\/\/www.hotel-westend.com\/#\/schema\/person\/c3ec475886346e12750f94aa1d3d9458"},"headline":"Summer on the C\u00f4te d&#8217;Azur: the must-see festivals around Nice","datePublished":"2025-06-04T06:25:01+00:00","mainEntityOfPage":{"@id":"https:\/\/www.hotel-westend.com\/en\/2025\/06\/04\/lete-sur-la-cote-dazur-les-festivals-incontournables-autour-de-nice\/"},"wordCount":700,"commentCount":0,"image":{"@id":"https:\/\/www.hotel-westend.com\/en\/2025\/06\/04\/lete-sur-la-cote-dazur-les-festivals-incontournables-autour-de-nice\/#primaryimage"},"thumbnailUrl":"https:\/\/www.hotel-westend.com\/wp-content\/uploads\/2025\/05\/article-west-end-scaled.webp","articleSection":["Actualit\u00e9s","News","News-EN-2022"],"inLanguage":"en-US"},{"@type":"WebPage","@id":"https:\/\/www.hotel-westend.com\/en\/2025\/06\/04\/lete-sur-la-cote-dazur-les-festivals-incontournables-autour-de-nice\/","url":"https:\/\/www.hotel-westend.com\/en\/2025\/06\/04\/lete-sur-la-cote-dazur-les-festivals-incontournables-autour-de-nice\/","name":"Summer on the C\u00f4te d'Azur: the must-see festivals around Nice -","isPartOf":{"@id":"https:\/\/www.hotel-westend.com\/#website"},"primaryImageOfPage":{"@id":"https:\/\/www.hotel-westend.com\/en\/2025\/06\/04\/lete-sur-la-cote-dazur-les-festivals-incontournables-autour-de-nice\/#primaryimage"},"image":{"@id":"https:\/\/www.hotel-westend.com\/en\/2025\/06\/04\/lete-sur-la-cote-dazur-les-festivals-incontournables-autour-de-nice\/#primaryimage"},"thumbnailUrl":"https:\/\/www.hotel-westend.com\/wp-content\/uploads\/2025\/05\/article-west-end-scaled.webp","datePublished":"2025-06-04T06:25:01+00:00","author":{"@id":"https:\/\/www.hotel-westend.com\/#\/schema\/person\/c3ec475886346e12750f94aa1d3d9458"},"description":"Summer is fast approaching and the C\u00f4te d'Azur is getting ready to vibrate to the rhythm of festivals, each more exciting than the last...","breadcrumb":{"@id":"https:\/\/www.hotel-westend.com\/en\/2025\/06\/04\/lete-sur-la-cote-dazur-les-festivals-incontournables-autour-de-nice\/#breadcrumb"},"inLanguage":"en-US","potentialAction":[{"@type":"ReadAction","target":["https:\/\/www.hotel-westend.com\/en\/2025\/06\/04\/lete-sur-la-cote-dazur-les-festivals-incontournables-autour-de-nice\/"]}]},{"@type":"ImageObject","inLanguage":"en-US","@id":"https:\/\/www.hotel-westend.com\/en\/2025\/06\/04\/lete-sur-la-cote-dazur-les-festivals-incontournables-autour-de-nice\/#primaryimage","url":"https:\/\/www.hotel-westend.com\/wp-content\/uploads\/2025\/05\/article-west-end-scaled.webp","contentUrl":"https:\/\/www.hotel-westend.com\/wp-content\/uploads\/2025\/05\/article-west-end-scaled.webp","width":2000,"height":1296,"caption":"L'\u00e9t\u00e9 sur la C\u00f4te d'Azur : les festivals incontournables autour de Nice"},{"@type":"BreadcrumbList","@id":"https:\/\/www.hotel-westend.com\/en\/2025\/06\/04\/lete-sur-la-cote-dazur-les-festivals-incontournables-autour-de-nice\/#breadcrumb","itemListElement":[{"@type":"ListItem","position":1,"name":"Accueil","item":"https:\/\/www.hotel-westend.com\/en\/"},{"@type":"ListItem","position":2,"name":"Summer on the C\u00f4te d&rsquo;Azur: the must-see festivals around Nice"}]},{"@type":"WebSite","@id":"https:\/\/www.hotel-westend.com\/#website","url":"https:\/\/www.hotel-westend.com\/","name":"Hotel Westend Nice","description":"Hotel 4 Etoiles Nice - Promenade Anglais | OFFICIEL ","potentialAction":[{"@type":"SearchAction","target":{"@type":"EntryPoint","urlTemplate":"https:\/\/www.hotel-westend.com\/?s={search_term_string}"},"query-input":{"@type":"PropertyValueSpecification","valueRequired":true,"valueName":"search_term_string"}}],"inLanguage":"en-US"},{"@type":"Person","@id":"https:\/\/www.hotel-westend.com\/#\/schema\/person\/c3ec475886346e12750f94aa1d3d9458","name":"AgenceAZ","url":"https:\/\/www.hotel-westend.com\/en\/author\/agenceaz\/"}]}},"_links":{"self":[{"href":"https:\/\/www.hotel-westend.com\/en\/wp-json\/wp\/v2\/posts\/10052","targetHints":{"allow":["GET"]}}],"collection":[{"href":"https:\/\/www.hotel-westend.com\/en\/wp-json\/wp\/v2\/posts"}],"about":[{"href":"https:\/\/www.hotel-westend.com\/en\/wp-json\/wp\/v2\/types\/post"}],"author":[{"embeddable":true,"href":"https:\/\/www.hotel-westend.com\/en\/wp-json\/wp\/v2\/users\/7"}],"replies":[{"embeddable":true,"href":"https:\/\/www.hotel-westend.com\/en\/wp-json\/wp\/v2\/comments?post=10052"}],"version-history":[{"count":3,"href":"https:\/\/www.hotel-westend.com\/en\/wp-json\/wp\/v2\/posts\/10052\/revisions"}],"predecessor-version":[{"id":10057,"href":"https:\/\/www.hotel-westend.com\/en\/wp-json\/wp\/v2\/posts\/10052\/revisions\/10057"}],"wp:featuredmedia":[{"embeddable":true,"href":"https:\/\/www.hotel-westend.com\/en\/wp-json\/wp\/v2\/media\/10045"}],"wp:attachment":[{"href":"https:\/\/www.hotel-westend.com\/en\/wp-json\/wp\/v2\/media?parent=10052"}],"wp:term":[{"taxonomy":"category","embeddable":true,"href":"https:\/\/www.hotel-westend.com\/en\/wp-json\/wp\/v2\/categories?post=10052"},{"taxonomy":"post_tag","embeddable":true,"href":"https:\/\/www.hotel-westend.com\/en\/wp-json\/wp\/v2\/tags?post=10052"}],"curies":[{"name":"wp","href":"https:\/\/api.w.org\/{rel}","templated":true}]}}