{"id":10136,"date":"2025-06-18T09:35:45","date_gmt":"2025-06-18T07:35:45","guid":{"rendered":"https:\/\/www.hotel-westend.com\/?p=10136"},"modified":"2025-06-13T10:44:18","modified_gmt":"2025-06-13T08:44:18","slug":"nice-jazz-festival-quatre-jours-musique-coeur-cote-dazur","status":"publish","type":"post","link":"https:\/\/www.hotel-westend.com\/en\/2025\/06\/18\/nice-jazz-festival-quatre-jours-musique-coeur-cote-dazur\/","title":{"rendered":"Nice Jazz Festival 2025: four days of music in the heart of the C\u00f4te d&#8217;Azur"},"content":{"rendered":"<p>[et_pb_section fb_built=&#8221;1&#8243; admin_label=&#8221;section&#8221; _builder_version=&#8221;4.16&#8243; min_height=&#8221;629.4px&#8221; custom_padding=&#8221;||0px|||&#8221; global_colors_info=&#8221;{}&#8221;][et_pb_row admin_label=&#8221;row&#8221; _builder_version=&#8221;4.27.0&#8243; background_size=&#8221;initial&#8221; background_position=&#8221;top_left&#8221; background_repeat=&#8221;repeat&#8221; custom_margin=&#8221;-4px|auto||auto|false|false&#8221; custom_padding=&#8221;||0px|||&#8221; global_colors_info=&#8221;{}&#8221;][et_pb_column type=&#8221;4_4&#8243; _builder_version=&#8221;4.16&#8243; custom_padding=&#8221;|||&#8221; global_colors_info=&#8221;{}&#8221; custom_padding__hover=&#8221;|||&#8221;][et_pb_text module_class=&#8221;tiretsInverse&#8221; _builder_version=&#8221;4.27.0&#8243; _module_preset=&#8221;default&#8221; header_2_font=&#8221;Gilda Display||||||||&#8221; header_2_text_color=&#8221;#9b8760&#8243; header_2_font_size=&#8221;58px&#8221; width=&#8221;100%&#8221; custom_margin=&#8221;|||0px|false|false&#8221; custom_padding=&#8221;0px|||0px||&#8221; hover_enabled=&#8221;0&#8243; locked=&#8221;off&#8221; global_colors_info=&#8221;{}&#8221; sticky_enabled=&#8221;0&#8243;]<\/p>\n<h2>Nice Jazz Festival 2025: four days of music in the heart of the C\u00f4te d&#8217;Azur<\/h2>\n<p>[\/et_pb_text][et_pb_image src=&#8221;https:\/\/www.hotel-westend.com\/wp-content\/uploads\/2025\/06\/article-west-end-scaled.webp&#8221; alt=&#8221;Nice Jazz Festival 2025 : quatre jours de musique au c\u0153ur de la C\u00f4te d\u2019Azur<br \/>\n&#8221; title_text=&#8221;Nice Jazz Festival 2025 : quatre jours de musique au c\u0153ur de la C\u00f4te d\u2019Azur&#8221; _builder_version=&#8221;4.27.0&#8243; _module_preset=&#8221;default&#8221; global_colors_info=&#8221;{}&#8221;][\/et_pb_image][et_pb_text admin_label=&#8221;Text&#8221; _builder_version=&#8221;4.27.0&#8243; background_size=&#8221;initial&#8221; background_position=&#8221;top_left&#8221; background_repeat=&#8221;repeat&#8221; hover_enabled=&#8221;0&#8243; global_colors_info=&#8221;{}&#8221; sticky_enabled=&#8221;0&#8243;]<\/p>\n<p>If there&#8217;s one event not to be missed by music fans this summer, it&#8217;s the Nice Jazz Festival, taking place from 24 to 27 July in the emblematic Albert I gardens, between Place Mass\u00e9na and the Th\u00e9\u00e2tre de Verdure, the historic heart of the city of Nice.<br \/>The 2025 edition promises to be a not-to-be-missed event for locals and holidaymakers alike, with a varied programme combining established artists and emerging talents. Whether you&#8217;re a fan of traditional jazz or curious to discover new artists, this event offers a rich and varied musical experience in an exceptional setting.<\/p>\n<h3>Nice Jazz Festival 2025 programme<\/h3>\n<p>The festival features 28 concerts spread over two stages, with performances every evening from 7.15pm. Here&#8217;s the line-up of artists and their times:<\/p>\n<p>Thursday 24 July :<\/p>\n<p>Th\u00e9\u00e2tre de Verdure:<br \/>7.15pm: Daoud<br \/>8.30pm: Sullivan Fortner Trio<br \/>9.45pm: China Moses<br \/>11.00pm: John Scofield \u2018Long Days Quartet\u2019<\/p>\n<p>Place Mass\u00e9na:<br \/>8.00pm: Earthgang<br \/>9.15pm: Polo &amp; Pan<br \/>11.00pm: Raye<\/p>\n<p>Friday 25 July :<\/p>\n<p>Th\u00e9\u00e2tre de Verdure:<br \/>7.15pm: Stochelo &amp; Mozes Rosenberg \u2018The songs of Charlie Chaplin&#8230; and more!\u2019<br \/>8.30pm: Edouard Pennes presents \u2018Bird Lives!\u2019 feat. Giacomo Smith<br \/>9.45pm: \u2018Oscar Peterson Celebration\u2019 feat. Sullivan Fortner, John Clayton &amp; Jeff Hamilton<br \/>11.00pm: Jalen Ngonda<\/p>\n<p>Place Mass\u00e9na:<br \/>8.00 pm: Freddie Gibbs &amp; El Michels Affair<br \/>9.30 pm: -M- Lamomali<br \/>11.30 pm: Mustard<\/p>\n<p>Saturday 26 July :<\/p>\n<p>Th\u00e9\u00e2tre de Verdure:<br \/>7.15pm: Tyreek Mcdole<br \/>8.30pm: Nubya Garcia<br \/>9.45pm: Christian McBride, Benny Green &amp; Gregory Hutchinson \u2018Remembering Ray Brown Trio\u2019<br \/>11.00pm: The Cookers<\/p>\n<p>Place Mass\u00e9na:<br \/>8.00pm: GoldLink<br \/>9.15pm: Masego<br \/>11.00pm: Jorja Smith<\/p>\n<p>Sunday 27 July :<\/p>\n<p>Th\u00e9\u00e2tre de Verdure:<br \/>7.15pm: Monsieur M\u0101l\u0101<br \/>8.30pm: Ekep Nkwelle<br \/>9.45pm: Avishai Cohen Quintet<br \/>11.00pm: Jazz Celebration feat. China Moses, Hugh Coltman, Pablo Campos, Robin McKelle, Jowee Omicil<\/p>\n<p>Place Mass\u00e9na:<br \/>8.00 pm: MRCY<br \/>9.15 pm: Feu! Chatterton<br \/>11.00 pm: Santa<\/p>\n<h3>Stay at the H\u00f4tel West End<\/h3>\n<p>Immerse yourself in the heart of the Nice Jazz Festival by staying at the <a href=\"https:\/\/www.hotel-westend.com\/en\/\" target=\"_blank\" rel=\"noopener\">H\u00f4tel West End<\/a> Nice, an emblematic address nestling on the famous Promenade des Anglais. Offering an exceptional panoramic view of the Mediterranean Sea, this establishment places you just a stone&#8217;s throw from the Jardins Albert 1er, the central venue for the festivities. This privileged location means you can enjoy the event to the full, with no need to travel, while enjoying the charm and comfort of a historic hotel.<\/p>\n<p>Don&#8217;t wait any longer to book your tickets and experience unforgettable moments in the heart of the C\u00f4te d&#8217;Azur! <a href=\"https:\/\/www.nicejazzfest.fr\/en\/\" target=\"_blank\" rel=\"noopener\">https:\/\/www.nicejazzfest.fr\/en\/<\/a><\/p>\n<p>\u00a9 C\u00f4te d&#8217;Azur France &#8211; 2025<\/p>\n<p>[\/et_pb_text][\/et_pb_column][\/et_pb_row][\/et_pb_section]<\/p>\n","protected":false},"excerpt":{"rendered":"<p>If there&#8217;s one event not to be missed by music fans this summer, it&#8217;s the Nice Jazz Festival from 24 to 27 July 2025&#8230;<\/p>\n","protected":false},"author":7,"featured_media":10130,"comment_status":"open","ping_status":"open","sticky":false,"template":"","format":"standard","meta":{"_et_pb_use_builder":"on","_et_pb_old_content":"<!-- wp:paragraph -->\r\n<p>Du 13 au 27 f\u00e9vrier 2021, Nice deviendra la Capitale mondiale de la mode avec la 137e \u00e9dition du Carnaval sur le th\u00e8me \u00ab Roi des animaux \u00bb. Venez admirer le Roi, la Reine et leurs sujets et participer aux extravagants d\u00e9fil\u00e9s de chars, de grosses t\u00eates et aux \u00e9l\u00e9gantes Batailles de Fleurs.<\/p>\r\n<!-- \/wp:paragraph -->\r\n\r\n<!-- wp:paragraph -->\r\n<p>Pendant 15 jours, le Carnaval de Nice, avec ses deux manifestations\u00a0: les Corsi carnavalesques (de jour ou de nuit) et les Batailles de fleurs, imposera son style et vous offrira un spectacle burlesque, magique et initiatique d\u00e9di\u00e9 \u00e0 la mode sous toutes ses coutures.<\/p>\r\n<!-- \/wp:paragraph -->\r\n\r\n<!-- wp:paragraph -->\r\n<p>Les chars cr\u00e9\u00e9s sur le th\u00e8me d\u00e9fileront lors des Corsi carnavalesques (mardis, samedis et dimanche), accompagn\u00e9s de grosses t\u00eates et d\u2019artistes venant du monde entier dans une ambiance festive et populaire, savamment sc\u00e9nographi\u00e9e, pour revisiter l\u2019histoire de la mode, vous faire rire, sourire mais aussi r\u00e9fl\u00e9chir sur la mode et ses dessous. Car si la mode lance des tendances et bouleverse les codes comme les comportements, elle a aussi un r\u00f4le \u00e9thique et responsable \u00e0 jouer.<\/p>\r\n<!-- \/wp:paragraph -->\r\n\r\n<!-- wp:paragraph -->\r\n<p>Les mercredis et samedis apr\u00e8s-midi, venez d\u00e9couvrir l\u2019autre temps du fort du Carnaval\u00a0: les Batailles de Fleurs o\u00f9 le th\u00e8me sera d\u00e9clin\u00e9 sur des chars orn\u00e9s de fleurs valorisant la production locale (80% des fleurs sont produites dans la r\u00e9gion) et anim\u00e9s par des com\u00e9diennes qui porteront des costumes sp\u00e9cialement con\u00e7us pour la manifestation. Un d\u00e9fil\u00e9 unique au monde o\u00f9 des milliers de fleurs seront distribu\u00e9es.<\/p>\r\n<!-- \/wp:paragraph -->\r\n\r\n<!-- wp:paragraph -->\r\n<p>Et n\u2019oubliez pas, grands et petits, d\u00e9guisez de la t\u00eate aux pieds, les corsi seront gratuits\u00a0!<\/p>\r\n<!-- \/wp:paragraph -->\r\n\r\n<!-- wp:paragraph -->\r\n<p><strong>Alors venez prendre part \u00e0 la f\u00eate du 13 au 27 f\u00e9vrier 2021 \u00e0 Nice.<\/strong><\/p>\r\n<!-- \/wp:paragraph -->","_et_gb_content_width":"1150","inline_featured_image":false,"footnotes":""},"categories":[36,37,35],"tags":[],"class_list":["post-10136","post","type-post","status-publish","format-standard","has-post-thumbnail","hentry","category-actualites-en","category-news-en","category-news-en-2022"],"yoast_head":"<!-- This site is optimized with the Yoast SEO plugin v27.4 - https:\/\/yoast.com\/product\/yoast-seo-wordpress\/ -->\n<title>Nice Jazz Festival 2025: four days of music in the heart of the C\u00f4te d&#039;Azur -<\/title>\n<meta name=\"description\" content=\"If there&#039;s one event not to be missed by music fans this summer, it&#039;s the Nice Jazz Festival from 24 to 27 July 2025...\" \/>\n<meta name=\"robots\" content=\"index, follow, max-snippet:-1, max-image-preview:large, max-video-preview:-1\" \/>\n<link rel=\"canonical\" href=\"https:\/\/www.hotel-westend.com\/en\/2025\/06\/18\/nice-jazz-festival-quatre-jours-musique-coeur-cote-dazur\/\" \/>\n<meta property=\"og:locale\" content=\"en_US\" \/>\n<meta property=\"og:type\" content=\"article\" \/>\n<meta property=\"og:title\" content=\"Nice Jazz Festival 2025: four days of music in the heart of the C\u00f4te d&#039;Azur -\" \/>\n<meta property=\"og:description\" content=\"If there&#039;s one event not to be missed by music fans this summer, it&#039;s the Nice Jazz Festival from 24 to 27 July 2025...\" \/>\n<meta property=\"og:url\" content=\"https:\/\/www.hotel-westend.com\/en\/2025\/06\/18\/nice-jazz-festival-quatre-jours-musique-coeur-cote-dazur\/\" \/>\n<meta property=\"og:site_name\" content=\"Hotel Westend Nice\" \/>\n<meta property=\"article:published_time\" content=\"2025-06-18T07:35:45+00:00\" \/>\n<meta property=\"og:image\" content=\"https:\/\/www.hotel-westend.com\/wp-content\/uploads\/2025\/06\/article-west-end-1024x664.webp\" \/>\n\t<meta property=\"og:image:width\" content=\"1024\" \/>\n\t<meta property=\"og:image:height\" content=\"664\" \/>\n\t<meta property=\"og:image:type\" content=\"image\/webp\" \/>\n<meta name=\"author\" content=\"AgenceAZ\" \/>\n<meta name=\"twitter:card\" content=\"summary_large_image\" \/>\n<meta name=\"twitter:label1\" content=\"Written by\" \/>\n\t<meta name=\"twitter:data1\" content=\"AgenceAZ\" \/>\n\t<meta name=\"twitter:label2\" content=\"Est. reading time\" \/>\n\t<meta name=\"twitter:data2\" content=\"3 minutes\" \/>\n<script type=\"application\/ld+json\" class=\"yoast-schema-graph\">{\"@context\":\"https:\\\/\\\/schema.org\",\"@graph\":[{\"@type\":\"Article\",\"@id\":\"https:\\\/\\\/www.hotel-westend.com\\\/en\\\/2025\\\/06\\\/18\\\/nice-jazz-festival-quatre-jours-musique-coeur-cote-dazur\\\/#article\",\"isPartOf\":{\"@id\":\"https:\\\/\\\/www.hotel-westend.com\\\/en\\\/2025\\\/06\\\/18\\\/nice-jazz-festival-quatre-jours-musique-coeur-cote-dazur\\\/\"},\"author\":{\"name\":\"AgenceAZ\",\"@id\":\"https:\\\/\\\/www.hotel-westend.com\\\/#\\\/schema\\\/person\\\/c3ec475886346e12750f94aa1d3d9458\"},\"headline\":\"Nice Jazz Festival 2025: four days of music in the heart of the C\u00f4te d&#8217;Azur\",\"datePublished\":\"2025-06-18T07:35:45+00:00\",\"mainEntityOfPage\":{\"@id\":\"https:\\\/\\\/www.hotel-westend.com\\\/en\\\/2025\\\/06\\\/18\\\/nice-jazz-festival-quatre-jours-musique-coeur-cote-dazur\\\/\"},\"wordCount\":645,\"commentCount\":0,\"image\":{\"@id\":\"https:\\\/\\\/www.hotel-westend.com\\\/en\\\/2025\\\/06\\\/18\\\/nice-jazz-festival-quatre-jours-musique-coeur-cote-dazur\\\/#primaryimage\"},\"thumbnailUrl\":\"https:\\\/\\\/www.hotel-westend.com\\\/wp-content\\\/uploads\\\/2025\\\/06\\\/article-west-end-scaled.webp\",\"articleSection\":[\"Actualit\u00e9s\",\"News\",\"News-EN-2022\"],\"inLanguage\":\"en-US\"},{\"@type\":\"WebPage\",\"@id\":\"https:\\\/\\\/www.hotel-westend.com\\\/en\\\/2025\\\/06\\\/18\\\/nice-jazz-festival-quatre-jours-musique-coeur-cote-dazur\\\/\",\"url\":\"https:\\\/\\\/www.hotel-westend.com\\\/en\\\/2025\\\/06\\\/18\\\/nice-jazz-festival-quatre-jours-musique-coeur-cote-dazur\\\/\",\"name\":\"Nice Jazz Festival 2025: four days of music in the heart of the C\u00f4te d'Azur -\",\"isPartOf\":{\"@id\":\"https:\\\/\\\/www.hotel-westend.com\\\/#website\"},\"primaryImageOfPage\":{\"@id\":\"https:\\\/\\\/www.hotel-westend.com\\\/en\\\/2025\\\/06\\\/18\\\/nice-jazz-festival-quatre-jours-musique-coeur-cote-dazur\\\/#primaryimage\"},\"image\":{\"@id\":\"https:\\\/\\\/www.hotel-westend.com\\\/en\\\/2025\\\/06\\\/18\\\/nice-jazz-festival-quatre-jours-musique-coeur-cote-dazur\\\/#primaryimage\"},\"thumbnailUrl\":\"https:\\\/\\\/www.hotel-westend.com\\\/wp-content\\\/uploads\\\/2025\\\/06\\\/article-west-end-scaled.webp\",\"datePublished\":\"2025-06-18T07:35:45+00:00\",\"author\":{\"@id\":\"https:\\\/\\\/www.hotel-westend.com\\\/#\\\/schema\\\/person\\\/c3ec475886346e12750f94aa1d3d9458\"},\"description\":\"If there's one event not to be missed by music fans this summer, it's the Nice Jazz Festival from 24 to 27 July 2025...\",\"breadcrumb\":{\"@id\":\"https:\\\/\\\/www.hotel-westend.com\\\/en\\\/2025\\\/06\\\/18\\\/nice-jazz-festival-quatre-jours-musique-coeur-cote-dazur\\\/#breadcrumb\"},\"inLanguage\":\"en-US\",\"potentialAction\":[{\"@type\":\"ReadAction\",\"target\":[\"https:\\\/\\\/www.hotel-westend.com\\\/en\\\/2025\\\/06\\\/18\\\/nice-jazz-festival-quatre-jours-musique-coeur-cote-dazur\\\/\"]}]},{\"@type\":\"ImageObject\",\"inLanguage\":\"en-US\",\"@id\":\"https:\\\/\\\/www.hotel-westend.com\\\/en\\\/2025\\\/06\\\/18\\\/nice-jazz-festival-quatre-jours-musique-coeur-cote-dazur\\\/#primaryimage\",\"url\":\"https:\\\/\\\/www.hotel-westend.com\\\/wp-content\\\/uploads\\\/2025\\\/06\\\/article-west-end-scaled.webp\",\"contentUrl\":\"https:\\\/\\\/www.hotel-westend.com\\\/wp-content\\\/uploads\\\/2025\\\/06\\\/article-west-end-scaled.webp\",\"width\":2000,\"height\":1296,\"caption\":\"Nice Jazz Festival 2025 : quatre jours de musique au c\u0153ur de la C\u00f4te d\u2019Azur\"},{\"@type\":\"BreadcrumbList\",\"@id\":\"https:\\\/\\\/www.hotel-westend.com\\\/en\\\/2025\\\/06\\\/18\\\/nice-jazz-festival-quatre-jours-musique-coeur-cote-dazur\\\/#breadcrumb\",\"itemListElement\":[{\"@type\":\"ListItem\",\"position\":1,\"name\":\"Accueil\",\"item\":\"https:\\\/\\\/www.hotel-westend.com\\\/en\\\/\"},{\"@type\":\"ListItem\",\"position\":2,\"name\":\"Nice Jazz Festival 2025: four days of music in the heart of the C\u00f4te d&rsquo;Azur\"}]},{\"@type\":\"WebSite\",\"@id\":\"https:\\\/\\\/www.hotel-westend.com\\\/#website\",\"url\":\"https:\\\/\\\/www.hotel-westend.com\\\/\",\"name\":\"Hotel Westend Nice\",\"description\":\"Hotel 4 Etoiles Nice - Promenade Anglais | OFFICIEL \",\"potentialAction\":[{\"@type\":\"SearchAction\",\"target\":{\"@type\":\"EntryPoint\",\"urlTemplate\":\"https:\\\/\\\/www.hotel-westend.com\\\/?s={search_term_string}\"},\"query-input\":{\"@type\":\"PropertyValueSpecification\",\"valueRequired\":true,\"valueName\":\"search_term_string\"}}],\"inLanguage\":\"en-US\"},{\"@type\":\"Person\",\"@id\":\"https:\\\/\\\/www.hotel-westend.com\\\/#\\\/schema\\\/person\\\/c3ec475886346e12750f94aa1d3d9458\",\"name\":\"AgenceAZ\",\"url\":\"https:\\\/\\\/www.hotel-westend.com\\\/en\\\/author\\\/agenceaz\\\/\"}]}<\/script>\n<!-- \/ Yoast SEO plugin. -->","yoast_head_json":{"title":"Nice Jazz Festival 2025: four days of music in the heart of the C\u00f4te d'Azur -","description":"If there's one event not to be missed by music fans this summer, it's the Nice Jazz Festival from 24 to 27 July 2025...","robots":{"index":"index","follow":"follow","max-snippet":"max-snippet:-1","max-image-preview":"max-image-preview:large","max-video-preview":"max-video-preview:-1"},"canonical":"https:\/\/www.hotel-westend.com\/en\/2025\/06\/18\/nice-jazz-festival-quatre-jours-musique-coeur-cote-dazur\/","og_locale":"en_US","og_type":"article","og_title":"Nice Jazz Festival 2025: four days of music in the heart of the C\u00f4te d'Azur -","og_description":"If there's one event not to be missed by music fans this summer, it's the Nice Jazz Festival from 24 to 27 July 2025...","og_url":"https:\/\/www.hotel-westend.com\/en\/2025\/06\/18\/nice-jazz-festival-quatre-jours-musique-coeur-cote-dazur\/","og_site_name":"Hotel Westend Nice","article_published_time":"2025-06-18T07:35:45+00:00","og_image":[{"width":1024,"height":664,"url":"https:\/\/www.hotel-westend.com\/wp-content\/uploads\/2025\/06\/article-west-end-1024x664.webp","type":"image\/webp"}],"author":"AgenceAZ","twitter_card":"summary_large_image","twitter_misc":{"Written by":"AgenceAZ","Est. reading time":"3 minutes"},"schema":{"@context":"https:\/\/schema.org","@graph":[{"@type":"Article","@id":"https:\/\/www.hotel-westend.com\/en\/2025\/06\/18\/nice-jazz-festival-quatre-jours-musique-coeur-cote-dazur\/#article","isPartOf":{"@id":"https:\/\/www.hotel-westend.com\/en\/2025\/06\/18\/nice-jazz-festival-quatre-jours-musique-coeur-cote-dazur\/"},"author":{"name":"AgenceAZ","@id":"https:\/\/www.hotel-westend.com\/#\/schema\/person\/c3ec475886346e12750f94aa1d3d9458"},"headline":"Nice Jazz Festival 2025: four days of music in the heart of the C\u00f4te d&#8217;Azur","datePublished":"2025-06-18T07:35:45+00:00","mainEntityOfPage":{"@id":"https:\/\/www.hotel-westend.com\/en\/2025\/06\/18\/nice-jazz-festival-quatre-jours-musique-coeur-cote-dazur\/"},"wordCount":645,"commentCount":0,"image":{"@id":"https:\/\/www.hotel-westend.com\/en\/2025\/06\/18\/nice-jazz-festival-quatre-jours-musique-coeur-cote-dazur\/#primaryimage"},"thumbnailUrl":"https:\/\/www.hotel-westend.com\/wp-content\/uploads\/2025\/06\/article-west-end-scaled.webp","articleSection":["Actualit\u00e9s","News","News-EN-2022"],"inLanguage":"en-US"},{"@type":"WebPage","@id":"https:\/\/www.hotel-westend.com\/en\/2025\/06\/18\/nice-jazz-festival-quatre-jours-musique-coeur-cote-dazur\/","url":"https:\/\/www.hotel-westend.com\/en\/2025\/06\/18\/nice-jazz-festival-quatre-jours-musique-coeur-cote-dazur\/","name":"Nice Jazz Festival 2025: four days of music in the heart of the C\u00f4te d'Azur -","isPartOf":{"@id":"https:\/\/www.hotel-westend.com\/#website"},"primaryImageOfPage":{"@id":"https:\/\/www.hotel-westend.com\/en\/2025\/06\/18\/nice-jazz-festival-quatre-jours-musique-coeur-cote-dazur\/#primaryimage"},"image":{"@id":"https:\/\/www.hotel-westend.com\/en\/2025\/06\/18\/nice-jazz-festival-quatre-jours-musique-coeur-cote-dazur\/#primaryimage"},"thumbnailUrl":"https:\/\/www.hotel-westend.com\/wp-content\/uploads\/2025\/06\/article-west-end-scaled.webp","datePublished":"2025-06-18T07:35:45+00:00","author":{"@id":"https:\/\/www.hotel-westend.com\/#\/schema\/person\/c3ec475886346e12750f94aa1d3d9458"},"description":"If there's one event not to be missed by music fans this summer, it's the Nice Jazz Festival from 24 to 27 July 2025...","breadcrumb":{"@id":"https:\/\/www.hotel-westend.com\/en\/2025\/06\/18\/nice-jazz-festival-quatre-jours-musique-coeur-cote-dazur\/#breadcrumb"},"inLanguage":"en-US","potentialAction":[{"@type":"ReadAction","target":["https:\/\/www.hotel-westend.com\/en\/2025\/06\/18\/nice-jazz-festival-quatre-jours-musique-coeur-cote-dazur\/"]}]},{"@type":"ImageObject","inLanguage":"en-US","@id":"https:\/\/www.hotel-westend.com\/en\/2025\/06\/18\/nice-jazz-festival-quatre-jours-musique-coeur-cote-dazur\/#primaryimage","url":"https:\/\/www.hotel-westend.com\/wp-content\/uploads\/2025\/06\/article-west-end-scaled.webp","contentUrl":"https:\/\/www.hotel-westend.com\/wp-content\/uploads\/2025\/06\/article-west-end-scaled.webp","width":2000,"height":1296,"caption":"Nice Jazz Festival 2025 : quatre jours de musique au c\u0153ur de la C\u00f4te d\u2019Azur"},{"@type":"BreadcrumbList","@id":"https:\/\/www.hotel-westend.com\/en\/2025\/06\/18\/nice-jazz-festival-quatre-jours-musique-coeur-cote-dazur\/#breadcrumb","itemListElement":[{"@type":"ListItem","position":1,"name":"Accueil","item":"https:\/\/www.hotel-westend.com\/en\/"},{"@type":"ListItem","position":2,"name":"Nice Jazz Festival 2025: four days of music in the heart of the C\u00f4te d&rsquo;Azur"}]},{"@type":"WebSite","@id":"https:\/\/www.hotel-westend.com\/#website","url":"https:\/\/www.hotel-westend.com\/","name":"Hotel Westend Nice","description":"Hotel 4 Etoiles Nice - Promenade Anglais | OFFICIEL ","potentialAction":[{"@type":"SearchAction","target":{"@type":"EntryPoint","urlTemplate":"https:\/\/www.hotel-westend.com\/?s={search_term_string}"},"query-input":{"@type":"PropertyValueSpecification","valueRequired":true,"valueName":"search_term_string"}}],"inLanguage":"en-US"},{"@type":"Person","@id":"https:\/\/www.hotel-westend.com\/#\/schema\/person\/c3ec475886346e12750f94aa1d3d9458","name":"AgenceAZ","url":"https:\/\/www.hotel-westend.com\/en\/author\/agenceaz\/"}]}},"_links":{"self":[{"href":"https:\/\/www.hotel-westend.com\/en\/wp-json\/wp\/v2\/posts\/10136","targetHints":{"allow":["GET"]}}],"collection":[{"href":"https:\/\/www.hotel-westend.com\/en\/wp-json\/wp\/v2\/posts"}],"about":[{"href":"https:\/\/www.hotel-westend.com\/en\/wp-json\/wp\/v2\/types\/post"}],"author":[{"embeddable":true,"href":"https:\/\/www.hotel-westend.com\/en\/wp-json\/wp\/v2\/users\/7"}],"replies":[{"embeddable":true,"href":"https:\/\/www.hotel-westend.com\/en\/wp-json\/wp\/v2\/comments?post=10136"}],"version-history":[{"count":2,"href":"https:\/\/www.hotel-westend.com\/en\/wp-json\/wp\/v2\/posts\/10136\/revisions"}],"predecessor-version":[{"id":10139,"href":"https:\/\/www.hotel-westend.com\/en\/wp-json\/wp\/v2\/posts\/10136\/revisions\/10139"}],"wp:featuredmedia":[{"embeddable":true,"href":"https:\/\/www.hotel-westend.com\/en\/wp-json\/wp\/v2\/media\/10130"}],"wp:attachment":[{"href":"https:\/\/www.hotel-westend.com\/en\/wp-json\/wp\/v2\/media?parent=10136"}],"wp:term":[{"taxonomy":"category","embeddable":true,"href":"https:\/\/www.hotel-westend.com\/en\/wp-json\/wp\/v2\/categories?post=10136"},{"taxonomy":"post_tag","embeddable":true,"href":"https:\/\/www.hotel-westend.com\/en\/wp-json\/wp\/v2\/tags?post=10136"}],"curies":[{"name":"wp","href":"https:\/\/api.w.org\/{rel}","templated":true}]}}