{"id":10171,"date":"2025-06-25T08:39:39","date_gmt":"2025-06-25T06:39:39","guid":{"rendered":"https:\/\/www.hotel-westend.com\/?p=10171"},"modified":"2025-06-20T16:14:39","modified_gmt":"2025-06-20T14:14:39","slug":"portait-adrien-attia-assistant-manager","status":"publish","type":"post","link":"https:\/\/www.hotel-westend.com\/en\/2025\/06\/25\/portait-adrien-attia-assistant-manager\/","title":{"rendered":"Portrait: Adrien Attia, Assistant Manager"},"content":{"rendered":"<p>[et_pb_section fb_built=&#8221;1&#8243; admin_label=&#8221;section&#8221; _builder_version=&#8221;4.16&#8243; min_height=&#8221;629.4px&#8221; custom_padding=&#8221;||0px|||&#8221; global_colors_info=&#8221;{}&#8221;][et_pb_row admin_label=&#8221;row&#8221; _builder_version=&#8221;4.27.0&#8243; background_size=&#8221;initial&#8221; background_position=&#8221;top_left&#8221; background_repeat=&#8221;repeat&#8221; custom_margin=&#8221;-4px|auto||auto|false|false&#8221; custom_padding=&#8221;||0px|||&#8221; global_colors_info=&#8221;{}&#8221;][et_pb_column type=&#8221;4_4&#8243; _builder_version=&#8221;4.16&#8243; custom_padding=&#8221;|||&#8221; global_colors_info=&#8221;{}&#8221; custom_padding__hover=&#8221;|||&#8221;][et_pb_text module_class=&#8221;tiretsInverse&#8221; _builder_version=&#8221;4.27.0&#8243; _module_preset=&#8221;default&#8221; header_2_font=&#8221;Gilda Display||||||||&#8221; header_2_text_color=&#8221;#9b8760&#8243; header_2_font_size=&#8221;58px&#8221; width=&#8221;100%&#8221; custom_margin=&#8221;|||0px|false|false&#8221; custom_padding=&#8221;0px|||0px||&#8221; locked=&#8221;off&#8221; global_colors_info=&#8221;{}&#8221;]<\/p>\n<h2>Portrait: Adrien Attia, Assistant Manager<\/h2>\n<p>[\/et_pb_text][et_pb_image src=&#8221;https:\/\/www.hotel-westend.com\/wp-content\/uploads\/2025\/06\/article-west-end-2-scaled.webp&#8221; alt=&#8221;Portrait : Adrien Attia, Adjoint de direction&#8221; title_text=&#8221;Portrait : Adrien Attia, Adjoint de direction&#8221; _builder_version=&#8221;4.27.0&#8243; _module_preset=&#8221;default&#8221; global_colors_info=&#8221;{}&#8221;][\/et_pb_image][et_pb_text admin_label=&#8221;Text&#8221; _builder_version=&#8221;4.27.0&#8243; background_size=&#8221;initial&#8221; background_position=&#8221;top_left&#8221; background_repeat=&#8221;repeat&#8221; global_colors_info=&#8221;{}&#8221;]<\/p>\n<p>Every month, the <a href=\"https:\/\/www.hotel-westend.com\/en\/\" target=\"_blank\" rel=\"noopener\">West End Hotel<\/a>**** puts the spotlight on one of its employees through a series of questions designed to give us a better understanding of his job and what motivates him in his daily work. Today, the hotel presents Adrien Attia, Assistant Manager.<\/p>\n<h3>Can you introduce yourself and tell us about your role?<\/h3>\n<p>Hello, my name is Adrien Attia, and I&#8217;ve been Assistant Manager at the West End Hotel since last October, so I&#8217;ve been in the job for about eight months. I&#8217;m 25 years old. I&#8217;m still quite young, but I&#8217;ve already acquired a certain amount of experience in the hotel business, a field I&#8217;m very passionate about.<\/p>\n<h3>What do you enjoy most about your job?<\/h3>\n<p>What I like most of all is the diversity and versatility of the job. No two days are alike: the assignments are varied, the challenges numerous and we even have to travel to different departments. This wealth of experience means that I&#8217;m constantly learning, which is very stimulating. It&#8217;s this variety that makes my day-to-day life so exciting.<\/p>\n<h3>What advice would you give to a new employee?<\/h3>\n<p>I&#8217;d advise them to be sincere, but above all curious. Don&#8217;t be afraid to ask questions, to delve deeper into subjects and to seize every opportunity to learn. I see every experience as a learning opportunity and I think that <a href=\"https:\/\/www.instagram.com\/hotelwestendnice\/\" target=\"_blank\" rel=\"noopener\">the West End Hotel<\/a> is a very good place to learn.<\/p>\n<h3>What&#8217;s your favourite place at the West End Hotel?<\/h3>\n<p>Without a doubt, the Palmeraie. It&#8217;s a place I particularly like, especially early in the morning: the atmosphere is peaceful and welcoming. Then, a little later in the day, around 9 or 10 o&#8217;clock, the activity slowly picks up, and the atmosphere is always pleasant. It&#8217;s a place where everyone starts their day with energy and a smile.<\/p>\n<h3>What are your best memories of the hotel?<\/h3>\n<p>I haven&#8217;t had the chance to experience a full season yet, but one of my best memories is undoubtedly last Christmas. The preparations, the decorations, the collective participation&#8230; Each member of the team brought his or her own personal touch. We even had the pleasure of giving gifts to customers and staff. There was a real sense of magic and cohesion between the teams.<\/p>\n<h3>What advice would you give customers to make the most of their stay?<\/h3>\n<p>Quite simply: take advantage of all our services. Start with a good breakfast, then don&#8217;t hesitate to make a reservation at the restaurant &#8211; the menu is excellent, the team is fantastic and the atmosphere is friendly. Above all, don&#8217;t be afraid to meet the members of staff and ask them questions: we&#8217;re here to help and advise you. We&#8217;ll always find a solution to make your stay a success and leave you with fond memories.<\/p>\n<p>[\/et_pb_text][\/et_pb_column][\/et_pb_row][\/et_pb_section]<\/p>\n","protected":false},"excerpt":{"rendered":"<p>Today, the West End Hotel**** puts the spotlight on one of its employees, Adrien Attia, through a series of questions&#8230;<\/p>\n","protected":false},"author":7,"featured_media":10166,"comment_status":"open","ping_status":"open","sticky":false,"template":"","format":"standard","meta":{"_et_pb_use_builder":"on","_et_pb_old_content":"<!-- wp:paragraph -->\r\n<p>Du 13 au 27 f\u00e9vrier 2021, Nice deviendra la Capitale mondiale de la mode avec la 137e \u00e9dition du Carnaval sur le th\u00e8me \u00ab Roi des animaux \u00bb. Venez admirer le Roi, la Reine et leurs sujets et participer aux extravagants d\u00e9fil\u00e9s de chars, de grosses t\u00eates et aux \u00e9l\u00e9gantes Batailles de Fleurs.<\/p>\r\n<!-- \/wp:paragraph -->\r\n\r\n<!-- wp:paragraph -->\r\n<p>Pendant 15 jours, le Carnaval de Nice, avec ses deux manifestations\u00a0: les Corsi carnavalesques (de jour ou de nuit) et les Batailles de fleurs, imposera son style et vous offrira un spectacle burlesque, magique et initiatique d\u00e9di\u00e9 \u00e0 la mode sous toutes ses coutures.<\/p>\r\n<!-- \/wp:paragraph -->\r\n\r\n<!-- wp:paragraph -->\r\n<p>Les chars cr\u00e9\u00e9s sur le th\u00e8me d\u00e9fileront lors des Corsi carnavalesques (mardis, samedis et dimanche), accompagn\u00e9s de grosses t\u00eates et d\u2019artistes venant du monde entier dans une ambiance festive et populaire, savamment sc\u00e9nographi\u00e9e, pour revisiter l\u2019histoire de la mode, vous faire rire, sourire mais aussi r\u00e9fl\u00e9chir sur la mode et ses dessous. Car si la mode lance des tendances et bouleverse les codes comme les comportements, elle a aussi un r\u00f4le \u00e9thique et responsable \u00e0 jouer.<\/p>\r\n<!-- \/wp:paragraph -->\r\n\r\n<!-- wp:paragraph -->\r\n<p>Les mercredis et samedis apr\u00e8s-midi, venez d\u00e9couvrir l\u2019autre temps du fort du Carnaval\u00a0: les Batailles de Fleurs o\u00f9 le th\u00e8me sera d\u00e9clin\u00e9 sur des chars orn\u00e9s de fleurs valorisant la production locale (80% des fleurs sont produites dans la r\u00e9gion) et anim\u00e9s par des com\u00e9diennes qui porteront des costumes sp\u00e9cialement con\u00e7us pour la manifestation. Un d\u00e9fil\u00e9 unique au monde o\u00f9 des milliers de fleurs seront distribu\u00e9es.<\/p>\r\n<!-- \/wp:paragraph -->\r\n\r\n<!-- wp:paragraph -->\r\n<p>Et n\u2019oubliez pas, grands et petits, d\u00e9guisez de la t\u00eate aux pieds, les corsi seront gratuits\u00a0!<\/p>\r\n<!-- \/wp:paragraph -->\r\n\r\n<!-- wp:paragraph -->\r\n<p><strong>Alors venez prendre part \u00e0 la f\u00eate du 13 au 27 f\u00e9vrier 2021 \u00e0 Nice.<\/strong><\/p>\r\n<!-- \/wp:paragraph -->","_et_gb_content_width":"1150","inline_featured_image":false,"footnotes":""},"categories":[36,37,35],"tags":[],"class_list":["post-10171","post","type-post","status-publish","format-standard","has-post-thumbnail","hentry","category-actualites-en","category-news-en","category-news-en-2022"],"yoast_head":"<!-- This site is optimized with the Yoast SEO plugin v27.4 - https:\/\/yoast.com\/product\/yoast-seo-wordpress\/ -->\n<title>Portrait: Adrien Attia, Assistant Manager -<\/title>\n<meta name=\"description\" content=\"Today, the West End Hotel**** puts the spotlight on one of its employees, Adrien Attia, through a series of questions...\" \/>\n<meta name=\"robots\" content=\"index, follow, max-snippet:-1, max-image-preview:large, max-video-preview:-1\" \/>\n<link rel=\"canonical\" href=\"https:\/\/www.hotel-westend.com\/en\/2025\/06\/25\/portait-adrien-attia-assistant-manager\/\" \/>\n<meta property=\"og:locale\" content=\"en_US\" \/>\n<meta property=\"og:type\" content=\"article\" \/>\n<meta property=\"og:title\" content=\"Portrait: Adrien Attia, Assistant Manager -\" \/>\n<meta property=\"og:description\" content=\"Today, the West End Hotel**** puts the spotlight on one of its employees, Adrien Attia, through a series of questions...\" \/>\n<meta property=\"og:url\" content=\"https:\/\/www.hotel-westend.com\/en\/2025\/06\/25\/portait-adrien-attia-assistant-manager\/\" \/>\n<meta property=\"og:site_name\" content=\"Hotel Westend Nice\" \/>\n<meta property=\"article:published_time\" content=\"2025-06-25T06:39:39+00:00\" \/>\n<meta property=\"og:image\" content=\"https:\/\/www.hotel-westend.com\/wp-content\/uploads\/2025\/06\/article-west-end-2-1024x664.webp\" \/>\n\t<meta property=\"og:image:width\" content=\"1024\" \/>\n\t<meta property=\"og:image:height\" content=\"664\" \/>\n\t<meta property=\"og:image:type\" content=\"image\/webp\" \/>\n<meta name=\"author\" content=\"AgenceAZ\" \/>\n<meta name=\"twitter:card\" content=\"summary_large_image\" \/>\n<meta name=\"twitter:label1\" content=\"Written by\" \/>\n\t<meta name=\"twitter:data1\" content=\"AgenceAZ\" \/>\n\t<meta name=\"twitter:label2\" content=\"Est. reading time\" \/>\n\t<meta name=\"twitter:data2\" content=\"3 minutes\" \/>\n<script type=\"application\/ld+json\" class=\"yoast-schema-graph\">{\"@context\":\"https:\\\/\\\/schema.org\",\"@graph\":[{\"@type\":\"Article\",\"@id\":\"https:\\\/\\\/www.hotel-westend.com\\\/en\\\/2025\\\/06\\\/25\\\/portait-adrien-attia-assistant-manager\\\/#article\",\"isPartOf\":{\"@id\":\"https:\\\/\\\/www.hotel-westend.com\\\/en\\\/2025\\\/06\\\/25\\\/portait-adrien-attia-assistant-manager\\\/\"},\"author\":{\"name\":\"AgenceAZ\",\"@id\":\"https:\\\/\\\/www.hotel-westend.com\\\/#\\\/schema\\\/person\\\/c3ec475886346e12750f94aa1d3d9458\"},\"headline\":\"Portrait: Adrien Attia, Assistant Manager\",\"datePublished\":\"2025-06-25T06:39:39+00:00\",\"mainEntityOfPage\":{\"@id\":\"https:\\\/\\\/www.hotel-westend.com\\\/en\\\/2025\\\/06\\\/25\\\/portait-adrien-attia-assistant-manager\\\/\"},\"wordCount\":650,\"commentCount\":0,\"image\":{\"@id\":\"https:\\\/\\\/www.hotel-westend.com\\\/en\\\/2025\\\/06\\\/25\\\/portait-adrien-attia-assistant-manager\\\/#primaryimage\"},\"thumbnailUrl\":\"https:\\\/\\\/www.hotel-westend.com\\\/wp-content\\\/uploads\\\/2025\\\/06\\\/article-west-end-2-scaled.webp\",\"articleSection\":[\"Actualit\u00e9s\",\"News\",\"News-EN-2022\"],\"inLanguage\":\"en-US\"},{\"@type\":\"WebPage\",\"@id\":\"https:\\\/\\\/www.hotel-westend.com\\\/en\\\/2025\\\/06\\\/25\\\/portait-adrien-attia-assistant-manager\\\/\",\"url\":\"https:\\\/\\\/www.hotel-westend.com\\\/en\\\/2025\\\/06\\\/25\\\/portait-adrien-attia-assistant-manager\\\/\",\"name\":\"Portrait: Adrien Attia, Assistant Manager -\",\"isPartOf\":{\"@id\":\"https:\\\/\\\/www.hotel-westend.com\\\/#website\"},\"primaryImageOfPage\":{\"@id\":\"https:\\\/\\\/www.hotel-westend.com\\\/en\\\/2025\\\/06\\\/25\\\/portait-adrien-attia-assistant-manager\\\/#primaryimage\"},\"image\":{\"@id\":\"https:\\\/\\\/www.hotel-westend.com\\\/en\\\/2025\\\/06\\\/25\\\/portait-adrien-attia-assistant-manager\\\/#primaryimage\"},\"thumbnailUrl\":\"https:\\\/\\\/www.hotel-westend.com\\\/wp-content\\\/uploads\\\/2025\\\/06\\\/article-west-end-2-scaled.webp\",\"datePublished\":\"2025-06-25T06:39:39+00:00\",\"author\":{\"@id\":\"https:\\\/\\\/www.hotel-westend.com\\\/#\\\/schema\\\/person\\\/c3ec475886346e12750f94aa1d3d9458\"},\"description\":\"Today, the West End Hotel**** puts the spotlight on one of its employees, Adrien Attia, through a series of questions...\",\"breadcrumb\":{\"@id\":\"https:\\\/\\\/www.hotel-westend.com\\\/en\\\/2025\\\/06\\\/25\\\/portait-adrien-attia-assistant-manager\\\/#breadcrumb\"},\"inLanguage\":\"en-US\",\"potentialAction\":[{\"@type\":\"ReadAction\",\"target\":[\"https:\\\/\\\/www.hotel-westend.com\\\/en\\\/2025\\\/06\\\/25\\\/portait-adrien-attia-assistant-manager\\\/\"]}]},{\"@type\":\"ImageObject\",\"inLanguage\":\"en-US\",\"@id\":\"https:\\\/\\\/www.hotel-westend.com\\\/en\\\/2025\\\/06\\\/25\\\/portait-adrien-attia-assistant-manager\\\/#primaryimage\",\"url\":\"https:\\\/\\\/www.hotel-westend.com\\\/wp-content\\\/uploads\\\/2025\\\/06\\\/article-west-end-2-scaled.webp\",\"contentUrl\":\"https:\\\/\\\/www.hotel-westend.com\\\/wp-content\\\/uploads\\\/2025\\\/06\\\/article-west-end-2-scaled.webp\",\"width\":2000,\"height\":1296,\"caption\":\"Nice Jazz Festival 2025 : quatre jours de musique au c\u0153ur de la C\u00f4te d\u2019Azur\"},{\"@type\":\"BreadcrumbList\",\"@id\":\"https:\\\/\\\/www.hotel-westend.com\\\/en\\\/2025\\\/06\\\/25\\\/portait-adrien-attia-assistant-manager\\\/#breadcrumb\",\"itemListElement\":[{\"@type\":\"ListItem\",\"position\":1,\"name\":\"Accueil\",\"item\":\"https:\\\/\\\/www.hotel-westend.com\\\/en\\\/\"},{\"@type\":\"ListItem\",\"position\":2,\"name\":\"Portrait: Adrien Attia, Assistant Manager\"}]},{\"@type\":\"WebSite\",\"@id\":\"https:\\\/\\\/www.hotel-westend.com\\\/#website\",\"url\":\"https:\\\/\\\/www.hotel-westend.com\\\/\",\"name\":\"Hotel Westend Nice\",\"description\":\"Hotel 4 Etoiles Nice - Promenade Anglais | OFFICIEL \",\"potentialAction\":[{\"@type\":\"SearchAction\",\"target\":{\"@type\":\"EntryPoint\",\"urlTemplate\":\"https:\\\/\\\/www.hotel-westend.com\\\/?s={search_term_string}\"},\"query-input\":{\"@type\":\"PropertyValueSpecification\",\"valueRequired\":true,\"valueName\":\"search_term_string\"}}],\"inLanguage\":\"en-US\"},{\"@type\":\"Person\",\"@id\":\"https:\\\/\\\/www.hotel-westend.com\\\/#\\\/schema\\\/person\\\/c3ec475886346e12750f94aa1d3d9458\",\"name\":\"AgenceAZ\",\"url\":\"https:\\\/\\\/www.hotel-westend.com\\\/en\\\/author\\\/agenceaz\\\/\"}]}<\/script>\n<!-- \/ Yoast SEO plugin. -->","yoast_head_json":{"title":"Portrait: Adrien Attia, Assistant Manager -","description":"Today, the West End Hotel**** puts the spotlight on one of its employees, Adrien Attia, through a series of questions...","robots":{"index":"index","follow":"follow","max-snippet":"max-snippet:-1","max-image-preview":"max-image-preview:large","max-video-preview":"max-video-preview:-1"},"canonical":"https:\/\/www.hotel-westend.com\/en\/2025\/06\/25\/portait-adrien-attia-assistant-manager\/","og_locale":"en_US","og_type":"article","og_title":"Portrait: Adrien Attia, Assistant Manager -","og_description":"Today, the West End Hotel**** puts the spotlight on one of its employees, Adrien Attia, through a series of questions...","og_url":"https:\/\/www.hotel-westend.com\/en\/2025\/06\/25\/portait-adrien-attia-assistant-manager\/","og_site_name":"Hotel Westend Nice","article_published_time":"2025-06-25T06:39:39+00:00","og_image":[{"width":1024,"height":664,"url":"https:\/\/www.hotel-westend.com\/wp-content\/uploads\/2025\/06\/article-west-end-2-1024x664.webp","type":"image\/webp"}],"author":"AgenceAZ","twitter_card":"summary_large_image","twitter_misc":{"Written by":"AgenceAZ","Est. reading time":"3 minutes"},"schema":{"@context":"https:\/\/schema.org","@graph":[{"@type":"Article","@id":"https:\/\/www.hotel-westend.com\/en\/2025\/06\/25\/portait-adrien-attia-assistant-manager\/#article","isPartOf":{"@id":"https:\/\/www.hotel-westend.com\/en\/2025\/06\/25\/portait-adrien-attia-assistant-manager\/"},"author":{"name":"AgenceAZ","@id":"https:\/\/www.hotel-westend.com\/#\/schema\/person\/c3ec475886346e12750f94aa1d3d9458"},"headline":"Portrait: Adrien Attia, Assistant Manager","datePublished":"2025-06-25T06:39:39+00:00","mainEntityOfPage":{"@id":"https:\/\/www.hotel-westend.com\/en\/2025\/06\/25\/portait-adrien-attia-assistant-manager\/"},"wordCount":650,"commentCount":0,"image":{"@id":"https:\/\/www.hotel-westend.com\/en\/2025\/06\/25\/portait-adrien-attia-assistant-manager\/#primaryimage"},"thumbnailUrl":"https:\/\/www.hotel-westend.com\/wp-content\/uploads\/2025\/06\/article-west-end-2-scaled.webp","articleSection":["Actualit\u00e9s","News","News-EN-2022"],"inLanguage":"en-US"},{"@type":"WebPage","@id":"https:\/\/www.hotel-westend.com\/en\/2025\/06\/25\/portait-adrien-attia-assistant-manager\/","url":"https:\/\/www.hotel-westend.com\/en\/2025\/06\/25\/portait-adrien-attia-assistant-manager\/","name":"Portrait: Adrien Attia, Assistant Manager -","isPartOf":{"@id":"https:\/\/www.hotel-westend.com\/#website"},"primaryImageOfPage":{"@id":"https:\/\/www.hotel-westend.com\/en\/2025\/06\/25\/portait-adrien-attia-assistant-manager\/#primaryimage"},"image":{"@id":"https:\/\/www.hotel-westend.com\/en\/2025\/06\/25\/portait-adrien-attia-assistant-manager\/#primaryimage"},"thumbnailUrl":"https:\/\/www.hotel-westend.com\/wp-content\/uploads\/2025\/06\/article-west-end-2-scaled.webp","datePublished":"2025-06-25T06:39:39+00:00","author":{"@id":"https:\/\/www.hotel-westend.com\/#\/schema\/person\/c3ec475886346e12750f94aa1d3d9458"},"description":"Today, the West End Hotel**** puts the spotlight on one of its employees, Adrien Attia, through a series of questions...","breadcrumb":{"@id":"https:\/\/www.hotel-westend.com\/en\/2025\/06\/25\/portait-adrien-attia-assistant-manager\/#breadcrumb"},"inLanguage":"en-US","potentialAction":[{"@type":"ReadAction","target":["https:\/\/www.hotel-westend.com\/en\/2025\/06\/25\/portait-adrien-attia-assistant-manager\/"]}]},{"@type":"ImageObject","inLanguage":"en-US","@id":"https:\/\/www.hotel-westend.com\/en\/2025\/06\/25\/portait-adrien-attia-assistant-manager\/#primaryimage","url":"https:\/\/www.hotel-westend.com\/wp-content\/uploads\/2025\/06\/article-west-end-2-scaled.webp","contentUrl":"https:\/\/www.hotel-westend.com\/wp-content\/uploads\/2025\/06\/article-west-end-2-scaled.webp","width":2000,"height":1296,"caption":"Nice Jazz Festival 2025 : quatre jours de musique au c\u0153ur de la C\u00f4te d\u2019Azur"},{"@type":"BreadcrumbList","@id":"https:\/\/www.hotel-westend.com\/en\/2025\/06\/25\/portait-adrien-attia-assistant-manager\/#breadcrumb","itemListElement":[{"@type":"ListItem","position":1,"name":"Accueil","item":"https:\/\/www.hotel-westend.com\/en\/"},{"@type":"ListItem","position":2,"name":"Portrait: Adrien Attia, Assistant Manager"}]},{"@type":"WebSite","@id":"https:\/\/www.hotel-westend.com\/#website","url":"https:\/\/www.hotel-westend.com\/","name":"Hotel Westend Nice","description":"Hotel 4 Etoiles Nice - Promenade Anglais | OFFICIEL ","potentialAction":[{"@type":"SearchAction","target":{"@type":"EntryPoint","urlTemplate":"https:\/\/www.hotel-westend.com\/?s={search_term_string}"},"query-input":{"@type":"PropertyValueSpecification","valueRequired":true,"valueName":"search_term_string"}}],"inLanguage":"en-US"},{"@type":"Person","@id":"https:\/\/www.hotel-westend.com\/#\/schema\/person\/c3ec475886346e12750f94aa1d3d9458","name":"AgenceAZ","url":"https:\/\/www.hotel-westend.com\/en\/author\/agenceaz\/"}]}},"_links":{"self":[{"href":"https:\/\/www.hotel-westend.com\/en\/wp-json\/wp\/v2\/posts\/10171","targetHints":{"allow":["GET"]}}],"collection":[{"href":"https:\/\/www.hotel-westend.com\/en\/wp-json\/wp\/v2\/posts"}],"about":[{"href":"https:\/\/www.hotel-westend.com\/en\/wp-json\/wp\/v2\/types\/post"}],"author":[{"embeddable":true,"href":"https:\/\/www.hotel-westend.com\/en\/wp-json\/wp\/v2\/users\/7"}],"replies":[{"embeddable":true,"href":"https:\/\/www.hotel-westend.com\/en\/wp-json\/wp\/v2\/comments?post=10171"}],"version-history":[{"count":3,"href":"https:\/\/www.hotel-westend.com\/en\/wp-json\/wp\/v2\/posts\/10171\/revisions"}],"predecessor-version":[{"id":10191,"href":"https:\/\/www.hotel-westend.com\/en\/wp-json\/wp\/v2\/posts\/10171\/revisions\/10191"}],"wp:featuredmedia":[{"embeddable":true,"href":"https:\/\/www.hotel-westend.com\/en\/wp-json\/wp\/v2\/media\/10166"}],"wp:attachment":[{"href":"https:\/\/www.hotel-westend.com\/en\/wp-json\/wp\/v2\/media?parent=10171"}],"wp:term":[{"taxonomy":"category","embeddable":true,"href":"https:\/\/www.hotel-westend.com\/en\/wp-json\/wp\/v2\/categories?post=10171"},{"taxonomy":"post_tag","embeddable":true,"href":"https:\/\/www.hotel-westend.com\/en\/wp-json\/wp\/v2\/tags?post=10171"}],"curies":[{"name":"wp","href":"https:\/\/api.w.org\/{rel}","templated":true}]}}