{"id":10249,"date":"2025-07-16T10:03:04","date_gmt":"2025-07-16T08:03:04","guid":{"rendered":"https:\/\/www.hotel-westend.com\/?p=10249"},"modified":"2025-07-15T12:20:02","modified_gmt":"2025-07-15T10:20:02","slug":"lete-a-lhotel-west-end-nouvelles-saveurs-nouvelles-cartes-et-rendez-vous-festifs-au-siecle","status":"publish","type":"post","link":"https:\/\/www.hotel-westend.com\/en\/2025\/07\/16\/lete-a-lhotel-west-end-nouvelles-saveurs-nouvelles-cartes-et-rendez-vous-festifs-au-siecle\/","title":{"rendered":"Summer at the H\u00f4tel West End: new flavors, new menus and festive events at Le Si\u00e8cle"},"content":{"rendered":"<p>[et_pb_section fb_built=&#8221;1&#8243; admin_label=&#8221;section&#8221; _builder_version=&#8221;4.16&#8243; min_height=&#8221;629.4px&#8221; custom_padding=&#8221;||0px|||&#8221; global_colors_info=&#8221;{}&#8221;][et_pb_row admin_label=&#8221;row&#8221; _builder_version=&#8221;4.27.0&#8243; background_size=&#8221;initial&#8221; background_position=&#8221;top_left&#8221; background_repeat=&#8221;repeat&#8221; custom_margin=&#8221;-4px|auto||auto|false|false&#8221; custom_padding=&#8221;||0px|||&#8221; global_colors_info=&#8221;{}&#8221;][et_pb_column type=&#8221;4_4&#8243; _builder_version=&#8221;4.16&#8243; custom_padding=&#8221;|||&#8221; global_colors_info=&#8221;{}&#8221; custom_padding__hover=&#8221;|||&#8221;][et_pb_text module_class=&#8221;tiretsInverse&#8221; _builder_version=&#8221;4.27.0&#8243; _module_preset=&#8221;default&#8221; header_2_font=&#8221;Gilda Display||||||||&#8221; header_2_text_color=&#8221;#9b8760&#8243; header_2_font_size=&#8221;58px&#8221; width=&#8221;100%&#8221; custom_margin=&#8221;|||0px|false|false&#8221; custom_padding=&#8221;0px|||0px||&#8221; hover_enabled=&#8221;0&#8243; locked=&#8221;off&#8221; global_colors_info=&#8221;{}&#8221; sticky_enabled=&#8221;0&#8243;]<\/p>\n<h2>Summer at the H\u00f4tel West End: new flavors, new menus and festive events at Le Si\u00e8cle<\/h2>\n<p>[\/et_pb_text][et_pb_image src=&#8221;https:\/\/www.hotel-westend.com\/wp-content\/uploads\/2025\/07\/article-west-end-scaled.webp&#8221; alt=&#8221;L&#8217;\u00e9t\u00e9 \u00e0 l\u2019H\u00f4tel West End : nouvelles saveurs, nouvelles cartes et rendez-vous festifs au Si\u00e8cle&#8221; title_text=&#8221;L&#8217;\u00e9t\u00e9 \u00e0 l\u2019H\u00f4tel West End : nouvelles saveurs, nouvelles cartes et rendez-vous festifs au Si\u00e8cle&#8221; _builder_version=&#8221;4.27.0&#8243; _module_preset=&#8221;default&#8221; global_colors_info=&#8221;{}&#8221;][\/et_pb_image][et_pb_text admin_label=&#8221;Text&#8221; _builder_version=&#8221;4.27.0&#8243; background_size=&#8221;initial&#8221; background_position=&#8221;top_left&#8221; background_repeat=&#8221;repeat&#8221; hover_enabled=&#8221;0&#8243; global_colors_info=&#8221;{}&#8221; sticky_enabled=&#8221;0&#8243;]<\/p>\n<p>Summer has arrived on the Promenade des Anglais, and with it a season rich in novelties at the H\u00f4tel West End. Le Si\u00e8cle, the hotel&#8217;s flagship restaurant, unveils a new summer menu, the launch of its snack menu and the return of the Brooklyn 2 Nice evenings. A blend of Mediterranean tradition, seasonal cuisine and cosmopolitan ambience, H\u00f4tel West End invites you to savor the Nice summer to the full.<\/p>\n<h3>A summer menu of sea and sun<\/h3>\n<p>For this season, Le Si\u00e8cle&#8217;s Chef has created a new menu based on generosity, freshness and local inspiration.<\/p>\n<p>&#8220;Through this menu, we wanted to tell the story of our South, our sea, our seasons. Thank you for taking the time to savor this moment at Le Si\u00e8cle&#8221; &#8211; The Chef and the entire restaurant team.<\/p>\n<p>From the starters onwards, the southern classics invite themselves to your table: traditional Ni\u00e7oise salad or creamy burrata accompanied by fresh figs, for a touch of sweetness. For the main course, Charolais beef fillet, served with seasonal vegetables, will delight meat lovers, while Saku red tuna tataki will seduce you with its freshness. As for desserts, those with a sweet tooth will be tempted by the tropical pavlova or the \u201cMokaya\u201d dark chocolate crisp.<\/p>\n<h3>Snack menu and room service: gastronomy at any time<\/h3>\n<p>Between two swims or at aperitif time, <a href=\"https:\/\/www.hotel-westend.com\/en\/le-siecle-restaurant\/\" target=\"_blank\" rel=\"noopener\">Le Si\u00e8cle restaurant<\/a> offers a snack menu available from 2:30 pm to 6:30 pm. Designed to satisfy both small and large appetites, the menu features tasty products such as Burgundy snails, nachos del sol with homemade guacamole, and a generous selection of charcuterie and cheeses.<\/p>\n<p>For hotel guests wishing to enjoy a meal in the comfort of their room, room service is available at a supplement of \u20ac4 for drinks and \u20ac8 for main courses. A tailor-made service, in keeping with H\u00f4tel West End&#8217;s high standards of quality.<br \/>New this summer, the terrace of Le Si\u00e8cle restaurant has been completely redesigned to offer an even more elegant and comfortable setting. Open all day long, it is the ideal place to enjoy an aperitif facing the sea, in the shade of parasols and to the rhythm of the Nice summer.<\/p>\n<h3>Brooklyn 2 Nice: festive Tuesdays at Le Si\u00e8cle<\/h3>\n<p>Once again this year, Brooklyn 2 Nice returns to Le Si\u00e8cle, to the delight of customers and passers-by on the famous <a href=\"https:\/\/www.explorenicecotedazur.com\/en\/info\/promenade-des-anglais-en\/\" target=\"_blank\" rel=\"noopener\">Promenade des Anglais<\/a>. Every Tuesday evening until the beginning of October, the restaurant vibrates to the rhythm of this festive, not-to-be-missed event. The funky atmosphere and live music will transform your summer evenings into real moments of sharing and conviviality!<\/p>\n<p>What are you waiting for to spend your summer at the H\u00f4tel West End?<\/p>\n<p>[\/et_pb_text][\/et_pb_column][\/et_pb_row][\/et_pb_section]<\/p>\n","protected":false},"excerpt":{"rendered":"<p>Summer has arrived on the Promenade des Anglais, and with it a season rich in novelties at the H\u00f4tel West End&#8230;<\/p>\n","protected":false},"author":7,"featured_media":10244,"comment_status":"open","ping_status":"open","sticky":false,"template":"","format":"standard","meta":{"_et_pb_use_builder":"on","_et_pb_old_content":"<!-- wp:paragraph -->\r\n<p>Du 13 au 27 f\u00e9vrier 2021, Nice deviendra la Capitale mondiale de la mode avec la 137e \u00e9dition du Carnaval sur le th\u00e8me \u00ab Roi des animaux \u00bb. Venez admirer le Roi, la Reine et leurs sujets et participer aux extravagants d\u00e9fil\u00e9s de chars, de grosses t\u00eates et aux \u00e9l\u00e9gantes Batailles de Fleurs.<\/p>\r\n<!-- \/wp:paragraph -->\r\n\r\n<!-- wp:paragraph -->\r\n<p>Pendant 15 jours, le Carnaval de Nice, avec ses deux manifestations\u00a0: les Corsi carnavalesques (de jour ou de nuit) et les Batailles de fleurs, imposera son style et vous offrira un spectacle burlesque, magique et initiatique d\u00e9di\u00e9 \u00e0 la mode sous toutes ses coutures.<\/p>\r\n<!-- \/wp:paragraph -->\r\n\r\n<!-- wp:paragraph -->\r\n<p>Les chars cr\u00e9\u00e9s sur le th\u00e8me d\u00e9fileront lors des Corsi carnavalesques (mardis, samedis et dimanche), accompagn\u00e9s de grosses t\u00eates et d\u2019artistes venant du monde entier dans une ambiance festive et populaire, savamment sc\u00e9nographi\u00e9e, pour revisiter l\u2019histoire de la mode, vous faire rire, sourire mais aussi r\u00e9fl\u00e9chir sur la mode et ses dessous. Car si la mode lance des tendances et bouleverse les codes comme les comportements, elle a aussi un r\u00f4le \u00e9thique et responsable \u00e0 jouer.<\/p>\r\n<!-- \/wp:paragraph -->\r\n\r\n<!-- wp:paragraph -->\r\n<p>Les mercredis et samedis apr\u00e8s-midi, venez d\u00e9couvrir l\u2019autre temps du fort du Carnaval\u00a0: les Batailles de Fleurs o\u00f9 le th\u00e8me sera d\u00e9clin\u00e9 sur des chars orn\u00e9s de fleurs valorisant la production locale (80% des fleurs sont produites dans la r\u00e9gion) et anim\u00e9s par des com\u00e9diennes qui porteront des costumes sp\u00e9cialement con\u00e7us pour la manifestation. Un d\u00e9fil\u00e9 unique au monde o\u00f9 des milliers de fleurs seront distribu\u00e9es.<\/p>\r\n<!-- \/wp:paragraph -->\r\n\r\n<!-- wp:paragraph -->\r\n<p>Et n\u2019oubliez pas, grands et petits, d\u00e9guisez de la t\u00eate aux pieds, les corsi seront gratuits\u00a0!<\/p>\r\n<!-- \/wp:paragraph -->\r\n\r\n<!-- wp:paragraph -->\r\n<p><strong>Alors venez prendre part \u00e0 la f\u00eate du 13 au 27 f\u00e9vrier 2021 \u00e0 Nice.<\/strong><\/p>\r\n<!-- \/wp:paragraph -->","_et_gb_content_width":"1150","inline_featured_image":false,"footnotes":""},"categories":[36,37,35],"tags":[],"class_list":["post-10249","post","type-post","status-publish","format-standard","has-post-thumbnail","hentry","category-actualites-en","category-news-en","category-news-en-2022"],"yoast_head":"<!-- This site is optimized with the Yoast SEO plugin v27.4 - https:\/\/yoast.com\/product\/yoast-seo-wordpress\/ -->\n<title>Summer at the H\u00f4tel West End: new flavors, new menus and festive events at Le Si\u00e8cle -<\/title>\n<meta name=\"description\" content=\"Summer has arrived on the Promenade des Anglais, and with it a season rich in novelties at the H\u00f4tel West End...\" \/>\n<meta name=\"robots\" content=\"index, follow, max-snippet:-1, max-image-preview:large, max-video-preview:-1\" \/>\n<link rel=\"canonical\" href=\"https:\/\/www.hotel-westend.com\/en\/2025\/07\/16\/lete-a-lhotel-west-end-nouvelles-saveurs-nouvelles-cartes-et-rendez-vous-festifs-au-siecle\/\" \/>\n<meta property=\"og:locale\" content=\"en_US\" \/>\n<meta property=\"og:type\" content=\"article\" \/>\n<meta property=\"og:title\" content=\"Summer at the H\u00f4tel West End: new flavors, new menus and festive events at Le Si\u00e8cle -\" \/>\n<meta property=\"og:description\" content=\"Summer has arrived on the Promenade des Anglais, and with it a season rich in novelties at the H\u00f4tel West End...\" \/>\n<meta property=\"og:url\" content=\"https:\/\/www.hotel-westend.com\/en\/2025\/07\/16\/lete-a-lhotel-west-end-nouvelles-saveurs-nouvelles-cartes-et-rendez-vous-festifs-au-siecle\/\" \/>\n<meta property=\"og:site_name\" content=\"Hotel Westend Nice\" \/>\n<meta property=\"article:published_time\" content=\"2025-07-16T08:03:04+00:00\" \/>\n<meta property=\"og:image\" content=\"https:\/\/www.hotel-westend.com\/wp-content\/uploads\/2025\/07\/article-west-end-scaled.webp\" \/>\n\t<meta property=\"og:image:width\" content=\"2000\" \/>\n\t<meta property=\"og:image:height\" content=\"1296\" \/>\n\t<meta property=\"og:image:type\" content=\"image\/webp\" \/>\n<meta name=\"author\" content=\"AgenceAZ\" \/>\n<meta name=\"twitter:card\" content=\"summary_large_image\" \/>\n<meta name=\"twitter:label1\" content=\"Written by\" \/>\n\t<meta name=\"twitter:data1\" content=\"AgenceAZ\" \/>\n\t<meta name=\"twitter:label2\" content=\"Est. reading time\" \/>\n\t<meta name=\"twitter:data2\" content=\"3 minutes\" \/>\n<script type=\"application\/ld+json\" class=\"yoast-schema-graph\">{\"@context\":\"https:\\\/\\\/schema.org\",\"@graph\":[{\"@type\":\"Article\",\"@id\":\"https:\\\/\\\/www.hotel-westend.com\\\/en\\\/2025\\\/07\\\/16\\\/lete-a-lhotel-west-end-nouvelles-saveurs-nouvelles-cartes-et-rendez-vous-festifs-au-siecle\\\/#article\",\"isPartOf\":{\"@id\":\"https:\\\/\\\/www.hotel-westend.com\\\/en\\\/2025\\\/07\\\/16\\\/lete-a-lhotel-west-end-nouvelles-saveurs-nouvelles-cartes-et-rendez-vous-festifs-au-siecle\\\/\"},\"author\":{\"name\":\"AgenceAZ\",\"@id\":\"https:\\\/\\\/www.hotel-westend.com\\\/#\\\/schema\\\/person\\\/c3ec475886346e12750f94aa1d3d9458\"},\"headline\":\"Summer at the H\u00f4tel West End: new flavors, new menus and festive events at Le Si\u00e8cle\",\"datePublished\":\"2025-07-16T08:03:04+00:00\",\"mainEntityOfPage\":{\"@id\":\"https:\\\/\\\/www.hotel-westend.com\\\/en\\\/2025\\\/07\\\/16\\\/lete-a-lhotel-west-end-nouvelles-saveurs-nouvelles-cartes-et-rendez-vous-festifs-au-siecle\\\/\"},\"wordCount\":692,\"commentCount\":0,\"image\":{\"@id\":\"https:\\\/\\\/www.hotel-westend.com\\\/en\\\/2025\\\/07\\\/16\\\/lete-a-lhotel-west-end-nouvelles-saveurs-nouvelles-cartes-et-rendez-vous-festifs-au-siecle\\\/#primaryimage\"},\"thumbnailUrl\":\"https:\\\/\\\/www.hotel-westend.com\\\/wp-content\\\/uploads\\\/2025\\\/07\\\/article-west-end-scaled.webp\",\"articleSection\":[\"Actualit\u00e9s\",\"News\",\"News-EN-2022\"],\"inLanguage\":\"en-US\"},{\"@type\":\"WebPage\",\"@id\":\"https:\\\/\\\/www.hotel-westend.com\\\/en\\\/2025\\\/07\\\/16\\\/lete-a-lhotel-west-end-nouvelles-saveurs-nouvelles-cartes-et-rendez-vous-festifs-au-siecle\\\/\",\"url\":\"https:\\\/\\\/www.hotel-westend.com\\\/en\\\/2025\\\/07\\\/16\\\/lete-a-lhotel-west-end-nouvelles-saveurs-nouvelles-cartes-et-rendez-vous-festifs-au-siecle\\\/\",\"name\":\"Summer at the H\u00f4tel West End: new flavors, new menus and festive events at Le Si\u00e8cle -\",\"isPartOf\":{\"@id\":\"https:\\\/\\\/www.hotel-westend.com\\\/#website\"},\"primaryImageOfPage\":{\"@id\":\"https:\\\/\\\/www.hotel-westend.com\\\/en\\\/2025\\\/07\\\/16\\\/lete-a-lhotel-west-end-nouvelles-saveurs-nouvelles-cartes-et-rendez-vous-festifs-au-siecle\\\/#primaryimage\"},\"image\":{\"@id\":\"https:\\\/\\\/www.hotel-westend.com\\\/en\\\/2025\\\/07\\\/16\\\/lete-a-lhotel-west-end-nouvelles-saveurs-nouvelles-cartes-et-rendez-vous-festifs-au-siecle\\\/#primaryimage\"},\"thumbnailUrl\":\"https:\\\/\\\/www.hotel-westend.com\\\/wp-content\\\/uploads\\\/2025\\\/07\\\/article-west-end-scaled.webp\",\"datePublished\":\"2025-07-16T08:03:04+00:00\",\"author\":{\"@id\":\"https:\\\/\\\/www.hotel-westend.com\\\/#\\\/schema\\\/person\\\/c3ec475886346e12750f94aa1d3d9458\"},\"description\":\"Summer has arrived on the Promenade des Anglais, and with it a season rich in novelties at the H\u00f4tel West End...\",\"breadcrumb\":{\"@id\":\"https:\\\/\\\/www.hotel-westend.com\\\/en\\\/2025\\\/07\\\/16\\\/lete-a-lhotel-west-end-nouvelles-saveurs-nouvelles-cartes-et-rendez-vous-festifs-au-siecle\\\/#breadcrumb\"},\"inLanguage\":\"en-US\",\"potentialAction\":[{\"@type\":\"ReadAction\",\"target\":[\"https:\\\/\\\/www.hotel-westend.com\\\/en\\\/2025\\\/07\\\/16\\\/lete-a-lhotel-west-end-nouvelles-saveurs-nouvelles-cartes-et-rendez-vous-festifs-au-siecle\\\/\"]}]},{\"@type\":\"ImageObject\",\"inLanguage\":\"en-US\",\"@id\":\"https:\\\/\\\/www.hotel-westend.com\\\/en\\\/2025\\\/07\\\/16\\\/lete-a-lhotel-west-end-nouvelles-saveurs-nouvelles-cartes-et-rendez-vous-festifs-au-siecle\\\/#primaryimage\",\"url\":\"https:\\\/\\\/www.hotel-westend.com\\\/wp-content\\\/uploads\\\/2025\\\/07\\\/article-west-end-scaled.webp\",\"contentUrl\":\"https:\\\/\\\/www.hotel-westend.com\\\/wp-content\\\/uploads\\\/2025\\\/07\\\/article-west-end-scaled.webp\",\"width\":2000,\"height\":1296,\"caption\":\"L'\u00e9t\u00e9 \u00e0 l\u2019H\u00f4tel West End : nouvelles saveurs, nouvelles cartes et rendez-vous festifs au Si\u00e8cle\"},{\"@type\":\"BreadcrumbList\",\"@id\":\"https:\\\/\\\/www.hotel-westend.com\\\/en\\\/2025\\\/07\\\/16\\\/lete-a-lhotel-west-end-nouvelles-saveurs-nouvelles-cartes-et-rendez-vous-festifs-au-siecle\\\/#breadcrumb\",\"itemListElement\":[{\"@type\":\"ListItem\",\"position\":1,\"name\":\"Accueil\",\"item\":\"https:\\\/\\\/www.hotel-westend.com\\\/en\\\/\"},{\"@type\":\"ListItem\",\"position\":2,\"name\":\"Summer at the H\u00f4tel West End: new flavors, new menus and festive events at Le Si\u00e8cle\"}]},{\"@type\":\"WebSite\",\"@id\":\"https:\\\/\\\/www.hotel-westend.com\\\/#website\",\"url\":\"https:\\\/\\\/www.hotel-westend.com\\\/\",\"name\":\"Hotel Westend Nice\",\"description\":\"Hotel 4 Etoiles Nice - Promenade Anglais | OFFICIEL \",\"potentialAction\":[{\"@type\":\"SearchAction\",\"target\":{\"@type\":\"EntryPoint\",\"urlTemplate\":\"https:\\\/\\\/www.hotel-westend.com\\\/?s={search_term_string}\"},\"query-input\":{\"@type\":\"PropertyValueSpecification\",\"valueRequired\":true,\"valueName\":\"search_term_string\"}}],\"inLanguage\":\"en-US\"},{\"@type\":\"Person\",\"@id\":\"https:\\\/\\\/www.hotel-westend.com\\\/#\\\/schema\\\/person\\\/c3ec475886346e12750f94aa1d3d9458\",\"name\":\"AgenceAZ\",\"url\":\"https:\\\/\\\/www.hotel-westend.com\\\/en\\\/author\\\/agenceaz\\\/\"}]}<\/script>\n<!-- \/ Yoast SEO plugin. -->","yoast_head_json":{"title":"Summer at the H\u00f4tel West End: new flavors, new menus and festive events at Le Si\u00e8cle -","description":"Summer has arrived on the Promenade des Anglais, and with it a season rich in novelties at the H\u00f4tel West End...","robots":{"index":"index","follow":"follow","max-snippet":"max-snippet:-1","max-image-preview":"max-image-preview:large","max-video-preview":"max-video-preview:-1"},"canonical":"https:\/\/www.hotel-westend.com\/en\/2025\/07\/16\/lete-a-lhotel-west-end-nouvelles-saveurs-nouvelles-cartes-et-rendez-vous-festifs-au-siecle\/","og_locale":"en_US","og_type":"article","og_title":"Summer at the H\u00f4tel West End: new flavors, new menus and festive events at Le Si\u00e8cle -","og_description":"Summer has arrived on the Promenade des Anglais, and with it a season rich in novelties at the H\u00f4tel West End...","og_url":"https:\/\/www.hotel-westend.com\/en\/2025\/07\/16\/lete-a-lhotel-west-end-nouvelles-saveurs-nouvelles-cartes-et-rendez-vous-festifs-au-siecle\/","og_site_name":"Hotel Westend Nice","article_published_time":"2025-07-16T08:03:04+00:00","og_image":[{"width":2000,"height":1296,"url":"https:\/\/www.hotel-westend.com\/wp-content\/uploads\/2025\/07\/article-west-end-scaled.webp","type":"image\/webp"}],"author":"AgenceAZ","twitter_card":"summary_large_image","twitter_misc":{"Written by":"AgenceAZ","Est. reading time":"3 minutes"},"schema":{"@context":"https:\/\/schema.org","@graph":[{"@type":"Article","@id":"https:\/\/www.hotel-westend.com\/en\/2025\/07\/16\/lete-a-lhotel-west-end-nouvelles-saveurs-nouvelles-cartes-et-rendez-vous-festifs-au-siecle\/#article","isPartOf":{"@id":"https:\/\/www.hotel-westend.com\/en\/2025\/07\/16\/lete-a-lhotel-west-end-nouvelles-saveurs-nouvelles-cartes-et-rendez-vous-festifs-au-siecle\/"},"author":{"name":"AgenceAZ","@id":"https:\/\/www.hotel-westend.com\/#\/schema\/person\/c3ec475886346e12750f94aa1d3d9458"},"headline":"Summer at the H\u00f4tel West End: new flavors, new menus and festive events at Le Si\u00e8cle","datePublished":"2025-07-16T08:03:04+00:00","mainEntityOfPage":{"@id":"https:\/\/www.hotel-westend.com\/en\/2025\/07\/16\/lete-a-lhotel-west-end-nouvelles-saveurs-nouvelles-cartes-et-rendez-vous-festifs-au-siecle\/"},"wordCount":692,"commentCount":0,"image":{"@id":"https:\/\/www.hotel-westend.com\/en\/2025\/07\/16\/lete-a-lhotel-west-end-nouvelles-saveurs-nouvelles-cartes-et-rendez-vous-festifs-au-siecle\/#primaryimage"},"thumbnailUrl":"https:\/\/www.hotel-westend.com\/wp-content\/uploads\/2025\/07\/article-west-end-scaled.webp","articleSection":["Actualit\u00e9s","News","News-EN-2022"],"inLanguage":"en-US"},{"@type":"WebPage","@id":"https:\/\/www.hotel-westend.com\/en\/2025\/07\/16\/lete-a-lhotel-west-end-nouvelles-saveurs-nouvelles-cartes-et-rendez-vous-festifs-au-siecle\/","url":"https:\/\/www.hotel-westend.com\/en\/2025\/07\/16\/lete-a-lhotel-west-end-nouvelles-saveurs-nouvelles-cartes-et-rendez-vous-festifs-au-siecle\/","name":"Summer at the H\u00f4tel West End: new flavors, new menus and festive events at Le Si\u00e8cle -","isPartOf":{"@id":"https:\/\/www.hotel-westend.com\/#website"},"primaryImageOfPage":{"@id":"https:\/\/www.hotel-westend.com\/en\/2025\/07\/16\/lete-a-lhotel-west-end-nouvelles-saveurs-nouvelles-cartes-et-rendez-vous-festifs-au-siecle\/#primaryimage"},"image":{"@id":"https:\/\/www.hotel-westend.com\/en\/2025\/07\/16\/lete-a-lhotel-west-end-nouvelles-saveurs-nouvelles-cartes-et-rendez-vous-festifs-au-siecle\/#primaryimage"},"thumbnailUrl":"https:\/\/www.hotel-westend.com\/wp-content\/uploads\/2025\/07\/article-west-end-scaled.webp","datePublished":"2025-07-16T08:03:04+00:00","author":{"@id":"https:\/\/www.hotel-westend.com\/#\/schema\/person\/c3ec475886346e12750f94aa1d3d9458"},"description":"Summer has arrived on the Promenade des Anglais, and with it a season rich in novelties at the H\u00f4tel West End...","breadcrumb":{"@id":"https:\/\/www.hotel-westend.com\/en\/2025\/07\/16\/lete-a-lhotel-west-end-nouvelles-saveurs-nouvelles-cartes-et-rendez-vous-festifs-au-siecle\/#breadcrumb"},"inLanguage":"en-US","potentialAction":[{"@type":"ReadAction","target":["https:\/\/www.hotel-westend.com\/en\/2025\/07\/16\/lete-a-lhotel-west-end-nouvelles-saveurs-nouvelles-cartes-et-rendez-vous-festifs-au-siecle\/"]}]},{"@type":"ImageObject","inLanguage":"en-US","@id":"https:\/\/www.hotel-westend.com\/en\/2025\/07\/16\/lete-a-lhotel-west-end-nouvelles-saveurs-nouvelles-cartes-et-rendez-vous-festifs-au-siecle\/#primaryimage","url":"https:\/\/www.hotel-westend.com\/wp-content\/uploads\/2025\/07\/article-west-end-scaled.webp","contentUrl":"https:\/\/www.hotel-westend.com\/wp-content\/uploads\/2025\/07\/article-west-end-scaled.webp","width":2000,"height":1296,"caption":"L'\u00e9t\u00e9 \u00e0 l\u2019H\u00f4tel West End : nouvelles saveurs, nouvelles cartes et rendez-vous festifs au Si\u00e8cle"},{"@type":"BreadcrumbList","@id":"https:\/\/www.hotel-westend.com\/en\/2025\/07\/16\/lete-a-lhotel-west-end-nouvelles-saveurs-nouvelles-cartes-et-rendez-vous-festifs-au-siecle\/#breadcrumb","itemListElement":[{"@type":"ListItem","position":1,"name":"Accueil","item":"https:\/\/www.hotel-westend.com\/en\/"},{"@type":"ListItem","position":2,"name":"Summer at the H\u00f4tel West End: new flavors, new menus and festive events at Le Si\u00e8cle"}]},{"@type":"WebSite","@id":"https:\/\/www.hotel-westend.com\/#website","url":"https:\/\/www.hotel-westend.com\/","name":"Hotel Westend Nice","description":"Hotel 4 Etoiles Nice - Promenade Anglais | OFFICIEL ","potentialAction":[{"@type":"SearchAction","target":{"@type":"EntryPoint","urlTemplate":"https:\/\/www.hotel-westend.com\/?s={search_term_string}"},"query-input":{"@type":"PropertyValueSpecification","valueRequired":true,"valueName":"search_term_string"}}],"inLanguage":"en-US"},{"@type":"Person","@id":"https:\/\/www.hotel-westend.com\/#\/schema\/person\/c3ec475886346e12750f94aa1d3d9458","name":"AgenceAZ","url":"https:\/\/www.hotel-westend.com\/en\/author\/agenceaz\/"}]}},"_links":{"self":[{"href":"https:\/\/www.hotel-westend.com\/en\/wp-json\/wp\/v2\/posts\/10249","targetHints":{"allow":["GET"]}}],"collection":[{"href":"https:\/\/www.hotel-westend.com\/en\/wp-json\/wp\/v2\/posts"}],"about":[{"href":"https:\/\/www.hotel-westend.com\/en\/wp-json\/wp\/v2\/types\/post"}],"author":[{"embeddable":true,"href":"https:\/\/www.hotel-westend.com\/en\/wp-json\/wp\/v2\/users\/7"}],"replies":[{"embeddable":true,"href":"https:\/\/www.hotel-westend.com\/en\/wp-json\/wp\/v2\/comments?post=10249"}],"version-history":[{"count":2,"href":"https:\/\/www.hotel-westend.com\/en\/wp-json\/wp\/v2\/posts\/10249\/revisions"}],"predecessor-version":[{"id":10252,"href":"https:\/\/www.hotel-westend.com\/en\/wp-json\/wp\/v2\/posts\/10249\/revisions\/10252"}],"wp:featuredmedia":[{"embeddable":true,"href":"https:\/\/www.hotel-westend.com\/en\/wp-json\/wp\/v2\/media\/10244"}],"wp:attachment":[{"href":"https:\/\/www.hotel-westend.com\/en\/wp-json\/wp\/v2\/media?parent=10249"}],"wp:term":[{"taxonomy":"category","embeddable":true,"href":"https:\/\/www.hotel-westend.com\/en\/wp-json\/wp\/v2\/categories?post=10249"},{"taxonomy":"post_tag","embeddable":true,"href":"https:\/\/www.hotel-westend.com\/en\/wp-json\/wp\/v2\/tags?post=10249"}],"curies":[{"name":"wp","href":"https:\/\/api.w.org\/{rel}","templated":true}]}}