{"id":10390,"date":"2025-08-27T09:30:21","date_gmt":"2025-08-27T07:30:21","guid":{"rendered":"https:\/\/www.hotel-westend.com\/?p=10390"},"modified":"2025-08-12T10:41:28","modified_gmt":"2025-08-12T08:41:28","slug":"portrait-georges-pradier-manager-hotel-west-end","status":"publish","type":"post","link":"https:\/\/www.hotel-westend.com\/en\/2025\/08\/27\/portrait-georges-pradier-manager-hotel-west-end\/","title":{"rendered":"Portrait: Georges Pradier &#8211; Manager of the West End Hotel"},"content":{"rendered":"<p>[et_pb_section fb_built=&#8221;1&#8243; admin_label=&#8221;section&#8221; _builder_version=&#8221;4.16&#8243; min_height=&#8221;629.4px&#8221; custom_padding=&#8221;||0px|||&#8221; global_colors_info=&#8221;{}&#8221;][et_pb_row admin_label=&#8221;row&#8221; _builder_version=&#8221;4.27.0&#8243; background_size=&#8221;initial&#8221; background_position=&#8221;top_left&#8221; background_repeat=&#8221;repeat&#8221; custom_margin=&#8221;-4px|auto||auto|false|false&#8221; custom_padding=&#8221;||0px|||&#8221; global_colors_info=&#8221;{}&#8221;][et_pb_column type=&#8221;4_4&#8243; _builder_version=&#8221;4.16&#8243; custom_padding=&#8221;|||&#8221; global_colors_info=&#8221;{}&#8221; custom_padding__hover=&#8221;|||&#8221;][et_pb_text module_class=&#8221;tiretsInverse&#8221; _builder_version=&#8221;4.27.0&#8243; _module_preset=&#8221;default&#8221; header_2_font=&#8221;Gilda Display||||||||&#8221; header_2_text_color=&#8221;#9b8760&#8243; header_2_font_size=&#8221;58px&#8221; width=&#8221;100%&#8221; custom_margin=&#8221;|||0px|false|false&#8221; custom_padding=&#8221;0px|||0px||&#8221; hover_enabled=&#8221;0&#8243; locked=&#8221;off&#8221; global_colors_info=&#8221;{}&#8221; sticky_enabled=&#8221;0&#8243;]<\/p>\n<h2>Portrait: Georges Pradier &#8211; Manager of the West End Hotel<\/h2>\n<p>[\/et_pb_text][et_pb_image src=&#8221;https:\/\/www.hotel-westend.com\/wp-content\/uploads\/2025\/08\/36-scaled.webp&#8221; alt=&#8221;Portrait : Georges Pradier &#8211; Directeur de l\u2019H\u00f4tel West End<br \/>\n&#8221; title_text=&#8221;Portrait : Georges Pradier &#8211; Directeur de l\u2019H\u00f4tel West End&#8221; _builder_version=&#8221;4.27.0&#8243; _module_preset=&#8221;default&#8221; global_colors_info=&#8221;{}&#8221;][\/et_pb_image][et_pb_text admin_label=&#8221;Text&#8221; _builder_version=&#8221;4.27.0&#8243; background_size=&#8221;initial&#8221; background_position=&#8221;top_left&#8221; background_repeat=&#8221;repeat&#8221; hover_enabled=&#8221;0&#8243; global_colors_info=&#8221;{}&#8221; sticky_enabled=&#8221;0&#8243;]<\/p>\n<p>Each month, <a href=\"https:\/\/www.hotel-westend.com\/en\/\" target=\"_blank\" rel=\"noopener\">the West End Hotel****<\/a> is delighted to shine a spotlight on one of its employees through a series of questions, in order to learn more about their job and what motivates them in their role. Today, the hotel is honouring Georges Pradier, manager of the West End Hotel.<\/p>\n<h3>Can you introduce yourself?<\/h3>\n<p>My name is Georges Pradier and I have been managing the West End Hotel for just over a year. My career in the hotel industry began more than three decades ago, first in Cannes, then in Nice, Saint-Paul-de-Vence and Courchevel. I have held various positions, always guided by a sense of service and a desire to provide guests with a memorable experience. Joining the West End Hotel was an honour: this establishment is an institution in Nice, steeped in history and charm.<\/p>\n<h3>What do you love most about your job?<\/h3>\n<p>The heart of our profession is people: guests, of course, but also the teams. Hospitality is about creating moments that linger in the memory, offering a sincere and warm welcome, but also surprising guests with discreet yet thoughtful touches. Every day is different, and it is this energy and constant movement that fascinate me.<\/p>\n<h3>What advice would you give to a new employee?<\/h3>\n<p>I would tell them to observe, listen and, above all, maintain a desire to please. Elegance in service cannot be imposed; it is transmitted and learned by example. The key is rigour combined with kindness. Never forget that behind every customer there is a story, an expectation, an emotion.<\/p>\n<h3>What is your favourite place at the West End Hotel?<\/h3>\n<p>Actually, there are several! Whether it&#8217;s the panoramic terrace of the Ambassador Suite on the top floor, with a panoramic view of Nice, the mountains and the sea. I also love the terrace lounge bar of our restaurant Le Si\u00e8cle, with its live music evenings, which is also a place for sharing where guests enjoy special, often unforgettable moments. Finally, there&#8217;s the Russian lounge, for seminars with a sea view! In fact, there are so many places to enjoy at the West End Hotel that I invite our guests to come and discover them during their stay&#8230; and to tell us which ones are their favourites!<\/p>\n<h3>What are your fondest memories of the hotel?<\/h3>\n<p>There have been some wonderful events: royal weddings, film shoots, prestigious meetings. But my fondest memories are often the simplest ones: the satisfied look on a loyal guest&#8217;s face, the development of an employee I&#8217;ve seen grow, or those moments of solidarity and team cohesion during major challenges.<\/p>\n<h3>What advice would you give guests to help them enjoy their stay?<\/h3>\n<p>Take the time to experience Nice! Stroll along <a href=\"https:\/\/www.explorenicecotedazur.com\/en\/info\/promenade-des-anglais-en\/\" target=\"_blank\" rel=\"noopener\">the Promenade des Anglais<\/a>, explore the narrow streets of Old Nice, try some socca at the Cours Saleya market, visit the Matisse or Chagall museums&#8230; And let yourself be carried away by the city&#8217;s gentle, sunny atmosphere. At the hotel, don&#8217;t hesitate to ask our team for advice: we are here to help you enjoy a tailor-made experience.<\/p>\n<p>[\/et_pb_text][\/et_pb_column][\/et_pb_row][\/et_pb_section]<\/p>\n","protected":false},"excerpt":{"rendered":"<p>Today, the West End Hotel**** is highlighting one of its employees, Georges Pradier, through a series of questions&#8230;<\/p>\n","protected":false},"author":7,"featured_media":10378,"comment_status":"open","ping_status":"open","sticky":false,"template":"","format":"standard","meta":{"_et_pb_use_builder":"on","_et_pb_old_content":"<!-- wp:paragraph -->\r\n<p>Du 13 au 27 f\u00e9vrier 2021, Nice deviendra la Capitale mondiale de la mode avec la 137e \u00e9dition du Carnaval sur le th\u00e8me \u00ab Roi des animaux \u00bb. Venez admirer le Roi, la Reine et leurs sujets et participer aux extravagants d\u00e9fil\u00e9s de chars, de grosses t\u00eates et aux \u00e9l\u00e9gantes Batailles de Fleurs.<\/p>\r\n<!-- \/wp:paragraph -->\r\n\r\n<!-- wp:paragraph -->\r\n<p>Pendant 15 jours, le Carnaval de Nice, avec ses deux manifestations\u00a0: les Corsi carnavalesques (de jour ou de nuit) et les Batailles de fleurs, imposera son style et vous offrira un spectacle burlesque, magique et initiatique d\u00e9di\u00e9 \u00e0 la mode sous toutes ses coutures.<\/p>\r\n<!-- \/wp:paragraph -->\r\n\r\n<!-- wp:paragraph -->\r\n<p>Les chars cr\u00e9\u00e9s sur le th\u00e8me d\u00e9fileront lors des Corsi carnavalesques (mardis, samedis et dimanche), accompagn\u00e9s de grosses t\u00eates et d\u2019artistes venant du monde entier dans une ambiance festive et populaire, savamment sc\u00e9nographi\u00e9e, pour revisiter l\u2019histoire de la mode, vous faire rire, sourire mais aussi r\u00e9fl\u00e9chir sur la mode et ses dessous. Car si la mode lance des tendances et bouleverse les codes comme les comportements, elle a aussi un r\u00f4le \u00e9thique et responsable \u00e0 jouer.<\/p>\r\n<!-- \/wp:paragraph -->\r\n\r\n<!-- wp:paragraph -->\r\n<p>Les mercredis et samedis apr\u00e8s-midi, venez d\u00e9couvrir l\u2019autre temps du fort du Carnaval\u00a0: les Batailles de Fleurs o\u00f9 le th\u00e8me sera d\u00e9clin\u00e9 sur des chars orn\u00e9s de fleurs valorisant la production locale (80% des fleurs sont produites dans la r\u00e9gion) et anim\u00e9s par des com\u00e9diennes qui porteront des costumes sp\u00e9cialement con\u00e7us pour la manifestation. Un d\u00e9fil\u00e9 unique au monde o\u00f9 des milliers de fleurs seront distribu\u00e9es.<\/p>\r\n<!-- \/wp:paragraph -->\r\n\r\n<!-- wp:paragraph -->\r\n<p>Et n\u2019oubliez pas, grands et petits, d\u00e9guisez de la t\u00eate aux pieds, les corsi seront gratuits\u00a0!<\/p>\r\n<!-- \/wp:paragraph -->\r\n\r\n<!-- wp:paragraph -->\r\n<p><strong>Alors venez prendre part \u00e0 la f\u00eate du 13 au 27 f\u00e9vrier 2021 \u00e0 Nice.<\/strong><\/p>\r\n<!-- \/wp:paragraph -->","_et_gb_content_width":"1150","inline_featured_image":false,"footnotes":""},"categories":[36,37,35],"tags":[],"class_list":["post-10390","post","type-post","status-publish","format-standard","has-post-thumbnail","hentry","category-actualites-en","category-news-en","category-news-en-2022"],"yoast_head":"<!-- This site is optimized with the Yoast SEO plugin v27.4 - https:\/\/yoast.com\/product\/yoast-seo-wordpress\/ -->\n<title>Portrait: Georges Pradier - Manager of the West End Hotel -<\/title>\n<meta name=\"description\" content=\"Today, the West End Hotel**** is highlighting one of its employees, Georges Pradier, through a series of questions...\" \/>\n<meta name=\"robots\" content=\"index, follow, max-snippet:-1, max-image-preview:large, max-video-preview:-1\" \/>\n<link rel=\"canonical\" href=\"https:\/\/www.hotel-westend.com\/en\/2025\/08\/27\/portrait-georges-pradier-manager-hotel-west-end\/\" \/>\n<meta property=\"og:locale\" content=\"en_US\" \/>\n<meta property=\"og:type\" content=\"article\" \/>\n<meta property=\"og:title\" content=\"Portrait: Georges Pradier - Manager of the West End Hotel -\" \/>\n<meta property=\"og:description\" content=\"Today, the West End Hotel**** is highlighting one of its employees, Georges Pradier, through a series of questions...\" \/>\n<meta property=\"og:url\" content=\"https:\/\/www.hotel-westend.com\/en\/2025\/08\/27\/portrait-georges-pradier-manager-hotel-west-end\/\" \/>\n<meta property=\"og:site_name\" content=\"Hotel Westend Nice\" \/>\n<meta property=\"article:published_time\" content=\"2025-08-27T07:30:21+00:00\" \/>\n<meta property=\"og:image\" content=\"https:\/\/www.hotel-westend.com\/wp-content\/uploads\/2025\/08\/36-scaled.webp\" \/>\n\t<meta property=\"og:image:width\" content=\"2000\" \/>\n\t<meta property=\"og:image:height\" content=\"1296\" \/>\n\t<meta property=\"og:image:type\" content=\"image\/webp\" \/>\n<meta name=\"author\" content=\"AgenceAZ\" \/>\n<meta name=\"twitter:card\" content=\"summary_large_image\" \/>\n<meta name=\"twitter:label1\" content=\"Written by\" \/>\n\t<meta name=\"twitter:data1\" content=\"AgenceAZ\" \/>\n\t<meta name=\"twitter:label2\" content=\"Est. reading time\" \/>\n\t<meta name=\"twitter:data2\" content=\"4 minutes\" \/>\n<script type=\"application\/ld+json\" class=\"yoast-schema-graph\">{\"@context\":\"https:\\\/\\\/schema.org\",\"@graph\":[{\"@type\":\"Article\",\"@id\":\"https:\\\/\\\/www.hotel-westend.com\\\/en\\\/2025\\\/08\\\/27\\\/portrait-georges-pradier-manager-hotel-west-end\\\/#article\",\"isPartOf\":{\"@id\":\"https:\\\/\\\/www.hotel-westend.com\\\/en\\\/2025\\\/08\\\/27\\\/portrait-georges-pradier-manager-hotel-west-end\\\/\"},\"author\":{\"name\":\"AgenceAZ\",\"@id\":\"https:\\\/\\\/www.hotel-westend.com\\\/#\\\/schema\\\/person\\\/c3ec475886346e12750f94aa1d3d9458\"},\"headline\":\"Portrait: Georges Pradier &#8211; Manager of the West End Hotel\",\"datePublished\":\"2025-08-27T07:30:21+00:00\",\"mainEntityOfPage\":{\"@id\":\"https:\\\/\\\/www.hotel-westend.com\\\/en\\\/2025\\\/08\\\/27\\\/portrait-georges-pradier-manager-hotel-west-end\\\/\"},\"wordCount\":722,\"commentCount\":0,\"image\":{\"@id\":\"https:\\\/\\\/www.hotel-westend.com\\\/en\\\/2025\\\/08\\\/27\\\/portrait-georges-pradier-manager-hotel-west-end\\\/#primaryimage\"},\"thumbnailUrl\":\"https:\\\/\\\/www.hotel-westend.com\\\/wp-content\\\/uploads\\\/2025\\\/08\\\/36-scaled.webp\",\"articleSection\":[\"Actualit\u00e9s\",\"News\",\"News-EN-2022\"],\"inLanguage\":\"en-US\"},{\"@type\":\"WebPage\",\"@id\":\"https:\\\/\\\/www.hotel-westend.com\\\/en\\\/2025\\\/08\\\/27\\\/portrait-georges-pradier-manager-hotel-west-end\\\/\",\"url\":\"https:\\\/\\\/www.hotel-westend.com\\\/en\\\/2025\\\/08\\\/27\\\/portrait-georges-pradier-manager-hotel-west-end\\\/\",\"name\":\"Portrait: Georges Pradier - Manager of the West End Hotel -\",\"isPartOf\":{\"@id\":\"https:\\\/\\\/www.hotel-westend.com\\\/#website\"},\"primaryImageOfPage\":{\"@id\":\"https:\\\/\\\/www.hotel-westend.com\\\/en\\\/2025\\\/08\\\/27\\\/portrait-georges-pradier-manager-hotel-west-end\\\/#primaryimage\"},\"image\":{\"@id\":\"https:\\\/\\\/www.hotel-westend.com\\\/en\\\/2025\\\/08\\\/27\\\/portrait-georges-pradier-manager-hotel-west-end\\\/#primaryimage\"},\"thumbnailUrl\":\"https:\\\/\\\/www.hotel-westend.com\\\/wp-content\\\/uploads\\\/2025\\\/08\\\/36-scaled.webp\",\"datePublished\":\"2025-08-27T07:30:21+00:00\",\"author\":{\"@id\":\"https:\\\/\\\/www.hotel-westend.com\\\/#\\\/schema\\\/person\\\/c3ec475886346e12750f94aa1d3d9458\"},\"description\":\"Today, the West End Hotel**** is highlighting one of its employees, Georges Pradier, through a series of questions...\",\"breadcrumb\":{\"@id\":\"https:\\\/\\\/www.hotel-westend.com\\\/en\\\/2025\\\/08\\\/27\\\/portrait-georges-pradier-manager-hotel-west-end\\\/#breadcrumb\"},\"inLanguage\":\"en-US\",\"potentialAction\":[{\"@type\":\"ReadAction\",\"target\":[\"https:\\\/\\\/www.hotel-westend.com\\\/en\\\/2025\\\/08\\\/27\\\/portrait-georges-pradier-manager-hotel-west-end\\\/\"]}]},{\"@type\":\"ImageObject\",\"inLanguage\":\"en-US\",\"@id\":\"https:\\\/\\\/www.hotel-westend.com\\\/en\\\/2025\\\/08\\\/27\\\/portrait-georges-pradier-manager-hotel-west-end\\\/#primaryimage\",\"url\":\"https:\\\/\\\/www.hotel-westend.com\\\/wp-content\\\/uploads\\\/2025\\\/08\\\/36-scaled.webp\",\"contentUrl\":\"https:\\\/\\\/www.hotel-westend.com\\\/wp-content\\\/uploads\\\/2025\\\/08\\\/36-scaled.webp\",\"width\":2000,\"height\":1296,\"caption\":\"Portrait : Georges Pradier - Directeur de l\u2019H\u00f4tel West End\"},{\"@type\":\"BreadcrumbList\",\"@id\":\"https:\\\/\\\/www.hotel-westend.com\\\/en\\\/2025\\\/08\\\/27\\\/portrait-georges-pradier-manager-hotel-west-end\\\/#breadcrumb\",\"itemListElement\":[{\"@type\":\"ListItem\",\"position\":1,\"name\":\"Accueil\",\"item\":\"https:\\\/\\\/www.hotel-westend.com\\\/en\\\/\"},{\"@type\":\"ListItem\",\"position\":2,\"name\":\"Portrait: Georges Pradier &#8211; Manager of the West End Hotel\"}]},{\"@type\":\"WebSite\",\"@id\":\"https:\\\/\\\/www.hotel-westend.com\\\/#website\",\"url\":\"https:\\\/\\\/www.hotel-westend.com\\\/\",\"name\":\"Hotel Westend Nice\",\"description\":\"Hotel 4 Etoiles Nice - Promenade Anglais | OFFICIEL \",\"potentialAction\":[{\"@type\":\"SearchAction\",\"target\":{\"@type\":\"EntryPoint\",\"urlTemplate\":\"https:\\\/\\\/www.hotel-westend.com\\\/?s={search_term_string}\"},\"query-input\":{\"@type\":\"PropertyValueSpecification\",\"valueRequired\":true,\"valueName\":\"search_term_string\"}}],\"inLanguage\":\"en-US\"},{\"@type\":\"Person\",\"@id\":\"https:\\\/\\\/www.hotel-westend.com\\\/#\\\/schema\\\/person\\\/c3ec475886346e12750f94aa1d3d9458\",\"name\":\"AgenceAZ\",\"url\":\"https:\\\/\\\/www.hotel-westend.com\\\/en\\\/author\\\/agenceaz\\\/\"}]}<\/script>\n<!-- \/ Yoast SEO plugin. -->","yoast_head_json":{"title":"Portrait: Georges Pradier - Manager of the West End Hotel -","description":"Today, the West End Hotel**** is highlighting one of its employees, Georges Pradier, through a series of questions...","robots":{"index":"index","follow":"follow","max-snippet":"max-snippet:-1","max-image-preview":"max-image-preview:large","max-video-preview":"max-video-preview:-1"},"canonical":"https:\/\/www.hotel-westend.com\/en\/2025\/08\/27\/portrait-georges-pradier-manager-hotel-west-end\/","og_locale":"en_US","og_type":"article","og_title":"Portrait: Georges Pradier - Manager of the West End Hotel -","og_description":"Today, the West End Hotel**** is highlighting one of its employees, Georges Pradier, through a series of questions...","og_url":"https:\/\/www.hotel-westend.com\/en\/2025\/08\/27\/portrait-georges-pradier-manager-hotel-west-end\/","og_site_name":"Hotel Westend Nice","article_published_time":"2025-08-27T07:30:21+00:00","og_image":[{"width":2000,"height":1296,"url":"https:\/\/www.hotel-westend.com\/wp-content\/uploads\/2025\/08\/36-scaled.webp","type":"image\/webp"}],"author":"AgenceAZ","twitter_card":"summary_large_image","twitter_misc":{"Written by":"AgenceAZ","Est. reading time":"4 minutes"},"schema":{"@context":"https:\/\/schema.org","@graph":[{"@type":"Article","@id":"https:\/\/www.hotel-westend.com\/en\/2025\/08\/27\/portrait-georges-pradier-manager-hotel-west-end\/#article","isPartOf":{"@id":"https:\/\/www.hotel-westend.com\/en\/2025\/08\/27\/portrait-georges-pradier-manager-hotel-west-end\/"},"author":{"name":"AgenceAZ","@id":"https:\/\/www.hotel-westend.com\/#\/schema\/person\/c3ec475886346e12750f94aa1d3d9458"},"headline":"Portrait: Georges Pradier &#8211; Manager of the West End Hotel","datePublished":"2025-08-27T07:30:21+00:00","mainEntityOfPage":{"@id":"https:\/\/www.hotel-westend.com\/en\/2025\/08\/27\/portrait-georges-pradier-manager-hotel-west-end\/"},"wordCount":722,"commentCount":0,"image":{"@id":"https:\/\/www.hotel-westend.com\/en\/2025\/08\/27\/portrait-georges-pradier-manager-hotel-west-end\/#primaryimage"},"thumbnailUrl":"https:\/\/www.hotel-westend.com\/wp-content\/uploads\/2025\/08\/36-scaled.webp","articleSection":["Actualit\u00e9s","News","News-EN-2022"],"inLanguage":"en-US"},{"@type":"WebPage","@id":"https:\/\/www.hotel-westend.com\/en\/2025\/08\/27\/portrait-georges-pradier-manager-hotel-west-end\/","url":"https:\/\/www.hotel-westend.com\/en\/2025\/08\/27\/portrait-georges-pradier-manager-hotel-west-end\/","name":"Portrait: Georges Pradier - Manager of the West End Hotel -","isPartOf":{"@id":"https:\/\/www.hotel-westend.com\/#website"},"primaryImageOfPage":{"@id":"https:\/\/www.hotel-westend.com\/en\/2025\/08\/27\/portrait-georges-pradier-manager-hotel-west-end\/#primaryimage"},"image":{"@id":"https:\/\/www.hotel-westend.com\/en\/2025\/08\/27\/portrait-georges-pradier-manager-hotel-west-end\/#primaryimage"},"thumbnailUrl":"https:\/\/www.hotel-westend.com\/wp-content\/uploads\/2025\/08\/36-scaled.webp","datePublished":"2025-08-27T07:30:21+00:00","author":{"@id":"https:\/\/www.hotel-westend.com\/#\/schema\/person\/c3ec475886346e12750f94aa1d3d9458"},"description":"Today, the West End Hotel**** is highlighting one of its employees, Georges Pradier, through a series of questions...","breadcrumb":{"@id":"https:\/\/www.hotel-westend.com\/en\/2025\/08\/27\/portrait-georges-pradier-manager-hotel-west-end\/#breadcrumb"},"inLanguage":"en-US","potentialAction":[{"@type":"ReadAction","target":["https:\/\/www.hotel-westend.com\/en\/2025\/08\/27\/portrait-georges-pradier-manager-hotel-west-end\/"]}]},{"@type":"ImageObject","inLanguage":"en-US","@id":"https:\/\/www.hotel-westend.com\/en\/2025\/08\/27\/portrait-georges-pradier-manager-hotel-west-end\/#primaryimage","url":"https:\/\/www.hotel-westend.com\/wp-content\/uploads\/2025\/08\/36-scaled.webp","contentUrl":"https:\/\/www.hotel-westend.com\/wp-content\/uploads\/2025\/08\/36-scaled.webp","width":2000,"height":1296,"caption":"Portrait : Georges Pradier - Directeur de l\u2019H\u00f4tel West End"},{"@type":"BreadcrumbList","@id":"https:\/\/www.hotel-westend.com\/en\/2025\/08\/27\/portrait-georges-pradier-manager-hotel-west-end\/#breadcrumb","itemListElement":[{"@type":"ListItem","position":1,"name":"Accueil","item":"https:\/\/www.hotel-westend.com\/en\/"},{"@type":"ListItem","position":2,"name":"Portrait: Georges Pradier &#8211; Manager of the West End Hotel"}]},{"@type":"WebSite","@id":"https:\/\/www.hotel-westend.com\/#website","url":"https:\/\/www.hotel-westend.com\/","name":"Hotel Westend Nice","description":"Hotel 4 Etoiles Nice - Promenade Anglais | OFFICIEL ","potentialAction":[{"@type":"SearchAction","target":{"@type":"EntryPoint","urlTemplate":"https:\/\/www.hotel-westend.com\/?s={search_term_string}"},"query-input":{"@type":"PropertyValueSpecification","valueRequired":true,"valueName":"search_term_string"}}],"inLanguage":"en-US"},{"@type":"Person","@id":"https:\/\/www.hotel-westend.com\/#\/schema\/person\/c3ec475886346e12750f94aa1d3d9458","name":"AgenceAZ","url":"https:\/\/www.hotel-westend.com\/en\/author\/agenceaz\/"}]}},"_links":{"self":[{"href":"https:\/\/www.hotel-westend.com\/en\/wp-json\/wp\/v2\/posts\/10390","targetHints":{"allow":["GET"]}}],"collection":[{"href":"https:\/\/www.hotel-westend.com\/en\/wp-json\/wp\/v2\/posts"}],"about":[{"href":"https:\/\/www.hotel-westend.com\/en\/wp-json\/wp\/v2\/types\/post"}],"author":[{"embeddable":true,"href":"https:\/\/www.hotel-westend.com\/en\/wp-json\/wp\/v2\/users\/7"}],"replies":[{"embeddable":true,"href":"https:\/\/www.hotel-westend.com\/en\/wp-json\/wp\/v2\/comments?post=10390"}],"version-history":[{"count":5,"href":"https:\/\/www.hotel-westend.com\/en\/wp-json\/wp\/v2\/posts\/10390\/revisions"}],"predecessor-version":[{"id":10399,"href":"https:\/\/www.hotel-westend.com\/en\/wp-json\/wp\/v2\/posts\/10390\/revisions\/10399"}],"wp:featuredmedia":[{"embeddable":true,"href":"https:\/\/www.hotel-westend.com\/en\/wp-json\/wp\/v2\/media\/10378"}],"wp:attachment":[{"href":"https:\/\/www.hotel-westend.com\/en\/wp-json\/wp\/v2\/media?parent=10390"}],"wp:term":[{"taxonomy":"category","embeddable":true,"href":"https:\/\/www.hotel-westend.com\/en\/wp-json\/wp\/v2\/categories?post=10390"},{"taxonomy":"post_tag","embeddable":true,"href":"https:\/\/www.hotel-westend.com\/en\/wp-json\/wp\/v2\/tags?post=10390"}],"curies":[{"name":"wp","href":"https:\/\/api.w.org\/{rel}","templated":true}]}}