{"id":10433,"date":"2025-09-03T08:57:07","date_gmt":"2025-09-03T06:57:07","guid":{"rendered":"https:\/\/www.hotel-westend.com\/?p=10433"},"modified":"2025-09-03T09:00:56","modified_gmt":"2025-09-03T07:00:56","slug":"organising-corporate-seminar-west-end-hotel","status":"publish","type":"post","link":"https:\/\/www.hotel-westend.com\/en\/2025\/09\/03\/organising-corporate-seminar-west-end-hotel\/","title":{"rendered":"Prepare for a successful start to the new season by organising your corporate seminar at the West End Hotel"},"content":{"rendered":"<p>[et_pb_section fb_built=&#8221;1&#8243; admin_label=&#8221;section&#8221; _builder_version=&#8221;4.16&#8243; min_height=&#8221;629.4px&#8221; custom_padding=&#8221;||0px|||&#8221; global_colors_info=&#8221;{}&#8221;][et_pb_row admin_label=&#8221;row&#8221; _builder_version=&#8221;4.27.0&#8243; background_size=&#8221;initial&#8221; background_position=&#8221;top_left&#8221; background_repeat=&#8221;repeat&#8221; custom_margin=&#8221;-4px|auto||auto|false|false&#8221; custom_padding=&#8221;||0px|||&#8221; global_colors_info=&#8221;{}&#8221;][et_pb_column type=&#8221;4_4&#8243; _builder_version=&#8221;4.16&#8243; custom_padding=&#8221;|||&#8221; global_colors_info=&#8221;{}&#8221; custom_padding__hover=&#8221;|||&#8221;][et_pb_text module_class=&#8221;tiretsInverse&#8221; _builder_version=&#8221;4.27.4&#8243; _module_preset=&#8221;default&#8221; header_2_font=&#8221;Gilda Display||||||||&#8221; header_2_text_color=&#8221;#9b8760&#8243; header_2_font_size=&#8221;58px&#8221; width=&#8221;100%&#8221; custom_margin=&#8221;|||0px|false|false&#8221; custom_padding=&#8221;0px|||0px||&#8221; hover_enabled=&#8221;0&#8243; locked=&#8221;off&#8221; global_colors_info=&#8221;{}&#8221; sticky_enabled=&#8221;0&#8243;]<\/p>\n<h2>Prepare for a successful start to the new season by organising your corporate seminar at the West End Hotel<\/h2>\n<p>[\/et_pb_text][et_pb_image src=&#8221;https:\/\/www.hotel-westend.com\/wp-content\/uploads\/2025\/09\/article-west-end-scaled.webp&#8221; alt=&#8221;Pr\u00e9parez une rentr\u00e9e r\u00e9ussie en organisant votre s\u00e9minaire d&#8217;entreprise \u00e0 l&#8217;H\u00f4tel West End&#8221; title_text=&#8221;Pr\u00e9parez une rentr\u00e9e r\u00e9ussie en organisant votre s\u00e9minaire d&#8217;entreprise \u00e0 l&#8217;H\u00f4tel West End&#8221; _builder_version=&#8221;4.27.4&#8243; _module_preset=&#8221;default&#8221; global_colors_info=&#8221;{}&#8221;][\/et_pb_image][et_pb_text admin_label=&#8221;Text&#8221; _builder_version=&#8221;4.27.4&#8243; background_size=&#8221;initial&#8221; background_position=&#8221;top_left&#8221; background_repeat=&#8221;repeat&#8221; hover_enabled=&#8221;0&#8243; global_colors_info=&#8221;{}&#8221; sticky_enabled=&#8221;0&#8243;]<\/p>\n<p>The end of summer is approaching and the new season is already on the horizon. Now is the perfect time to plan your corporate seminar, a key event for bringing your teams together, setting new goals and stimulating creativity. Forget traditional meeting rooms and opt for a venue that will leave a lasting impression. The West End Hotel, an icon of the <a href=\"https:\/\/www.explorenicecotedazur.com\/en\/info\/promenade-des-anglais-en\/\" target=\"_blank\" rel=\"noopener\">Promenade des Anglais<\/a>, is the perfect place to combine work and pleasure. Here&#8217;s why it&#8217;s the ideal destination for your next seminar.<\/p>\n<h3>Immerse yourself in the elegance of Belle \u00c9poque charm<\/h3>\n<p>The fa\u00e7ade of the West End Hotel transports you directly to a Belle \u00c9poque atmosphere in an authentic setting. The atmosphere and historic charm of the establishment create an environment conducive to reflection. Imagine the view of the Mediterranean from the windows of some of the lounges&#8230; A real boost to motivation!<\/p>\n<h3>Modern and functional spaces for your seminar<\/h3>\n<p>The West End Hotel offers over 400 square metres of meeting space, divided into seven separate rooms, including an amphitheatre. Whether you are organising a small team meeting, a training session or a large conference, we have the solution. Each room is equipped with the latest technology: high-speed Wi-Fi, video projectors and all the equipment you need to ensure your event runs smoothly. <\/p>\n<h3>A prestigious location in the heart of Nice<\/h3>\n<p>Choosing the West End Hotel also gives your teams the opportunity to discover Nice. Located directly on the Promenade des Anglais, the hotel is an ideal starting point for exploring the city. Between work sessions, your employees can recharge their batteries by the sea, stroll through the streets of Old Nice or enjoy the lively atmosphere of the city centre. Another plus point is that the Oc\u00e9aNice Convention Centre is less than a 30-minute walk away along the Promenade. An ideal setting to stimulate creativity and unwind.<\/p>\n<p>Ready to make your seminar a memorable event? <a href=\"https:\/\/hotels3alacollection.backyou.app\/c\/request\/hotel-west-end#__step_request_0\" target=\"_blank\" rel=\"noopener\">Contact us<\/a> now to organise your corporate event.<\/p>\n<p>[\/et_pb_text][\/et_pb_column][\/et_pb_row][\/et_pb_section]<\/p>\n","protected":false},"excerpt":{"rendered":"<p>The end of summer is approaching and the new season is already on the horizon. Now is the perfect time to plan your corporate seminar&#8230;<\/p>\n","protected":false},"author":7,"featured_media":10418,"comment_status":"closed","ping_status":"closed","sticky":false,"template":"","format":"standard","meta":{"_et_pb_use_builder":"on","_et_pb_old_content":"<!-- wp:paragraph -->\r\n<p>Du 13 au 27 f\u00e9vrier 2021, Nice deviendra la Capitale mondiale de la mode avec la 137e \u00e9dition du Carnaval sur le th\u00e8me \u00ab Roi des animaux \u00bb. Venez admirer le Roi, la Reine et leurs sujets et participer aux extravagants d\u00e9fil\u00e9s de chars, de grosses t\u00eates et aux \u00e9l\u00e9gantes Batailles de Fleurs.<\/p>\r\n<!-- \/wp:paragraph -->\r\n\r\n<!-- wp:paragraph -->\r\n<p>Pendant 15 jours, le Carnaval de Nice, avec ses deux manifestations\u00a0: les Corsi carnavalesques (de jour ou de nuit) et les Batailles de fleurs, imposera son style et vous offrira un spectacle burlesque, magique et initiatique d\u00e9di\u00e9 \u00e0 la mode sous toutes ses coutures.<\/p>\r\n<!-- \/wp:paragraph -->\r\n\r\n<!-- wp:paragraph -->\r\n<p>Les chars cr\u00e9\u00e9s sur le th\u00e8me d\u00e9fileront lors des Corsi carnavalesques (mardis, samedis et dimanche), accompagn\u00e9s de grosses t\u00eates et d\u2019artistes venant du monde entier dans une ambiance festive et populaire, savamment sc\u00e9nographi\u00e9e, pour revisiter l\u2019histoire de la mode, vous faire rire, sourire mais aussi r\u00e9fl\u00e9chir sur la mode et ses dessous. Car si la mode lance des tendances et bouleverse les codes comme les comportements, elle a aussi un r\u00f4le \u00e9thique et responsable \u00e0 jouer.<\/p>\r\n<!-- \/wp:paragraph -->\r\n\r\n<!-- wp:paragraph -->\r\n<p>Les mercredis et samedis apr\u00e8s-midi, venez d\u00e9couvrir l\u2019autre temps du fort du Carnaval\u00a0: les Batailles de Fleurs o\u00f9 le th\u00e8me sera d\u00e9clin\u00e9 sur des chars orn\u00e9s de fleurs valorisant la production locale (80% des fleurs sont produites dans la r\u00e9gion) et anim\u00e9s par des com\u00e9diennes qui porteront des costumes sp\u00e9cialement con\u00e7us pour la manifestation. Un d\u00e9fil\u00e9 unique au monde o\u00f9 des milliers de fleurs seront distribu\u00e9es.<\/p>\r\n<!-- \/wp:paragraph -->\r\n\r\n<!-- wp:paragraph -->\r\n<p>Et n\u2019oubliez pas, grands et petits, d\u00e9guisez de la t\u00eate aux pieds, les corsi seront gratuits\u00a0!<\/p>\r\n<!-- \/wp:paragraph -->\r\n\r\n<!-- wp:paragraph -->\r\n<p><strong>Alors venez prendre part \u00e0 la f\u00eate du 13 au 27 f\u00e9vrier 2021 \u00e0 Nice.<\/strong><\/p>\r\n<!-- \/wp:paragraph -->","_et_gb_content_width":"1150","inline_featured_image":false,"footnotes":""},"categories":[36,37,35],"tags":[],"class_list":["post-10433","post","type-post","status-publish","format-standard","has-post-thumbnail","hentry","category-actualites-en","category-news-en","category-news-en-2022"],"yoast_head":"<!-- This site is optimized with the Yoast SEO plugin v27.4 - https:\/\/yoast.com\/product\/yoast-seo-wordpress\/ -->\n<title>Prepare for a successful start to the new season by organising your corporate seminar at the West End Hotel -<\/title>\n<meta name=\"description\" content=\"The end of summer is approaching and the new season is already on the horizon. Now is the perfect time to plan your corporate seminar...\" \/>\n<meta name=\"robots\" content=\"index, follow, max-snippet:-1, max-image-preview:large, max-video-preview:-1\" \/>\n<link rel=\"canonical\" href=\"https:\/\/www.hotel-westend.com\/en\/2025\/09\/03\/organising-corporate-seminar-west-end-hotel\/\" \/>\n<meta property=\"og:locale\" content=\"en_US\" \/>\n<meta property=\"og:type\" content=\"article\" \/>\n<meta property=\"og:title\" content=\"Prepare for a successful start to the new season by organising your corporate seminar at the West End Hotel -\" \/>\n<meta property=\"og:description\" content=\"The end of summer is approaching and the new season is already on the horizon. Now is the perfect time to plan your corporate seminar...\" \/>\n<meta property=\"og:url\" content=\"https:\/\/www.hotel-westend.com\/en\/2025\/09\/03\/organising-corporate-seminar-west-end-hotel\/\" \/>\n<meta property=\"og:site_name\" content=\"Hotel Westend Nice\" \/>\n<meta property=\"article:published_time\" content=\"2025-09-03T06:57:07+00:00\" \/>\n<meta property=\"article:modified_time\" content=\"2025-09-03T07:00:56+00:00\" \/>\n<meta property=\"og:image\" content=\"https:\/\/www.hotel-westend.com\/wp-content\/uploads\/2025\/09\/article-west-end-scaled.webp\" \/>\n\t<meta property=\"og:image:width\" content=\"2000\" \/>\n\t<meta property=\"og:image:height\" content=\"1296\" \/>\n\t<meta property=\"og:image:type\" content=\"image\/webp\" \/>\n<meta name=\"author\" content=\"AgenceAZ\" \/>\n<meta name=\"twitter:card\" content=\"summary_large_image\" \/>\n<meta name=\"twitter:label1\" content=\"Written by\" \/>\n\t<meta name=\"twitter:data1\" content=\"AgenceAZ\" \/>\n\t<meta name=\"twitter:label2\" content=\"Est. reading time\" \/>\n\t<meta name=\"twitter:data2\" content=\"3 minutes\" \/>\n<script type=\"application\/ld+json\" class=\"yoast-schema-graph\">{\"@context\":\"https:\\\/\\\/schema.org\",\"@graph\":[{\"@type\":\"Article\",\"@id\":\"https:\\\/\\\/www.hotel-westend.com\\\/en\\\/2025\\\/09\\\/03\\\/organising-corporate-seminar-west-end-hotel\\\/#article\",\"isPartOf\":{\"@id\":\"https:\\\/\\\/www.hotel-westend.com\\\/en\\\/2025\\\/09\\\/03\\\/organising-corporate-seminar-west-end-hotel\\\/\"},\"author\":{\"name\":\"AgenceAZ\",\"@id\":\"https:\\\/\\\/www.hotel-westend.com\\\/#\\\/schema\\\/person\\\/c3ec475886346e12750f94aa1d3d9458\"},\"headline\":\"Prepare for a successful start to the new season by organising your corporate seminar at the West End Hotel\",\"datePublished\":\"2025-09-03T06:57:07+00:00\",\"dateModified\":\"2025-09-03T07:00:56+00:00\",\"mainEntityOfPage\":{\"@id\":\"https:\\\/\\\/www.hotel-westend.com\\\/en\\\/2025\\\/09\\\/03\\\/organising-corporate-seminar-west-end-hotel\\\/\"},\"wordCount\":572,\"image\":{\"@id\":\"https:\\\/\\\/www.hotel-westend.com\\\/en\\\/2025\\\/09\\\/03\\\/organising-corporate-seminar-west-end-hotel\\\/#primaryimage\"},\"thumbnailUrl\":\"https:\\\/\\\/www.hotel-westend.com\\\/wp-content\\\/uploads\\\/2025\\\/09\\\/article-west-end-scaled.webp\",\"articleSection\":[\"Actualit\u00e9s\",\"News\",\"News-EN-2022\"],\"inLanguage\":\"en-US\"},{\"@type\":\"WebPage\",\"@id\":\"https:\\\/\\\/www.hotel-westend.com\\\/en\\\/2025\\\/09\\\/03\\\/organising-corporate-seminar-west-end-hotel\\\/\",\"url\":\"https:\\\/\\\/www.hotel-westend.com\\\/en\\\/2025\\\/09\\\/03\\\/organising-corporate-seminar-west-end-hotel\\\/\",\"name\":\"Prepare for a successful start to the new season by organising your corporate seminar at the West End Hotel -\",\"isPartOf\":{\"@id\":\"https:\\\/\\\/www.hotel-westend.com\\\/#website\"},\"primaryImageOfPage\":{\"@id\":\"https:\\\/\\\/www.hotel-westend.com\\\/en\\\/2025\\\/09\\\/03\\\/organising-corporate-seminar-west-end-hotel\\\/#primaryimage\"},\"image\":{\"@id\":\"https:\\\/\\\/www.hotel-westend.com\\\/en\\\/2025\\\/09\\\/03\\\/organising-corporate-seminar-west-end-hotel\\\/#primaryimage\"},\"thumbnailUrl\":\"https:\\\/\\\/www.hotel-westend.com\\\/wp-content\\\/uploads\\\/2025\\\/09\\\/article-west-end-scaled.webp\",\"datePublished\":\"2025-09-03T06:57:07+00:00\",\"dateModified\":\"2025-09-03T07:00:56+00:00\",\"author\":{\"@id\":\"https:\\\/\\\/www.hotel-westend.com\\\/#\\\/schema\\\/person\\\/c3ec475886346e12750f94aa1d3d9458\"},\"description\":\"The end of summer is approaching and the new season is already on the horizon. Now is the perfect time to plan your corporate seminar...\",\"breadcrumb\":{\"@id\":\"https:\\\/\\\/www.hotel-westend.com\\\/en\\\/2025\\\/09\\\/03\\\/organising-corporate-seminar-west-end-hotel\\\/#breadcrumb\"},\"inLanguage\":\"en-US\",\"potentialAction\":[{\"@type\":\"ReadAction\",\"target\":[\"https:\\\/\\\/www.hotel-westend.com\\\/en\\\/2025\\\/09\\\/03\\\/organising-corporate-seminar-west-end-hotel\\\/\"]}]},{\"@type\":\"ImageObject\",\"inLanguage\":\"en-US\",\"@id\":\"https:\\\/\\\/www.hotel-westend.com\\\/en\\\/2025\\\/09\\\/03\\\/organising-corporate-seminar-west-end-hotel\\\/#primaryimage\",\"url\":\"https:\\\/\\\/www.hotel-westend.com\\\/wp-content\\\/uploads\\\/2025\\\/09\\\/article-west-end-scaled.webp\",\"contentUrl\":\"https:\\\/\\\/www.hotel-westend.com\\\/wp-content\\\/uploads\\\/2025\\\/09\\\/article-west-end-scaled.webp\",\"width\":2000,\"height\":1296,\"caption\":\"Pr\u00e9parez une rentr\u00e9e r\u00e9ussie en organisant votre s\u00e9minaire d'entreprise \u00e0 l'H\u00f4tel West End\"},{\"@type\":\"BreadcrumbList\",\"@id\":\"https:\\\/\\\/www.hotel-westend.com\\\/en\\\/2025\\\/09\\\/03\\\/organising-corporate-seminar-west-end-hotel\\\/#breadcrumb\",\"itemListElement\":[{\"@type\":\"ListItem\",\"position\":1,\"name\":\"Accueil\",\"item\":\"https:\\\/\\\/www.hotel-westend.com\\\/en\\\/\"},{\"@type\":\"ListItem\",\"position\":2,\"name\":\"Prepare for a successful start to the new season by organising your corporate seminar at the West End Hotel\"}]},{\"@type\":\"WebSite\",\"@id\":\"https:\\\/\\\/www.hotel-westend.com\\\/#website\",\"url\":\"https:\\\/\\\/www.hotel-westend.com\\\/\",\"name\":\"Hotel Westend Nice\",\"description\":\"Hotel 4 Etoiles Nice - Promenade Anglais | OFFICIEL \",\"potentialAction\":[{\"@type\":\"SearchAction\",\"target\":{\"@type\":\"EntryPoint\",\"urlTemplate\":\"https:\\\/\\\/www.hotel-westend.com\\\/?s={search_term_string}\"},\"query-input\":{\"@type\":\"PropertyValueSpecification\",\"valueRequired\":true,\"valueName\":\"search_term_string\"}}],\"inLanguage\":\"en-US\"},{\"@type\":\"Person\",\"@id\":\"https:\\\/\\\/www.hotel-westend.com\\\/#\\\/schema\\\/person\\\/c3ec475886346e12750f94aa1d3d9458\",\"name\":\"AgenceAZ\",\"url\":\"https:\\\/\\\/www.hotel-westend.com\\\/en\\\/author\\\/agenceaz\\\/\"}]}<\/script>\n<!-- \/ Yoast SEO plugin. -->","yoast_head_json":{"title":"Prepare for a successful start to the new season by organising your corporate seminar at the West End Hotel -","description":"The end of summer is approaching and the new season is already on the horizon. Now is the perfect time to plan your corporate seminar...","robots":{"index":"index","follow":"follow","max-snippet":"max-snippet:-1","max-image-preview":"max-image-preview:large","max-video-preview":"max-video-preview:-1"},"canonical":"https:\/\/www.hotel-westend.com\/en\/2025\/09\/03\/organising-corporate-seminar-west-end-hotel\/","og_locale":"en_US","og_type":"article","og_title":"Prepare for a successful start to the new season by organising your corporate seminar at the West End Hotel -","og_description":"The end of summer is approaching and the new season is already on the horizon. Now is the perfect time to plan your corporate seminar...","og_url":"https:\/\/www.hotel-westend.com\/en\/2025\/09\/03\/organising-corporate-seminar-west-end-hotel\/","og_site_name":"Hotel Westend Nice","article_published_time":"2025-09-03T06:57:07+00:00","article_modified_time":"2025-09-03T07:00:56+00:00","og_image":[{"width":2000,"height":1296,"url":"https:\/\/www.hotel-westend.com\/wp-content\/uploads\/2025\/09\/article-west-end-scaled.webp","type":"image\/webp"}],"author":"AgenceAZ","twitter_card":"summary_large_image","twitter_misc":{"Written by":"AgenceAZ","Est. reading time":"3 minutes"},"schema":{"@context":"https:\/\/schema.org","@graph":[{"@type":"Article","@id":"https:\/\/www.hotel-westend.com\/en\/2025\/09\/03\/organising-corporate-seminar-west-end-hotel\/#article","isPartOf":{"@id":"https:\/\/www.hotel-westend.com\/en\/2025\/09\/03\/organising-corporate-seminar-west-end-hotel\/"},"author":{"name":"AgenceAZ","@id":"https:\/\/www.hotel-westend.com\/#\/schema\/person\/c3ec475886346e12750f94aa1d3d9458"},"headline":"Prepare for a successful start to the new season by organising your corporate seminar at the West End Hotel","datePublished":"2025-09-03T06:57:07+00:00","dateModified":"2025-09-03T07:00:56+00:00","mainEntityOfPage":{"@id":"https:\/\/www.hotel-westend.com\/en\/2025\/09\/03\/organising-corporate-seminar-west-end-hotel\/"},"wordCount":572,"image":{"@id":"https:\/\/www.hotel-westend.com\/en\/2025\/09\/03\/organising-corporate-seminar-west-end-hotel\/#primaryimage"},"thumbnailUrl":"https:\/\/www.hotel-westend.com\/wp-content\/uploads\/2025\/09\/article-west-end-scaled.webp","articleSection":["Actualit\u00e9s","News","News-EN-2022"],"inLanguage":"en-US"},{"@type":"WebPage","@id":"https:\/\/www.hotel-westend.com\/en\/2025\/09\/03\/organising-corporate-seminar-west-end-hotel\/","url":"https:\/\/www.hotel-westend.com\/en\/2025\/09\/03\/organising-corporate-seminar-west-end-hotel\/","name":"Prepare for a successful start to the new season by organising your corporate seminar at the West End Hotel -","isPartOf":{"@id":"https:\/\/www.hotel-westend.com\/#website"},"primaryImageOfPage":{"@id":"https:\/\/www.hotel-westend.com\/en\/2025\/09\/03\/organising-corporate-seminar-west-end-hotel\/#primaryimage"},"image":{"@id":"https:\/\/www.hotel-westend.com\/en\/2025\/09\/03\/organising-corporate-seminar-west-end-hotel\/#primaryimage"},"thumbnailUrl":"https:\/\/www.hotel-westend.com\/wp-content\/uploads\/2025\/09\/article-west-end-scaled.webp","datePublished":"2025-09-03T06:57:07+00:00","dateModified":"2025-09-03T07:00:56+00:00","author":{"@id":"https:\/\/www.hotel-westend.com\/#\/schema\/person\/c3ec475886346e12750f94aa1d3d9458"},"description":"The end of summer is approaching and the new season is already on the horizon. Now is the perfect time to plan your corporate seminar...","breadcrumb":{"@id":"https:\/\/www.hotel-westend.com\/en\/2025\/09\/03\/organising-corporate-seminar-west-end-hotel\/#breadcrumb"},"inLanguage":"en-US","potentialAction":[{"@type":"ReadAction","target":["https:\/\/www.hotel-westend.com\/en\/2025\/09\/03\/organising-corporate-seminar-west-end-hotel\/"]}]},{"@type":"ImageObject","inLanguage":"en-US","@id":"https:\/\/www.hotel-westend.com\/en\/2025\/09\/03\/organising-corporate-seminar-west-end-hotel\/#primaryimage","url":"https:\/\/www.hotel-westend.com\/wp-content\/uploads\/2025\/09\/article-west-end-scaled.webp","contentUrl":"https:\/\/www.hotel-westend.com\/wp-content\/uploads\/2025\/09\/article-west-end-scaled.webp","width":2000,"height":1296,"caption":"Pr\u00e9parez une rentr\u00e9e r\u00e9ussie en organisant votre s\u00e9minaire d'entreprise \u00e0 l'H\u00f4tel West End"},{"@type":"BreadcrumbList","@id":"https:\/\/www.hotel-westend.com\/en\/2025\/09\/03\/organising-corporate-seminar-west-end-hotel\/#breadcrumb","itemListElement":[{"@type":"ListItem","position":1,"name":"Accueil","item":"https:\/\/www.hotel-westend.com\/en\/"},{"@type":"ListItem","position":2,"name":"Prepare for a successful start to the new season by organising your corporate seminar at the West End Hotel"}]},{"@type":"WebSite","@id":"https:\/\/www.hotel-westend.com\/#website","url":"https:\/\/www.hotel-westend.com\/","name":"Hotel Westend Nice","description":"Hotel 4 Etoiles Nice - Promenade Anglais | OFFICIEL ","potentialAction":[{"@type":"SearchAction","target":{"@type":"EntryPoint","urlTemplate":"https:\/\/www.hotel-westend.com\/?s={search_term_string}"},"query-input":{"@type":"PropertyValueSpecification","valueRequired":true,"valueName":"search_term_string"}}],"inLanguage":"en-US"},{"@type":"Person","@id":"https:\/\/www.hotel-westend.com\/#\/schema\/person\/c3ec475886346e12750f94aa1d3d9458","name":"AgenceAZ","url":"https:\/\/www.hotel-westend.com\/en\/author\/agenceaz\/"}]}},"_links":{"self":[{"href":"https:\/\/www.hotel-westend.com\/en\/wp-json\/wp\/v2\/posts\/10433","targetHints":{"allow":["GET"]}}],"collection":[{"href":"https:\/\/www.hotel-westend.com\/en\/wp-json\/wp\/v2\/posts"}],"about":[{"href":"https:\/\/www.hotel-westend.com\/en\/wp-json\/wp\/v2\/types\/post"}],"author":[{"embeddable":true,"href":"https:\/\/www.hotel-westend.com\/en\/wp-json\/wp\/v2\/users\/7"}],"replies":[{"embeddable":true,"href":"https:\/\/www.hotel-westend.com\/en\/wp-json\/wp\/v2\/comments?post=10433"}],"version-history":[{"count":3,"href":"https:\/\/www.hotel-westend.com\/en\/wp-json\/wp\/v2\/posts\/10433\/revisions"}],"predecessor-version":[{"id":10437,"href":"https:\/\/www.hotel-westend.com\/en\/wp-json\/wp\/v2\/posts\/10433\/revisions\/10437"}],"wp:featuredmedia":[{"embeddable":true,"href":"https:\/\/www.hotel-westend.com\/en\/wp-json\/wp\/v2\/media\/10418"}],"wp:attachment":[{"href":"https:\/\/www.hotel-westend.com\/en\/wp-json\/wp\/v2\/media?parent=10433"}],"wp:term":[{"taxonomy":"category","embeddable":true,"href":"https:\/\/www.hotel-westend.com\/en\/wp-json\/wp\/v2\/categories?post=10433"},{"taxonomy":"post_tag","embeddable":true,"href":"https:\/\/www.hotel-westend.com\/en\/wp-json\/wp\/v2\/tags?post=10433"}],"curies":[{"name":"wp","href":"https:\/\/api.w.org\/{rel}","templated":true}]}}