{"id":10445,"date":"2025-09-10T10:12:44","date_gmt":"2025-09-10T08:12:44","guid":{"rendered":"https:\/\/www.hotel-westend.com\/2025\/09\/10\/restaurant-le-siecle-nice-soirees-opera\/"},"modified":"2025-09-10T10:20:06","modified_gmt":"2025-09-10T08:20:06","slug":"restaurant-le-siecle-nice-soirees-opera","status":"publish","type":"post","link":"https:\/\/www.hotel-westend.com\/en\/2025\/09\/10\/restaurant-le-siecle-nice-soirees-opera\/","title":{"rendered":"Le Si\u00e8cle restaurant in Nice celebrates the return of its Opera evenings"},"content":{"rendered":"<p>[et_pb_section fb_built=&#8221;1&#8243; admin_label=&#8221;section&#8221; _builder_version=&#8221;4.16&#8243; min_height=&#8221;629.4px&#8221; custom_padding=&#8221;||0px|||&#8221; global_colors_info=&#8221;{}&#8221;][et_pb_row admin_label=&#8221;row&#8221; _builder_version=&#8221;4.27.0&#8243; background_size=&#8221;initial&#8221; background_position=&#8221;top_left&#8221; background_repeat=&#8221;repeat&#8221; custom_margin=&#8221;-4px|auto||auto|false|false&#8221; custom_padding=&#8221;||0px|||&#8221; global_colors_info=&#8221;{}&#8221;][et_pb_column type=&#8221;4_4&#8243; _builder_version=&#8221;4.16&#8243; custom_padding=&#8221;|||&#8221; global_colors_info=&#8221;{}&#8221; custom_padding__hover=&#8221;|||&#8221;][et_pb_text module_class=&#8221;tiretsInverse&#8221; _builder_version=&#8221;4.27.4&#8243; _module_preset=&#8221;default&#8221; header_2_font=&#8221;Gilda Display||||||||&#8221; header_2_text_color=&#8221;#9b8760&#8243; header_2_font_size=&#8221;58px&#8221; width=&#8221;100%&#8221; custom_margin=&#8221;|||0px|false|false&#8221; custom_padding=&#8221;0px|||0px||&#8221; hover_enabled=&#8221;0&#8243; locked=&#8221;off&#8221; global_colors_info=&#8221;{}&#8221; sticky_enabled=&#8221;0&#8243;]<\/p>\n<h2>Le Si\u00e8cle restaurant in Nice celebrates the return of its Opera evenings<\/h2>\n<p>[\/et_pb_text][et_pb_image src=&#8221;https:\/\/www.hotel-westend.com\/wp-content\/uploads\/2025\/09\/mercure-scaled.webp&#8221; alt=&#8221;Le restaurant Le Si\u00e8cle \u00e0 Nice c\u00e9l\u00e8bre le retour de ses soir\u00e9es Op\u00e9ra&#8221; title_text=&#8221;Le restaurant Le Si\u00e8cle \u00e0 Nice c\u00e9l\u00e8bre le retour de ses soir\u00e9es Op\u00e9ra&#8221; _builder_version=&#8221;4.27.4&#8243; _module_preset=&#8221;default&#8221; global_colors_info=&#8221;{}&#8221;][\/et_pb_image][et_pb_text admin_label=&#8221;Text&#8221; _builder_version=&#8221;4.27.4&#8243; background_size=&#8221;initial&#8221; background_position=&#8221;top_left&#8221; background_repeat=&#8221;repeat&#8221; hover_enabled=&#8221;0&#8243; global_colors_info=&#8221;{}&#8221; sticky_enabled=&#8221;0&#8243;]<\/p>\n<p><span style=\"font-weight: 400;\">Opera evenings are returning to Le Si\u00e8cle <a href=\"https:\/\/www.instagram.com\/restaurant_le_siecle_nice\/\" target=\"_blank\" rel=\"noopener\">restaurant at the West End Hotel<\/a>, much to the delight of music and food lovers. Join us on Tuesday 16 September for an exceptional, timeless evening, before these dinner shows resume their regular schedule on the first Friday of every month from October 2025 to March 2026, with the exception of January.<\/span><\/p>\n<h3><span style=\"font-weight: 400;\">A breath of opera in the heart of Nice<\/span><\/h3>\n<p><span style=\"font-weight: 400;\">From the moment you enter, you are immersed in the Art Nouveau atmosphere of Le Si\u00e8cle restaurant, with its Art Deco glass roof and red velvet banquettes. Seated around a table of Mediterranean cuisine, you think you are enjoying a simple dinner&#8230; until the waiters transform into opera singers. The meal then turns into a real show, as surprising as it is unforgettable! Inspired by singing waiters, this concept guarantees you a breathtaking evening where each dish is accompanied by the magic of an opera aria.<\/span><\/p>\n<h3><span style=\"font-weight: 400;\">Opera evenings showcase local talent<\/span><\/h3>\n<p><span style=\"font-weight: 400;\">Once again this year, the voices that light up these evenings are familiar to the people of Nice, as they belong to two artists whose talent has already made its mark on the local and national scene. Soprano Laurie Jauffret, a graduate of the Nice National Conservatory, and tenor Gilles San Juan, who appeared in season 8 of The Voice, are once again joining the event. Together, they bring the restaurant to life, creating a unique atmosphere on the Promenade des Anglais.<\/span><\/p>\n<h3><span style=\"font-weight: 400;\">Le Si\u00e8cle: a restaurant to enjoy every day with music<\/span><\/h3>\n<p><span style=\"font-weight: 400;\">In addition to its dinner shows, Le Si\u00e8cle restaurant is open every day of the week for lunch and dinner. It&#8217;s the perfect opportunity to enjoy refined cuisine in the heart of Nice, facing the Mediterranean Sea.<\/span><\/p>\n<p><span style=\"font-weight: 400;\">For opera evenings, a supplement of \u20ac6 per person is added to the \u00e0 la carte dishes. Reservations are essential: contact us on 04 92 14 44 00 or book directly on <a href=\"https:\/\/www.hotel-westend.com\/en\/\" target=\"_blank\" rel=\"noopener\">the West End Hotel website<\/a>.\u00a0<\/span><\/p>\n<p>[\/et_pb_text][\/et_pb_column][\/et_pb_row][\/et_pb_section]<\/p>\n","protected":false},"excerpt":{"rendered":"<p>Opera evenings are making a special return to Le Si\u00e8cle restaurant at the West End Hotel on Tuesday 16 September&#8230;<\/p>\n","protected":false},"author":7,"featured_media":10441,"comment_status":"closed","ping_status":"closed","sticky":false,"template":"","format":"standard","meta":{"_et_pb_use_builder":"on","_et_pb_old_content":"<!-- wp:paragraph -->\r\n<p>Du 13 au 27 f\u00e9vrier 2021, Nice deviendra la Capitale mondiale de la mode avec la 137e \u00e9dition du Carnaval sur le th\u00e8me \u00ab Roi des animaux \u00bb. Venez admirer le Roi, la Reine et leurs sujets et participer aux extravagants d\u00e9fil\u00e9s de chars, de grosses t\u00eates et aux \u00e9l\u00e9gantes Batailles de Fleurs.<\/p>\r\n<!-- \/wp:paragraph -->\r\n\r\n<!-- wp:paragraph -->\r\n<p>Pendant 15 jours, le Carnaval de Nice, avec ses deux manifestations\u00a0: les Corsi carnavalesques (de jour ou de nuit) et les Batailles de fleurs, imposera son style et vous offrira un spectacle burlesque, magique et initiatique d\u00e9di\u00e9 \u00e0 la mode sous toutes ses coutures.<\/p>\r\n<!-- \/wp:paragraph -->\r\n\r\n<!-- wp:paragraph -->\r\n<p>Les chars cr\u00e9\u00e9s sur le th\u00e8me d\u00e9fileront lors des Corsi carnavalesques (mardis, samedis et dimanche), accompagn\u00e9s de grosses t\u00eates et d\u2019artistes venant du monde entier dans une ambiance festive et populaire, savamment sc\u00e9nographi\u00e9e, pour revisiter l\u2019histoire de la mode, vous faire rire, sourire mais aussi r\u00e9fl\u00e9chir sur la mode et ses dessous. Car si la mode lance des tendances et bouleverse les codes comme les comportements, elle a aussi un r\u00f4le \u00e9thique et responsable \u00e0 jouer.<\/p>\r\n<!-- \/wp:paragraph -->\r\n\r\n<!-- wp:paragraph -->\r\n<p>Les mercredis et samedis apr\u00e8s-midi, venez d\u00e9couvrir l\u2019autre temps du fort du Carnaval\u00a0: les Batailles de Fleurs o\u00f9 le th\u00e8me sera d\u00e9clin\u00e9 sur des chars orn\u00e9s de fleurs valorisant la production locale (80% des fleurs sont produites dans la r\u00e9gion) et anim\u00e9s par des com\u00e9diennes qui porteront des costumes sp\u00e9cialement con\u00e7us pour la manifestation. Un d\u00e9fil\u00e9 unique au monde o\u00f9 des milliers de fleurs seront distribu\u00e9es.<\/p>\r\n<!-- \/wp:paragraph -->\r\n\r\n<!-- wp:paragraph -->\r\n<p>Et n\u2019oubliez pas, grands et petits, d\u00e9guisez de la t\u00eate aux pieds, les corsi seront gratuits\u00a0!<\/p>\r\n<!-- \/wp:paragraph -->\r\n\r\n<!-- wp:paragraph -->\r\n<p><strong>Alors venez prendre part \u00e0 la f\u00eate du 13 au 27 f\u00e9vrier 2021 \u00e0 Nice.<\/strong><\/p>\r\n<!-- \/wp:paragraph -->","_et_gb_content_width":"1150","inline_featured_image":false,"footnotes":""},"categories":[36,37,35],"tags":[],"class_list":["post-10445","post","type-post","status-publish","format-standard","has-post-thumbnail","hentry","category-actualites-en","category-news-en","category-news-en-2022"],"yoast_head":"<!-- This site is optimized with the Yoast SEO plugin v27.4 - https:\/\/yoast.com\/product\/yoast-seo-wordpress\/ -->\n<title>Le Si\u00e8cle restaurant in Nice celebrates the return of its Opera evenings -<\/title>\n<meta name=\"description\" content=\"Opera evenings are making a special return to Le Si\u00e8cle restaurant at the West End Hotel on Tuesday 16 September...\" \/>\n<meta name=\"robots\" content=\"index, follow, max-snippet:-1, max-image-preview:large, max-video-preview:-1\" \/>\n<link rel=\"canonical\" href=\"https:\/\/www.hotel-westend.com\/en\/2025\/09\/10\/restaurant-le-siecle-nice-soirees-opera\/\" \/>\n<meta property=\"og:locale\" content=\"en_US\" \/>\n<meta property=\"og:type\" content=\"article\" \/>\n<meta property=\"og:title\" content=\"Le Si\u00e8cle restaurant in Nice celebrates the return of its Opera evenings -\" \/>\n<meta property=\"og:description\" content=\"Opera evenings are making a special return to Le Si\u00e8cle restaurant at the West End Hotel on Tuesday 16 September...\" \/>\n<meta property=\"og:url\" content=\"https:\/\/www.hotel-westend.com\/en\/2025\/09\/10\/restaurant-le-siecle-nice-soirees-opera\/\" \/>\n<meta property=\"og:site_name\" content=\"Hotel Westend Nice\" \/>\n<meta property=\"article:published_time\" content=\"2025-09-10T08:12:44+00:00\" \/>\n<meta property=\"article:modified_time\" content=\"2025-09-10T08:20:06+00:00\" \/>\n<meta property=\"og:image\" content=\"https:\/\/www.hotel-westend.com\/wp-content\/uploads\/2025\/09\/mercure-scaled.webp\" \/>\n\t<meta property=\"og:image:width\" content=\"2000\" \/>\n\t<meta property=\"og:image:height\" content=\"1333\" \/>\n\t<meta property=\"og:image:type\" content=\"image\/webp\" \/>\n<meta name=\"author\" content=\"AgenceAZ\" \/>\n<meta name=\"twitter:card\" content=\"summary_large_image\" \/>\n<meta name=\"twitter:label1\" content=\"Written by\" \/>\n\t<meta name=\"twitter:data1\" content=\"AgenceAZ\" \/>\n\t<meta name=\"twitter:label2\" content=\"Est. reading time\" \/>\n\t<meta name=\"twitter:data2\" content=\"3 minutes\" \/>\n<script type=\"application\/ld+json\" class=\"yoast-schema-graph\">{\"@context\":\"https:\\\/\\\/schema.org\",\"@graph\":[{\"@type\":\"Article\",\"@id\":\"https:\\\/\\\/www.hotel-westend.com\\\/en\\\/2025\\\/09\\\/10\\\/restaurant-le-siecle-nice-soirees-opera\\\/#article\",\"isPartOf\":{\"@id\":\"https:\\\/\\\/www.hotel-westend.com\\\/en\\\/2025\\\/09\\\/10\\\/restaurant-le-siecle-nice-soirees-opera\\\/\"},\"author\":{\"name\":\"AgenceAZ\",\"@id\":\"https:\\\/\\\/www.hotel-westend.com\\\/#\\\/schema\\\/person\\\/c3ec475886346e12750f94aa1d3d9458\"},\"headline\":\"Le Si\u00e8cle restaurant in Nice celebrates the return of its Opera evenings\",\"datePublished\":\"2025-09-10T08:12:44+00:00\",\"dateModified\":\"2025-09-10T08:20:06+00:00\",\"mainEntityOfPage\":{\"@id\":\"https:\\\/\\\/www.hotel-westend.com\\\/en\\\/2025\\\/09\\\/10\\\/restaurant-le-siecle-nice-soirees-opera\\\/\"},\"wordCount\":551,\"image\":{\"@id\":\"https:\\\/\\\/www.hotel-westend.com\\\/en\\\/2025\\\/09\\\/10\\\/restaurant-le-siecle-nice-soirees-opera\\\/#primaryimage\"},\"thumbnailUrl\":\"https:\\\/\\\/www.hotel-westend.com\\\/wp-content\\\/uploads\\\/2025\\\/09\\\/mercure-scaled.webp\",\"articleSection\":[\"Actualit\u00e9s\",\"News\",\"News-EN-2022\"],\"inLanguage\":\"en-US\"},{\"@type\":\"WebPage\",\"@id\":\"https:\\\/\\\/www.hotel-westend.com\\\/en\\\/2025\\\/09\\\/10\\\/restaurant-le-siecle-nice-soirees-opera\\\/\",\"url\":\"https:\\\/\\\/www.hotel-westend.com\\\/en\\\/2025\\\/09\\\/10\\\/restaurant-le-siecle-nice-soirees-opera\\\/\",\"name\":\"Le Si\u00e8cle restaurant in Nice celebrates the return of its Opera evenings -\",\"isPartOf\":{\"@id\":\"https:\\\/\\\/www.hotel-westend.com\\\/#website\"},\"primaryImageOfPage\":{\"@id\":\"https:\\\/\\\/www.hotel-westend.com\\\/en\\\/2025\\\/09\\\/10\\\/restaurant-le-siecle-nice-soirees-opera\\\/#primaryimage\"},\"image\":{\"@id\":\"https:\\\/\\\/www.hotel-westend.com\\\/en\\\/2025\\\/09\\\/10\\\/restaurant-le-siecle-nice-soirees-opera\\\/#primaryimage\"},\"thumbnailUrl\":\"https:\\\/\\\/www.hotel-westend.com\\\/wp-content\\\/uploads\\\/2025\\\/09\\\/mercure-scaled.webp\",\"datePublished\":\"2025-09-10T08:12:44+00:00\",\"dateModified\":\"2025-09-10T08:20:06+00:00\",\"author\":{\"@id\":\"https:\\\/\\\/www.hotel-westend.com\\\/#\\\/schema\\\/person\\\/c3ec475886346e12750f94aa1d3d9458\"},\"description\":\"Opera evenings are making a special return to Le Si\u00e8cle restaurant at the West End Hotel on Tuesday 16 September...\",\"breadcrumb\":{\"@id\":\"https:\\\/\\\/www.hotel-westend.com\\\/en\\\/2025\\\/09\\\/10\\\/restaurant-le-siecle-nice-soirees-opera\\\/#breadcrumb\"},\"inLanguage\":\"en-US\",\"potentialAction\":[{\"@type\":\"ReadAction\",\"target\":[\"https:\\\/\\\/www.hotel-westend.com\\\/en\\\/2025\\\/09\\\/10\\\/restaurant-le-siecle-nice-soirees-opera\\\/\"]}]},{\"@type\":\"ImageObject\",\"inLanguage\":\"en-US\",\"@id\":\"https:\\\/\\\/www.hotel-westend.com\\\/en\\\/2025\\\/09\\\/10\\\/restaurant-le-siecle-nice-soirees-opera\\\/#primaryimage\",\"url\":\"https:\\\/\\\/www.hotel-westend.com\\\/wp-content\\\/uploads\\\/2025\\\/09\\\/mercure-scaled.webp\",\"contentUrl\":\"https:\\\/\\\/www.hotel-westend.com\\\/wp-content\\\/uploads\\\/2025\\\/09\\\/mercure-scaled.webp\",\"width\":2000,\"height\":1333,\"caption\":\"Le restaurant Le Si\u00e8cle \u00e0 Nice c\u00e9l\u00e8bre le retour de ses soir\u00e9es Op\u00e9ra\"},{\"@type\":\"BreadcrumbList\",\"@id\":\"https:\\\/\\\/www.hotel-westend.com\\\/en\\\/2025\\\/09\\\/10\\\/restaurant-le-siecle-nice-soirees-opera\\\/#breadcrumb\",\"itemListElement\":[{\"@type\":\"ListItem\",\"position\":1,\"name\":\"Accueil\",\"item\":\"https:\\\/\\\/www.hotel-westend.com\\\/en\\\/\"},{\"@type\":\"ListItem\",\"position\":2,\"name\":\"Le Si\u00e8cle restaurant in Nice celebrates the return of its Opera evenings\"}]},{\"@type\":\"WebSite\",\"@id\":\"https:\\\/\\\/www.hotel-westend.com\\\/#website\",\"url\":\"https:\\\/\\\/www.hotel-westend.com\\\/\",\"name\":\"Hotel Westend Nice\",\"description\":\"Hotel 4 Etoiles Nice - Promenade Anglais | OFFICIEL \",\"potentialAction\":[{\"@type\":\"SearchAction\",\"target\":{\"@type\":\"EntryPoint\",\"urlTemplate\":\"https:\\\/\\\/www.hotel-westend.com\\\/?s={search_term_string}\"},\"query-input\":{\"@type\":\"PropertyValueSpecification\",\"valueRequired\":true,\"valueName\":\"search_term_string\"}}],\"inLanguage\":\"en-US\"},{\"@type\":\"Person\",\"@id\":\"https:\\\/\\\/www.hotel-westend.com\\\/#\\\/schema\\\/person\\\/c3ec475886346e12750f94aa1d3d9458\",\"name\":\"AgenceAZ\",\"url\":\"https:\\\/\\\/www.hotel-westend.com\\\/en\\\/author\\\/agenceaz\\\/\"}]}<\/script>\n<!-- \/ Yoast SEO plugin. -->","yoast_head_json":{"title":"Le Si\u00e8cle restaurant in Nice celebrates the return of its Opera evenings -","description":"Opera evenings are making a special return to Le Si\u00e8cle restaurant at the West End Hotel on Tuesday 16 September...","robots":{"index":"index","follow":"follow","max-snippet":"max-snippet:-1","max-image-preview":"max-image-preview:large","max-video-preview":"max-video-preview:-1"},"canonical":"https:\/\/www.hotel-westend.com\/en\/2025\/09\/10\/restaurant-le-siecle-nice-soirees-opera\/","og_locale":"en_US","og_type":"article","og_title":"Le Si\u00e8cle restaurant in Nice celebrates the return of its Opera evenings -","og_description":"Opera evenings are making a special return to Le Si\u00e8cle restaurant at the West End Hotel on Tuesday 16 September...","og_url":"https:\/\/www.hotel-westend.com\/en\/2025\/09\/10\/restaurant-le-siecle-nice-soirees-opera\/","og_site_name":"Hotel Westend Nice","article_published_time":"2025-09-10T08:12:44+00:00","article_modified_time":"2025-09-10T08:20:06+00:00","og_image":[{"width":2000,"height":1333,"url":"https:\/\/www.hotel-westend.com\/wp-content\/uploads\/2025\/09\/mercure-scaled.webp","type":"image\/webp"}],"author":"AgenceAZ","twitter_card":"summary_large_image","twitter_misc":{"Written by":"AgenceAZ","Est. reading time":"3 minutes"},"schema":{"@context":"https:\/\/schema.org","@graph":[{"@type":"Article","@id":"https:\/\/www.hotel-westend.com\/en\/2025\/09\/10\/restaurant-le-siecle-nice-soirees-opera\/#article","isPartOf":{"@id":"https:\/\/www.hotel-westend.com\/en\/2025\/09\/10\/restaurant-le-siecle-nice-soirees-opera\/"},"author":{"name":"AgenceAZ","@id":"https:\/\/www.hotel-westend.com\/#\/schema\/person\/c3ec475886346e12750f94aa1d3d9458"},"headline":"Le Si\u00e8cle restaurant in Nice celebrates the return of its Opera evenings","datePublished":"2025-09-10T08:12:44+00:00","dateModified":"2025-09-10T08:20:06+00:00","mainEntityOfPage":{"@id":"https:\/\/www.hotel-westend.com\/en\/2025\/09\/10\/restaurant-le-siecle-nice-soirees-opera\/"},"wordCount":551,"image":{"@id":"https:\/\/www.hotel-westend.com\/en\/2025\/09\/10\/restaurant-le-siecle-nice-soirees-opera\/#primaryimage"},"thumbnailUrl":"https:\/\/www.hotel-westend.com\/wp-content\/uploads\/2025\/09\/mercure-scaled.webp","articleSection":["Actualit\u00e9s","News","News-EN-2022"],"inLanguage":"en-US"},{"@type":"WebPage","@id":"https:\/\/www.hotel-westend.com\/en\/2025\/09\/10\/restaurant-le-siecle-nice-soirees-opera\/","url":"https:\/\/www.hotel-westend.com\/en\/2025\/09\/10\/restaurant-le-siecle-nice-soirees-opera\/","name":"Le Si\u00e8cle restaurant in Nice celebrates the return of its Opera evenings -","isPartOf":{"@id":"https:\/\/www.hotel-westend.com\/#website"},"primaryImageOfPage":{"@id":"https:\/\/www.hotel-westend.com\/en\/2025\/09\/10\/restaurant-le-siecle-nice-soirees-opera\/#primaryimage"},"image":{"@id":"https:\/\/www.hotel-westend.com\/en\/2025\/09\/10\/restaurant-le-siecle-nice-soirees-opera\/#primaryimage"},"thumbnailUrl":"https:\/\/www.hotel-westend.com\/wp-content\/uploads\/2025\/09\/mercure-scaled.webp","datePublished":"2025-09-10T08:12:44+00:00","dateModified":"2025-09-10T08:20:06+00:00","author":{"@id":"https:\/\/www.hotel-westend.com\/#\/schema\/person\/c3ec475886346e12750f94aa1d3d9458"},"description":"Opera evenings are making a special return to Le Si\u00e8cle restaurant at the West End Hotel on Tuesday 16 September...","breadcrumb":{"@id":"https:\/\/www.hotel-westend.com\/en\/2025\/09\/10\/restaurant-le-siecle-nice-soirees-opera\/#breadcrumb"},"inLanguage":"en-US","potentialAction":[{"@type":"ReadAction","target":["https:\/\/www.hotel-westend.com\/en\/2025\/09\/10\/restaurant-le-siecle-nice-soirees-opera\/"]}]},{"@type":"ImageObject","inLanguage":"en-US","@id":"https:\/\/www.hotel-westend.com\/en\/2025\/09\/10\/restaurant-le-siecle-nice-soirees-opera\/#primaryimage","url":"https:\/\/www.hotel-westend.com\/wp-content\/uploads\/2025\/09\/mercure-scaled.webp","contentUrl":"https:\/\/www.hotel-westend.com\/wp-content\/uploads\/2025\/09\/mercure-scaled.webp","width":2000,"height":1333,"caption":"Le restaurant Le Si\u00e8cle \u00e0 Nice c\u00e9l\u00e8bre le retour de ses soir\u00e9es Op\u00e9ra"},{"@type":"BreadcrumbList","@id":"https:\/\/www.hotel-westend.com\/en\/2025\/09\/10\/restaurant-le-siecle-nice-soirees-opera\/#breadcrumb","itemListElement":[{"@type":"ListItem","position":1,"name":"Accueil","item":"https:\/\/www.hotel-westend.com\/en\/"},{"@type":"ListItem","position":2,"name":"Le Si\u00e8cle restaurant in Nice celebrates the return of its Opera evenings"}]},{"@type":"WebSite","@id":"https:\/\/www.hotel-westend.com\/#website","url":"https:\/\/www.hotel-westend.com\/","name":"Hotel Westend Nice","description":"Hotel 4 Etoiles Nice - Promenade Anglais | OFFICIEL ","potentialAction":[{"@type":"SearchAction","target":{"@type":"EntryPoint","urlTemplate":"https:\/\/www.hotel-westend.com\/?s={search_term_string}"},"query-input":{"@type":"PropertyValueSpecification","valueRequired":true,"valueName":"search_term_string"}}],"inLanguage":"en-US"},{"@type":"Person","@id":"https:\/\/www.hotel-westend.com\/#\/schema\/person\/c3ec475886346e12750f94aa1d3d9458","name":"AgenceAZ","url":"https:\/\/www.hotel-westend.com\/en\/author\/agenceaz\/"}]}},"_links":{"self":[{"href":"https:\/\/www.hotel-westend.com\/en\/wp-json\/wp\/v2\/posts\/10445","targetHints":{"allow":["GET"]}}],"collection":[{"href":"https:\/\/www.hotel-westend.com\/en\/wp-json\/wp\/v2\/posts"}],"about":[{"href":"https:\/\/www.hotel-westend.com\/en\/wp-json\/wp\/v2\/types\/post"}],"author":[{"embeddable":true,"href":"https:\/\/www.hotel-westend.com\/en\/wp-json\/wp\/v2\/users\/7"}],"replies":[{"embeddable":true,"href":"https:\/\/www.hotel-westend.com\/en\/wp-json\/wp\/v2\/comments?post=10445"}],"version-history":[{"count":3,"href":"https:\/\/www.hotel-westend.com\/en\/wp-json\/wp\/v2\/posts\/10445\/revisions"}],"predecessor-version":[{"id":10449,"href":"https:\/\/www.hotel-westend.com\/en\/wp-json\/wp\/v2\/posts\/10445\/revisions\/10449"}],"wp:featuredmedia":[{"embeddable":true,"href":"https:\/\/www.hotel-westend.com\/en\/wp-json\/wp\/v2\/media\/10441"}],"wp:attachment":[{"href":"https:\/\/www.hotel-westend.com\/en\/wp-json\/wp\/v2\/media?parent=10445"}],"wp:term":[{"taxonomy":"category","embeddable":true,"href":"https:\/\/www.hotel-westend.com\/en\/wp-json\/wp\/v2\/categories?post=10445"},{"taxonomy":"post_tag","embeddable":true,"href":"https:\/\/www.hotel-westend.com\/en\/wp-json\/wp\/v2\/tags?post=10445"}],"curies":[{"name":"wp","href":"https:\/\/api.w.org\/{rel}","templated":true}]}}