{"id":10623,"date":"2025-10-27T09:51:35","date_gmt":"2025-10-27T08:51:35","guid":{"rendered":"https:\/\/www.hotel-westend.com\/?p=10623"},"modified":"2025-10-24T10:02:48","modified_gmt":"2025-10-24T08:02:48","slug":"portrait-marie-morales-accommodation-manager-hotel-west-end","status":"publish","type":"post","link":"https:\/\/www.hotel-westend.com\/en\/2025\/10\/27\/portrait-marie-morales-accommodation-manager-hotel-west-end\/","title":{"rendered":"Portrait: Marie Morales, accommodation Manager"},"content":{"rendered":"<p>[et_pb_section fb_built=&#8221;1&#8243; admin_label=&#8221;section&#8221; _builder_version=&#8221;4.16&#8243; min_height=&#8221;629.4px&#8221; custom_padding=&#8221;||0px|||&#8221; global_colors_info=&#8221;{}&#8221;][et_pb_row admin_label=&#8221;row&#8221; _builder_version=&#8221;4.27.0&#8243; background_size=&#8221;initial&#8221; background_position=&#8221;top_left&#8221; background_repeat=&#8221;repeat&#8221; custom_margin=&#8221;-4px|auto||auto|false|false&#8221; custom_padding=&#8221;||0px|||&#8221; global_colors_info=&#8221;{}&#8221;][et_pb_column type=&#8221;4_4&#8243; _builder_version=&#8221;4.16&#8243; custom_padding=&#8221;|||&#8221; global_colors_info=&#8221;{}&#8221; custom_padding__hover=&#8221;|||&#8221;][et_pb_text module_class=&#8221;tiretsInverse&#8221; _builder_version=&#8221;4.27.4&#8243; _module_preset=&#8221;default&#8221; header_2_font=&#8221;Gilda Display||||||||&#8221; header_2_text_color=&#8221;#9b8760&#8243; header_2_font_size=&#8221;58px&#8221; width=&#8221;100%&#8221; custom_margin=&#8221;|||0px|false|false&#8221; custom_padding=&#8221;0px|||0px||&#8221; locked=&#8221;off&#8221; global_colors_info=&#8221;{}&#8221;]<\/p>\n<h2>Portrait: Marie Morales, accommodation Manager<\/h2>\n<p>[\/et_pb_text][et_pb_image src=&#8221;https:\/\/www.hotel-westend.com\/wp-content\/uploads\/2025\/10\/marie-morales-scaled.webp&#8221; alt=&#8221;portrait-marie-morales-barman-hotel-west-end&#8221; title_text=&#8221;portrait-marie-morales-barman-hotel-west-end&#8221; _builder_version=&#8221;4.27.4&#8243; _module_preset=&#8221;default&#8221; global_colors_info=&#8221;{}&#8221;][\/et_pb_image][et_pb_text admin_label=&#8221;Text&#8221; _builder_version=&#8221;4.27.4&#8243; background_size=&#8221;initial&#8221; background_position=&#8221;top_left&#8221; background_repeat=&#8221;repeat&#8221; global_colors_info=&#8221;{}&#8221;]<\/p>\n<h3>Can you introduce yourself?<\/h3>\n<p>My name is Marie, I am 29 years old and I am the Accommodation Manager at <a href=\"https:\/\/www.hotel-westend.com\/en\/\" target=\"_blank\" rel=\"noopener\">the West End Hotel<\/a>. My main role is to ensure that our guests have a smooth stay, supervising both the reception and room service. My goal is to ensure perfect coordination between the various accommodation services in order to offer a smooth, pleasant and memorable experience to each of our visitors.<\/p>\n<h3>What do you love most about your job?<\/h3>\n<p>I have always been passionate about the hotel industry. I started my career at the West End Hotel 12 years ago, when I was only 16 years old. It was a memorable first experience that confirmed my vocation. I then obtained a BTS (Higher Technical Certificate) in hotel management, which allowed me to join some very fine establishments and continue to develop my skills.<br \/>There are two things I particularly love about my job: first, the guests, because we strive to give them a unique experience that goes far beyond the ordinary; and second, the relationship we have with our colleagues. Working with different people, building joint projects, developing a team&#8230; all of this is extremely rewarding and motivating.<\/p>\n<h3>What advice would you give to a new employee?<\/h3>\n<p>I would tell them that if they have the desire, nothing is impossible. Hospitality is a passionate profession that requires commitment but offers many opportunities in return. With motivation and discipline, you can go very far.<\/p>\n<h3>What is your favourite place at the West End Hotel?<\/h3>\n<p>My favourite place is the hotel forecourt. For two reasons: it&#8217;s the first place a guest sees when they arrive and the last place they see when they leave. It symbolises both the beginning and the end of a stay. When you walk through these doors, you enter a place steeped in history, founded in 1842, with an atmosphere that you don&#8217;t want to leave&#8230; and that makes you want to come back.<\/p>\n<h3>What are your fondest memories of the hotel?<\/h3>\n<p>I particularly like the summer season, because everything speeds up. We welcome a demanding clientele, accustomed to luxury, with specific expectations, particularly in terms of concierge services. This requires real responsiveness, good coordination and a lot of support for the teams. In winter, the atmosphere is different, more local. We see our regulars, guests who know us well and come back because they appreciate our services. Each season has its own challenges, rhythms and atmospheres&#8230; and that&#8217;s what allows me to experience a variety of memories, always rich and unique.<\/p>\n<h3>What advice would you give guests to help them enjoy their stay?<\/h3>\n<p>I would advise them to start the day with breakfast at La Palmeraie, in a magnificent setting, with a wide choice of products. Then, set off to explore <a href=\"https:\/\/www.explorenicecotedazur.com\/en\/info\/le-vieux-nice-en\/\" target=\"_blank\" rel=\"noopener\">Old Nice<\/a>, discover the Cours Saleya market, taste a socca, and enjoy the beaches. I also recommend visiting the surrounding area, such as Villefranche-sur-Mer. And to end the day on a high note, have an aperitif at the hotel and, ideally, dine at Le Si\u00e8cle restaurant to prolong the experience in an elegant and welcoming setting.<\/p>\n<p>[\/et_pb_text][\/et_pb_column][\/et_pb_row][\/et_pb_section]<\/p>\n","protected":false},"excerpt":{"rendered":"<p>Today, the West End**** Hotel honours one of its employees, Marie Morales, accommodation manager at the West End Hotel&#8230;<\/p>\n","protected":false},"author":7,"featured_media":10622,"comment_status":"closed","ping_status":"closed","sticky":false,"template":"","format":"standard","meta":{"_et_pb_use_builder":"on","_et_pb_old_content":"<!-- wp:paragraph -->\r\n<p>Du 13 au 27 f\u00e9vrier 2021, Nice deviendra la Capitale mondiale de la mode avec la 137e \u00e9dition du Carnaval sur le th\u00e8me \u00ab Roi des animaux \u00bb. Venez admirer le Roi, la Reine et leurs sujets et participer aux extravagants d\u00e9fil\u00e9s de chars, de grosses t\u00eates et aux \u00e9l\u00e9gantes Batailles de Fleurs.<\/p>\r\n<!-- \/wp:paragraph -->\r\n\r\n<!-- wp:paragraph -->\r\n<p>Pendant 15 jours, le Carnaval de Nice, avec ses deux manifestations\u00a0: les Corsi carnavalesques (de jour ou de nuit) et les Batailles de fleurs, imposera son style et vous offrira un spectacle burlesque, magique et initiatique d\u00e9di\u00e9 \u00e0 la mode sous toutes ses coutures.<\/p>\r\n<!-- \/wp:paragraph -->\r\n\r\n<!-- wp:paragraph -->\r\n<p>Les chars cr\u00e9\u00e9s sur le th\u00e8me d\u00e9fileront lors des Corsi carnavalesques (mardis, samedis et dimanche), accompagn\u00e9s de grosses t\u00eates et d\u2019artistes venant du monde entier dans une ambiance festive et populaire, savamment sc\u00e9nographi\u00e9e, pour revisiter l\u2019histoire de la mode, vous faire rire, sourire mais aussi r\u00e9fl\u00e9chir sur la mode et ses dessous. Car si la mode lance des tendances et bouleverse les codes comme les comportements, elle a aussi un r\u00f4le \u00e9thique et responsable \u00e0 jouer.<\/p>\r\n<!-- \/wp:paragraph -->\r\n\r\n<!-- wp:paragraph -->\r\n<p>Les mercredis et samedis apr\u00e8s-midi, venez d\u00e9couvrir l\u2019autre temps du fort du Carnaval\u00a0: les Batailles de Fleurs o\u00f9 le th\u00e8me sera d\u00e9clin\u00e9 sur des chars orn\u00e9s de fleurs valorisant la production locale (80% des fleurs sont produites dans la r\u00e9gion) et anim\u00e9s par des com\u00e9diennes qui porteront des costumes sp\u00e9cialement con\u00e7us pour la manifestation. Un d\u00e9fil\u00e9 unique au monde o\u00f9 des milliers de fleurs seront distribu\u00e9es.<\/p>\r\n<!-- \/wp:paragraph -->\r\n\r\n<!-- wp:paragraph -->\r\n<p>Et n\u2019oubliez pas, grands et petits, d\u00e9guisez de la t\u00eate aux pieds, les corsi seront gratuits\u00a0!<\/p>\r\n<!-- \/wp:paragraph -->\r\n\r\n<!-- wp:paragraph -->\r\n<p><strong>Alors venez prendre part \u00e0 la f\u00eate du 13 au 27 f\u00e9vrier 2021 \u00e0 Nice.<\/strong><\/p>\r\n<!-- \/wp:paragraph -->","_et_gb_content_width":"1150","inline_featured_image":false,"footnotes":""},"categories":[36,37,35],"tags":[],"class_list":["post-10623","post","type-post","status-publish","format-standard","has-post-thumbnail","hentry","category-actualites-en","category-news-en","category-news-en-2022"],"yoast_head":"<!-- This site is optimized with the Yoast SEO plugin v27.4 - https:\/\/yoast.com\/product\/yoast-seo-wordpress\/ -->\n<title>Portrait: Marie Morales, accommodation Manager -<\/title>\n<meta name=\"description\" content=\"Today, the West End**** Hotel honours one of its employees, Marie Morales, accommodation manager at the West End Hotel...\" \/>\n<meta name=\"robots\" content=\"index, follow, max-snippet:-1, max-image-preview:large, max-video-preview:-1\" \/>\n<link rel=\"canonical\" href=\"https:\/\/www.hotel-westend.com\/en\/2025\/10\/27\/portrait-marie-morales-accommodation-manager-hotel-west-end\/\" \/>\n<meta property=\"og:locale\" content=\"en_US\" \/>\n<meta property=\"og:type\" content=\"article\" \/>\n<meta property=\"og:title\" content=\"Portrait: Marie Morales, accommodation Manager -\" \/>\n<meta property=\"og:description\" content=\"Today, the West End**** Hotel honours one of its employees, Marie Morales, accommodation manager at the West End Hotel...\" \/>\n<meta property=\"og:url\" content=\"https:\/\/www.hotel-westend.com\/en\/2025\/10\/27\/portrait-marie-morales-accommodation-manager-hotel-west-end\/\" \/>\n<meta property=\"og:site_name\" content=\"Hotel Westend Nice\" \/>\n<meta property=\"article:published_time\" content=\"2025-10-27T08:51:35+00:00\" \/>\n<meta property=\"og:image\" content=\"https:\/\/www.hotel-westend.com\/wp-content\/uploads\/2025\/10\/marie-morales-scaled.webp\" \/>\n\t<meta property=\"og:image:width\" content=\"2000\" \/>\n\t<meta property=\"og:image:height\" content=\"1333\" \/>\n\t<meta property=\"og:image:type\" content=\"image\/webp\" \/>\n<meta name=\"author\" content=\"AgenceAZ\" \/>\n<meta name=\"twitter:card\" content=\"summary_large_image\" \/>\n<meta name=\"twitter:label1\" content=\"Written by\" \/>\n\t<meta name=\"twitter:data1\" content=\"AgenceAZ\" \/>\n\t<meta name=\"twitter:label2\" content=\"Est. reading time\" \/>\n\t<meta name=\"twitter:data2\" content=\"4 minutes\" \/>\n<script type=\"application\/ld+json\" class=\"yoast-schema-graph\">{\"@context\":\"https:\\\/\\\/schema.org\",\"@graph\":[{\"@type\":\"Article\",\"@id\":\"https:\\\/\\\/www.hotel-westend.com\\\/en\\\/2025\\\/10\\\/27\\\/portrait-marie-morales-accommodation-manager-hotel-west-end\\\/#article\",\"isPartOf\":{\"@id\":\"https:\\\/\\\/www.hotel-westend.com\\\/en\\\/2025\\\/10\\\/27\\\/portrait-marie-morales-accommodation-manager-hotel-west-end\\\/\"},\"author\":{\"name\":\"AgenceAZ\",\"@id\":\"https:\\\/\\\/www.hotel-westend.com\\\/#\\\/schema\\\/person\\\/c3ec475886346e12750f94aa1d3d9458\"},\"headline\":\"Portrait: Marie Morales, accommodation Manager\",\"datePublished\":\"2025-10-27T08:51:35+00:00\",\"mainEntityOfPage\":{\"@id\":\"https:\\\/\\\/www.hotel-westend.com\\\/en\\\/2025\\\/10\\\/27\\\/portrait-marie-morales-accommodation-manager-hotel-west-end\\\/\"},\"wordCount\":694,\"image\":{\"@id\":\"https:\\\/\\\/www.hotel-westend.com\\\/en\\\/2025\\\/10\\\/27\\\/portrait-marie-morales-accommodation-manager-hotel-west-end\\\/#primaryimage\"},\"thumbnailUrl\":\"https:\\\/\\\/www.hotel-westend.com\\\/wp-content\\\/uploads\\\/2025\\\/10\\\/marie-morales-scaled.webp\",\"articleSection\":[\"Actualit\u00e9s\",\"News\",\"News-EN-2022\"],\"inLanguage\":\"en-US\"},{\"@type\":\"WebPage\",\"@id\":\"https:\\\/\\\/www.hotel-westend.com\\\/en\\\/2025\\\/10\\\/27\\\/portrait-marie-morales-accommodation-manager-hotel-west-end\\\/\",\"url\":\"https:\\\/\\\/www.hotel-westend.com\\\/en\\\/2025\\\/10\\\/27\\\/portrait-marie-morales-accommodation-manager-hotel-west-end\\\/\",\"name\":\"Portrait: Marie Morales, accommodation Manager -\",\"isPartOf\":{\"@id\":\"https:\\\/\\\/www.hotel-westend.com\\\/#website\"},\"primaryImageOfPage\":{\"@id\":\"https:\\\/\\\/www.hotel-westend.com\\\/en\\\/2025\\\/10\\\/27\\\/portrait-marie-morales-accommodation-manager-hotel-west-end\\\/#primaryimage\"},\"image\":{\"@id\":\"https:\\\/\\\/www.hotel-westend.com\\\/en\\\/2025\\\/10\\\/27\\\/portrait-marie-morales-accommodation-manager-hotel-west-end\\\/#primaryimage\"},\"thumbnailUrl\":\"https:\\\/\\\/www.hotel-westend.com\\\/wp-content\\\/uploads\\\/2025\\\/10\\\/marie-morales-scaled.webp\",\"datePublished\":\"2025-10-27T08:51:35+00:00\",\"author\":{\"@id\":\"https:\\\/\\\/www.hotel-westend.com\\\/#\\\/schema\\\/person\\\/c3ec475886346e12750f94aa1d3d9458\"},\"description\":\"Today, the West End**** Hotel honours one of its employees, Marie Morales, accommodation manager at the West End Hotel...\",\"breadcrumb\":{\"@id\":\"https:\\\/\\\/www.hotel-westend.com\\\/en\\\/2025\\\/10\\\/27\\\/portrait-marie-morales-accommodation-manager-hotel-west-end\\\/#breadcrumb\"},\"inLanguage\":\"en-US\",\"potentialAction\":[{\"@type\":\"ReadAction\",\"target\":[\"https:\\\/\\\/www.hotel-westend.com\\\/en\\\/2025\\\/10\\\/27\\\/portrait-marie-morales-accommodation-manager-hotel-west-end\\\/\"]}]},{\"@type\":\"ImageObject\",\"inLanguage\":\"en-US\",\"@id\":\"https:\\\/\\\/www.hotel-westend.com\\\/en\\\/2025\\\/10\\\/27\\\/portrait-marie-morales-accommodation-manager-hotel-west-end\\\/#primaryimage\",\"url\":\"https:\\\/\\\/www.hotel-westend.com\\\/wp-content\\\/uploads\\\/2025\\\/10\\\/marie-morales-scaled.webp\",\"contentUrl\":\"https:\\\/\\\/www.hotel-westend.com\\\/wp-content\\\/uploads\\\/2025\\\/10\\\/marie-morales-scaled.webp\",\"width\":2000,\"height\":1333,\"caption\":\"portrait-marie-morales-barman-hotel-west-end\"},{\"@type\":\"BreadcrumbList\",\"@id\":\"https:\\\/\\\/www.hotel-westend.com\\\/en\\\/2025\\\/10\\\/27\\\/portrait-marie-morales-accommodation-manager-hotel-west-end\\\/#breadcrumb\",\"itemListElement\":[{\"@type\":\"ListItem\",\"position\":1,\"name\":\"Accueil\",\"item\":\"https:\\\/\\\/www.hotel-westend.com\\\/en\\\/\"},{\"@type\":\"ListItem\",\"position\":2,\"name\":\"Portrait: Marie Morales, accommodation Manager\"}]},{\"@type\":\"WebSite\",\"@id\":\"https:\\\/\\\/www.hotel-westend.com\\\/#website\",\"url\":\"https:\\\/\\\/www.hotel-westend.com\\\/\",\"name\":\"Hotel Westend Nice\",\"description\":\"Hotel 4 Etoiles Nice - Promenade Anglais | OFFICIEL \",\"potentialAction\":[{\"@type\":\"SearchAction\",\"target\":{\"@type\":\"EntryPoint\",\"urlTemplate\":\"https:\\\/\\\/www.hotel-westend.com\\\/?s={search_term_string}\"},\"query-input\":{\"@type\":\"PropertyValueSpecification\",\"valueRequired\":true,\"valueName\":\"search_term_string\"}}],\"inLanguage\":\"en-US\"},{\"@type\":\"Person\",\"@id\":\"https:\\\/\\\/www.hotel-westend.com\\\/#\\\/schema\\\/person\\\/c3ec475886346e12750f94aa1d3d9458\",\"name\":\"AgenceAZ\",\"url\":\"https:\\\/\\\/www.hotel-westend.com\\\/en\\\/author\\\/agenceaz\\\/\"}]}<\/script>\n<!-- \/ Yoast SEO plugin. -->","yoast_head_json":{"title":"Portrait: Marie Morales, accommodation Manager -","description":"Today, the West End**** Hotel honours one of its employees, Marie Morales, accommodation manager at the West End Hotel...","robots":{"index":"index","follow":"follow","max-snippet":"max-snippet:-1","max-image-preview":"max-image-preview:large","max-video-preview":"max-video-preview:-1"},"canonical":"https:\/\/www.hotel-westend.com\/en\/2025\/10\/27\/portrait-marie-morales-accommodation-manager-hotel-west-end\/","og_locale":"en_US","og_type":"article","og_title":"Portrait: Marie Morales, accommodation Manager -","og_description":"Today, the West End**** Hotel honours one of its employees, Marie Morales, accommodation manager at the West End Hotel...","og_url":"https:\/\/www.hotel-westend.com\/en\/2025\/10\/27\/portrait-marie-morales-accommodation-manager-hotel-west-end\/","og_site_name":"Hotel Westend Nice","article_published_time":"2025-10-27T08:51:35+00:00","og_image":[{"width":2000,"height":1333,"url":"https:\/\/www.hotel-westend.com\/wp-content\/uploads\/2025\/10\/marie-morales-scaled.webp","type":"image\/webp"}],"author":"AgenceAZ","twitter_card":"summary_large_image","twitter_misc":{"Written by":"AgenceAZ","Est. reading time":"4 minutes"},"schema":{"@context":"https:\/\/schema.org","@graph":[{"@type":"Article","@id":"https:\/\/www.hotel-westend.com\/en\/2025\/10\/27\/portrait-marie-morales-accommodation-manager-hotel-west-end\/#article","isPartOf":{"@id":"https:\/\/www.hotel-westend.com\/en\/2025\/10\/27\/portrait-marie-morales-accommodation-manager-hotel-west-end\/"},"author":{"name":"AgenceAZ","@id":"https:\/\/www.hotel-westend.com\/#\/schema\/person\/c3ec475886346e12750f94aa1d3d9458"},"headline":"Portrait: Marie Morales, accommodation Manager","datePublished":"2025-10-27T08:51:35+00:00","mainEntityOfPage":{"@id":"https:\/\/www.hotel-westend.com\/en\/2025\/10\/27\/portrait-marie-morales-accommodation-manager-hotel-west-end\/"},"wordCount":694,"image":{"@id":"https:\/\/www.hotel-westend.com\/en\/2025\/10\/27\/portrait-marie-morales-accommodation-manager-hotel-west-end\/#primaryimage"},"thumbnailUrl":"https:\/\/www.hotel-westend.com\/wp-content\/uploads\/2025\/10\/marie-morales-scaled.webp","articleSection":["Actualit\u00e9s","News","News-EN-2022"],"inLanguage":"en-US"},{"@type":"WebPage","@id":"https:\/\/www.hotel-westend.com\/en\/2025\/10\/27\/portrait-marie-morales-accommodation-manager-hotel-west-end\/","url":"https:\/\/www.hotel-westend.com\/en\/2025\/10\/27\/portrait-marie-morales-accommodation-manager-hotel-west-end\/","name":"Portrait: Marie Morales, accommodation Manager -","isPartOf":{"@id":"https:\/\/www.hotel-westend.com\/#website"},"primaryImageOfPage":{"@id":"https:\/\/www.hotel-westend.com\/en\/2025\/10\/27\/portrait-marie-morales-accommodation-manager-hotel-west-end\/#primaryimage"},"image":{"@id":"https:\/\/www.hotel-westend.com\/en\/2025\/10\/27\/portrait-marie-morales-accommodation-manager-hotel-west-end\/#primaryimage"},"thumbnailUrl":"https:\/\/www.hotel-westend.com\/wp-content\/uploads\/2025\/10\/marie-morales-scaled.webp","datePublished":"2025-10-27T08:51:35+00:00","author":{"@id":"https:\/\/www.hotel-westend.com\/#\/schema\/person\/c3ec475886346e12750f94aa1d3d9458"},"description":"Today, the West End**** Hotel honours one of its employees, Marie Morales, accommodation manager at the West End Hotel...","breadcrumb":{"@id":"https:\/\/www.hotel-westend.com\/en\/2025\/10\/27\/portrait-marie-morales-accommodation-manager-hotel-west-end\/#breadcrumb"},"inLanguage":"en-US","potentialAction":[{"@type":"ReadAction","target":["https:\/\/www.hotel-westend.com\/en\/2025\/10\/27\/portrait-marie-morales-accommodation-manager-hotel-west-end\/"]}]},{"@type":"ImageObject","inLanguage":"en-US","@id":"https:\/\/www.hotel-westend.com\/en\/2025\/10\/27\/portrait-marie-morales-accommodation-manager-hotel-west-end\/#primaryimage","url":"https:\/\/www.hotel-westend.com\/wp-content\/uploads\/2025\/10\/marie-morales-scaled.webp","contentUrl":"https:\/\/www.hotel-westend.com\/wp-content\/uploads\/2025\/10\/marie-morales-scaled.webp","width":2000,"height":1333,"caption":"portrait-marie-morales-barman-hotel-west-end"},{"@type":"BreadcrumbList","@id":"https:\/\/www.hotel-westend.com\/en\/2025\/10\/27\/portrait-marie-morales-accommodation-manager-hotel-west-end\/#breadcrumb","itemListElement":[{"@type":"ListItem","position":1,"name":"Accueil","item":"https:\/\/www.hotel-westend.com\/en\/"},{"@type":"ListItem","position":2,"name":"Portrait: Marie Morales, accommodation Manager"}]},{"@type":"WebSite","@id":"https:\/\/www.hotel-westend.com\/#website","url":"https:\/\/www.hotel-westend.com\/","name":"Hotel Westend Nice","description":"Hotel 4 Etoiles Nice - Promenade Anglais | OFFICIEL ","potentialAction":[{"@type":"SearchAction","target":{"@type":"EntryPoint","urlTemplate":"https:\/\/www.hotel-westend.com\/?s={search_term_string}"},"query-input":{"@type":"PropertyValueSpecification","valueRequired":true,"valueName":"search_term_string"}}],"inLanguage":"en-US"},{"@type":"Person","@id":"https:\/\/www.hotel-westend.com\/#\/schema\/person\/c3ec475886346e12750f94aa1d3d9458","name":"AgenceAZ","url":"https:\/\/www.hotel-westend.com\/en\/author\/agenceaz\/"}]}},"_links":{"self":[{"href":"https:\/\/www.hotel-westend.com\/en\/wp-json\/wp\/v2\/posts\/10623","targetHints":{"allow":["GET"]}}],"collection":[{"href":"https:\/\/www.hotel-westend.com\/en\/wp-json\/wp\/v2\/posts"}],"about":[{"href":"https:\/\/www.hotel-westend.com\/en\/wp-json\/wp\/v2\/types\/post"}],"author":[{"embeddable":true,"href":"https:\/\/www.hotel-westend.com\/en\/wp-json\/wp\/v2\/users\/7"}],"replies":[{"embeddable":true,"href":"https:\/\/www.hotel-westend.com\/en\/wp-json\/wp\/v2\/comments?post=10623"}],"version-history":[{"count":6,"href":"https:\/\/www.hotel-westend.com\/en\/wp-json\/wp\/v2\/posts\/10623\/revisions"}],"predecessor-version":[{"id":10634,"href":"https:\/\/www.hotel-westend.com\/en\/wp-json\/wp\/v2\/posts\/10623\/revisions\/10634"}],"wp:featuredmedia":[{"embeddable":true,"href":"https:\/\/www.hotel-westend.com\/en\/wp-json\/wp\/v2\/media\/10622"}],"wp:attachment":[{"href":"https:\/\/www.hotel-westend.com\/en\/wp-json\/wp\/v2\/media?parent=10623"}],"wp:term":[{"taxonomy":"category","embeddable":true,"href":"https:\/\/www.hotel-westend.com\/en\/wp-json\/wp\/v2\/categories?post=10623"},{"taxonomy":"post_tag","embeddable":true,"href":"https:\/\/www.hotel-westend.com\/en\/wp-json\/wp\/v2\/tags?post=10623"}],"curies":[{"name":"wp","href":"https:\/\/api.w.org\/{rel}","templated":true}]}}