{"id":10683,"date":"2025-11-12T09:22:50","date_gmt":"2025-11-12T08:22:50","guid":{"rendered":"https:\/\/www.hotel-westend.com\/?p=10683"},"modified":"2025-11-12T09:30:40","modified_gmt":"2025-11-12T08:30:40","slug":"meeting-gilles-san-juan-the-voice","status":"publish","type":"post","link":"https:\/\/www.hotel-westend.com\/en\/2025\/11\/12\/meeting-gilles-san-juan-the-voice\/","title":{"rendered":"Meeting Gilles San Juan, the Voice that Suspends Time: From Tango to Opera, via The Voice"},"content":{"rendered":"<p>[et_pb_section fb_built=&#8221;1&#8243; admin_label=&#8221;section&#8221; _builder_version=&#8221;4.16&#8243; min_height=&#8221;629.4px&#8221; custom_padding=&#8221;||0px|||&#8221; global_colors_info=&#8221;{}&#8221;][et_pb_row admin_label=&#8221;row&#8221; _builder_version=&#8221;4.27.0&#8243; background_size=&#8221;initial&#8221; background_position=&#8221;top_left&#8221; background_repeat=&#8221;repeat&#8221; custom_margin=&#8221;-4px|auto||auto|false|false&#8221; custom_padding=&#8221;||0px|||&#8221; global_colors_info=&#8221;{}&#8221;][et_pb_column type=&#8221;4_4&#8243; _builder_version=&#8221;4.16&#8243; custom_padding=&#8221;|||&#8221; global_colors_info=&#8221;{}&#8221; custom_padding__hover=&#8221;|||&#8221;][et_pb_text module_class=&#8221;tiretsInverse&#8221; _builder_version=&#8221;4.27.4&#8243; _module_preset=&#8221;default&#8221; header_2_font=&#8221;Gilda Display||||||||&#8221; header_2_text_color=&#8221;#9b8760&#8243; header_2_font_size=&#8221;58px&#8221; width=&#8221;100%&#8221; custom_margin=&#8221;|||0px|false|false&#8221; custom_padding=&#8221;0px|||0px||&#8221; hover_enabled=&#8221;0&#8243; locked=&#8221;off&#8221; global_colors_info=&#8221;{}&#8221; sticky_enabled=&#8221;0&#8243;]<\/p>\n<h2>Meeting Gilles San Juan, the Voice that Suspends Time: From Tango to Opera, via The Voice<\/h2>\n<p>[\/et_pb_text][et_pb_image src=&#8221;https:\/\/www.hotel-westend.com\/wp-content\/uploads\/2025\/11\/article-west-end-8-scaled.webp&#8221; alt=&#8221;gilles-sanjuan-chanteur-soir\u00e9es-op\u00e9ra-lyrique-thevoice-portait-3ahotellacolection-hotelbeaurivage-hotelwestend-hotelastonlascala-restaurantlesiecle&#8221; title_text=&#8221;gilles-sanjuan-chanteur-soir\u00e9es-op\u00e9ra-lyrique-thevoice-portait-3ahotellacolection-hotelbeaurivage-hotelwestend-hotelastonlascala-restaurantlesiecle&#8221; _builder_version=&#8221;4.27.4&#8243; _module_preset=&#8221;default&#8221; global_colors_info=&#8221;{}&#8221;][\/et_pb_image][et_pb_text admin_label=&#8221;Text&#8221; _builder_version=&#8221;4.27.4&#8243; background_size=&#8221;initial&#8221; background_position=&#8221;top_left&#8221; background_repeat=&#8221;repeat&#8221; hover_enabled=&#8221;0&#8243; global_colors_info=&#8221;{}&#8221; sticky_enabled=&#8221;0&#8243;]<\/p>\n<p>In the unique atmosphere of the restaurant Le Si\u00e8cle, Gilles San Juan\u2019s voice lights up the opera evenings he shares with <a href=\"https:\/\/www.hotel-westend.com\/en\/2025\/10\/22\/portrait-laurie-jauffret-barman-de-lhotel-west-end\/\" target=\"_blank\" rel=\"noopener\">Laurie Jauffret<\/a>. The artist delivers his art with an elegance and emotion that are uniquely his own.<\/p>\n<h3>Gilles San Juan: At the Crossroads of the Arts<\/h3>\n<p>Actor, performer, and singer, he performs as a tenor\u2014the highest male vocal range in opera. He belongs to that rare category of voices that combine power and emotion. A former student of the Nice Conservatory, he has captivated opera stages with his distinctive tone. In 2019, he notably took part in the television show The Voice.<\/p>\n<h3>The Voice: A Human and Artistic Adventure<\/h3>\n<p>The general public discovered Gilles San Juan on television, during his memorable appearance on The Voice. \u201cIt was a wonderful experience\u2014I have nothing but good things to say about it,\u201d he recalls.<br \/>Selected from over 50,000 applicants, he charmed the jury with an unexpected repertoire: an Argentine tango, far removed from his usual operatic arias. Julien Clerc, then a member of the jury, was immediately won over. The artist advanced through several rounds of the competition, reaching the \u201cbattles,\u201d where he performed Can\u2019t Take My Eyes Off You.<br \/>Beyond the televised competition, what he remembers most is the human richness of the experience and the friendships he formed with the TF1 team, especially with Bruno Berberes, the casting director.<\/p>\n<h3>The Spirit of the Opera Evenings: Luxury, Calm, and Pleasure<\/h3>\n<p>For Gilles, these three words perfectly capture the spirit of the restaurant Le Si\u00e8cle. \u201cIt\u2019s a place outside of time\u2014essential to life in Nice, to gastronomy, and to hospitality.\u201d In this elegant setting, fine dining and opera come together through the concept of singing waiters\u2014performers who serve while delivering lyrical arias. Through these opera evenings, he seeks to revive the atmosphere of the musical salons of the Belle \u00c9poque, recreating the elegance and harmony that reigned at the end of the 19th century. The concept appeals both to opera lovers and to newcomers alike: the artist offers the public the beauty of his voice in a refined yet intimate setting, where music becomes a universal language.<\/p>\n<h3>An Artistic Bond with Laurie Jauffret<\/h3>\n<p>On stage, Gilles San Juan performs alongside Laurie Jauffret, a soprano from Nice and his long-time stage partner. Their connection is both musical and personal.<br \/>Their paths first crossed in 2013 at the Nice Conservatory. Since then, they have collaborated on numerous events.<br \/>The two artists form a genuine lyrical duo\u2014sometimes fiery, always harmonious. Their rapport fuels a unique chemistry born of their shared passion for the stage and for music.<\/p>\n<h3>Opera\u2019s Evolution: Between Tradition and Modernity<\/h3>\n<p>Opera in France is currently facing challenging times. According to him, this art form must blend tradition and innovation in order to stay alive. His career has led him to collaborate with artists from various disciplines, proving that the lyrical voice can adapt to contemporary creations. He thus takes part in modern projects, such as lending his voice as an instrument in a piece by the promising young composer Nicolas Pesti. For him, opera is at once past, present, and future\u2014it must continue to evolve while preserving its essence, especially in this era of artificial intelligence.<br \/>His Dream<\/p>\n<p>To keep performing on stage, to make audiences dream, and to continue pursuing his passion with the same intensity.<br \/>Find Gilles San Juan and Laurie Jauffret at <a href=\"https:\/\/www.instagram.com\/restaurant_le_siecle_nice\/\" target=\"_blank\" rel=\"noopener\">the restaurant Le Si\u00e8cle<\/a>, every first Friday of the month from October 2025 to March 2026 (except in January).<\/p>\n<p>[\/et_pb_text][\/et_pb_column][\/et_pb_row][\/et_pb_section]<\/p>\n","protected":false},"excerpt":{"rendered":"<p>In the unique atmosphere of Le Si\u00e8cle restaurant, Gilles San Juan&#8217;s voice illuminates the opera evenings he shares with Laurie Jauffret&#8230;<\/p>\n","protected":false},"author":7,"featured_media":10679,"comment_status":"closed","ping_status":"closed","sticky":false,"template":"","format":"standard","meta":{"_et_pb_use_builder":"on","_et_pb_old_content":"<!-- wp:paragraph -->\r\n<p>Du 13 au 27 f\u00e9vrier 2021, Nice deviendra la Capitale mondiale de la mode avec la 137e \u00e9dition du Carnaval sur le th\u00e8me \u00ab Roi des animaux \u00bb. Venez admirer le Roi, la Reine et leurs sujets et participer aux extravagants d\u00e9fil\u00e9s de chars, de grosses t\u00eates et aux \u00e9l\u00e9gantes Batailles de Fleurs.<\/p>\r\n<!-- \/wp:paragraph -->\r\n\r\n<!-- wp:paragraph -->\r\n<p>Pendant 15 jours, le Carnaval de Nice, avec ses deux manifestations\u00a0: les Corsi carnavalesques (de jour ou de nuit) et les Batailles de fleurs, imposera son style et vous offrira un spectacle burlesque, magique et initiatique d\u00e9di\u00e9 \u00e0 la mode sous toutes ses coutures.<\/p>\r\n<!-- \/wp:paragraph -->\r\n\r\n<!-- wp:paragraph -->\r\n<p>Les chars cr\u00e9\u00e9s sur le th\u00e8me d\u00e9fileront lors des Corsi carnavalesques (mardis, samedis et dimanche), accompagn\u00e9s de grosses t\u00eates et d\u2019artistes venant du monde entier dans une ambiance festive et populaire, savamment sc\u00e9nographi\u00e9e, pour revisiter l\u2019histoire de la mode, vous faire rire, sourire mais aussi r\u00e9fl\u00e9chir sur la mode et ses dessous. Car si la mode lance des tendances et bouleverse les codes comme les comportements, elle a aussi un r\u00f4le \u00e9thique et responsable \u00e0 jouer.<\/p>\r\n<!-- \/wp:paragraph -->\r\n\r\n<!-- wp:paragraph -->\r\n<p>Les mercredis et samedis apr\u00e8s-midi, venez d\u00e9couvrir l\u2019autre temps du fort du Carnaval\u00a0: les Batailles de Fleurs o\u00f9 le th\u00e8me sera d\u00e9clin\u00e9 sur des chars orn\u00e9s de fleurs valorisant la production locale (80% des fleurs sont produites dans la r\u00e9gion) et anim\u00e9s par des com\u00e9diennes qui porteront des costumes sp\u00e9cialement con\u00e7us pour la manifestation. Un d\u00e9fil\u00e9 unique au monde o\u00f9 des milliers de fleurs seront distribu\u00e9es.<\/p>\r\n<!-- \/wp:paragraph -->\r\n\r\n<!-- wp:paragraph -->\r\n<p>Et n\u2019oubliez pas, grands et petits, d\u00e9guisez de la t\u00eate aux pieds, les corsi seront gratuits\u00a0!<\/p>\r\n<!-- \/wp:paragraph -->\r\n\r\n<!-- wp:paragraph -->\r\n<p><strong>Alors venez prendre part \u00e0 la f\u00eate du 13 au 27 f\u00e9vrier 2021 \u00e0 Nice.<\/strong><\/p>\r\n<!-- \/wp:paragraph -->","_et_gb_content_width":"1150","inline_featured_image":false,"footnotes":""},"categories":[36,37,35],"tags":[],"class_list":["post-10683","post","type-post","status-publish","format-standard","has-post-thumbnail","hentry","category-actualites-en","category-news-en","category-news-en-2022"],"yoast_head":"<!-- This site is optimized with the Yoast SEO plugin v27.4 - https:\/\/yoast.com\/product\/yoast-seo-wordpress\/ -->\n<title>Meeting Gilles San Juan, the Voice that Suspends Time: From Tango to Opera, via The Voice -<\/title>\n<meta name=\"description\" content=\"In the unique atmosphere of Le Si\u00e8cle restaurant, Gilles San Juan&#039;s voice illuminates the opera evenings he shares with Laurie Jauffret...\" \/>\n<meta name=\"robots\" content=\"index, follow, max-snippet:-1, max-image-preview:large, max-video-preview:-1\" \/>\n<link rel=\"canonical\" href=\"https:\/\/www.hotel-westend.com\/en\/2025\/11\/12\/meeting-gilles-san-juan-the-voice\/\" \/>\n<meta property=\"og:locale\" content=\"en_US\" \/>\n<meta property=\"og:type\" content=\"article\" \/>\n<meta property=\"og:title\" content=\"Meeting Gilles San Juan, the Voice that Suspends Time: From Tango to Opera, via The Voice -\" \/>\n<meta property=\"og:description\" content=\"In the unique atmosphere of Le Si\u00e8cle restaurant, Gilles San Juan&#039;s voice illuminates the opera evenings he shares with Laurie Jauffret...\" \/>\n<meta property=\"og:url\" content=\"https:\/\/www.hotel-westend.com\/en\/2025\/11\/12\/meeting-gilles-san-juan-the-voice\/\" \/>\n<meta property=\"og:site_name\" content=\"Hotel Westend Nice\" \/>\n<meta property=\"article:published_time\" content=\"2025-11-12T08:22:50+00:00\" \/>\n<meta property=\"article:modified_time\" content=\"2025-11-12T08:30:40+00:00\" \/>\n<meta property=\"og:image\" content=\"https:\/\/www.hotel-westend.com\/wp-content\/uploads\/2025\/11\/article-west-end-8-scaled.webp\" \/>\n\t<meta property=\"og:image:width\" content=\"2000\" \/>\n\t<meta property=\"og:image:height\" content=\"1296\" \/>\n\t<meta property=\"og:image:type\" content=\"image\/webp\" \/>\n<meta name=\"author\" content=\"AgenceAZ\" \/>\n<meta name=\"twitter:card\" content=\"summary_large_image\" \/>\n<meta name=\"twitter:label1\" content=\"Written by\" \/>\n\t<meta name=\"twitter:data1\" content=\"AgenceAZ\" \/>\n\t<meta name=\"twitter:label2\" content=\"Est. reading time\" \/>\n\t<meta name=\"twitter:data2\" content=\"4 minutes\" \/>\n<script type=\"application\/ld+json\" class=\"yoast-schema-graph\">{\"@context\":\"https:\\\/\\\/schema.org\",\"@graph\":[{\"@type\":\"Article\",\"@id\":\"https:\\\/\\\/www.hotel-westend.com\\\/en\\\/2025\\\/11\\\/12\\\/meeting-gilles-san-juan-the-voice\\\/#article\",\"isPartOf\":{\"@id\":\"https:\\\/\\\/www.hotel-westend.com\\\/en\\\/2025\\\/11\\\/12\\\/meeting-gilles-san-juan-the-voice\\\/\"},\"author\":{\"name\":\"AgenceAZ\",\"@id\":\"https:\\\/\\\/www.hotel-westend.com\\\/#\\\/schema\\\/person\\\/c3ec475886346e12750f94aa1d3d9458\"},\"headline\":\"Meeting Gilles San Juan, the Voice that Suspends Time: From Tango to Opera, via The Voice\",\"datePublished\":\"2025-11-12T08:22:50+00:00\",\"dateModified\":\"2025-11-12T08:30:40+00:00\",\"mainEntityOfPage\":{\"@id\":\"https:\\\/\\\/www.hotel-westend.com\\\/en\\\/2025\\\/11\\\/12\\\/meeting-gilles-san-juan-the-voice\\\/\"},\"wordCount\":804,\"image\":{\"@id\":\"https:\\\/\\\/www.hotel-westend.com\\\/en\\\/2025\\\/11\\\/12\\\/meeting-gilles-san-juan-the-voice\\\/#primaryimage\"},\"thumbnailUrl\":\"https:\\\/\\\/www.hotel-westend.com\\\/wp-content\\\/uploads\\\/2025\\\/11\\\/article-west-end-8-scaled.webp\",\"articleSection\":[\"Actualit\u00e9s\",\"News\",\"News-EN-2022\"],\"inLanguage\":\"en-US\"},{\"@type\":\"WebPage\",\"@id\":\"https:\\\/\\\/www.hotel-westend.com\\\/en\\\/2025\\\/11\\\/12\\\/meeting-gilles-san-juan-the-voice\\\/\",\"url\":\"https:\\\/\\\/www.hotel-westend.com\\\/en\\\/2025\\\/11\\\/12\\\/meeting-gilles-san-juan-the-voice\\\/\",\"name\":\"Meeting Gilles San Juan, the Voice that Suspends Time: From Tango to Opera, via The Voice -\",\"isPartOf\":{\"@id\":\"https:\\\/\\\/www.hotel-westend.com\\\/#website\"},\"primaryImageOfPage\":{\"@id\":\"https:\\\/\\\/www.hotel-westend.com\\\/en\\\/2025\\\/11\\\/12\\\/meeting-gilles-san-juan-the-voice\\\/#primaryimage\"},\"image\":{\"@id\":\"https:\\\/\\\/www.hotel-westend.com\\\/en\\\/2025\\\/11\\\/12\\\/meeting-gilles-san-juan-the-voice\\\/#primaryimage\"},\"thumbnailUrl\":\"https:\\\/\\\/www.hotel-westend.com\\\/wp-content\\\/uploads\\\/2025\\\/11\\\/article-west-end-8-scaled.webp\",\"datePublished\":\"2025-11-12T08:22:50+00:00\",\"dateModified\":\"2025-11-12T08:30:40+00:00\",\"author\":{\"@id\":\"https:\\\/\\\/www.hotel-westend.com\\\/#\\\/schema\\\/person\\\/c3ec475886346e12750f94aa1d3d9458\"},\"description\":\"In the unique atmosphere of Le Si\u00e8cle restaurant, Gilles San Juan's voice illuminates the opera evenings he shares with Laurie Jauffret...\",\"breadcrumb\":{\"@id\":\"https:\\\/\\\/www.hotel-westend.com\\\/en\\\/2025\\\/11\\\/12\\\/meeting-gilles-san-juan-the-voice\\\/#breadcrumb\"},\"inLanguage\":\"en-US\",\"potentialAction\":[{\"@type\":\"ReadAction\",\"target\":[\"https:\\\/\\\/www.hotel-westend.com\\\/en\\\/2025\\\/11\\\/12\\\/meeting-gilles-san-juan-the-voice\\\/\"]}]},{\"@type\":\"ImageObject\",\"inLanguage\":\"en-US\",\"@id\":\"https:\\\/\\\/www.hotel-westend.com\\\/en\\\/2025\\\/11\\\/12\\\/meeting-gilles-san-juan-the-voice\\\/#primaryimage\",\"url\":\"https:\\\/\\\/www.hotel-westend.com\\\/wp-content\\\/uploads\\\/2025\\\/11\\\/article-west-end-8-scaled.webp\",\"contentUrl\":\"https:\\\/\\\/www.hotel-westend.com\\\/wp-content\\\/uploads\\\/2025\\\/11\\\/article-west-end-8-scaled.webp\",\"width\":2000,\"height\":1296,\"caption\":\"gilles-sanjuan-chanteur-soir\u00e9es-op\u00e9ra-lyrique-thevoice-portait-3ahotellacolection-hotelbeaurivage-hotelwestend-hotelastonlascala-restaurantlesiecle\"},{\"@type\":\"BreadcrumbList\",\"@id\":\"https:\\\/\\\/www.hotel-westend.com\\\/en\\\/2025\\\/11\\\/12\\\/meeting-gilles-san-juan-the-voice\\\/#breadcrumb\",\"itemListElement\":[{\"@type\":\"ListItem\",\"position\":1,\"name\":\"Accueil\",\"item\":\"https:\\\/\\\/www.hotel-westend.com\\\/en\\\/\"},{\"@type\":\"ListItem\",\"position\":2,\"name\":\"Meeting Gilles San Juan, the Voice that Suspends Time: From Tango to Opera, via The Voice\"}]},{\"@type\":\"WebSite\",\"@id\":\"https:\\\/\\\/www.hotel-westend.com\\\/#website\",\"url\":\"https:\\\/\\\/www.hotel-westend.com\\\/\",\"name\":\"Hotel Westend Nice\",\"description\":\"Hotel 4 Etoiles Nice - Promenade Anglais | OFFICIEL \",\"potentialAction\":[{\"@type\":\"SearchAction\",\"target\":{\"@type\":\"EntryPoint\",\"urlTemplate\":\"https:\\\/\\\/www.hotel-westend.com\\\/?s={search_term_string}\"},\"query-input\":{\"@type\":\"PropertyValueSpecification\",\"valueRequired\":true,\"valueName\":\"search_term_string\"}}],\"inLanguage\":\"en-US\"},{\"@type\":\"Person\",\"@id\":\"https:\\\/\\\/www.hotel-westend.com\\\/#\\\/schema\\\/person\\\/c3ec475886346e12750f94aa1d3d9458\",\"name\":\"AgenceAZ\",\"url\":\"https:\\\/\\\/www.hotel-westend.com\\\/en\\\/author\\\/agenceaz\\\/\"}]}<\/script>\n<!-- \/ Yoast SEO plugin. -->","yoast_head_json":{"title":"Meeting Gilles San Juan, the Voice that Suspends Time: From Tango to Opera, via The Voice -","description":"In the unique atmosphere of Le Si\u00e8cle restaurant, Gilles San Juan's voice illuminates the opera evenings he shares with Laurie Jauffret...","robots":{"index":"index","follow":"follow","max-snippet":"max-snippet:-1","max-image-preview":"max-image-preview:large","max-video-preview":"max-video-preview:-1"},"canonical":"https:\/\/www.hotel-westend.com\/en\/2025\/11\/12\/meeting-gilles-san-juan-the-voice\/","og_locale":"en_US","og_type":"article","og_title":"Meeting Gilles San Juan, the Voice that Suspends Time: From Tango to Opera, via The Voice -","og_description":"In the unique atmosphere of Le Si\u00e8cle restaurant, Gilles San Juan's voice illuminates the opera evenings he shares with Laurie Jauffret...","og_url":"https:\/\/www.hotel-westend.com\/en\/2025\/11\/12\/meeting-gilles-san-juan-the-voice\/","og_site_name":"Hotel Westend Nice","article_published_time":"2025-11-12T08:22:50+00:00","article_modified_time":"2025-11-12T08:30:40+00:00","og_image":[{"width":2000,"height":1296,"url":"https:\/\/www.hotel-westend.com\/wp-content\/uploads\/2025\/11\/article-west-end-8-scaled.webp","type":"image\/webp"}],"author":"AgenceAZ","twitter_card":"summary_large_image","twitter_misc":{"Written by":"AgenceAZ","Est. reading time":"4 minutes"},"schema":{"@context":"https:\/\/schema.org","@graph":[{"@type":"Article","@id":"https:\/\/www.hotel-westend.com\/en\/2025\/11\/12\/meeting-gilles-san-juan-the-voice\/#article","isPartOf":{"@id":"https:\/\/www.hotel-westend.com\/en\/2025\/11\/12\/meeting-gilles-san-juan-the-voice\/"},"author":{"name":"AgenceAZ","@id":"https:\/\/www.hotel-westend.com\/#\/schema\/person\/c3ec475886346e12750f94aa1d3d9458"},"headline":"Meeting Gilles San Juan, the Voice that Suspends Time: From Tango to Opera, via The Voice","datePublished":"2025-11-12T08:22:50+00:00","dateModified":"2025-11-12T08:30:40+00:00","mainEntityOfPage":{"@id":"https:\/\/www.hotel-westend.com\/en\/2025\/11\/12\/meeting-gilles-san-juan-the-voice\/"},"wordCount":804,"image":{"@id":"https:\/\/www.hotel-westend.com\/en\/2025\/11\/12\/meeting-gilles-san-juan-the-voice\/#primaryimage"},"thumbnailUrl":"https:\/\/www.hotel-westend.com\/wp-content\/uploads\/2025\/11\/article-west-end-8-scaled.webp","articleSection":["Actualit\u00e9s","News","News-EN-2022"],"inLanguage":"en-US"},{"@type":"WebPage","@id":"https:\/\/www.hotel-westend.com\/en\/2025\/11\/12\/meeting-gilles-san-juan-the-voice\/","url":"https:\/\/www.hotel-westend.com\/en\/2025\/11\/12\/meeting-gilles-san-juan-the-voice\/","name":"Meeting Gilles San Juan, the Voice that Suspends Time: From Tango to Opera, via The Voice -","isPartOf":{"@id":"https:\/\/www.hotel-westend.com\/#website"},"primaryImageOfPage":{"@id":"https:\/\/www.hotel-westend.com\/en\/2025\/11\/12\/meeting-gilles-san-juan-the-voice\/#primaryimage"},"image":{"@id":"https:\/\/www.hotel-westend.com\/en\/2025\/11\/12\/meeting-gilles-san-juan-the-voice\/#primaryimage"},"thumbnailUrl":"https:\/\/www.hotel-westend.com\/wp-content\/uploads\/2025\/11\/article-west-end-8-scaled.webp","datePublished":"2025-11-12T08:22:50+00:00","dateModified":"2025-11-12T08:30:40+00:00","author":{"@id":"https:\/\/www.hotel-westend.com\/#\/schema\/person\/c3ec475886346e12750f94aa1d3d9458"},"description":"In the unique atmosphere of Le Si\u00e8cle restaurant, Gilles San Juan's voice illuminates the opera evenings he shares with Laurie Jauffret...","breadcrumb":{"@id":"https:\/\/www.hotel-westend.com\/en\/2025\/11\/12\/meeting-gilles-san-juan-the-voice\/#breadcrumb"},"inLanguage":"en-US","potentialAction":[{"@type":"ReadAction","target":["https:\/\/www.hotel-westend.com\/en\/2025\/11\/12\/meeting-gilles-san-juan-the-voice\/"]}]},{"@type":"ImageObject","inLanguage":"en-US","@id":"https:\/\/www.hotel-westend.com\/en\/2025\/11\/12\/meeting-gilles-san-juan-the-voice\/#primaryimage","url":"https:\/\/www.hotel-westend.com\/wp-content\/uploads\/2025\/11\/article-west-end-8-scaled.webp","contentUrl":"https:\/\/www.hotel-westend.com\/wp-content\/uploads\/2025\/11\/article-west-end-8-scaled.webp","width":2000,"height":1296,"caption":"gilles-sanjuan-chanteur-soir\u00e9es-op\u00e9ra-lyrique-thevoice-portait-3ahotellacolection-hotelbeaurivage-hotelwestend-hotelastonlascala-restaurantlesiecle"},{"@type":"BreadcrumbList","@id":"https:\/\/www.hotel-westend.com\/en\/2025\/11\/12\/meeting-gilles-san-juan-the-voice\/#breadcrumb","itemListElement":[{"@type":"ListItem","position":1,"name":"Accueil","item":"https:\/\/www.hotel-westend.com\/en\/"},{"@type":"ListItem","position":2,"name":"Meeting Gilles San Juan, the Voice that Suspends Time: From Tango to Opera, via The Voice"}]},{"@type":"WebSite","@id":"https:\/\/www.hotel-westend.com\/#website","url":"https:\/\/www.hotel-westend.com\/","name":"Hotel Westend Nice","description":"Hotel 4 Etoiles Nice - Promenade Anglais | OFFICIEL ","potentialAction":[{"@type":"SearchAction","target":{"@type":"EntryPoint","urlTemplate":"https:\/\/www.hotel-westend.com\/?s={search_term_string}"},"query-input":{"@type":"PropertyValueSpecification","valueRequired":true,"valueName":"search_term_string"}}],"inLanguage":"en-US"},{"@type":"Person","@id":"https:\/\/www.hotel-westend.com\/#\/schema\/person\/c3ec475886346e12750f94aa1d3d9458","name":"AgenceAZ","url":"https:\/\/www.hotel-westend.com\/en\/author\/agenceaz\/"}]}},"_links":{"self":[{"href":"https:\/\/www.hotel-westend.com\/en\/wp-json\/wp\/v2\/posts\/10683","targetHints":{"allow":["GET"]}}],"collection":[{"href":"https:\/\/www.hotel-westend.com\/en\/wp-json\/wp\/v2\/posts"}],"about":[{"href":"https:\/\/www.hotel-westend.com\/en\/wp-json\/wp\/v2\/types\/post"}],"author":[{"embeddable":true,"href":"https:\/\/www.hotel-westend.com\/en\/wp-json\/wp\/v2\/users\/7"}],"replies":[{"embeddable":true,"href":"https:\/\/www.hotel-westend.com\/en\/wp-json\/wp\/v2\/comments?post=10683"}],"version-history":[{"count":3,"href":"https:\/\/www.hotel-westend.com\/en\/wp-json\/wp\/v2\/posts\/10683\/revisions"}],"predecessor-version":[{"id":10687,"href":"https:\/\/www.hotel-westend.com\/en\/wp-json\/wp\/v2\/posts\/10683\/revisions\/10687"}],"wp:featuredmedia":[{"embeddable":true,"href":"https:\/\/www.hotel-westend.com\/en\/wp-json\/wp\/v2\/media\/10679"}],"wp:attachment":[{"href":"https:\/\/www.hotel-westend.com\/en\/wp-json\/wp\/v2\/media?parent=10683"}],"wp:term":[{"taxonomy":"category","embeddable":true,"href":"https:\/\/www.hotel-westend.com\/en\/wp-json\/wp\/v2\/categories?post=10683"},{"taxonomy":"post_tag","embeddable":true,"href":"https:\/\/www.hotel-westend.com\/en\/wp-json\/wp\/v2\/tags?post=10683"}],"curies":[{"name":"wp","href":"https:\/\/api.w.org\/{rel}","templated":true}]}}