{"id":11288,"date":"2026-01-28T09:24:14","date_gmt":"2026-01-28T08:24:14","guid":{"rendered":"https:\/\/www.hotel-westend.com\/?p=11288"},"modified":"2026-01-28T09:30:35","modified_gmt":"2026-01-28T08:30:35","slug":"profile-caroline-bergen-director-commercial-3a-hotels","status":"publish","type":"post","link":"https:\/\/www.hotel-westend.com\/en\/2026\/01\/28\/profile-caroline-bergen-director-commercial-3a-hotels\/","title":{"rendered":"Profile: Caroline Bergen, Commercial Director of the 3A Hotels Collection"},"content":{"rendered":"<p>[et_pb_section fb_built=&#8221;1&#8243; admin_label=&#8221;section&#8221; _builder_version=&#8221;4.16&#8243; min_height=&#8221;629.4px&#8221; custom_padding=&#8221;||0px|||&#8221; global_colors_info=&#8221;{}&#8221;][et_pb_row admin_label=&#8221;row&#8221; _builder_version=&#8221;4.27.0&#8243; background_size=&#8221;initial&#8221; background_position=&#8221;top_left&#8221; background_repeat=&#8221;repeat&#8221; custom_margin=&#8221;-4px|auto||auto|false|false&#8221; custom_padding=&#8221;||0px|||&#8221; global_colors_info=&#8221;{}&#8221;][et_pb_column type=&#8221;4_4&#8243; _builder_version=&#8221;4.16&#8243; custom_padding=&#8221;|||&#8221; global_colors_info=&#8221;{}&#8221; custom_padding__hover=&#8221;|||&#8221;][et_pb_text module_class=&#8221;tiretsInverse&#8221; _builder_version=&#8221;4.27.5&#8243; _module_preset=&#8221;default&#8221; header_2_font=&#8221;Gilda Display||||||||&#8221; header_2_text_color=&#8221;#9b8760&#8243; header_2_font_size=&#8221;58px&#8221; width=&#8221;100%&#8221; custom_margin=&#8221;|||0px|false|false&#8221; custom_padding=&#8221;0px|||0px||&#8221; hover_enabled=&#8221;0&#8243; locked=&#8221;off&#8221; global_colors_info=&#8221;{}&#8221; sticky_enabled=&#8221;0&#8243;]<\/p>\n<h2>Profile: Caroline Bergen, Commercial Director of the 3A Hotels Collection<\/h2>\n<p>[\/et_pb_text][et_pb_image src=&#8221;https:\/\/www.hotel-westend.com\/wp-content\/uploads\/2026\/01\/article-west-end-1-1-scaled.webp&#8221; alt=&#8221;portrait-caroline-bergen-directrice-commerciale-3a-hotels-la-collection-hotel-west-end&#8221; title_text=&#8221;portrait-caroline-bergen-directrice-commerciale-3a-hotels-la-collection-hotel-west-end&#8221; _builder_version=&#8221;4.27.5&#8243; _module_preset=&#8221;default&#8221; global_colors_info=&#8221;{}&#8221;][\/et_pb_image][et_pb_text admin_label=&#8221;Text&#8221; _builder_version=&#8221;4.27.5&#8243; background_size=&#8221;initial&#8221; background_position=&#8221;top_left&#8221; background_repeat=&#8221;repeat&#8221; hover_enabled=&#8221;0&#8243; global_colors_info=&#8221;{}&#8221; sticky_enabled=&#8221;0&#8243;]<\/p>\n<p>Each month, the <a href=\"https:\/\/www.hotel-westend.com\/en\/\" target=\"_blank\" rel=\"noopener\">H\u00f4tel West End****<\/a> highlights one of its team members through a series of questions, offering insight into their role and what motivates them in their daily work. Today, the hotel introduces Caroline Bergen, Commercial Director of <a href=\"https:\/\/www.instagram.com\/3ahotels\/?hl=fr\" target=\"_blank\" rel=\"noopener\">the 3A Hotels Collection<\/a>.<\/p>\n<h3>Could you introduce yourself and tell us about your role within the 3A Hotels group?<\/h3>\n<p>My name is Caroline Bergen, and I am the Commercial Director of the 3A Hotels Collection. In Nice, the group brings together several iconic establishments: H\u00f4tel Beau Rivage, Plage Beau Rivage, H\u00f4tel Aston La Scala, R\u00e9sidence Aston La Scala, and H\u00f4tel West End. We also manage a Mercure hotel located near Versailles.<\/p>\n<p>My role is structured around two main areas. On the one hand, business development: I manage and nurture our existing client network while actively working to acquire new partners. On the other hand, I oversee a broader marketing dimension, focusing on the group\u2019s brand image, establishing partnerships, and implementing communication initiatives in collaboration with our press agency, AZ Nice.<\/p>\n<h3>What do you find most rewarding about your job?<\/h3>\n<p>No two days are alike, and that is precisely what I love about it. I am deeply passionate about the combination of strategy, human connection, and emotion. Designing commercial strategies that have a tangible impact on the group\u2019s performance, while showcasing the identity and soul of each of our hotels, is incredibly stimulating.<\/p>\n<p>Hospitality is, above all, a human adventure. Understanding guest expectations, anticipating market trends, building lasting partnerships, and guiding teams toward a shared objective are key drivers for me. Each property has its own uniqueness, and this diversity makes my daily work especially enriching.<\/p>\n<h3>How do you collaborate with the teams at the different hotels?<\/h3>\n<p>My role involves a great deal of mobility. Beyond emails and phone calls, I am very often on-site. Having been part of the group for several years, relationships have developed naturally, and collaboration today is very smooth and seamless.<\/p>\n<h3>What advice would you give to a new team member?<\/h3>\n<p>Work with passion. We are in the service industry\u2014you have to genuinely enjoy working with people, be attentive to others, and find satisfaction in creating positive experiences. Without that, it simply doesn\u2019t work.<\/p>\n<h3>In your opinion, what is the 3A Hotels group\u2019s greatest strength for travelers?<\/h3>\n<p>Without hesitation, its diversity. Our establishments are very different from one another, whether in terms of location, atmosphere, or services. I like to think that whatever our guests\u2019 needs or desires may be, we always have a suitable answer.<\/p>\n<h3>What is your favorite place at the H\u00f4tel West End, and why?<\/h3>\n<p>The view from the Deluxe rooms on the 6th floor. Standing on the balcony, time seems to stand still\u2014you feel suspended between sky and sea. It is simply a magical moment.<\/p>\n<h3>What sets the H\u00f4tel West End apart from the group\u2019s other properties?<\/h3>\n<p>Its location, of course, with its exceptional sea view, but also its history. It was the first hotel built on the Promenade des Anglais and has preserved all the charm of the Belle \u00c9poque. Staying at the H\u00f4tel West End is like taking a true journey back in time, filled with glamour and elegance.<\/p>\n<h3>Do you have a particularly memorable experience within the group that you would like to share?<\/h3>\n<p>There are so many! We operate like one big family, and we have shared countless moments together\u2014both professional and personal.<\/p>\n<h3>What advice would you give guests to make the most of their stay in Nice?<\/h3>\n<p>I would first and foremost advise them to take the time to embrace the city\u2019s rhythm. Wander through the narrow streets of Old Nice, admire a sunrise or sunset from the Promenade des Anglais, and savor the local gastronomy\u2026 Nice is full of hidden gems, and it would truly be a shame not to enjoy them to the fullest.<\/p>\n<p>[\/et_pb_text][\/et_pb_column][\/et_pb_row][\/et_pb_section]<\/p>\n","protected":false},"excerpt":{"rendered":"<p>Today, the H\u00f4tel West End**** is shining the spotlight on one of its team members, Caroline Bergen, Commercial Director\u2026<\/p>\n","protected":false},"author":7,"featured_media":11281,"comment_status":"closed","ping_status":"closed","sticky":false,"template":"","format":"standard","meta":{"_et_pb_use_builder":"on","_et_pb_old_content":"<!-- wp:paragraph -->\r\n<p>Du 13 au 27 f\u00e9vrier 2021, Nice deviendra la Capitale mondiale de la mode avec la 137e \u00e9dition du Carnaval sur le th\u00e8me \u00ab Roi des animaux \u00bb. Venez admirer le Roi, la Reine et leurs sujets et participer aux extravagants d\u00e9fil\u00e9s de chars, de grosses t\u00eates et aux \u00e9l\u00e9gantes Batailles de Fleurs.<\/p>\r\n<!-- \/wp:paragraph -->\r\n\r\n<!-- wp:paragraph -->\r\n<p>Pendant 15 jours, le Carnaval de Nice, avec ses deux manifestations\u00a0: les Corsi carnavalesques (de jour ou de nuit) et les Batailles de fleurs, imposera son style et vous offrira un spectacle burlesque, magique et initiatique d\u00e9di\u00e9 \u00e0 la mode sous toutes ses coutures.<\/p>\r\n<!-- \/wp:paragraph -->\r\n\r\n<!-- wp:paragraph -->\r\n<p>Les chars cr\u00e9\u00e9s sur le th\u00e8me d\u00e9fileront lors des Corsi carnavalesques (mardis, samedis et dimanche), accompagn\u00e9s de grosses t\u00eates et d\u2019artistes venant du monde entier dans une ambiance festive et populaire, savamment sc\u00e9nographi\u00e9e, pour revisiter l\u2019histoire de la mode, vous faire rire, sourire mais aussi r\u00e9fl\u00e9chir sur la mode et ses dessous. Car si la mode lance des tendances et bouleverse les codes comme les comportements, elle a aussi un r\u00f4le \u00e9thique et responsable \u00e0 jouer.<\/p>\r\n<!-- \/wp:paragraph -->\r\n\r\n<!-- wp:paragraph -->\r\n<p>Les mercredis et samedis apr\u00e8s-midi, venez d\u00e9couvrir l\u2019autre temps du fort du Carnaval\u00a0: les Batailles de Fleurs o\u00f9 le th\u00e8me sera d\u00e9clin\u00e9 sur des chars orn\u00e9s de fleurs valorisant la production locale (80% des fleurs sont produites dans la r\u00e9gion) et anim\u00e9s par des com\u00e9diennes qui porteront des costumes sp\u00e9cialement con\u00e7us pour la manifestation. Un d\u00e9fil\u00e9 unique au monde o\u00f9 des milliers de fleurs seront distribu\u00e9es.<\/p>\r\n<!-- \/wp:paragraph -->\r\n\r\n<!-- wp:paragraph -->\r\n<p>Et n\u2019oubliez pas, grands et petits, d\u00e9guisez de la t\u00eate aux pieds, les corsi seront gratuits\u00a0!<\/p>\r\n<!-- \/wp:paragraph -->\r\n\r\n<!-- wp:paragraph -->\r\n<p><strong>Alors venez prendre part \u00e0 la f\u00eate du 13 au 27 f\u00e9vrier 2021 \u00e0 Nice.<\/strong><\/p>\r\n<!-- \/wp:paragraph -->","_et_gb_content_width":"1150","inline_featured_image":false,"footnotes":""},"categories":[36,37,35],"tags":[],"class_list":["post-11288","post","type-post","status-publish","format-standard","has-post-thumbnail","hentry","category-actualites-en","category-news-en","category-news-en-2022"],"yoast_head":"<!-- This site is optimized with the Yoast SEO plugin v27.4 - https:\/\/yoast.com\/product\/yoast-seo-wordpress\/ -->\n<title>Profile: Caroline Bergen, Commercial Director of the 3A Hotels Collection -<\/title>\n<meta name=\"description\" content=\"Today, the H\u00f4tel West End**** is shining the spotlight on one of its team members, Caroline Bergen, Commercial Director\u2026\" \/>\n<meta name=\"robots\" content=\"index, follow, max-snippet:-1, max-image-preview:large, max-video-preview:-1\" \/>\n<link rel=\"canonical\" href=\"https:\/\/www.hotel-westend.com\/en\/2026\/01\/28\/profile-caroline-bergen-director-commercial-3a-hotels\/\" \/>\n<meta property=\"og:locale\" content=\"en_US\" \/>\n<meta property=\"og:type\" content=\"article\" \/>\n<meta property=\"og:title\" content=\"Profile: Caroline Bergen, Commercial Director of the 3A Hotels Collection -\" \/>\n<meta property=\"og:description\" content=\"Today, the H\u00f4tel West End**** is shining the spotlight on one of its team members, Caroline Bergen, Commercial Director\u2026\" \/>\n<meta property=\"og:url\" content=\"https:\/\/www.hotel-westend.com\/en\/2026\/01\/28\/profile-caroline-bergen-director-commercial-3a-hotels\/\" \/>\n<meta property=\"og:site_name\" content=\"Hotel Westend Nice\" \/>\n<meta property=\"article:published_time\" content=\"2026-01-28T08:24:14+00:00\" \/>\n<meta property=\"article:modified_time\" content=\"2026-01-28T08:30:35+00:00\" \/>\n<meta property=\"og:image\" content=\"https:\/\/www.hotel-westend.com\/wp-content\/uploads\/2026\/01\/article-west-end-1-1-scaled.webp\" \/>\n\t<meta property=\"og:image:width\" content=\"2000\" \/>\n\t<meta property=\"og:image:height\" content=\"1296\" \/>\n\t<meta property=\"og:image:type\" content=\"image\/webp\" \/>\n<meta name=\"author\" content=\"AgenceAZ\" \/>\n<meta name=\"twitter:card\" content=\"summary_large_image\" \/>\n<meta name=\"twitter:label1\" content=\"Written by\" \/>\n\t<meta name=\"twitter:data1\" content=\"AgenceAZ\" \/>\n\t<meta name=\"twitter:label2\" content=\"Est. reading time\" \/>\n\t<meta name=\"twitter:data2\" content=\"4 minutes\" \/>\n<script type=\"application\/ld+json\" class=\"yoast-schema-graph\">{\"@context\":\"https:\\\/\\\/schema.org\",\"@graph\":[{\"@type\":\"Article\",\"@id\":\"https:\\\/\\\/www.hotel-westend.com\\\/en\\\/2026\\\/01\\\/28\\\/profile-caroline-bergen-director-commercial-3a-hotels\\\/#article\",\"isPartOf\":{\"@id\":\"https:\\\/\\\/www.hotel-westend.com\\\/en\\\/2026\\\/01\\\/28\\\/profile-caroline-bergen-director-commercial-3a-hotels\\\/\"},\"author\":{\"name\":\"AgenceAZ\",\"@id\":\"https:\\\/\\\/www.hotel-westend.com\\\/#\\\/schema\\\/person\\\/c3ec475886346e12750f94aa1d3d9458\"},\"headline\":\"Profile: Caroline Bergen, Commercial Director of the 3A Hotels Collection\",\"datePublished\":\"2026-01-28T08:24:14+00:00\",\"dateModified\":\"2026-01-28T08:30:35+00:00\",\"mainEntityOfPage\":{\"@id\":\"https:\\\/\\\/www.hotel-westend.com\\\/en\\\/2026\\\/01\\\/28\\\/profile-caroline-bergen-director-commercial-3a-hotels\\\/\"},\"wordCount\":854,\"image\":{\"@id\":\"https:\\\/\\\/www.hotel-westend.com\\\/en\\\/2026\\\/01\\\/28\\\/profile-caroline-bergen-director-commercial-3a-hotels\\\/#primaryimage\"},\"thumbnailUrl\":\"https:\\\/\\\/www.hotel-westend.com\\\/wp-content\\\/uploads\\\/2026\\\/01\\\/article-west-end-1-1-scaled.webp\",\"articleSection\":[\"Actualit\u00e9s\",\"News\",\"News-EN-2022\"],\"inLanguage\":\"en-US\"},{\"@type\":\"WebPage\",\"@id\":\"https:\\\/\\\/www.hotel-westend.com\\\/en\\\/2026\\\/01\\\/28\\\/profile-caroline-bergen-director-commercial-3a-hotels\\\/\",\"url\":\"https:\\\/\\\/www.hotel-westend.com\\\/en\\\/2026\\\/01\\\/28\\\/profile-caroline-bergen-director-commercial-3a-hotels\\\/\",\"name\":\"Profile: Caroline Bergen, Commercial Director of the 3A Hotels Collection -\",\"isPartOf\":{\"@id\":\"https:\\\/\\\/www.hotel-westend.com\\\/#website\"},\"primaryImageOfPage\":{\"@id\":\"https:\\\/\\\/www.hotel-westend.com\\\/en\\\/2026\\\/01\\\/28\\\/profile-caroline-bergen-director-commercial-3a-hotels\\\/#primaryimage\"},\"image\":{\"@id\":\"https:\\\/\\\/www.hotel-westend.com\\\/en\\\/2026\\\/01\\\/28\\\/profile-caroline-bergen-director-commercial-3a-hotels\\\/#primaryimage\"},\"thumbnailUrl\":\"https:\\\/\\\/www.hotel-westend.com\\\/wp-content\\\/uploads\\\/2026\\\/01\\\/article-west-end-1-1-scaled.webp\",\"datePublished\":\"2026-01-28T08:24:14+00:00\",\"dateModified\":\"2026-01-28T08:30:35+00:00\",\"author\":{\"@id\":\"https:\\\/\\\/www.hotel-westend.com\\\/#\\\/schema\\\/person\\\/c3ec475886346e12750f94aa1d3d9458\"},\"description\":\"Today, the H\u00f4tel West End**** is shining the spotlight on one of its team members, Caroline Bergen, Commercial Director\u2026\",\"breadcrumb\":{\"@id\":\"https:\\\/\\\/www.hotel-westend.com\\\/en\\\/2026\\\/01\\\/28\\\/profile-caroline-bergen-director-commercial-3a-hotels\\\/#breadcrumb\"},\"inLanguage\":\"en-US\",\"potentialAction\":[{\"@type\":\"ReadAction\",\"target\":[\"https:\\\/\\\/www.hotel-westend.com\\\/en\\\/2026\\\/01\\\/28\\\/profile-caroline-bergen-director-commercial-3a-hotels\\\/\"]}]},{\"@type\":\"ImageObject\",\"inLanguage\":\"en-US\",\"@id\":\"https:\\\/\\\/www.hotel-westend.com\\\/en\\\/2026\\\/01\\\/28\\\/profile-caroline-bergen-director-commercial-3a-hotels\\\/#primaryimage\",\"url\":\"https:\\\/\\\/www.hotel-westend.com\\\/wp-content\\\/uploads\\\/2026\\\/01\\\/article-west-end-1-1-scaled.webp\",\"contentUrl\":\"https:\\\/\\\/www.hotel-westend.com\\\/wp-content\\\/uploads\\\/2026\\\/01\\\/article-west-end-1-1-scaled.webp\",\"width\":2000,\"height\":1296,\"caption\":\"portrait-caroline-bergen-directrice-commerciale-3a-hotels-la-collection-hotel-west-end\"},{\"@type\":\"BreadcrumbList\",\"@id\":\"https:\\\/\\\/www.hotel-westend.com\\\/en\\\/2026\\\/01\\\/28\\\/profile-caroline-bergen-director-commercial-3a-hotels\\\/#breadcrumb\",\"itemListElement\":[{\"@type\":\"ListItem\",\"position\":1,\"name\":\"Accueil\",\"item\":\"https:\\\/\\\/www.hotel-westend.com\\\/en\\\/\"},{\"@type\":\"ListItem\",\"position\":2,\"name\":\"Profile: Caroline Bergen, Commercial Director of the 3A Hotels Collection\"}]},{\"@type\":\"WebSite\",\"@id\":\"https:\\\/\\\/www.hotel-westend.com\\\/#website\",\"url\":\"https:\\\/\\\/www.hotel-westend.com\\\/\",\"name\":\"Hotel Westend Nice\",\"description\":\"Hotel 4 Etoiles Nice - Promenade Anglais | OFFICIEL \",\"potentialAction\":[{\"@type\":\"SearchAction\",\"target\":{\"@type\":\"EntryPoint\",\"urlTemplate\":\"https:\\\/\\\/www.hotel-westend.com\\\/?s={search_term_string}\"},\"query-input\":{\"@type\":\"PropertyValueSpecification\",\"valueRequired\":true,\"valueName\":\"search_term_string\"}}],\"inLanguage\":\"en-US\"},{\"@type\":\"Person\",\"@id\":\"https:\\\/\\\/www.hotel-westend.com\\\/#\\\/schema\\\/person\\\/c3ec475886346e12750f94aa1d3d9458\",\"name\":\"AgenceAZ\",\"url\":\"https:\\\/\\\/www.hotel-westend.com\\\/en\\\/author\\\/agenceaz\\\/\"}]}<\/script>\n<!-- \/ Yoast SEO plugin. -->","yoast_head_json":{"title":"Profile: Caroline Bergen, Commercial Director of the 3A Hotels Collection -","description":"Today, the H\u00f4tel West End**** is shining the spotlight on one of its team members, Caroline Bergen, Commercial Director\u2026","robots":{"index":"index","follow":"follow","max-snippet":"max-snippet:-1","max-image-preview":"max-image-preview:large","max-video-preview":"max-video-preview:-1"},"canonical":"https:\/\/www.hotel-westend.com\/en\/2026\/01\/28\/profile-caroline-bergen-director-commercial-3a-hotels\/","og_locale":"en_US","og_type":"article","og_title":"Profile: Caroline Bergen, Commercial Director of the 3A Hotels Collection -","og_description":"Today, the H\u00f4tel West End**** is shining the spotlight on one of its team members, Caroline Bergen, Commercial Director\u2026","og_url":"https:\/\/www.hotel-westend.com\/en\/2026\/01\/28\/profile-caroline-bergen-director-commercial-3a-hotels\/","og_site_name":"Hotel Westend Nice","article_published_time":"2026-01-28T08:24:14+00:00","article_modified_time":"2026-01-28T08:30:35+00:00","og_image":[{"width":2000,"height":1296,"url":"https:\/\/www.hotel-westend.com\/wp-content\/uploads\/2026\/01\/article-west-end-1-1-scaled.webp","type":"image\/webp"}],"author":"AgenceAZ","twitter_card":"summary_large_image","twitter_misc":{"Written by":"AgenceAZ","Est. reading time":"4 minutes"},"schema":{"@context":"https:\/\/schema.org","@graph":[{"@type":"Article","@id":"https:\/\/www.hotel-westend.com\/en\/2026\/01\/28\/profile-caroline-bergen-director-commercial-3a-hotels\/#article","isPartOf":{"@id":"https:\/\/www.hotel-westend.com\/en\/2026\/01\/28\/profile-caroline-bergen-director-commercial-3a-hotels\/"},"author":{"name":"AgenceAZ","@id":"https:\/\/www.hotel-westend.com\/#\/schema\/person\/c3ec475886346e12750f94aa1d3d9458"},"headline":"Profile: Caroline Bergen, Commercial Director of the 3A Hotels Collection","datePublished":"2026-01-28T08:24:14+00:00","dateModified":"2026-01-28T08:30:35+00:00","mainEntityOfPage":{"@id":"https:\/\/www.hotel-westend.com\/en\/2026\/01\/28\/profile-caroline-bergen-director-commercial-3a-hotels\/"},"wordCount":854,"image":{"@id":"https:\/\/www.hotel-westend.com\/en\/2026\/01\/28\/profile-caroline-bergen-director-commercial-3a-hotels\/#primaryimage"},"thumbnailUrl":"https:\/\/www.hotel-westend.com\/wp-content\/uploads\/2026\/01\/article-west-end-1-1-scaled.webp","articleSection":["Actualit\u00e9s","News","News-EN-2022"],"inLanguage":"en-US"},{"@type":"WebPage","@id":"https:\/\/www.hotel-westend.com\/en\/2026\/01\/28\/profile-caroline-bergen-director-commercial-3a-hotels\/","url":"https:\/\/www.hotel-westend.com\/en\/2026\/01\/28\/profile-caroline-bergen-director-commercial-3a-hotels\/","name":"Profile: Caroline Bergen, Commercial Director of the 3A Hotels Collection -","isPartOf":{"@id":"https:\/\/www.hotel-westend.com\/#website"},"primaryImageOfPage":{"@id":"https:\/\/www.hotel-westend.com\/en\/2026\/01\/28\/profile-caroline-bergen-director-commercial-3a-hotels\/#primaryimage"},"image":{"@id":"https:\/\/www.hotel-westend.com\/en\/2026\/01\/28\/profile-caroline-bergen-director-commercial-3a-hotels\/#primaryimage"},"thumbnailUrl":"https:\/\/www.hotel-westend.com\/wp-content\/uploads\/2026\/01\/article-west-end-1-1-scaled.webp","datePublished":"2026-01-28T08:24:14+00:00","dateModified":"2026-01-28T08:30:35+00:00","author":{"@id":"https:\/\/www.hotel-westend.com\/#\/schema\/person\/c3ec475886346e12750f94aa1d3d9458"},"description":"Today, the H\u00f4tel West End**** is shining the spotlight on one of its team members, Caroline Bergen, Commercial Director\u2026","breadcrumb":{"@id":"https:\/\/www.hotel-westend.com\/en\/2026\/01\/28\/profile-caroline-bergen-director-commercial-3a-hotels\/#breadcrumb"},"inLanguage":"en-US","potentialAction":[{"@type":"ReadAction","target":["https:\/\/www.hotel-westend.com\/en\/2026\/01\/28\/profile-caroline-bergen-director-commercial-3a-hotels\/"]}]},{"@type":"ImageObject","inLanguage":"en-US","@id":"https:\/\/www.hotel-westend.com\/en\/2026\/01\/28\/profile-caroline-bergen-director-commercial-3a-hotels\/#primaryimage","url":"https:\/\/www.hotel-westend.com\/wp-content\/uploads\/2026\/01\/article-west-end-1-1-scaled.webp","contentUrl":"https:\/\/www.hotel-westend.com\/wp-content\/uploads\/2026\/01\/article-west-end-1-1-scaled.webp","width":2000,"height":1296,"caption":"portrait-caroline-bergen-directrice-commerciale-3a-hotels-la-collection-hotel-west-end"},{"@type":"BreadcrumbList","@id":"https:\/\/www.hotel-westend.com\/en\/2026\/01\/28\/profile-caroline-bergen-director-commercial-3a-hotels\/#breadcrumb","itemListElement":[{"@type":"ListItem","position":1,"name":"Accueil","item":"https:\/\/www.hotel-westend.com\/en\/"},{"@type":"ListItem","position":2,"name":"Profile: Caroline Bergen, Commercial Director of the 3A Hotels Collection"}]},{"@type":"WebSite","@id":"https:\/\/www.hotel-westend.com\/#website","url":"https:\/\/www.hotel-westend.com\/","name":"Hotel Westend Nice","description":"Hotel 4 Etoiles Nice - Promenade Anglais | OFFICIEL ","potentialAction":[{"@type":"SearchAction","target":{"@type":"EntryPoint","urlTemplate":"https:\/\/www.hotel-westend.com\/?s={search_term_string}"},"query-input":{"@type":"PropertyValueSpecification","valueRequired":true,"valueName":"search_term_string"}}],"inLanguage":"en-US"},{"@type":"Person","@id":"https:\/\/www.hotel-westend.com\/#\/schema\/person\/c3ec475886346e12750f94aa1d3d9458","name":"AgenceAZ","url":"https:\/\/www.hotel-westend.com\/en\/author\/agenceaz\/"}]}},"_links":{"self":[{"href":"https:\/\/www.hotel-westend.com\/en\/wp-json\/wp\/v2\/posts\/11288","targetHints":{"allow":["GET"]}}],"collection":[{"href":"https:\/\/www.hotel-westend.com\/en\/wp-json\/wp\/v2\/posts"}],"about":[{"href":"https:\/\/www.hotel-westend.com\/en\/wp-json\/wp\/v2\/types\/post"}],"author":[{"embeddable":true,"href":"https:\/\/www.hotel-westend.com\/en\/wp-json\/wp\/v2\/users\/7"}],"replies":[{"embeddable":true,"href":"https:\/\/www.hotel-westend.com\/en\/wp-json\/wp\/v2\/comments?post=11288"}],"version-history":[{"count":4,"href":"https:\/\/www.hotel-westend.com\/en\/wp-json\/wp\/v2\/posts\/11288\/revisions"}],"predecessor-version":[{"id":11293,"href":"https:\/\/www.hotel-westend.com\/en\/wp-json\/wp\/v2\/posts\/11288\/revisions\/11293"}],"wp:featuredmedia":[{"embeddable":true,"href":"https:\/\/www.hotel-westend.com\/en\/wp-json\/wp\/v2\/media\/11281"}],"wp:attachment":[{"href":"https:\/\/www.hotel-westend.com\/en\/wp-json\/wp\/v2\/media?parent=11288"}],"wp:term":[{"taxonomy":"category","embeddable":true,"href":"https:\/\/www.hotel-westend.com\/en\/wp-json\/wp\/v2\/categories?post=11288"},{"taxonomy":"post_tag","embeddable":true,"href":"https:\/\/www.hotel-westend.com\/en\/wp-json\/wp\/v2\/tags?post=11288"}],"curies":[{"name":"wp","href":"https:\/\/api.w.org\/{rel}","templated":true}]}}