{"id":11350,"date":"2026-02-25T09:41:07","date_gmt":"2026-02-25T08:41:07","guid":{"rendered":"https:\/\/www.hotel-westend.com\/?p=11350"},"modified":"2026-02-25T14:57:04","modified_gmt":"2026-02-25T13:57:04","slug":"portrait-maelle-hembert-alternante-receptionniste","status":"publish","type":"post","link":"https:\/\/www.hotel-westend.com\/en\/2026\/02\/25\/portrait-maelle-hembert-alternante-receptionniste\/","title":{"rendered":"Portrait : Ma\u00eblle Hembert, alternante r\u00e9ceptionniste"},"content":{"rendered":"<p>[et_pb_section fb_built=&#8221;1&#8243; admin_label=&#8221;section&#8221; _builder_version=&#8221;4.16&#8243; min_height=&#8221;629.4px&#8221; custom_padding=&#8221;||0px|||&#8221; global_colors_info=&#8221;{}&#8221;][et_pb_row admin_label=&#8221;row&#8221; _builder_version=&#8221;4.27.0&#8243; background_size=&#8221;initial&#8221; background_position=&#8221;top_left&#8221; background_repeat=&#8221;repeat&#8221; custom_margin=&#8221;-4px|auto||auto|false|false&#8221; custom_padding=&#8221;||0px|||&#8221; global_colors_info=&#8221;{}&#8221;][et_pb_column type=&#8221;4_4&#8243; _builder_version=&#8221;4.16&#8243; custom_padding=&#8221;|||&#8221; global_colors_info=&#8221;{}&#8221; custom_padding__hover=&#8221;|||&#8221;][et_pb_text module_class=&#8221;tiretsInverse&#8221; _builder_version=&#8221;4.27.5&#8243; _module_preset=&#8221;default&#8221; header_2_font=&#8221;Gilda Display||||||||&#8221; header_2_text_color=&#8221;#9b8760&#8243; header_2_font_size=&#8221;58px&#8221; width=&#8221;100%&#8221; custom_margin=&#8221;|||0px|false|false&#8221; custom_padding=&#8221;0px|||0px||&#8221; hover_enabled=&#8221;0&#8243; locked=&#8221;off&#8221; global_colors_info=&#8221;{}&#8221; sticky_enabled=&#8221;0&#8243;]<\/p>\n<h2>Portrait : Ma\u00eblle Hembert, alternante r\u00e9ceptionniste<\/h2>\n<p>[\/et_pb_text][et_pb_image src=&#8221;https:\/\/www.hotel-westend.com\/wp-content\/uploads\/2026\/02\/article-west-end-5-scaled.webp&#8221; alt=&#8221;portrait-Ma\u00eblle-Hembert-directrice-commerciale-3a-hotels-la-collection-hotel-west-end&#8221; title_text=&#8221;portrait-Ma\u00eblle-Hembert-directrice-commerciale-3a-hotels-la-collection-hotel-west-end&#8221; _builder_version=&#8221;4.27.5&#8243; _module_preset=&#8221;default&#8221; global_colors_info=&#8221;{}&#8221;][\/et_pb_image][et_pb_text admin_label=&#8221;Text&#8221; _builder_version=&#8221;4.27.5&#8243; background_size=&#8221;initial&#8221; background_position=&#8221;top_left&#8221; background_repeat=&#8221;repeat&#8221; hover_enabled=&#8221;0&#8243; global_colors_info=&#8221;{}&#8221; sticky_enabled=&#8221;0&#8243;]<\/p>\n<p>Chaque mois, l&#8217;Hotel West End**** met en lumi\u00e8re l&#8217;un de ses collaborateurs \u00e0 travers une s\u00e9rie de questions visant \u00e0 mieux comprendre son m\u00e9tier et ses motivations au quotidien. Aujourd&#8217;hui, l&#8217;h\u00f4tel pr\u00e9sente Ma\u00eblle Hembert, alternante r\u00e9ceptionniste.<\/p>\n<h3>Pouvez-vous vous pr\u00e9senter ?<\/h3>\n<p>Je m\u2019appelle Ma\u00eblle Hembert, j\u2019ai 22 ans et je suis en alternance \u00e0 l\u2019<a href=\"https:\/\/www.hotel-westend.com\/\" target=\"_blank\" rel=\"noopener\">H\u00f4tel West End<\/a> pour une dur\u00e9e de deux ans, dans le cadre de mon cursus en management h\u00f4telier et tourisme \u00e0 l\u2019\u00e9cole Tunon. Actuellement, je travaille \u00e0 la r\u00e9ception o\u00f9 je m\u2019occupe de l\u2019accueil des clients, de leur arriv\u00e9e jusqu\u2019\u00e0 leur d\u00e9part. J\u2019aime leur pr\u00e9senter la ville de Nice, leur recommander des activit\u00e9s et veiller \u00e0 ce que leur s\u00e9jour se d\u00e9roule dans les meilleures conditions. Au fil de mon parcours, je serai amen\u00e9e \u00e0 d\u00e9couvrir d\u2019autres services, comme le housekeeping ou l\u2019organisation de s\u00e9minaires, afin d\u2019avoir une vision compl\u00e8te des diff\u00e9rents m\u00e9tiers de l\u2019h\u00f4tellerie.<\/p>\n<h3>Qu\u2019est-ce qui vous passionne le plus dans votre m\u00e9tier ?<\/h3>\n<p>Ce qui me passionne, c\u2019est avant tout la relation client. J\u2019aime le contact humain, les \u00e9changes, les sourires et la satisfaction de pouvoir rendre service. L\u2019H\u00f4tel West End accueille une client\u00e8le majoritairement touristique et cela apporte une belle diversit\u00e9 culturelle. Chaque rencontre est diff\u00e9rente et c\u2019est ce qui rend le m\u00e9tier vivant et motivant.<\/p>\n<h3>Quel conseil donneriez-vous \u00e0 un nouveau collaborateur ?<\/h3>\n<p>Je lui dirais d\u2019avoir confiance en lui et de ne pas h\u00e9siter \u00e0 poser des questions. On apprend beaucoup sur le terrain et il ne faut pas avoir peur de faire des erreurs. L\u2019\u00e9quipe de l\u2019H\u00f4tel West End est tr\u00e8s \u00e0 l\u2019\u00e9coute, toujours pr\u00eate \u00e0 aider et \u00e0 partager son exp\u00e9rience. L\u2019ambiance est bienveillante et c\u2019est un environnement id\u00e9al pour progresser.<\/p>\n<h3>Quel est votre endroit pr\u00e9f\u00e9r\u00e9 \u00e0 l\u2019H\u00f4tel West End ?<\/h3>\n<p>J\u2019aime particuli\u00e8rement le salon Herm\u00e8s et le bar d\u2019hiver, le Horse Guard. Ce sont des lieux embl\u00e9matiques qui refl\u00e8tent parfaitement le charme Belle \u00c9poque de l\u2019h\u00f4tel. On y ressent toute l\u2019histoire du lieu.<\/p>\n<h3>Quels sont vos meilleurs souvenirs \u00e0 l\u2019h\u00f4tel ?<\/h3>\n<p>Je n\u2019ai pas encore un souvenir marquant en particulier car je suis encore nouvelle dans l\u2019\u00e9quipe. Mais chaque journ\u00e9e apporte son lot de d\u00e9couvertes et de belles rencontres.<\/p>\n<h3>Quels conseils donneriez-vous aux clients pour profiter pleinement de leur s\u00e9jour ?<\/h3>\n<p>Je leur recommanderais de prendre le temps de d\u00e9couvrir Nice et ses environs : les villages perch\u00e9s comme <a href=\"https:\/\/www.explorenicecotedazur.com\/eze\/\" target=\"_blank\" rel=\"noopener\">\u00c8ze<\/a>, les charmantes ruelles du Vieux-Nice ou encore les villes voisines comme Cannes ou Villefranche-sur-Mer. Et bien s\u00fbr, de profiter pleinement de la plage et du bord de mer, qui font la renomm\u00e9e de la C\u00f4te d\u2019Azur.<\/p>\n<p>[\/et_pb_text][\/et_pb_column][\/et_pb_row][\/et_pb_section]<\/p>\n","protected":false},"excerpt":{"rendered":"<p>Chaque mois, l&#8217;Hotel West End**** met en lumi\u00e8re l&#8217;un de ses collaborateurs. Aujourd&#8217;hui, on vous pr\u00e9sente Ma\u00eblle Hembert&#8230;<\/p>\n","protected":false},"author":7,"featured_media":11346,"comment_status":"closed","ping_status":"closed","sticky":false,"template":"","format":"standard","meta":{"_et_pb_use_builder":"on","_et_pb_old_content":"<!-- wp:paragraph -->\r\n<p>Du 13 au 27 f\u00e9vrier 2021, Nice deviendra la Capitale mondiale de la mode avec la 137e \u00e9dition du Carnaval sur le th\u00e8me \u00ab Roi des animaux \u00bb. Venez admirer le Roi, la Reine et leurs sujets et participer aux extravagants d\u00e9fil\u00e9s de chars, de grosses t\u00eates et aux \u00e9l\u00e9gantes Batailles de Fleurs.<\/p>\r\n<!-- \/wp:paragraph -->\r\n\r\n<!-- wp:paragraph -->\r\n<p>Pendant 15 jours, le Carnaval de Nice, avec ses deux manifestations\u00a0: les Corsi carnavalesques (de jour ou de nuit) et les Batailles de fleurs, imposera son style et vous offrira un spectacle burlesque, magique et initiatique d\u00e9di\u00e9 \u00e0 la mode sous toutes ses coutures.<\/p>\r\n<!-- \/wp:paragraph -->\r\n\r\n<!-- wp:paragraph -->\r\n<p>Les chars cr\u00e9\u00e9s sur le th\u00e8me d\u00e9fileront lors des Corsi carnavalesques (mardis, samedis et dimanche), accompagn\u00e9s de grosses t\u00eates et d\u2019artistes venant du monde entier dans une ambiance festive et populaire, savamment sc\u00e9nographi\u00e9e, pour revisiter l\u2019histoire de la mode, vous faire rire, sourire mais aussi r\u00e9fl\u00e9chir sur la mode et ses dessous. Car si la mode lance des tendances et bouleverse les codes comme les comportements, elle a aussi un r\u00f4le \u00e9thique et responsable \u00e0 jouer.<\/p>\r\n<!-- \/wp:paragraph -->\r\n\r\n<!-- wp:paragraph -->\r\n<p>Les mercredis et samedis apr\u00e8s-midi, venez d\u00e9couvrir l\u2019autre temps du fort du Carnaval\u00a0: les Batailles de Fleurs o\u00f9 le th\u00e8me sera d\u00e9clin\u00e9 sur des chars orn\u00e9s de fleurs valorisant la production locale (80% des fleurs sont produites dans la r\u00e9gion) et anim\u00e9s par des com\u00e9diennes qui porteront des costumes sp\u00e9cialement con\u00e7us pour la manifestation. Un d\u00e9fil\u00e9 unique au monde o\u00f9 des milliers de fleurs seront distribu\u00e9es.<\/p>\r\n<!-- \/wp:paragraph -->\r\n\r\n<!-- wp:paragraph -->\r\n<p>Et n\u2019oubliez pas, grands et petits, d\u00e9guisez de la t\u00eate aux pieds, les corsi seront gratuits\u00a0!<\/p>\r\n<!-- \/wp:paragraph -->\r\n\r\n<!-- wp:paragraph -->\r\n<p><strong>Alors venez prendre part \u00e0 la f\u00eate du 13 au 27 f\u00e9vrier 2021 \u00e0 Nice.<\/strong><\/p>\r\n<!-- \/wp:paragraph -->","_et_gb_content_width":"1150","inline_featured_image":false,"footnotes":""},"categories":[36,37,35],"tags":[],"class_list":["post-11350","post","type-post","status-publish","format-standard","has-post-thumbnail","hentry","category-actualites-en","category-news-en","category-news-en-2022"],"yoast_head":"<!-- This site is optimized with the Yoast SEO plugin v27.5 - https:\/\/yoast.com\/product\/yoast-seo-wordpress\/ -->\n<title>Portrait : Ma\u00eblle Hembert, alternante r\u00e9ceptionniste -<\/title>\n<meta name=\"description\" content=\"Today, the West End**** hotel is honouring one of its employees, Ma\u00eblle Hembert: a work-study receptionist...\" \/>\n<meta name=\"robots\" content=\"index, follow, max-snippet:-1, max-image-preview:large, max-video-preview:-1\" \/>\n<link rel=\"canonical\" href=\"https:\/\/www.hotel-westend.com\/en\/2026\/02\/25\/portrait-maelle-hembert-alternante-receptionniste\/\" \/>\n<meta property=\"og:locale\" content=\"en_US\" \/>\n<meta property=\"og:type\" content=\"article\" \/>\n<meta property=\"og:title\" content=\"Portrait : Ma\u00eblle Hembert, alternante r\u00e9ceptionniste -\" \/>\n<meta property=\"og:description\" content=\"Today, the West End**** hotel is honouring one of its employees, Ma\u00eblle Hembert: a work-study receptionist...\" \/>\n<meta property=\"og:url\" content=\"https:\/\/www.hotel-westend.com\/en\/2026\/02\/25\/portrait-maelle-hembert-alternante-receptionniste\/\" \/>\n<meta property=\"og:site_name\" content=\"Hotel Westend Nice\" \/>\n<meta property=\"article:published_time\" content=\"2026-02-25T08:41:07+00:00\" \/>\n<meta property=\"article:modified_time\" content=\"2026-02-25T13:57:04+00:00\" \/>\n<meta property=\"og:image\" content=\"https:\/\/www.hotel-westend.com\/wp-content\/uploads\/2026\/02\/article-west-end-5-scaled.webp\" \/>\n\t<meta property=\"og:image:width\" content=\"2000\" \/>\n\t<meta property=\"og:image:height\" content=\"1296\" \/>\n\t<meta property=\"og:image:type\" content=\"image\/webp\" \/>\n<meta name=\"author\" content=\"AgenceAZ\" \/>\n<meta name=\"twitter:card\" content=\"summary_large_image\" \/>\n<meta name=\"twitter:label1\" content=\"Written by\" \/>\n\t<meta name=\"twitter:data1\" content=\"AgenceAZ\" \/>\n\t<meta name=\"twitter:label2\" content=\"Est. reading time\" \/>\n\t<meta name=\"twitter:data2\" content=\"3 minutes\" \/>\n<script type=\"application\/ld+json\" class=\"yoast-schema-graph\">{\"@context\":\"https:\\\/\\\/schema.org\",\"@graph\":[{\"@type\":\"Article\",\"@id\":\"https:\\\/\\\/www.hotel-westend.com\\\/en\\\/2026\\\/02\\\/25\\\/portrait-maelle-hembert-alternante-receptionniste\\\/#article\",\"isPartOf\":{\"@id\":\"https:\\\/\\\/www.hotel-westend.com\\\/en\\\/2026\\\/02\\\/25\\\/portrait-maelle-hembert-alternante-receptionniste\\\/\"},\"author\":{\"name\":\"AgenceAZ\",\"@id\":\"https:\\\/\\\/www.hotel-westend.com\\\/#\\\/schema\\\/person\\\/c3ec475886346e12750f94aa1d3d9458\"},\"headline\":\"Portrait : Ma\u00eblle Hembert, alternante r\u00e9ceptionniste\",\"datePublished\":\"2026-02-25T08:41:07+00:00\",\"dateModified\":\"2026-02-25T13:57:04+00:00\",\"mainEntityOfPage\":{\"@id\":\"https:\\\/\\\/www.hotel-westend.com\\\/en\\\/2026\\\/02\\\/25\\\/portrait-maelle-hembert-alternante-receptionniste\\\/\"},\"wordCount\":684,\"image\":{\"@id\":\"https:\\\/\\\/www.hotel-westend.com\\\/en\\\/2026\\\/02\\\/25\\\/portrait-maelle-hembert-alternante-receptionniste\\\/#primaryimage\"},\"thumbnailUrl\":\"https:\\\/\\\/www.hotel-westend.com\\\/wp-content\\\/uploads\\\/2026\\\/02\\\/article-west-end-5-scaled.webp\",\"articleSection\":[\"Actualit\u00e9s\",\"News\",\"News-EN-2022\"],\"inLanguage\":\"en-US\"},{\"@type\":\"WebPage\",\"@id\":\"https:\\\/\\\/www.hotel-westend.com\\\/en\\\/2026\\\/02\\\/25\\\/portrait-maelle-hembert-alternante-receptionniste\\\/\",\"url\":\"https:\\\/\\\/www.hotel-westend.com\\\/en\\\/2026\\\/02\\\/25\\\/portrait-maelle-hembert-alternante-receptionniste\\\/\",\"name\":\"Portrait : Ma\u00eblle Hembert, alternante r\u00e9ceptionniste -\",\"isPartOf\":{\"@id\":\"https:\\\/\\\/www.hotel-westend.com\\\/#website\"},\"primaryImageOfPage\":{\"@id\":\"https:\\\/\\\/www.hotel-westend.com\\\/en\\\/2026\\\/02\\\/25\\\/portrait-maelle-hembert-alternante-receptionniste\\\/#primaryimage\"},\"image\":{\"@id\":\"https:\\\/\\\/www.hotel-westend.com\\\/en\\\/2026\\\/02\\\/25\\\/portrait-maelle-hembert-alternante-receptionniste\\\/#primaryimage\"},\"thumbnailUrl\":\"https:\\\/\\\/www.hotel-westend.com\\\/wp-content\\\/uploads\\\/2026\\\/02\\\/article-west-end-5-scaled.webp\",\"datePublished\":\"2026-02-25T08:41:07+00:00\",\"dateModified\":\"2026-02-25T13:57:04+00:00\",\"author\":{\"@id\":\"https:\\\/\\\/www.hotel-westend.com\\\/#\\\/schema\\\/person\\\/c3ec475886346e12750f94aa1d3d9458\"},\"description\":\"Today, the West End**** hotel is honouring one of its employees, Ma\u00eblle Hembert: a work-study receptionist...\",\"breadcrumb\":{\"@id\":\"https:\\\/\\\/www.hotel-westend.com\\\/en\\\/2026\\\/02\\\/25\\\/portrait-maelle-hembert-alternante-receptionniste\\\/#breadcrumb\"},\"inLanguage\":\"en-US\",\"potentialAction\":[{\"@type\":\"ReadAction\",\"target\":[\"https:\\\/\\\/www.hotel-westend.com\\\/en\\\/2026\\\/02\\\/25\\\/portrait-maelle-hembert-alternante-receptionniste\\\/\"]}]},{\"@type\":\"ImageObject\",\"inLanguage\":\"en-US\",\"@id\":\"https:\\\/\\\/www.hotel-westend.com\\\/en\\\/2026\\\/02\\\/25\\\/portrait-maelle-hembert-alternante-receptionniste\\\/#primaryimage\",\"url\":\"https:\\\/\\\/www.hotel-westend.com\\\/wp-content\\\/uploads\\\/2026\\\/02\\\/article-west-end-5-scaled.webp\",\"contentUrl\":\"https:\\\/\\\/www.hotel-westend.com\\\/wp-content\\\/uploads\\\/2026\\\/02\\\/article-west-end-5-scaled.webp\",\"width\":2000,\"height\":1296,\"caption\":\"portrait-Ma\u00eblle-Hembert-directrice-commerciale-3a-hotels-la-collection-hotel-west-end\"},{\"@type\":\"BreadcrumbList\",\"@id\":\"https:\\\/\\\/www.hotel-westend.com\\\/en\\\/2026\\\/02\\\/25\\\/portrait-maelle-hembert-alternante-receptionniste\\\/#breadcrumb\",\"itemListElement\":[{\"@type\":\"ListItem\",\"position\":1,\"name\":\"Accueil\",\"item\":\"https:\\\/\\\/www.hotel-westend.com\\\/en\\\/\"},{\"@type\":\"ListItem\",\"position\":2,\"name\":\"Portrait : Ma\u00eblle Hembert, alternante r\u00e9ceptionniste\"}]},{\"@type\":\"WebSite\",\"@id\":\"https:\\\/\\\/www.hotel-westend.com\\\/#website\",\"url\":\"https:\\\/\\\/www.hotel-westend.com\\\/\",\"name\":\"Hotel Westend Nice\",\"description\":\"Hotel 4 Etoiles Nice - Promenade Anglais | OFFICIEL \",\"potentialAction\":[{\"@type\":\"SearchAction\",\"target\":{\"@type\":\"EntryPoint\",\"urlTemplate\":\"https:\\\/\\\/www.hotel-westend.com\\\/?s={search_term_string}\"},\"query-input\":{\"@type\":\"PropertyValueSpecification\",\"valueRequired\":true,\"valueName\":\"search_term_string\"}}],\"inLanguage\":\"en-US\"},{\"@type\":\"Person\",\"@id\":\"https:\\\/\\\/www.hotel-westend.com\\\/#\\\/schema\\\/person\\\/c3ec475886346e12750f94aa1d3d9458\",\"name\":\"AgenceAZ\",\"url\":\"https:\\\/\\\/www.hotel-westend.com\\\/en\\\/author\\\/agenceaz\\\/\"}]}<\/script>\n<!-- \/ Yoast SEO plugin. -->","yoast_head_json":{"title":"Portrait : Ma\u00eblle Hembert, alternante r\u00e9ceptionniste -","description":"Today, the West End**** hotel is honouring one of its employees, Ma\u00eblle Hembert: a work-study receptionist...","robots":{"index":"index","follow":"follow","max-snippet":"max-snippet:-1","max-image-preview":"max-image-preview:large","max-video-preview":"max-video-preview:-1"},"canonical":"https:\/\/www.hotel-westend.com\/en\/2026\/02\/25\/portrait-maelle-hembert-alternante-receptionniste\/","og_locale":"en_US","og_type":"article","og_title":"Portrait : Ma\u00eblle Hembert, alternante r\u00e9ceptionniste -","og_description":"Today, the West End**** hotel is honouring one of its employees, Ma\u00eblle Hembert: a work-study receptionist...","og_url":"https:\/\/www.hotel-westend.com\/en\/2026\/02\/25\/portrait-maelle-hembert-alternante-receptionniste\/","og_site_name":"Hotel Westend Nice","article_published_time":"2026-02-25T08:41:07+00:00","article_modified_time":"2026-02-25T13:57:04+00:00","og_image":[{"width":2000,"height":1296,"url":"https:\/\/www.hotel-westend.com\/wp-content\/uploads\/2026\/02\/article-west-end-5-scaled.webp","type":"image\/webp"}],"author":"AgenceAZ","twitter_card":"summary_large_image","twitter_misc":{"Written by":"AgenceAZ","Est. reading time":"3 minutes"},"schema":{"@context":"https:\/\/schema.org","@graph":[{"@type":"Article","@id":"https:\/\/www.hotel-westend.com\/en\/2026\/02\/25\/portrait-maelle-hembert-alternante-receptionniste\/#article","isPartOf":{"@id":"https:\/\/www.hotel-westend.com\/en\/2026\/02\/25\/portrait-maelle-hembert-alternante-receptionniste\/"},"author":{"name":"AgenceAZ","@id":"https:\/\/www.hotel-westend.com\/#\/schema\/person\/c3ec475886346e12750f94aa1d3d9458"},"headline":"Portrait : Ma\u00eblle Hembert, alternante r\u00e9ceptionniste","datePublished":"2026-02-25T08:41:07+00:00","dateModified":"2026-02-25T13:57:04+00:00","mainEntityOfPage":{"@id":"https:\/\/www.hotel-westend.com\/en\/2026\/02\/25\/portrait-maelle-hembert-alternante-receptionniste\/"},"wordCount":684,"image":{"@id":"https:\/\/www.hotel-westend.com\/en\/2026\/02\/25\/portrait-maelle-hembert-alternante-receptionniste\/#primaryimage"},"thumbnailUrl":"https:\/\/www.hotel-westend.com\/wp-content\/uploads\/2026\/02\/article-west-end-5-scaled.webp","articleSection":["Actualit\u00e9s","News","News-EN-2022"],"inLanguage":"en-US"},{"@type":"WebPage","@id":"https:\/\/www.hotel-westend.com\/en\/2026\/02\/25\/portrait-maelle-hembert-alternante-receptionniste\/","url":"https:\/\/www.hotel-westend.com\/en\/2026\/02\/25\/portrait-maelle-hembert-alternante-receptionniste\/","name":"Portrait : Ma\u00eblle Hembert, alternante r\u00e9ceptionniste -","isPartOf":{"@id":"https:\/\/www.hotel-westend.com\/#website"},"primaryImageOfPage":{"@id":"https:\/\/www.hotel-westend.com\/en\/2026\/02\/25\/portrait-maelle-hembert-alternante-receptionniste\/#primaryimage"},"image":{"@id":"https:\/\/www.hotel-westend.com\/en\/2026\/02\/25\/portrait-maelle-hembert-alternante-receptionniste\/#primaryimage"},"thumbnailUrl":"https:\/\/www.hotel-westend.com\/wp-content\/uploads\/2026\/02\/article-west-end-5-scaled.webp","datePublished":"2026-02-25T08:41:07+00:00","dateModified":"2026-02-25T13:57:04+00:00","author":{"@id":"https:\/\/www.hotel-westend.com\/#\/schema\/person\/c3ec475886346e12750f94aa1d3d9458"},"description":"Today, the West End**** hotel is honouring one of its employees, Ma\u00eblle Hembert: a work-study receptionist...","breadcrumb":{"@id":"https:\/\/www.hotel-westend.com\/en\/2026\/02\/25\/portrait-maelle-hembert-alternante-receptionniste\/#breadcrumb"},"inLanguage":"en-US","potentialAction":[{"@type":"ReadAction","target":["https:\/\/www.hotel-westend.com\/en\/2026\/02\/25\/portrait-maelle-hembert-alternante-receptionniste\/"]}]},{"@type":"ImageObject","inLanguage":"en-US","@id":"https:\/\/www.hotel-westend.com\/en\/2026\/02\/25\/portrait-maelle-hembert-alternante-receptionniste\/#primaryimage","url":"https:\/\/www.hotel-westend.com\/wp-content\/uploads\/2026\/02\/article-west-end-5-scaled.webp","contentUrl":"https:\/\/www.hotel-westend.com\/wp-content\/uploads\/2026\/02\/article-west-end-5-scaled.webp","width":2000,"height":1296,"caption":"portrait-Ma\u00eblle-Hembert-directrice-commerciale-3a-hotels-la-collection-hotel-west-end"},{"@type":"BreadcrumbList","@id":"https:\/\/www.hotel-westend.com\/en\/2026\/02\/25\/portrait-maelle-hembert-alternante-receptionniste\/#breadcrumb","itemListElement":[{"@type":"ListItem","position":1,"name":"Accueil","item":"https:\/\/www.hotel-westend.com\/en\/"},{"@type":"ListItem","position":2,"name":"Portrait : Ma\u00eblle Hembert, alternante r\u00e9ceptionniste"}]},{"@type":"WebSite","@id":"https:\/\/www.hotel-westend.com\/#website","url":"https:\/\/www.hotel-westend.com\/","name":"Hotel Westend Nice","description":"Hotel 4 Etoiles Nice - Promenade Anglais | OFFICIEL ","potentialAction":[{"@type":"SearchAction","target":{"@type":"EntryPoint","urlTemplate":"https:\/\/www.hotel-westend.com\/?s={search_term_string}"},"query-input":{"@type":"PropertyValueSpecification","valueRequired":true,"valueName":"search_term_string"}}],"inLanguage":"en-US"},{"@type":"Person","@id":"https:\/\/www.hotel-westend.com\/#\/schema\/person\/c3ec475886346e12750f94aa1d3d9458","name":"AgenceAZ","url":"https:\/\/www.hotel-westend.com\/en\/author\/agenceaz\/"}]}},"_links":{"self":[{"href":"https:\/\/www.hotel-westend.com\/en\/wp-json\/wp\/v2\/posts\/11350","targetHints":{"allow":["GET"]}}],"collection":[{"href":"https:\/\/www.hotel-westend.com\/en\/wp-json\/wp\/v2\/posts"}],"about":[{"href":"https:\/\/www.hotel-westend.com\/en\/wp-json\/wp\/v2\/types\/post"}],"author":[{"embeddable":true,"href":"https:\/\/www.hotel-westend.com\/en\/wp-json\/wp\/v2\/users\/7"}],"replies":[{"embeddable":true,"href":"https:\/\/www.hotel-westend.com\/en\/wp-json\/wp\/v2\/comments?post=11350"}],"version-history":[{"count":6,"href":"https:\/\/www.hotel-westend.com\/en\/wp-json\/wp\/v2\/posts\/11350\/revisions"}],"predecessor-version":[{"id":11400,"href":"https:\/\/www.hotel-westend.com\/en\/wp-json\/wp\/v2\/posts\/11350\/revisions\/11400"}],"wp:featuredmedia":[{"embeddable":true,"href":"https:\/\/www.hotel-westend.com\/en\/wp-json\/wp\/v2\/media\/11346"}],"wp:attachment":[{"href":"https:\/\/www.hotel-westend.com\/en\/wp-json\/wp\/v2\/media?parent=11350"}],"wp:term":[{"taxonomy":"category","embeddable":true,"href":"https:\/\/www.hotel-westend.com\/en\/wp-json\/wp\/v2\/categories?post=11350"},{"taxonomy":"post_tag","embeddable":true,"href":"https:\/\/www.hotel-westend.com\/en\/wp-json\/wp\/v2\/tags?post=11350"}],"curies":[{"name":"wp","href":"https:\/\/api.w.org\/{rel}","templated":true}]}}