{"id":11411,"date":"2026-03-04T09:17:35","date_gmt":"2026-03-04T08:17:35","guid":{"rendered":"https:\/\/www.hotel-westend.com\/?p=11411"},"modified":"2026-03-04T10:20:00","modified_gmt":"2026-03-04T09:20:00","slug":"opera-evening-friday-hotel-west-end","status":"publish","type":"post","link":"https:\/\/www.hotel-westend.com\/en\/2026\/03\/04\/opera-evening-friday-hotel-west-end\/","title":{"rendered":"Opera Evening: Join Us This Friday, March 6 at the H\u00f4tel West End"},"content":{"rendered":"<p>[et_pb_section fb_built=&#8221;1&#8243; admin_label=&#8221;section&#8221; _builder_version=&#8221;4.16&#8243; min_height=&#8221;629.4px&#8221; custom_padding=&#8221;|1px|0px|||&#8221; global_colors_info=&#8221;{}&#8221;][et_pb_row admin_label=&#8221;row&#8221; _builder_version=&#8221;4.27.0&#8243; background_size=&#8221;initial&#8221; background_position=&#8221;top_left&#8221; background_repeat=&#8221;repeat&#8221; custom_margin=&#8221;-4px|auto||auto|false|false&#8221; custom_padding=&#8221;||0px|||&#8221; global_colors_info=&#8221;{}&#8221;][et_pb_column type=&#8221;4_4&#8243; _builder_version=&#8221;4.16&#8243; custom_padding=&#8221;|||&#8221; global_colors_info=&#8221;{}&#8221; custom_padding__hover=&#8221;|||&#8221;][et_pb_text module_class=&#8221;tiretsInverse&#8221; _builder_version=&#8221;4.27.5&#8243; _module_preset=&#8221;default&#8221; header_2_font=&#8221;Gilda Display||||||||&#8221; header_2_text_color=&#8221;#9b8760&#8243; header_2_font_size=&#8221;58px&#8221; width=&#8221;100%&#8221; custom_margin=&#8221;|||0px|false|false&#8221; custom_padding=&#8221;0px|||0px||&#8221; locked=&#8221;off&#8221; global_colors_info=&#8221;{}&#8221;]<\/p>\n<h2>Opera Evening: Join Us This Friday, March 6 at the H\u00f4tel West End<\/h2>\n<p>[\/et_pb_text][et_pb_image src=&#8221;https:\/\/www.hotel-westend.com\/wp-content\/uploads\/2026\/02\/article-west-end-1-scaled.webp&#8221; alt=&#8221;soiree-opera-hotelbeaurivage-hotelwestend-hotelastonlascala-restaurantlesiecle&#8221; title_text=&#8221;soiree-opera-hotelbeaurivage-hotelwestend-hotelastonlascala-restaurantlesiecle&#8221; _builder_version=&#8221;4.27.5&#8243; _module_preset=&#8221;default&#8221; global_colors_info=&#8221;{}&#8221;][\/et_pb_image][et_pb_text admin_label=&#8221;Text&#8221; _builder_version=&#8221;4.27.5&#8243; background_size=&#8221;initial&#8221; background_position=&#8221;top_left&#8221; background_repeat=&#8221;repeat&#8221; width=&#8221;100%&#8221; hover_enabled=&#8221;0&#8243; global_colors_info=&#8221;{}&#8221; sticky_enabled=&#8221;0&#8243;]<\/p>\n<p>This Friday, March 6, 2026,<a href=\"https:\/\/www.hotel-westend.com\/\" target=\"_blank\" rel=\"noopener\"> the H\u00f4tel West End<\/a> invites you to experience the Opera Evening in its iconic restaurant, Le Si\u00e8cle. An immersive experience where fine dining meets the magic of lyrical singing.<\/p>\n<h3>An Original Concept: When Dinner Becomes the Show<\/h3>\n<p>The evening begins as you take your seat. The lighting is soft, conversations fill the room, and the first courses are served. Then, almost without warning, the rhythm of the dinner shifts. The waiters you thought were solely dedicated to service reveal their true talent \u2014 and become opera performers.<\/p>\n<p>Inspired by the \u201csinging waiters\u201d concept, this dinner show both surprises and enchants. The performers, appearing as members of the staff, unveil powerful and moving vocal performances, transforming the meal into a true stage experience. It is lively, interactive, and above all unforgettable \u2014 where emotion arises exactly where you least expect it.<\/p>\n<h3>Two Exceptional Voices for a Unique Evening<\/h3>\n<p>This friday, two talented artists will light up the room. Laurie Jauffret, a soprano trained at the National Conservatory of Nice, captivates audiences with the purity and sensitivity of her voice. Alongside her, Gilles San Juan, tenor at the Opera of Nice and revealed to the general public during Season 8 of The Voice, brings the full power and intensity of the great operatic repertoire.<br \/>Their artistic chemistry, energy, and generosity create a vibrant atmosphere that fills the space and touches every guest.<\/p>\n<h3>Le Si\u00e8cle: Elegance in the Heart of the Promenade des Anglais<\/h3>\n<p>Located at the foot of the hotel, facing the famous <a href=\"https:\/\/www.explorenicecotedazur.com\/fiche\/promenade-des-anglais\/\" target=\"_blank\" rel=\"noopener\">Promenade des Anglais<\/a>, the restaurant Le Si\u00e8cle offers an exceptional setting. Its Art Nouveau d\u00e9cor, red velvet banquettes, and stunning Art Deco glass ceiling immerse guests in a refined atmosphere.<\/p>\n<p>In the kitchen, the chef and his team present a menu where tradition and modernity meet with subtlety. Delicately scented vegetable risotto, chateaubriand flamb\u00e9ed with Cognac, rigatoni with gorgonzola\u2026 Each dish celebrates Mediterranean flavors and elegantly accompanies the evening\u2019s soaring operatic performances.<\/p>\n<p>Don&#8217;t wait any longer to make your reservation by calling 04 92 14 44 00 or visiting the official website of the West End Hotel.<\/p>\n<p>[\/et_pb_text][\/et_pb_column][\/et_pb_row][\/et_pb_section]<\/p>\n","protected":false},"excerpt":{"rendered":"<p>This Friday, 6 March 2026, the West End Hotel invites you to enjoy the Opera Evening at its iconic restaurant&#8230;<\/p>\n","protected":false},"author":7,"featured_media":11407,"comment_status":"closed","ping_status":"closed","sticky":false,"template":"","format":"standard","meta":{"_et_pb_use_builder":"on","_et_pb_old_content":"<!-- wp:paragraph -->\r\n<p>Du 13 au 27 f\u00e9vrier 2021, Nice deviendra la Capitale mondiale de la mode avec la 137e \u00e9dition du Carnaval sur le th\u00e8me \u00ab Roi des animaux \u00bb. Venez admirer le Roi, la Reine et leurs sujets et participer aux extravagants d\u00e9fil\u00e9s de chars, de grosses t\u00eates et aux \u00e9l\u00e9gantes Batailles de Fleurs.<\/p>\r\n<!-- \/wp:paragraph -->\r\n\r\n<!-- wp:paragraph -->\r\n<p>Pendant 15 jours, le Carnaval de Nice, avec ses deux manifestations\u00a0: les Corsi carnavalesques (de jour ou de nuit) et les Batailles de fleurs, imposera son style et vous offrira un spectacle burlesque, magique et initiatique d\u00e9di\u00e9 \u00e0 la mode sous toutes ses coutures.<\/p>\r\n<!-- \/wp:paragraph -->\r\n\r\n<!-- wp:paragraph -->\r\n<p>Les chars cr\u00e9\u00e9s sur le th\u00e8me d\u00e9fileront lors des Corsi carnavalesques (mardis, samedis et dimanche), accompagn\u00e9s de grosses t\u00eates et d\u2019artistes venant du monde entier dans une ambiance festive et populaire, savamment sc\u00e9nographi\u00e9e, pour revisiter l\u2019histoire de la mode, vous faire rire, sourire mais aussi r\u00e9fl\u00e9chir sur la mode et ses dessous. Car si la mode lance des tendances et bouleverse les codes comme les comportements, elle a aussi un r\u00f4le \u00e9thique et responsable \u00e0 jouer.<\/p>\r\n<!-- \/wp:paragraph -->\r\n\r\n<!-- wp:paragraph -->\r\n<p>Les mercredis et samedis apr\u00e8s-midi, venez d\u00e9couvrir l\u2019autre temps du fort du Carnaval\u00a0: les Batailles de Fleurs o\u00f9 le th\u00e8me sera d\u00e9clin\u00e9 sur des chars orn\u00e9s de fleurs valorisant la production locale (80% des fleurs sont produites dans la r\u00e9gion) et anim\u00e9s par des com\u00e9diennes qui porteront des costumes sp\u00e9cialement con\u00e7us pour la manifestation. Un d\u00e9fil\u00e9 unique au monde o\u00f9 des milliers de fleurs seront distribu\u00e9es.<\/p>\r\n<!-- \/wp:paragraph -->\r\n\r\n<!-- wp:paragraph -->\r\n<p>Et n\u2019oubliez pas, grands et petits, d\u00e9guisez de la t\u00eate aux pieds, les corsi seront gratuits\u00a0!<\/p>\r\n<!-- \/wp:paragraph -->\r\n\r\n<!-- wp:paragraph -->\r\n<p><strong>Alors venez prendre part \u00e0 la f\u00eate du 13 au 27 f\u00e9vrier 2021 \u00e0 Nice.<\/strong><\/p>\r\n<!-- \/wp:paragraph -->","_et_gb_content_width":"1150","inline_featured_image":false,"footnotes":""},"categories":[36,37,35],"tags":[],"class_list":["post-11411","post","type-post","status-publish","format-standard","has-post-thumbnail","hentry","category-actualites-en","category-news-en","category-news-en-2022"],"yoast_head":"<!-- This site is optimized with the Yoast SEO plugin v27.5 - https:\/\/yoast.com\/product\/yoast-seo-wordpress\/ -->\n<title>Opera Evening: Join Us This Friday, March 6 at the H\u00f4tel West End -<\/title>\n<meta name=\"description\" content=\"This Friday, 6 March 2026, the West End Hotel invites you to enjoy the Opera Evening at its iconic restaurant...\" \/>\n<meta name=\"robots\" content=\"index, follow, max-snippet:-1, max-image-preview:large, max-video-preview:-1\" \/>\n<link rel=\"canonical\" href=\"https:\/\/www.hotel-westend.com\/en\/2026\/03\/04\/opera-evening-friday-hotel-west-end\/\" \/>\n<meta property=\"og:locale\" content=\"en_US\" \/>\n<meta property=\"og:type\" content=\"article\" \/>\n<meta property=\"og:title\" content=\"Opera Evening: Join Us This Friday, March 6 at the H\u00f4tel West End -\" \/>\n<meta property=\"og:description\" content=\"This Friday, 6 March 2026, the West End Hotel invites you to enjoy the Opera Evening at its iconic restaurant...\" \/>\n<meta property=\"og:url\" content=\"https:\/\/www.hotel-westend.com\/en\/2026\/03\/04\/opera-evening-friday-hotel-west-end\/\" \/>\n<meta property=\"og:site_name\" content=\"Hotel Westend Nice\" \/>\n<meta property=\"article:published_time\" content=\"2026-03-04T08:17:35+00:00\" \/>\n<meta property=\"article:modified_time\" content=\"2026-03-04T09:20:00+00:00\" \/>\n<meta property=\"og:image\" content=\"https:\/\/www.hotel-westend.com\/wp-content\/uploads\/2026\/02\/article-west-end-1-scaled.webp\" \/>\n\t<meta property=\"og:image:width\" content=\"2000\" \/>\n\t<meta property=\"og:image:height\" content=\"1296\" \/>\n\t<meta property=\"og:image:type\" content=\"image\/webp\" \/>\n<meta name=\"author\" content=\"AgenceAZ\" \/>\n<meta name=\"twitter:card\" content=\"summary_large_image\" \/>\n<meta name=\"twitter:label1\" content=\"Written by\" \/>\n\t<meta name=\"twitter:data1\" content=\"AgenceAZ\" \/>\n\t<meta name=\"twitter:label2\" content=\"Est. reading time\" \/>\n\t<meta name=\"twitter:data2\" content=\"3 minutes\" \/>\n<script type=\"application\/ld+json\" class=\"yoast-schema-graph\">{\"@context\":\"https:\\\/\\\/schema.org\",\"@graph\":[{\"@type\":\"Article\",\"@id\":\"https:\\\/\\\/www.hotel-westend.com\\\/en\\\/2026\\\/03\\\/04\\\/opera-evening-friday-hotel-west-end\\\/#article\",\"isPartOf\":{\"@id\":\"https:\\\/\\\/www.hotel-westend.com\\\/en\\\/2026\\\/03\\\/04\\\/opera-evening-friday-hotel-west-end\\\/\"},\"author\":{\"name\":\"AgenceAZ\",\"@id\":\"https:\\\/\\\/www.hotel-westend.com\\\/#\\\/schema\\\/person\\\/c3ec475886346e12750f94aa1d3d9458\"},\"headline\":\"Opera Evening: Join Us This Friday, March 6 at the H\u00f4tel West End\",\"datePublished\":\"2026-03-04T08:17:35+00:00\",\"dateModified\":\"2026-03-04T09:20:00+00:00\",\"mainEntityOfPage\":{\"@id\":\"https:\\\/\\\/www.hotel-westend.com\\\/en\\\/2026\\\/03\\\/04\\\/opera-evening-friday-hotel-west-end\\\/\"},\"wordCount\":550,\"image\":{\"@id\":\"https:\\\/\\\/www.hotel-westend.com\\\/en\\\/2026\\\/03\\\/04\\\/opera-evening-friday-hotel-west-end\\\/#primaryimage\"},\"thumbnailUrl\":\"https:\\\/\\\/www.hotel-westend.com\\\/wp-content\\\/uploads\\\/2026\\\/02\\\/article-west-end-1-scaled.webp\",\"articleSection\":[\"Actualit\u00e9s\",\"News\",\"News-EN-2022\"],\"inLanguage\":\"en-US\"},{\"@type\":\"WebPage\",\"@id\":\"https:\\\/\\\/www.hotel-westend.com\\\/en\\\/2026\\\/03\\\/04\\\/opera-evening-friday-hotel-west-end\\\/\",\"url\":\"https:\\\/\\\/www.hotel-westend.com\\\/en\\\/2026\\\/03\\\/04\\\/opera-evening-friday-hotel-west-end\\\/\",\"name\":\"Opera Evening: Join Us This Friday, March 6 at the H\u00f4tel West End -\",\"isPartOf\":{\"@id\":\"https:\\\/\\\/www.hotel-westend.com\\\/#website\"},\"primaryImageOfPage\":{\"@id\":\"https:\\\/\\\/www.hotel-westend.com\\\/en\\\/2026\\\/03\\\/04\\\/opera-evening-friday-hotel-west-end\\\/#primaryimage\"},\"image\":{\"@id\":\"https:\\\/\\\/www.hotel-westend.com\\\/en\\\/2026\\\/03\\\/04\\\/opera-evening-friday-hotel-west-end\\\/#primaryimage\"},\"thumbnailUrl\":\"https:\\\/\\\/www.hotel-westend.com\\\/wp-content\\\/uploads\\\/2026\\\/02\\\/article-west-end-1-scaled.webp\",\"datePublished\":\"2026-03-04T08:17:35+00:00\",\"dateModified\":\"2026-03-04T09:20:00+00:00\",\"author\":{\"@id\":\"https:\\\/\\\/www.hotel-westend.com\\\/#\\\/schema\\\/person\\\/c3ec475886346e12750f94aa1d3d9458\"},\"description\":\"This Friday, 6 March 2026, the West End Hotel invites you to enjoy the Opera Evening at its iconic restaurant...\",\"breadcrumb\":{\"@id\":\"https:\\\/\\\/www.hotel-westend.com\\\/en\\\/2026\\\/03\\\/04\\\/opera-evening-friday-hotel-west-end\\\/#breadcrumb\"},\"inLanguage\":\"en-US\",\"potentialAction\":[{\"@type\":\"ReadAction\",\"target\":[\"https:\\\/\\\/www.hotel-westend.com\\\/en\\\/2026\\\/03\\\/04\\\/opera-evening-friday-hotel-west-end\\\/\"]}]},{\"@type\":\"ImageObject\",\"inLanguage\":\"en-US\",\"@id\":\"https:\\\/\\\/www.hotel-westend.com\\\/en\\\/2026\\\/03\\\/04\\\/opera-evening-friday-hotel-west-end\\\/#primaryimage\",\"url\":\"https:\\\/\\\/www.hotel-westend.com\\\/wp-content\\\/uploads\\\/2026\\\/02\\\/article-west-end-1-scaled.webp\",\"contentUrl\":\"https:\\\/\\\/www.hotel-westend.com\\\/wp-content\\\/uploads\\\/2026\\\/02\\\/article-west-end-1-scaled.webp\",\"width\":2000,\"height\":1296,\"caption\":\"soiree-opera-hotelbeaurivage-hotelwestend-hotelastonlascala-restaurantlesiecle\"},{\"@type\":\"BreadcrumbList\",\"@id\":\"https:\\\/\\\/www.hotel-westend.com\\\/en\\\/2026\\\/03\\\/04\\\/opera-evening-friday-hotel-west-end\\\/#breadcrumb\",\"itemListElement\":[{\"@type\":\"ListItem\",\"position\":1,\"name\":\"Accueil\",\"item\":\"https:\\\/\\\/www.hotel-westend.com\\\/en\\\/\"},{\"@type\":\"ListItem\",\"position\":2,\"name\":\"Opera Evening: Join Us This Friday, March 6 at the H\u00f4tel West End\"}]},{\"@type\":\"WebSite\",\"@id\":\"https:\\\/\\\/www.hotel-westend.com\\\/#website\",\"url\":\"https:\\\/\\\/www.hotel-westend.com\\\/\",\"name\":\"Hotel Westend Nice\",\"description\":\"Hotel 4 Etoiles Nice - Promenade Anglais | OFFICIEL \",\"potentialAction\":[{\"@type\":\"SearchAction\",\"target\":{\"@type\":\"EntryPoint\",\"urlTemplate\":\"https:\\\/\\\/www.hotel-westend.com\\\/?s={search_term_string}\"},\"query-input\":{\"@type\":\"PropertyValueSpecification\",\"valueRequired\":true,\"valueName\":\"search_term_string\"}}],\"inLanguage\":\"en-US\"},{\"@type\":\"Person\",\"@id\":\"https:\\\/\\\/www.hotel-westend.com\\\/#\\\/schema\\\/person\\\/c3ec475886346e12750f94aa1d3d9458\",\"name\":\"AgenceAZ\",\"url\":\"https:\\\/\\\/www.hotel-westend.com\\\/en\\\/author\\\/agenceaz\\\/\"}]}<\/script>\n<!-- \/ Yoast SEO plugin. -->","yoast_head_json":{"title":"Opera Evening: Join Us This Friday, March 6 at the H\u00f4tel West End -","description":"This Friday, 6 March 2026, the West End Hotel invites you to enjoy the Opera Evening at its iconic restaurant...","robots":{"index":"index","follow":"follow","max-snippet":"max-snippet:-1","max-image-preview":"max-image-preview:large","max-video-preview":"max-video-preview:-1"},"canonical":"https:\/\/www.hotel-westend.com\/en\/2026\/03\/04\/opera-evening-friday-hotel-west-end\/","og_locale":"en_US","og_type":"article","og_title":"Opera Evening: Join Us This Friday, March 6 at the H\u00f4tel West End -","og_description":"This Friday, 6 March 2026, the West End Hotel invites you to enjoy the Opera Evening at its iconic restaurant...","og_url":"https:\/\/www.hotel-westend.com\/en\/2026\/03\/04\/opera-evening-friday-hotel-west-end\/","og_site_name":"Hotel Westend Nice","article_published_time":"2026-03-04T08:17:35+00:00","article_modified_time":"2026-03-04T09:20:00+00:00","og_image":[{"width":2000,"height":1296,"url":"https:\/\/www.hotel-westend.com\/wp-content\/uploads\/2026\/02\/article-west-end-1-scaled.webp","type":"image\/webp"}],"author":"AgenceAZ","twitter_card":"summary_large_image","twitter_misc":{"Written by":"AgenceAZ","Est. reading time":"3 minutes"},"schema":{"@context":"https:\/\/schema.org","@graph":[{"@type":"Article","@id":"https:\/\/www.hotel-westend.com\/en\/2026\/03\/04\/opera-evening-friday-hotel-west-end\/#article","isPartOf":{"@id":"https:\/\/www.hotel-westend.com\/en\/2026\/03\/04\/opera-evening-friday-hotel-west-end\/"},"author":{"name":"AgenceAZ","@id":"https:\/\/www.hotel-westend.com\/#\/schema\/person\/c3ec475886346e12750f94aa1d3d9458"},"headline":"Opera Evening: Join Us This Friday, March 6 at the H\u00f4tel West End","datePublished":"2026-03-04T08:17:35+00:00","dateModified":"2026-03-04T09:20:00+00:00","mainEntityOfPage":{"@id":"https:\/\/www.hotel-westend.com\/en\/2026\/03\/04\/opera-evening-friday-hotel-west-end\/"},"wordCount":550,"image":{"@id":"https:\/\/www.hotel-westend.com\/en\/2026\/03\/04\/opera-evening-friday-hotel-west-end\/#primaryimage"},"thumbnailUrl":"https:\/\/www.hotel-westend.com\/wp-content\/uploads\/2026\/02\/article-west-end-1-scaled.webp","articleSection":["Actualit\u00e9s","News","News-EN-2022"],"inLanguage":"en-US"},{"@type":"WebPage","@id":"https:\/\/www.hotel-westend.com\/en\/2026\/03\/04\/opera-evening-friday-hotel-west-end\/","url":"https:\/\/www.hotel-westend.com\/en\/2026\/03\/04\/opera-evening-friday-hotel-west-end\/","name":"Opera Evening: Join Us This Friday, March 6 at the H\u00f4tel West End -","isPartOf":{"@id":"https:\/\/www.hotel-westend.com\/#website"},"primaryImageOfPage":{"@id":"https:\/\/www.hotel-westend.com\/en\/2026\/03\/04\/opera-evening-friday-hotel-west-end\/#primaryimage"},"image":{"@id":"https:\/\/www.hotel-westend.com\/en\/2026\/03\/04\/opera-evening-friday-hotel-west-end\/#primaryimage"},"thumbnailUrl":"https:\/\/www.hotel-westend.com\/wp-content\/uploads\/2026\/02\/article-west-end-1-scaled.webp","datePublished":"2026-03-04T08:17:35+00:00","dateModified":"2026-03-04T09:20:00+00:00","author":{"@id":"https:\/\/www.hotel-westend.com\/#\/schema\/person\/c3ec475886346e12750f94aa1d3d9458"},"description":"This Friday, 6 March 2026, the West End Hotel invites you to enjoy the Opera Evening at its iconic restaurant...","breadcrumb":{"@id":"https:\/\/www.hotel-westend.com\/en\/2026\/03\/04\/opera-evening-friday-hotel-west-end\/#breadcrumb"},"inLanguage":"en-US","potentialAction":[{"@type":"ReadAction","target":["https:\/\/www.hotel-westend.com\/en\/2026\/03\/04\/opera-evening-friday-hotel-west-end\/"]}]},{"@type":"ImageObject","inLanguage":"en-US","@id":"https:\/\/www.hotel-westend.com\/en\/2026\/03\/04\/opera-evening-friday-hotel-west-end\/#primaryimage","url":"https:\/\/www.hotel-westend.com\/wp-content\/uploads\/2026\/02\/article-west-end-1-scaled.webp","contentUrl":"https:\/\/www.hotel-westend.com\/wp-content\/uploads\/2026\/02\/article-west-end-1-scaled.webp","width":2000,"height":1296,"caption":"soiree-opera-hotelbeaurivage-hotelwestend-hotelastonlascala-restaurantlesiecle"},{"@type":"BreadcrumbList","@id":"https:\/\/www.hotel-westend.com\/en\/2026\/03\/04\/opera-evening-friday-hotel-west-end\/#breadcrumb","itemListElement":[{"@type":"ListItem","position":1,"name":"Accueil","item":"https:\/\/www.hotel-westend.com\/en\/"},{"@type":"ListItem","position":2,"name":"Opera Evening: Join Us This Friday, March 6 at the H\u00f4tel West End"}]},{"@type":"WebSite","@id":"https:\/\/www.hotel-westend.com\/#website","url":"https:\/\/www.hotel-westend.com\/","name":"Hotel Westend Nice","description":"Hotel 4 Etoiles Nice - Promenade Anglais | OFFICIEL ","potentialAction":[{"@type":"SearchAction","target":{"@type":"EntryPoint","urlTemplate":"https:\/\/www.hotel-westend.com\/?s={search_term_string}"},"query-input":{"@type":"PropertyValueSpecification","valueRequired":true,"valueName":"search_term_string"}}],"inLanguage":"en-US"},{"@type":"Person","@id":"https:\/\/www.hotel-westend.com\/#\/schema\/person\/c3ec475886346e12750f94aa1d3d9458","name":"AgenceAZ","url":"https:\/\/www.hotel-westend.com\/en\/author\/agenceaz\/"}]}},"_links":{"self":[{"href":"https:\/\/www.hotel-westend.com\/en\/wp-json\/wp\/v2\/posts\/11411","targetHints":{"allow":["GET"]}}],"collection":[{"href":"https:\/\/www.hotel-westend.com\/en\/wp-json\/wp\/v2\/posts"}],"about":[{"href":"https:\/\/www.hotel-westend.com\/en\/wp-json\/wp\/v2\/types\/post"}],"author":[{"embeddable":true,"href":"https:\/\/www.hotel-westend.com\/en\/wp-json\/wp\/v2\/users\/7"}],"replies":[{"embeddable":true,"href":"https:\/\/www.hotel-westend.com\/en\/wp-json\/wp\/v2\/comments?post=11411"}],"version-history":[{"count":9,"href":"https:\/\/www.hotel-westend.com\/en\/wp-json\/wp\/v2\/posts\/11411\/revisions"}],"predecessor-version":[{"id":11444,"href":"https:\/\/www.hotel-westend.com\/en\/wp-json\/wp\/v2\/posts\/11411\/revisions\/11444"}],"wp:featuredmedia":[{"embeddable":true,"href":"https:\/\/www.hotel-westend.com\/en\/wp-json\/wp\/v2\/media\/11407"}],"wp:attachment":[{"href":"https:\/\/www.hotel-westend.com\/en\/wp-json\/wp\/v2\/media?parent=11411"}],"wp:term":[{"taxonomy":"category","embeddable":true,"href":"https:\/\/www.hotel-westend.com\/en\/wp-json\/wp\/v2\/categories?post=11411"},{"taxonomy":"post_tag","embeddable":true,"href":"https:\/\/www.hotel-westend.com\/en\/wp-json\/wp\/v2\/tags?post=11411"}],"curies":[{"name":"wp","href":"https:\/\/api.w.org\/{rel}","templated":true}]}}