{"id":11607,"date":"2026-04-29T09:25:37","date_gmt":"2026-04-29T07:25:37","guid":{"rendered":"https:\/\/www.hotel-westend.com\/?p=11607"},"modified":"2026-04-17T10:42:24","modified_gmt":"2026-04-17T08:42:24","slug":"portrait-claire-embriaco-directrice-ventes-3ahotels","status":"publish","type":"post","link":"https:\/\/www.hotel-westend.com\/en\/2026\/04\/29\/portrait-claire-embriaco-directrice-ventes-3ahotels\/","title":{"rendered":"Profile: Claire Embriaco, Deputy Sales Director at 3A H\u00f4tels La Collection"},"content":{"rendered":"<p>[et_pb_section fb_built=&#8221;1&#8243; admin_label=&#8221;section&#8221; _builder_version=&#8221;4.16&#8243; min_height=&#8221;629.4px&#8221; custom_padding=&#8221;||0px|||&#8221; global_colors_info=&#8221;{}&#8221;][et_pb_row admin_label=&#8221;row&#8221; _builder_version=&#8221;4.27.0&#8243; background_size=&#8221;initial&#8221; background_position=&#8221;top_left&#8221; background_repeat=&#8221;repeat&#8221; custom_margin=&#8221;-4px|auto||auto|false|false&#8221; custom_padding=&#8221;||0px|||&#8221; global_colors_info=&#8221;{}&#8221;][et_pb_column type=&#8221;4_4&#8243; _builder_version=&#8221;4.16&#8243; custom_padding=&#8221;|||&#8221; global_colors_info=&#8221;{}&#8221; custom_padding__hover=&#8221;|||&#8221;][et_pb_text module_class=&#8221;tiretsInverse&#8221; _builder_version=&#8221;4.27.5&#8243; _module_preset=&#8221;default&#8221; header_2_font=&#8221;Gilda Display||||||||&#8221; header_2_text_color=&#8221;#9b8760&#8243; header_2_font_size=&#8221;58px&#8221; width=&#8221;100%&#8221; custom_margin=&#8221;|||0px|false|false&#8221; custom_padding=&#8221;0px|||0px||&#8221; hover_enabled=&#8221;0&#8243; locked=&#8221;off&#8221; global_colors_info=&#8221;{}&#8221; sticky_enabled=&#8221;0&#8243;]<\/p>\n<h2>Profile: Claire Embriaco, Deputy Sales Director at 3A H\u00f4tels La Collection<\/h2>\n<p>[\/et_pb_text][et_pb_image src=&#8221;https:\/\/www.hotel-westend.com\/wp-content\/uploads\/2026\/04\/3-scaled.webp&#8221; alt=&#8221;portrait-claire-embriaco-3a-hotels-la-collection-hotel-west-end&#8221; title_text=&#8221;portrait-claire-embriaco-3a-hotels-la-collection-hotel-west-end&#8221; _builder_version=&#8221;4.27.5&#8243; _module_preset=&#8221;default&#8221; global_colors_info=&#8221;{}&#8221;][\/et_pb_image][et_pb_text admin_label=&#8221;Text&#8221; _builder_version=&#8221;4.27.5&#8243; background_size=&#8221;initial&#8221; background_position=&#8221;top_left&#8221; background_repeat=&#8221;repeat&#8221; hover_enabled=&#8221;0&#8243; global_colors_info=&#8221;{}&#8221; sticky_enabled=&#8221;0&#8243;]<\/p>\n<p>Each month, <a href=\"https:\/\/www.hotel-westend.com\/en\/\" target=\"_blank\" rel=\"noopener\">H\u00f4tel West End****<\/a> is delighted to spotlight one of its team members through a series of questions, offering insight into their role and what drives them in their work. Today, the hotel is pleased to feature Claire Embriaco, Deputy Sales Director within the <a href=\"https:\/\/www.instagram.com\/3ahotels\/\" target=\"_blank\" rel=\"noopener\">3A H\u00f4tels La Collection group<\/a>.<\/p>\n<h3>Could you introduce yourself and tell us about your role within 3A H\u00f4tels La Collection?<\/h3>\n<p>My name is Claire. I joined the group in 2004 at Plage Beau Rivage, before moving to H\u00f4tel Beau Rivage from 2005 to 2015. That same year, the sales departments of the 3A collection properties were brought together.<\/p>\n<p>Today, I serve as Deputy Sales Director for H\u00f4tel &amp; R\u00e9sidence Aston La Scala, H\u00f4tel Beau Rivage, and H\u00f4tel West End. I oversee the reservations department as well as revenue management. My role involves analyzing past performance in order to optimize future sales and offer the best pricing strategies for upcoming periods.<\/p>\n<h3>What are you most passionate about in your job?<\/h3>\n<p>What I\u2019m most passionate about is hospitality itself. I love the idea that people sometimes travel long distances to stay with us, in our city and in our hotels. It\u2019s up to us to ensure their experience is unique and memorable.<\/p>\n<h3>How do you collaborate with the teams across different hotels?<\/h3>\n<p>I work closely with the management teams of each property, with whom I regularly discuss strategies to implement. I also collaborate a great deal with the Rooms Division Manager to ensure everything is perfectly organized and that every detail is under control.<\/p>\n<h3>What advice would you give to a new team member?<\/h3>\n<p>I would advise them to love what they do and fully commit to it. It\u2019s also essential to take an interest in everyone\u2019s role, as we work as a team and every position contributes to the smooth running of our guests\u2019 stay.<\/p>\n<h3>What do you consider to be the main strength of the 3A H\u00f4tels group for travelers?<\/h3>\n<p>One of our key strengths lies in the complementarity of our four properties in Nice. We offer a variety of experiences: a hotel located in Old Nice with H\u00f4tel Beau Rivage, a hotel and residence ideally located on Place Mass\u00e9na with a rooftop at H\u00f4tel Aston La Scala, and of course H\u00f4tel West End, with its Belle \u00c9poque d\u00e9cor and beautiful sea-view rooms.<\/p>\n<h3>What is your favorite place at H\u00f4tel West End and why?<\/h3>\n<p>First, the reception area, for its human aspect\u2014it\u2019s a lively space where everything happens. You see guests arriving, happy and eager to discover the hotel and settle in, as well as more emotional departures, with satisfied guests often promising to return.<\/p>\n<p>Then there\u2019s room 517: a high-floor room with modern d\u00e9cor and an exceptional sea view. You can hear the waves and completely lose yourself in the scenery. I could stay there for hours, watching the light change throughout the day, from sunrise to sunset.<\/p>\n<h3>What makes it different from the other properties in the group?<\/h3>\n<p>H\u00f4tel West End stands out in particular for its location on the Promenade des Anglais. It is the only property in the group to offer sea-view rooms. To me, it\u2019s a place that tells a real story.<\/p>\n<h3>Do you have a particularly memorable moment from your time within the group that you\u2019d like to share?<\/h3>\n<p>To be completely honest, there are so many that it\u2019s difficult to choose just one.<\/p>\n<h3>What advice would you give guests to make the most of their stay?<\/h3>\n<p>First, I would recommend booking a sea-view room to fully enjoy the scenery. Then, I would suggest exploring Old Nice by wandering through its narrow streets\u2014and of course, not missing a taste of socca, an essential local specialty.<\/p>\n<p>[\/et_pb_text][\/et_pb_column][\/et_pb_row][\/et_pb_section]<\/p>\n","protected":false},"excerpt":{"rendered":"<p>Every month, the Hotel West End**** puts one of its staff members in the spotlight. Today, we\u2019d like to introduce you to Claire Embriaco&#8230;<\/p>\n","protected":false},"author":7,"featured_media":11603,"comment_status":"closed","ping_status":"closed","sticky":false,"template":"","format":"standard","meta":{"_et_pb_use_builder":"on","_et_pb_old_content":"<!-- wp:paragraph -->\r\n<p>Du 13 au 27 f\u00e9vrier 2021, Nice deviendra la Capitale mondiale de la mode avec la 137e \u00e9dition du Carnaval sur le th\u00e8me \u00ab Roi des animaux \u00bb. Venez admirer le Roi, la Reine et leurs sujets et participer aux extravagants d\u00e9fil\u00e9s de chars, de grosses t\u00eates et aux \u00e9l\u00e9gantes Batailles de Fleurs.<\/p>\r\n<!-- \/wp:paragraph -->\r\n\r\n<!-- wp:paragraph -->\r\n<p>Pendant 15 jours, le Carnaval de Nice, avec ses deux manifestations\u00a0: les Corsi carnavalesques (de jour ou de nuit) et les Batailles de fleurs, imposera son style et vous offrira un spectacle burlesque, magique et initiatique d\u00e9di\u00e9 \u00e0 la mode sous toutes ses coutures.<\/p>\r\n<!-- \/wp:paragraph -->\r\n\r\n<!-- wp:paragraph -->\r\n<p>Les chars cr\u00e9\u00e9s sur le th\u00e8me d\u00e9fileront lors des Corsi carnavalesques (mardis, samedis et dimanche), accompagn\u00e9s de grosses t\u00eates et d\u2019artistes venant du monde entier dans une ambiance festive et populaire, savamment sc\u00e9nographi\u00e9e, pour revisiter l\u2019histoire de la mode, vous faire rire, sourire mais aussi r\u00e9fl\u00e9chir sur la mode et ses dessous. Car si la mode lance des tendances et bouleverse les codes comme les comportements, elle a aussi un r\u00f4le \u00e9thique et responsable \u00e0 jouer.<\/p>\r\n<!-- \/wp:paragraph -->\r\n\r\n<!-- wp:paragraph -->\r\n<p>Les mercredis et samedis apr\u00e8s-midi, venez d\u00e9couvrir l\u2019autre temps du fort du Carnaval\u00a0: les Batailles de Fleurs o\u00f9 le th\u00e8me sera d\u00e9clin\u00e9 sur des chars orn\u00e9s de fleurs valorisant la production locale (80% des fleurs sont produites dans la r\u00e9gion) et anim\u00e9s par des com\u00e9diennes qui porteront des costumes sp\u00e9cialement con\u00e7us pour la manifestation. Un d\u00e9fil\u00e9 unique au monde o\u00f9 des milliers de fleurs seront distribu\u00e9es.<\/p>\r\n<!-- \/wp:paragraph -->\r\n\r\n<!-- wp:paragraph -->\r\n<p>Et n\u2019oubliez pas, grands et petits, d\u00e9guisez de la t\u00eate aux pieds, les corsi seront gratuits\u00a0!<\/p>\r\n<!-- \/wp:paragraph -->\r\n\r\n<!-- wp:paragraph -->\r\n<p><strong>Alors venez prendre part \u00e0 la f\u00eate du 13 au 27 f\u00e9vrier 2021 \u00e0 Nice.<\/strong><\/p>\r\n<!-- \/wp:paragraph -->","_et_gb_content_width":"1150","inline_featured_image":false,"footnotes":""},"categories":[36,37,35],"tags":[],"class_list":["post-11607","post","type-post","status-publish","format-standard","has-post-thumbnail","hentry","category-actualites-en","category-news-en","category-news-en-2022"],"yoast_head":"<!-- This site is optimized with the Yoast SEO plugin v27.5 - https:\/\/yoast.com\/product\/yoast-seo-wordpress\/ -->\n<title>Profile: Claire Embriaco, Deputy Sales Director at 3A H\u00f4tels La Collection -<\/title>\n<meta name=\"description\" content=\"Every month, the Hotel West End**** puts one of its staff members in the spotlight. Today, we\u2019d like to introduce you to Claire Embriaco...\" \/>\n<meta name=\"robots\" content=\"index, follow, max-snippet:-1, max-image-preview:large, max-video-preview:-1\" \/>\n<link rel=\"canonical\" href=\"https:\/\/www.hotel-westend.com\/en\/2026\/04\/29\/portrait-claire-embriaco-directrice-ventes-3ahotels\/\" \/>\n<meta property=\"og:locale\" content=\"en_US\" \/>\n<meta property=\"og:type\" content=\"article\" \/>\n<meta property=\"og:title\" content=\"Profile: Claire Embriaco, Deputy Sales Director at 3A H\u00f4tels La Collection -\" \/>\n<meta property=\"og:description\" content=\"Every month, the Hotel West End**** puts one of its staff members in the spotlight. Today, we\u2019d like to introduce you to Claire Embriaco...\" \/>\n<meta property=\"og:url\" content=\"https:\/\/www.hotel-westend.com\/en\/2026\/04\/29\/portrait-claire-embriaco-directrice-ventes-3ahotels\/\" \/>\n<meta property=\"og:site_name\" content=\"Hotel Westend Nice\" \/>\n<meta property=\"article:published_time\" content=\"2026-04-29T07:25:37+00:00\" \/>\n<meta property=\"og:image\" content=\"https:\/\/www.hotel-westend.com\/wp-content\/uploads\/2026\/04\/3-scaled.webp\" \/>\n\t<meta property=\"og:image:width\" content=\"2000\" \/>\n\t<meta property=\"og:image:height\" content=\"1296\" \/>\n\t<meta property=\"og:image:type\" content=\"image\/webp\" \/>\n<meta name=\"author\" content=\"AgenceAZ\" \/>\n<meta name=\"twitter:card\" content=\"summary_large_image\" \/>\n<meta name=\"twitter:label1\" content=\"Written by\" \/>\n\t<meta name=\"twitter:data1\" content=\"AgenceAZ\" \/>\n\t<meta name=\"twitter:label2\" content=\"Est. reading time\" \/>\n\t<meta name=\"twitter:data2\" content=\"4 minutes\" \/>\n<script type=\"application\/ld+json\" class=\"yoast-schema-graph\">{\"@context\":\"https:\\\/\\\/schema.org\",\"@graph\":[{\"@type\":\"Article\",\"@id\":\"https:\\\/\\\/www.hotel-westend.com\\\/en\\\/2026\\\/04\\\/29\\\/portrait-claire-embriaco-directrice-ventes-3ahotels\\\/#article\",\"isPartOf\":{\"@id\":\"https:\\\/\\\/www.hotel-westend.com\\\/en\\\/2026\\\/04\\\/29\\\/portrait-claire-embriaco-directrice-ventes-3ahotels\\\/\"},\"author\":{\"name\":\"AgenceAZ\",\"@id\":\"https:\\\/\\\/www.hotel-westend.com\\\/#\\\/schema\\\/person\\\/c3ec475886346e12750f94aa1d3d9458\"},\"headline\":\"Profile: Claire Embriaco, Deputy Sales Director at 3A H\u00f4tels La Collection\",\"datePublished\":\"2026-04-29T07:25:37+00:00\",\"mainEntityOfPage\":{\"@id\":\"https:\\\/\\\/www.hotel-westend.com\\\/en\\\/2026\\\/04\\\/29\\\/portrait-claire-embriaco-directrice-ventes-3ahotels\\\/\"},\"wordCount\":841,\"image\":{\"@id\":\"https:\\\/\\\/www.hotel-westend.com\\\/en\\\/2026\\\/04\\\/29\\\/portrait-claire-embriaco-directrice-ventes-3ahotels\\\/#primaryimage\"},\"thumbnailUrl\":\"https:\\\/\\\/www.hotel-westend.com\\\/wp-content\\\/uploads\\\/2026\\\/04\\\/3-scaled.webp\",\"articleSection\":[\"Actualit\u00e9s\",\"News\",\"News-EN-2022\"],\"inLanguage\":\"en-US\"},{\"@type\":\"WebPage\",\"@id\":\"https:\\\/\\\/www.hotel-westend.com\\\/en\\\/2026\\\/04\\\/29\\\/portrait-claire-embriaco-directrice-ventes-3ahotels\\\/\",\"url\":\"https:\\\/\\\/www.hotel-westend.com\\\/en\\\/2026\\\/04\\\/29\\\/portrait-claire-embriaco-directrice-ventes-3ahotels\\\/\",\"name\":\"Profile: Claire Embriaco, Deputy Sales Director at 3A H\u00f4tels La Collection -\",\"isPartOf\":{\"@id\":\"https:\\\/\\\/www.hotel-westend.com\\\/#website\"},\"primaryImageOfPage\":{\"@id\":\"https:\\\/\\\/www.hotel-westend.com\\\/en\\\/2026\\\/04\\\/29\\\/portrait-claire-embriaco-directrice-ventes-3ahotels\\\/#primaryimage\"},\"image\":{\"@id\":\"https:\\\/\\\/www.hotel-westend.com\\\/en\\\/2026\\\/04\\\/29\\\/portrait-claire-embriaco-directrice-ventes-3ahotels\\\/#primaryimage\"},\"thumbnailUrl\":\"https:\\\/\\\/www.hotel-westend.com\\\/wp-content\\\/uploads\\\/2026\\\/04\\\/3-scaled.webp\",\"datePublished\":\"2026-04-29T07:25:37+00:00\",\"author\":{\"@id\":\"https:\\\/\\\/www.hotel-westend.com\\\/#\\\/schema\\\/person\\\/c3ec475886346e12750f94aa1d3d9458\"},\"description\":\"Every month, the Hotel West End**** puts one of its staff members in the spotlight. Today, we\u2019d like to introduce you to Claire Embriaco...\",\"breadcrumb\":{\"@id\":\"https:\\\/\\\/www.hotel-westend.com\\\/en\\\/2026\\\/04\\\/29\\\/portrait-claire-embriaco-directrice-ventes-3ahotels\\\/#breadcrumb\"},\"inLanguage\":\"en-US\",\"potentialAction\":[{\"@type\":\"ReadAction\",\"target\":[\"https:\\\/\\\/www.hotel-westend.com\\\/en\\\/2026\\\/04\\\/29\\\/portrait-claire-embriaco-directrice-ventes-3ahotels\\\/\"]}]},{\"@type\":\"ImageObject\",\"inLanguage\":\"en-US\",\"@id\":\"https:\\\/\\\/www.hotel-westend.com\\\/en\\\/2026\\\/04\\\/29\\\/portrait-claire-embriaco-directrice-ventes-3ahotels\\\/#primaryimage\",\"url\":\"https:\\\/\\\/www.hotel-westend.com\\\/wp-content\\\/uploads\\\/2026\\\/04\\\/3-scaled.webp\",\"contentUrl\":\"https:\\\/\\\/www.hotel-westend.com\\\/wp-content\\\/uploads\\\/2026\\\/04\\\/3-scaled.webp\",\"width\":2000,\"height\":1296,\"caption\":\"portrait-claire-embriaco-3a-hotels-la-collection-hotel-west-end\"},{\"@type\":\"BreadcrumbList\",\"@id\":\"https:\\\/\\\/www.hotel-westend.com\\\/en\\\/2026\\\/04\\\/29\\\/portrait-claire-embriaco-directrice-ventes-3ahotels\\\/#breadcrumb\",\"itemListElement\":[{\"@type\":\"ListItem\",\"position\":1,\"name\":\"Accueil\",\"item\":\"https:\\\/\\\/www.hotel-westend.com\\\/en\\\/\"},{\"@type\":\"ListItem\",\"position\":2,\"name\":\"Profile: Claire Embriaco, Deputy Sales Director at 3A H\u00f4tels La Collection\"}]},{\"@type\":\"WebSite\",\"@id\":\"https:\\\/\\\/www.hotel-westend.com\\\/#website\",\"url\":\"https:\\\/\\\/www.hotel-westend.com\\\/\",\"name\":\"Hotel Westend Nice\",\"description\":\"Hotel 4 Etoiles Nice - Promenade Anglais | OFFICIEL \",\"potentialAction\":[{\"@type\":\"SearchAction\",\"target\":{\"@type\":\"EntryPoint\",\"urlTemplate\":\"https:\\\/\\\/www.hotel-westend.com\\\/?s={search_term_string}\"},\"query-input\":{\"@type\":\"PropertyValueSpecification\",\"valueRequired\":true,\"valueName\":\"search_term_string\"}}],\"inLanguage\":\"en-US\"},{\"@type\":\"Person\",\"@id\":\"https:\\\/\\\/www.hotel-westend.com\\\/#\\\/schema\\\/person\\\/c3ec475886346e12750f94aa1d3d9458\",\"name\":\"AgenceAZ\",\"url\":\"https:\\\/\\\/www.hotel-westend.com\\\/en\\\/author\\\/agenceaz\\\/\"}]}<\/script>\n<!-- \/ Yoast SEO plugin. -->","yoast_head_json":{"title":"Profile: Claire Embriaco, Deputy Sales Director at 3A H\u00f4tels La Collection -","description":"Every month, the Hotel West End**** puts one of its staff members in the spotlight. Today, we\u2019d like to introduce you to Claire Embriaco...","robots":{"index":"index","follow":"follow","max-snippet":"max-snippet:-1","max-image-preview":"max-image-preview:large","max-video-preview":"max-video-preview:-1"},"canonical":"https:\/\/www.hotel-westend.com\/en\/2026\/04\/29\/portrait-claire-embriaco-directrice-ventes-3ahotels\/","og_locale":"en_US","og_type":"article","og_title":"Profile: Claire Embriaco, Deputy Sales Director at 3A H\u00f4tels La Collection -","og_description":"Every month, the Hotel West End**** puts one of its staff members in the spotlight. Today, we\u2019d like to introduce you to Claire Embriaco...","og_url":"https:\/\/www.hotel-westend.com\/en\/2026\/04\/29\/portrait-claire-embriaco-directrice-ventes-3ahotels\/","og_site_name":"Hotel Westend Nice","article_published_time":"2026-04-29T07:25:37+00:00","og_image":[{"width":2000,"height":1296,"url":"https:\/\/www.hotel-westend.com\/wp-content\/uploads\/2026\/04\/3-scaled.webp","type":"image\/webp"}],"author":"AgenceAZ","twitter_card":"summary_large_image","twitter_misc":{"Written by":"AgenceAZ","Est. reading time":"4 minutes"},"schema":{"@context":"https:\/\/schema.org","@graph":[{"@type":"Article","@id":"https:\/\/www.hotel-westend.com\/en\/2026\/04\/29\/portrait-claire-embriaco-directrice-ventes-3ahotels\/#article","isPartOf":{"@id":"https:\/\/www.hotel-westend.com\/en\/2026\/04\/29\/portrait-claire-embriaco-directrice-ventes-3ahotels\/"},"author":{"name":"AgenceAZ","@id":"https:\/\/www.hotel-westend.com\/#\/schema\/person\/c3ec475886346e12750f94aa1d3d9458"},"headline":"Profile: Claire Embriaco, Deputy Sales Director at 3A H\u00f4tels La Collection","datePublished":"2026-04-29T07:25:37+00:00","mainEntityOfPage":{"@id":"https:\/\/www.hotel-westend.com\/en\/2026\/04\/29\/portrait-claire-embriaco-directrice-ventes-3ahotels\/"},"wordCount":841,"image":{"@id":"https:\/\/www.hotel-westend.com\/en\/2026\/04\/29\/portrait-claire-embriaco-directrice-ventes-3ahotels\/#primaryimage"},"thumbnailUrl":"https:\/\/www.hotel-westend.com\/wp-content\/uploads\/2026\/04\/3-scaled.webp","articleSection":["Actualit\u00e9s","News","News-EN-2022"],"inLanguage":"en-US"},{"@type":"WebPage","@id":"https:\/\/www.hotel-westend.com\/en\/2026\/04\/29\/portrait-claire-embriaco-directrice-ventes-3ahotels\/","url":"https:\/\/www.hotel-westend.com\/en\/2026\/04\/29\/portrait-claire-embriaco-directrice-ventes-3ahotels\/","name":"Profile: Claire Embriaco, Deputy Sales Director at 3A H\u00f4tels La Collection -","isPartOf":{"@id":"https:\/\/www.hotel-westend.com\/#website"},"primaryImageOfPage":{"@id":"https:\/\/www.hotel-westend.com\/en\/2026\/04\/29\/portrait-claire-embriaco-directrice-ventes-3ahotels\/#primaryimage"},"image":{"@id":"https:\/\/www.hotel-westend.com\/en\/2026\/04\/29\/portrait-claire-embriaco-directrice-ventes-3ahotels\/#primaryimage"},"thumbnailUrl":"https:\/\/www.hotel-westend.com\/wp-content\/uploads\/2026\/04\/3-scaled.webp","datePublished":"2026-04-29T07:25:37+00:00","author":{"@id":"https:\/\/www.hotel-westend.com\/#\/schema\/person\/c3ec475886346e12750f94aa1d3d9458"},"description":"Every month, the Hotel West End**** puts one of its staff members in the spotlight. Today, we\u2019d like to introduce you to Claire Embriaco...","breadcrumb":{"@id":"https:\/\/www.hotel-westend.com\/en\/2026\/04\/29\/portrait-claire-embriaco-directrice-ventes-3ahotels\/#breadcrumb"},"inLanguage":"en-US","potentialAction":[{"@type":"ReadAction","target":["https:\/\/www.hotel-westend.com\/en\/2026\/04\/29\/portrait-claire-embriaco-directrice-ventes-3ahotels\/"]}]},{"@type":"ImageObject","inLanguage":"en-US","@id":"https:\/\/www.hotel-westend.com\/en\/2026\/04\/29\/portrait-claire-embriaco-directrice-ventes-3ahotels\/#primaryimage","url":"https:\/\/www.hotel-westend.com\/wp-content\/uploads\/2026\/04\/3-scaled.webp","contentUrl":"https:\/\/www.hotel-westend.com\/wp-content\/uploads\/2026\/04\/3-scaled.webp","width":2000,"height":1296,"caption":"portrait-claire-embriaco-3a-hotels-la-collection-hotel-west-end"},{"@type":"BreadcrumbList","@id":"https:\/\/www.hotel-westend.com\/en\/2026\/04\/29\/portrait-claire-embriaco-directrice-ventes-3ahotels\/#breadcrumb","itemListElement":[{"@type":"ListItem","position":1,"name":"Accueil","item":"https:\/\/www.hotel-westend.com\/en\/"},{"@type":"ListItem","position":2,"name":"Profile: Claire Embriaco, Deputy Sales Director at 3A H\u00f4tels La Collection"}]},{"@type":"WebSite","@id":"https:\/\/www.hotel-westend.com\/#website","url":"https:\/\/www.hotel-westend.com\/","name":"Hotel Westend Nice","description":"Hotel 4 Etoiles Nice - Promenade Anglais | OFFICIEL ","potentialAction":[{"@type":"SearchAction","target":{"@type":"EntryPoint","urlTemplate":"https:\/\/www.hotel-westend.com\/?s={search_term_string}"},"query-input":{"@type":"PropertyValueSpecification","valueRequired":true,"valueName":"search_term_string"}}],"inLanguage":"en-US"},{"@type":"Person","@id":"https:\/\/www.hotel-westend.com\/#\/schema\/person\/c3ec475886346e12750f94aa1d3d9458","name":"AgenceAZ","url":"https:\/\/www.hotel-westend.com\/en\/author\/agenceaz\/"}]}},"_links":{"self":[{"href":"https:\/\/www.hotel-westend.com\/en\/wp-json\/wp\/v2\/posts\/11607","targetHints":{"allow":["GET"]}}],"collection":[{"href":"https:\/\/www.hotel-westend.com\/en\/wp-json\/wp\/v2\/posts"}],"about":[{"href":"https:\/\/www.hotel-westend.com\/en\/wp-json\/wp\/v2\/types\/post"}],"author":[{"embeddable":true,"href":"https:\/\/www.hotel-westend.com\/en\/wp-json\/wp\/v2\/users\/7"}],"replies":[{"embeddable":true,"href":"https:\/\/www.hotel-westend.com\/en\/wp-json\/wp\/v2\/comments?post=11607"}],"version-history":[{"count":2,"href":"https:\/\/www.hotel-westend.com\/en\/wp-json\/wp\/v2\/posts\/11607\/revisions"}],"predecessor-version":[{"id":11611,"href":"https:\/\/www.hotel-westend.com\/en\/wp-json\/wp\/v2\/posts\/11607\/revisions\/11611"}],"wp:featuredmedia":[{"embeddable":true,"href":"https:\/\/www.hotel-westend.com\/en\/wp-json\/wp\/v2\/media\/11603"}],"wp:attachment":[{"href":"https:\/\/www.hotel-westend.com\/en\/wp-json\/wp\/v2\/media?parent=11607"}],"wp:term":[{"taxonomy":"category","embeddable":true,"href":"https:\/\/www.hotel-westend.com\/en\/wp-json\/wp\/v2\/categories?post=11607"},{"taxonomy":"post_tag","embeddable":true,"href":"https:\/\/www.hotel-westend.com\/en\/wp-json\/wp\/v2\/tags?post=11607"}],"curies":[{"name":"wp","href":"https:\/\/api.w.org\/{rel}","templated":true}]}}