{"id":4508,"date":"2022-07-13T11:24:14","date_gmt":"2022-07-13T09:24:14","guid":{"rendered":"https:\/\/www.hotel-westend.com\/?p=4508"},"modified":"2023-01-13T11:15:20","modified_gmt":"2023-01-13T10:15:20","slug":"nice-jazz-festival-2022","status":"publish","type":"post","link":"https:\/\/www.hotel-westend.com\/en\/2022\/07\/13\/nice-jazz-festival-2022\/","title":{"rendered":"Nice Jazz Festival 2022"},"content":{"rendered":"<p>[et_pb_section fb_built=&#8221;1&#8243; admin_label=&#8221;section&#8221; _builder_version=&#8221;4.16&#8243; global_colors_info=&#8221;{}&#8221;][et_pb_row admin_label=&#8221;row&#8221; _builder_version=&#8221;4.16&#8243; background_size=&#8221;initial&#8221; background_position=&#8221;top_left&#8221; background_repeat=&#8221;repeat&#8221; global_colors_info=&#8221;{}&#8221;][et_pb_column type=&#8221;4_4&#8243; _builder_version=&#8221;4.16&#8243; custom_padding=&#8221;|||&#8221; global_colors_info=&#8221;{}&#8221; custom_padding__hover=&#8221;|||&#8221;][et_pb_text module_class=&#8221;tiretsInverse&#8221; _builder_version=&#8221;4.17.4&#8243; _module_preset=&#8221;default&#8221; header_2_font=&#8221;Gilda Display||||||||&#8221; header_2_text_color=&#8221;#9b8760&#8243; header_2_font_size=&#8221;58px&#8221; width=&#8221;100%&#8221; custom_margin=&#8221;|||0px|false|false&#8221; custom_padding=&#8221;|||0px||&#8221; locked=&#8221;off&#8221; global_colors_info=&#8221;{}&#8221;]<\/p>\n<h2>Nice Jazz Festival 2022<\/h2>\n<p>[\/et_pb_text][et_pb_image src=&#8221;https:\/\/www.hotel-westend.com\/wp-content\/uploads\/2022\/07\/25e0295-1.png&#8221; title_text=&#8221;25e0295&#8243; _builder_version=&#8221;4.17.4&#8243; _module_preset=&#8221;default&#8221; custom_margin=&#8221;||0px||false|false&#8221; global_colors_info=&#8221;{}&#8221;][\/et_pb_image][et_pb_text _builder_version=&#8221;4.17.4&#8243; _module_preset=&#8221;default&#8221; text_font=&#8221;||on||||||&#8221; global_colors_info=&#8221;{}&#8221;]<\/p>\n<p style=\"text-align: center;\">@nicejazzfestival.fr<\/p>\n<p>[\/et_pb_text][et_pb_text admin_label=&#8221;Text&#8221; _builder_version=&#8221;4.17.4&#8243; background_size=&#8221;initial&#8221; background_position=&#8221;top_left&#8221; background_repeat=&#8221;repeat&#8221; global_colors_info=&#8221;{}&#8221;]<\/p>\n<p>&nbsp;<\/p>\n<p><strong>The Nice Jazz Festival is back in the heart of French Riviera from July 15th to 19th, 2022<\/strong><\/p>\n<p>After two years during which the festival had to adapt, it finally finds this year these two emblematic stages: place Mass\u00e9na and Th\u00e9\u00e2tre de Verdure.<br \/>No less than 30 artists for 5 exceptional evenings where big names and jazz stars will rub shoulders with emerging artists.<\/p>\n<p>Announced Melody Gardot, Clara Luciani, Lady Blackbird, the essential Ibrahim Maalouf, Fatoumata Diawara, Deluxe, H.E.R, Gerald Cohen, Marcus Miller, Cimafunk, Parcels without forgetting the legend<strong> Iggy Pop<\/strong>!<\/p>\n<p>Much more to discover ! Find the complete program<\/p>\n<p>\ud83d\udc49 https:\/\/www.nicejazzfestival.fr\/fr\/programmation\/2022<\/p>\n<p>&nbsp;<\/p>\n<p><!-- \/divi:paragraph --><\/p>\n<p>[\/et_pb_text][\/et_pb_column][\/et_pb_row][et_pb_row column_structure=&#8221;1_2,1_2&#8243; use_custom_gutter=&#8221;on&#8221; gutter_width=&#8221;2&#8243; make_equal=&#8221;on&#8221; _builder_version=&#8221;4.16&#8243; _module_preset=&#8221;default&#8221; global_colors_info=&#8221;{}&#8221;][et_pb_column type=&#8221;1_2&#8243; _builder_version=&#8221;4.16&#8243; _module_preset=&#8221;default&#8221; global_colors_info=&#8221;{}&#8221;][et_pb_image src=&#8221;https:\/\/www.hotel-westend.com\/wp-content\/uploads\/2021\/05\/@www.Mister-Riviera.com_.jpg&#8221; title_text=&#8221;@www.Mister-Riviera.com&#8221; align=&#8221;center&#8221; _builder_version=&#8221;4.16&#8243; _module_preset=&#8221;default&#8221; global_colors_info=&#8221;{}&#8221;][\/et_pb_image][\/et_pb_column][et_pb_column type=&#8221;1_2&#8243; _builder_version=&#8221;4.16&#8243; _module_preset=&#8221;default&#8221; global_colors_info=&#8221;{}&#8221;][et_pb_image src=&#8221;https:\/\/www.hotel-westend.com\/wp-content\/uploads\/2021\/05\/NJF.png&#8221; title_text=&#8221;NJF&#8221; align=&#8221;center&#8221; _builder_version=&#8221;4.16&#8243; _module_preset=&#8221;default&#8221; width=&#8221;70%&#8221; global_colors_info=&#8221;{}&#8221;][\/et_pb_image][\/et_pb_column][\/et_pb_row][et_pb_row _builder_version=&#8221;4.16&#8243; _module_preset=&#8221;default&#8221; custom_padding=&#8221;0px||||false|false&#8221; global_colors_info=&#8221;{}&#8221;][et_pb_column type=&#8221;4_4&#8243; _builder_version=&#8221;4.16&#8243; _module_preset=&#8221;default&#8221; global_colors_info=&#8221;{}&#8221;][et_pb_text _builder_version=&#8221;4.16&#8243; _module_preset=&#8221;default&#8221; text_font=&#8221;||on||||||&#8221; global_colors_info=&#8221;{}&#8221;]<\/p>\n<p style=\"text-align: center;\">Official website \/ @mister-riviera.com<\/p>\n<p>[\/et_pb_text][\/et_pb_column][\/et_pb_row][\/et_pb_section]<\/p>\n","protected":false},"excerpt":{"rendered":"<p>Find the Nice Jazz Festival from July 15th to 19th.<br \/>\nThis year he finds his two emblematic stages for 5 evenings full of emotions<\/p>\n","protected":false},"author":5,"featured_media":4500,"comment_status":"open","ping_status":"open","sticky":false,"template":"","format":"standard","meta":{"_et_pb_use_builder":"on","_et_pb_old_content":"","_et_gb_content_width":"","inline_featured_image":false,"footnotes":""},"categories":[35],"tags":[],"class_list":["post-4508","post","type-post","status-publish","format-standard","has-post-thumbnail","hentry","category-news-en-2022"],"yoast_head":"<!-- This site is optimized with the Yoast SEO plugin v27.5 - https:\/\/yoast.com\/product\/yoast-seo-wordpress\/ -->\n<title>Nice Jazz Festival 2022 - Hotel Westend Nice<\/title>\n<meta name=\"description\" content=\"Discover and enjoy the Nice Jazz Festival 2022 in the heart of Nice for 5 exceptional evenings from July 15th to 19th\" \/>\n<meta name=\"robots\" content=\"index, follow, max-snippet:-1, max-image-preview:large, max-video-preview:-1\" \/>\n<link rel=\"canonical\" href=\"https:\/\/www.hotel-westend.com\/en\/2022\/07\/13\/nice-jazz-festival-2022\/\" \/>\n<meta property=\"og:locale\" content=\"en_US\" \/>\n<meta property=\"og:type\" content=\"article\" \/>\n<meta property=\"og:title\" content=\"Nice Jazz Festival 2022 - Hotel Westend Nice\" \/>\n<meta property=\"og:description\" content=\"Discover and enjoy the Nice Jazz Festival 2022 in the heart of Nice for 5 exceptional evenings from July 15th to 19th\" \/>\n<meta property=\"og:url\" content=\"https:\/\/www.hotel-westend.com\/en\/2022\/07\/13\/nice-jazz-festival-2022\/\" \/>\n<meta property=\"og:site_name\" content=\"Hotel Westend Nice\" \/>\n<meta property=\"article:published_time\" content=\"2022-07-13T09:24:14+00:00\" \/>\n<meta property=\"article:modified_time\" content=\"2023-01-13T10:15:20+00:00\" \/>\n<meta property=\"og:image\" content=\"https:\/\/www.hotel-westend.com\/wp-content\/uploads\/2022\/07\/25e0295-e1657704355620.png\" \/>\n\t<meta property=\"og:image:width\" content=\"427\" \/>\n\t<meta property=\"og:image:height\" content=\"265\" \/>\n\t<meta property=\"og:image:type\" content=\"image\/png\" \/>\n<meta name=\"author\" content=\"Caroline\" \/>\n<meta name=\"twitter:card\" content=\"summary_large_image\" \/>\n<meta name=\"twitter:label1\" content=\"Written by\" \/>\n\t<meta name=\"twitter:data1\" content=\"Caroline\" \/>\n\t<meta name=\"twitter:label2\" content=\"Est. reading time\" \/>\n\t<meta name=\"twitter:data2\" content=\"2 minutes\" \/>\n<script type=\"application\/ld+json\" class=\"yoast-schema-graph\">{\"@context\":\"https:\\\/\\\/schema.org\",\"@graph\":[{\"@type\":\"Article\",\"@id\":\"https:\\\/\\\/www.hotel-westend.com\\\/en\\\/2022\\\/07\\\/13\\\/nice-jazz-festival-2022\\\/#article\",\"isPartOf\":{\"@id\":\"https:\\\/\\\/www.hotel-westend.com\\\/en\\\/2022\\\/07\\\/13\\\/nice-jazz-festival-2022\\\/\"},\"author\":{\"name\":\"Caroline\",\"@id\":\"https:\\\/\\\/www.hotel-westend.com\\\/#\\\/schema\\\/person\\\/1d60ea324d55aaaa4755bc7e298f2d7d\"},\"headline\":\"Nice Jazz Festival 2022\",\"datePublished\":\"2022-07-13T09:24:14+00:00\",\"dateModified\":\"2023-01-13T10:15:20+00:00\",\"mainEntityOfPage\":{\"@id\":\"https:\\\/\\\/www.hotel-westend.com\\\/en\\\/2022\\\/07\\\/13\\\/nice-jazz-festival-2022\\\/\"},\"wordCount\":457,\"commentCount\":0,\"image\":{\"@id\":\"https:\\\/\\\/www.hotel-westend.com\\\/en\\\/2022\\\/07\\\/13\\\/nice-jazz-festival-2022\\\/#primaryimage\"},\"thumbnailUrl\":\"https:\\\/\\\/www.hotel-westend.com\\\/wp-content\\\/uploads\\\/2022\\\/07\\\/25e0295-e1657704355620.png\",\"articleSection\":[\"News-EN-2022\"],\"inLanguage\":\"en-US\"},{\"@type\":\"WebPage\",\"@id\":\"https:\\\/\\\/www.hotel-westend.com\\\/en\\\/2022\\\/07\\\/13\\\/nice-jazz-festival-2022\\\/\",\"url\":\"https:\\\/\\\/www.hotel-westend.com\\\/en\\\/2022\\\/07\\\/13\\\/nice-jazz-festival-2022\\\/\",\"name\":\"Nice Jazz Festival 2022 - Hotel Westend Nice\",\"isPartOf\":{\"@id\":\"https:\\\/\\\/www.hotel-westend.com\\\/#website\"},\"primaryImageOfPage\":{\"@id\":\"https:\\\/\\\/www.hotel-westend.com\\\/en\\\/2022\\\/07\\\/13\\\/nice-jazz-festival-2022\\\/#primaryimage\"},\"image\":{\"@id\":\"https:\\\/\\\/www.hotel-westend.com\\\/en\\\/2022\\\/07\\\/13\\\/nice-jazz-festival-2022\\\/#primaryimage\"},\"thumbnailUrl\":\"https:\\\/\\\/www.hotel-westend.com\\\/wp-content\\\/uploads\\\/2022\\\/07\\\/25e0295-e1657704355620.png\",\"datePublished\":\"2022-07-13T09:24:14+00:00\",\"dateModified\":\"2023-01-13T10:15:20+00:00\",\"author\":{\"@id\":\"https:\\\/\\\/www.hotel-westend.com\\\/#\\\/schema\\\/person\\\/1d60ea324d55aaaa4755bc7e298f2d7d\"},\"description\":\"Discover and enjoy the Nice Jazz Festival 2022 in the heart of Nice for 5 exceptional evenings from July 15th to 19th\",\"breadcrumb\":{\"@id\":\"https:\\\/\\\/www.hotel-westend.com\\\/en\\\/2022\\\/07\\\/13\\\/nice-jazz-festival-2022\\\/#breadcrumb\"},\"inLanguage\":\"en-US\",\"potentialAction\":[{\"@type\":\"ReadAction\",\"target\":[\"https:\\\/\\\/www.hotel-westend.com\\\/en\\\/2022\\\/07\\\/13\\\/nice-jazz-festival-2022\\\/\"]}]},{\"@type\":\"ImageObject\",\"inLanguage\":\"en-US\",\"@id\":\"https:\\\/\\\/www.hotel-westend.com\\\/en\\\/2022\\\/07\\\/13\\\/nice-jazz-festival-2022\\\/#primaryimage\",\"url\":\"https:\\\/\\\/www.hotel-westend.com\\\/wp-content\\\/uploads\\\/2022\\\/07\\\/25e0295-e1657704355620.png\",\"contentUrl\":\"https:\\\/\\\/www.hotel-westend.com\\\/wp-content\\\/uploads\\\/2022\\\/07\\\/25e0295-e1657704355620.png\",\"width\":427,\"height\":265},{\"@type\":\"BreadcrumbList\",\"@id\":\"https:\\\/\\\/www.hotel-westend.com\\\/en\\\/2022\\\/07\\\/13\\\/nice-jazz-festival-2022\\\/#breadcrumb\",\"itemListElement\":[{\"@type\":\"ListItem\",\"position\":1,\"name\":\"Accueil\",\"item\":\"https:\\\/\\\/www.hotel-westend.com\\\/en\\\/\"},{\"@type\":\"ListItem\",\"position\":2,\"name\":\"Nice Jazz Festival 2022\"}]},{\"@type\":\"WebSite\",\"@id\":\"https:\\\/\\\/www.hotel-westend.com\\\/#website\",\"url\":\"https:\\\/\\\/www.hotel-westend.com\\\/\",\"name\":\"Hotel Westend Nice\",\"description\":\"Hotel 4 Etoiles Nice - Promenade Anglais | OFFICIEL \",\"potentialAction\":[{\"@type\":\"SearchAction\",\"target\":{\"@type\":\"EntryPoint\",\"urlTemplate\":\"https:\\\/\\\/www.hotel-westend.com\\\/?s={search_term_string}\"},\"query-input\":{\"@type\":\"PropertyValueSpecification\",\"valueRequired\":true,\"valueName\":\"search_term_string\"}}],\"inLanguage\":\"en-US\"},{\"@type\":\"Person\",\"@id\":\"https:\\\/\\\/www.hotel-westend.com\\\/#\\\/schema\\\/person\\\/1d60ea324d55aaaa4755bc7e298f2d7d\",\"name\":\"Caroline\",\"url\":\"https:\\\/\\\/www.hotel-westend.com\\\/en\\\/author\\\/caroline\\\/\"}]}<\/script>\n<!-- \/ Yoast SEO plugin. -->","yoast_head_json":{"title":"Nice Jazz Festival 2022 - Hotel Westend Nice","description":"Discover and enjoy the Nice Jazz Festival 2022 in the heart of Nice for 5 exceptional evenings from July 15th to 19th","robots":{"index":"index","follow":"follow","max-snippet":"max-snippet:-1","max-image-preview":"max-image-preview:large","max-video-preview":"max-video-preview:-1"},"canonical":"https:\/\/www.hotel-westend.com\/en\/2022\/07\/13\/nice-jazz-festival-2022\/","og_locale":"en_US","og_type":"article","og_title":"Nice Jazz Festival 2022 - Hotel Westend Nice","og_description":"Discover and enjoy the Nice Jazz Festival 2022 in the heart of Nice for 5 exceptional evenings from July 15th to 19th","og_url":"https:\/\/www.hotel-westend.com\/en\/2022\/07\/13\/nice-jazz-festival-2022\/","og_site_name":"Hotel Westend Nice","article_published_time":"2022-07-13T09:24:14+00:00","article_modified_time":"2023-01-13T10:15:20+00:00","og_image":[{"width":427,"height":265,"url":"https:\/\/www.hotel-westend.com\/wp-content\/uploads\/2022\/07\/25e0295-e1657704355620.png","type":"image\/png"}],"author":"Caroline","twitter_card":"summary_large_image","twitter_misc":{"Written by":"Caroline","Est. reading time":"2 minutes"},"schema":{"@context":"https:\/\/schema.org","@graph":[{"@type":"Article","@id":"https:\/\/www.hotel-westend.com\/en\/2022\/07\/13\/nice-jazz-festival-2022\/#article","isPartOf":{"@id":"https:\/\/www.hotel-westend.com\/en\/2022\/07\/13\/nice-jazz-festival-2022\/"},"author":{"name":"Caroline","@id":"https:\/\/www.hotel-westend.com\/#\/schema\/person\/1d60ea324d55aaaa4755bc7e298f2d7d"},"headline":"Nice Jazz Festival 2022","datePublished":"2022-07-13T09:24:14+00:00","dateModified":"2023-01-13T10:15:20+00:00","mainEntityOfPage":{"@id":"https:\/\/www.hotel-westend.com\/en\/2022\/07\/13\/nice-jazz-festival-2022\/"},"wordCount":457,"commentCount":0,"image":{"@id":"https:\/\/www.hotel-westend.com\/en\/2022\/07\/13\/nice-jazz-festival-2022\/#primaryimage"},"thumbnailUrl":"https:\/\/www.hotel-westend.com\/wp-content\/uploads\/2022\/07\/25e0295-e1657704355620.png","articleSection":["News-EN-2022"],"inLanguage":"en-US"},{"@type":"WebPage","@id":"https:\/\/www.hotel-westend.com\/en\/2022\/07\/13\/nice-jazz-festival-2022\/","url":"https:\/\/www.hotel-westend.com\/en\/2022\/07\/13\/nice-jazz-festival-2022\/","name":"Nice Jazz Festival 2022 - Hotel Westend Nice","isPartOf":{"@id":"https:\/\/www.hotel-westend.com\/#website"},"primaryImageOfPage":{"@id":"https:\/\/www.hotel-westend.com\/en\/2022\/07\/13\/nice-jazz-festival-2022\/#primaryimage"},"image":{"@id":"https:\/\/www.hotel-westend.com\/en\/2022\/07\/13\/nice-jazz-festival-2022\/#primaryimage"},"thumbnailUrl":"https:\/\/www.hotel-westend.com\/wp-content\/uploads\/2022\/07\/25e0295-e1657704355620.png","datePublished":"2022-07-13T09:24:14+00:00","dateModified":"2023-01-13T10:15:20+00:00","author":{"@id":"https:\/\/www.hotel-westend.com\/#\/schema\/person\/1d60ea324d55aaaa4755bc7e298f2d7d"},"description":"Discover and enjoy the Nice Jazz Festival 2022 in the heart of Nice for 5 exceptional evenings from July 15th to 19th","breadcrumb":{"@id":"https:\/\/www.hotel-westend.com\/en\/2022\/07\/13\/nice-jazz-festival-2022\/#breadcrumb"},"inLanguage":"en-US","potentialAction":[{"@type":"ReadAction","target":["https:\/\/www.hotel-westend.com\/en\/2022\/07\/13\/nice-jazz-festival-2022\/"]}]},{"@type":"ImageObject","inLanguage":"en-US","@id":"https:\/\/www.hotel-westend.com\/en\/2022\/07\/13\/nice-jazz-festival-2022\/#primaryimage","url":"https:\/\/www.hotel-westend.com\/wp-content\/uploads\/2022\/07\/25e0295-e1657704355620.png","contentUrl":"https:\/\/www.hotel-westend.com\/wp-content\/uploads\/2022\/07\/25e0295-e1657704355620.png","width":427,"height":265},{"@type":"BreadcrumbList","@id":"https:\/\/www.hotel-westend.com\/en\/2022\/07\/13\/nice-jazz-festival-2022\/#breadcrumb","itemListElement":[{"@type":"ListItem","position":1,"name":"Accueil","item":"https:\/\/www.hotel-westend.com\/en\/"},{"@type":"ListItem","position":2,"name":"Nice Jazz Festival 2022"}]},{"@type":"WebSite","@id":"https:\/\/www.hotel-westend.com\/#website","url":"https:\/\/www.hotel-westend.com\/","name":"Hotel Westend Nice","description":"Hotel 4 Etoiles Nice - Promenade Anglais | OFFICIEL ","potentialAction":[{"@type":"SearchAction","target":{"@type":"EntryPoint","urlTemplate":"https:\/\/www.hotel-westend.com\/?s={search_term_string}"},"query-input":{"@type":"PropertyValueSpecification","valueRequired":true,"valueName":"search_term_string"}}],"inLanguage":"en-US"},{"@type":"Person","@id":"https:\/\/www.hotel-westend.com\/#\/schema\/person\/1d60ea324d55aaaa4755bc7e298f2d7d","name":"Caroline","url":"https:\/\/www.hotel-westend.com\/en\/author\/caroline\/"}]}},"_links":{"self":[{"href":"https:\/\/www.hotel-westend.com\/en\/wp-json\/wp\/v2\/posts\/4508","targetHints":{"allow":["GET"]}}],"collection":[{"href":"https:\/\/www.hotel-westend.com\/en\/wp-json\/wp\/v2\/posts"}],"about":[{"href":"https:\/\/www.hotel-westend.com\/en\/wp-json\/wp\/v2\/types\/post"}],"author":[{"embeddable":true,"href":"https:\/\/www.hotel-westend.com\/en\/wp-json\/wp\/v2\/users\/5"}],"replies":[{"embeddable":true,"href":"https:\/\/www.hotel-westend.com\/en\/wp-json\/wp\/v2\/comments?post=4508"}],"version-history":[{"count":6,"href":"https:\/\/www.hotel-westend.com\/en\/wp-json\/wp\/v2\/posts\/4508\/revisions"}],"predecessor-version":[{"id":4524,"href":"https:\/\/www.hotel-westend.com\/en\/wp-json\/wp\/v2\/posts\/4508\/revisions\/4524"}],"wp:featuredmedia":[{"embeddable":true,"href":"https:\/\/www.hotel-westend.com\/en\/wp-json\/wp\/v2\/media\/4500"}],"wp:attachment":[{"href":"https:\/\/www.hotel-westend.com\/en\/wp-json\/wp\/v2\/media?parent=4508"}],"wp:term":[{"taxonomy":"category","embeddable":true,"href":"https:\/\/www.hotel-westend.com\/en\/wp-json\/wp\/v2\/categories?post=4508"},{"taxonomy":"post_tag","embeddable":true,"href":"https:\/\/www.hotel-westend.com\/en\/wp-json\/wp\/v2\/tags?post=4508"}],"curies":[{"name":"wp","href":"https:\/\/api.w.org\/{rel}","templated":true}]}}