{"id":5160,"date":"2023-01-11T08:58:29","date_gmt":"2023-01-11T07:58:29","guid":{"rendered":"https:\/\/www.hotel-westend.com\/2023\/01\/11\/carnaval-de-nice-2023\/"},"modified":"2023-02-06T11:03:12","modified_gmt":"2023-02-06T10:03:12","slug":"nice-carnival-2023","status":"publish","type":"post","link":"https:\/\/www.hotel-westend.com\/en\/2023\/01\/11\/nice-carnival-2023\/","title":{"rendered":"Nice Carnival 2023"},"content":{"rendered":"<p>[et_pb_section fb_built=&#8221;1&#8243; admin_label=&#8221;section&#8221; _builder_version=&#8221;4.16&#8243; min_height=&#8221;1883.4px&#8221; global_colors_info=&#8221;{}&#8221;][et_pb_row admin_label=&#8221;row&#8221; _builder_version=&#8221;4.16&#8243; background_size=&#8221;initial&#8221; background_position=&#8221;top_left&#8221; background_repeat=&#8221;repeat&#8221; custom_padding=&#8221;||0px|||&#8221; global_colors_info=&#8221;{}&#8221;][et_pb_column type=&#8221;4_4&#8243; _builder_version=&#8221;4.16&#8243; custom_padding=&#8221;|||&#8221; global_colors_info=&#8221;{}&#8221; custom_padding__hover=&#8221;|||&#8221;][et_pb_text module_class=&#8221;tiretsInverse&#8221; _builder_version=&#8221;4.18.1&#8243; _module_preset=&#8221;default&#8221; header_2_font=&#8221;Gilda Display||||||||&#8221; header_2_text_color=&#8221;#9b8760&#8243; header_2_font_size=&#8221;58px&#8221; width=&#8221;100%&#8221; custom_margin=&#8221;|||0px|false|false&#8221; custom_padding=&#8221;|||0px||&#8221; locked=&#8221;off&#8221; global_colors_info=&#8221;{}&#8221;]<\/p>\n<h2>The Nice Carnival celebrates the 150th anniversary of its parade from February 10th to 26th, 2023<\/h2>\n<p>[\/et_pb_text][et_pb_image src=&#8221;https:\/\/www.hotel-westend.com\/wp-content\/uploads\/2023\/01\/Programme-Carnaval-de-nice-2023-Vacances-Cote-dAzur-Hotel-West-End-Promenade-des-Anglais-Face-a-la-Mer.png&#8221; alt=&#8221;IRONMAN&#8221; title_text=&#8221;Programme Carnaval de nice 2023 &#8211; Vacances Cote dAzur &#8211; Hotel West End Promenade des Anglais &#8211; Face a la Mer&#8221; _builder_version=&#8221;4.18.1&#8243; _module_preset=&#8221;default&#8221; custom_margin=&#8221;||0px||false|false&#8221; global_colors_info=&#8221;{}&#8221;][\/et_pb_image][et_pb_text admin_label=&#8221;Text&#8221; _builder_version=&#8221;4.18.1&#8243; background_size=&#8221;initial&#8221; background_position=&#8221;top_left&#8221; background_repeat=&#8221;repeat&#8221; hover_enabled=&#8221;0&#8243; global_colors_info=&#8221;{}&#8221; sticky_enabled=&#8221;0&#8243;]<\/p>\n<p><strong><\/strong><\/p>\n<p><strong>The Nice Carnival is back from February 10<sup>th<\/sup> to 26<sup>th<\/sup>, 2023<\/strong> with a special edition! This year, for the <strong>150th anniversary<\/strong> of its parade, Nice is hosting the <strong>King of World Treasures<\/strong>. As always, a grandiose show was organized and for this new edition, the revelers have outdone themselves. An unpublished story told by spectacular choreography, actors, dazzling floats, musicians, big heads&#8230; Enough to dazzle young and old around a most festive event of which here is the program.<\/p>\n<p>To start the party as it should, the kick-off is launched during a very special parade with the legendary Carnival of Rio! Following this, place to two weeks of festivities alternating shows, parades and battle of confetti! Among the highlights, the Corso Carnavalesque Nocturne which, once night has fallen, invites floats and big heads to parade proudly alongside the King and Queen. And what would the Nice Carnival be without its famous battle of flowers? Prepare to catch the bouquets of flowers that will be sent to the public!<\/p>\n<p>Finally, Lou Queernaval, the first gay carnival in France, is making a comeback on Place Mass\u00e9na. For one evening, the LGBTQ associations and establishments of the C\u00f4te d&#8217;Azur come together to offer a most caustic show. The 2023 edition of the Nice Carnival will close as every year with the cremation of the King and a fireworks display.<\/p>\n<p>Discover the <strong>complete program<\/strong> of the Nice Carnival 2023: The King of the Treasures of the World<\/p>\n<p>Saturday February 11<sup>th<\/sup>, 2023<br \/>&#8211; 2.30 p.m.: Opening ceremony with the grand parade of the 150th anniversary<br \/>&#8211; 8:30 p.m.: Illuminated carnival parade<\/p>\n<p>Sunday February 12<sup>th<\/sup>, 2023<br \/>&#8211; 3:00 p.m.: Flowers battles<\/p>\n<p>Tuesday, February 14<sup>th<\/sup>, 2023<br \/>&#8211; 8:30 p.m.: Illuminated carnival parade<\/p>\n<p>Wednesday, February 15<sup>th<\/sup>, 2023<br \/>&#8211; 2.30 p.m.: Flowers battles<\/p>\n<p>Friday, February 17<sup>th<\/sup>, 2023<br \/>&#8211; 8:30 p.m.: Lou queernaval<\/p>\n<p>Saturday February 18<sup>th<\/sup>, 2023<br \/>&#8211; 2.30 p.m.: Flowers battles<br \/>&#8211; 8:30 p.m.: Illuminated carnival parade<\/p>\n<p>Tuesday, February 21<sup>st<\/sup>, 2023<br \/>&#8211; 8:30 p.m.: Illuminated carnival parade<\/p>\n<p>Wednesday, February 22<sup>nd<\/sup>, 2023<br \/>&#8211; 2.30 p.m.: Flowers battles<\/p>\n<p>Saturday February 25<sup>th<\/sup>, 2023<br \/>&#8211; 2.30 p.m.: Flower battles<br \/>&#8211; 8:30 p.m.: Illuminated carnival parade<\/p>\n<p>Sunday February 26<sup>th<\/sup>, 2023<br \/>&#8211; 4 p.m to 7 p.m : Closing festivities<\/p>\n<p><strong>For total immersion, don&#8217;t forget to book your carnival stay at the West-End Hotel from February 10<sup>th<\/sup> \u00a0to 26<sup>th<\/sup>, 2023.<\/strong><\/p>\n<p>&nbsp;<\/p>\n<p>[\/et_pb_text][\/et_pb_column][\/et_pb_row][\/et_pb_section]<\/p>\n","protected":false},"excerpt":{"rendered":"<p>From February 10th to 26th, 2023, the city of Nice celebrates its 150th carnival on the theme of Treasures of the World<\/p>\n","protected":false},"author":5,"featured_media":5153,"comment_status":"open","ping_status":"open","sticky":false,"template":"","format":"standard","meta":{"_et_pb_use_builder":"on","_et_pb_old_content":"<!-- wp:paragraph -->\r\n<p>Du 13 au 27 f\u00e9vrier 2021, Nice deviendra la Capitale mondiale de la mode avec la 137e \u00e9dition du Carnaval sur le th\u00e8me \u00ab Roi des animaux \u00bb. Venez admirer le Roi, la Reine et leurs sujets et participer aux extravagants d\u00e9fil\u00e9s de chars, de grosses t\u00eates et aux \u00e9l\u00e9gantes Batailles de Fleurs.<\/p>\r\n<!-- \/wp:paragraph -->\r\n\r\n<!-- wp:paragraph -->\r\n<p>Pendant 15 jours, le Carnaval de Nice, avec ses deux manifestations\u00a0: les Corsi carnavalesques (de jour ou de nuit) et les Batailles de fleurs, imposera son style et vous offrira un spectacle burlesque, magique et initiatique d\u00e9di\u00e9 \u00e0 la mode sous toutes ses coutures.<\/p>\r\n<!-- \/wp:paragraph -->\r\n\r\n<!-- wp:paragraph -->\r\n<p>Les chars cr\u00e9\u00e9s sur le th\u00e8me d\u00e9fileront lors des Corsi carnavalesques (mardis, samedis et dimanche), accompagn\u00e9s de grosses t\u00eates et d\u2019artistes venant du monde entier dans une ambiance festive et populaire, savamment sc\u00e9nographi\u00e9e, pour revisiter l\u2019histoire de la mode, vous faire rire, sourire mais aussi r\u00e9fl\u00e9chir sur la mode et ses dessous. Car si la mode lance des tendances et bouleverse les codes comme les comportements, elle a aussi un r\u00f4le \u00e9thique et responsable \u00e0 jouer.<\/p>\r\n<!-- \/wp:paragraph -->\r\n\r\n<!-- wp:paragraph -->\r\n<p>Les mercredis et samedis apr\u00e8s-midi, venez d\u00e9couvrir l\u2019autre temps du fort du Carnaval\u00a0: les Batailles de Fleurs o\u00f9 le th\u00e8me sera d\u00e9clin\u00e9 sur des chars orn\u00e9s de fleurs valorisant la production locale (80% des fleurs sont produites dans la r\u00e9gion) et anim\u00e9s par des com\u00e9diennes qui porteront des costumes sp\u00e9cialement con\u00e7us pour la manifestation. Un d\u00e9fil\u00e9 unique au monde o\u00f9 des milliers de fleurs seront distribu\u00e9es.<\/p>\r\n<!-- \/wp:paragraph -->\r\n\r\n<!-- wp:paragraph -->\r\n<p>Et n\u2019oubliez pas, grands et petits, d\u00e9guisez de la t\u00eate aux pieds, les corsi seront gratuits\u00a0!<\/p>\r\n<!-- \/wp:paragraph -->\r\n\r\n<!-- wp:paragraph -->\r\n<p><strong>Alors venez prendre part \u00e0 la f\u00eate du 13 au 27 f\u00e9vrier 2021 \u00e0 Nice.<\/strong><\/p>\r\n<!-- \/wp:paragraph -->","_et_gb_content_width":"1150","inline_featured_image":false,"footnotes":""},"categories":[36,37,35],"tags":[],"class_list":["post-5160","post","type-post","status-publish","format-standard","has-post-thumbnail","hentry","category-actualites-en","category-news-en","category-news-en-2022"],"yoast_head":"<!-- This site is optimized with the Yoast SEO plugin v27.5 - https:\/\/yoast.com\/product\/yoast-seo-wordpress\/ -->\n<title>Nice Carnival 2023 - Hotel Westend Nice<\/title>\n<meta name=\"description\" content=\"The Nice Carnival will be back from February 10th to 26th, 2023 with a special edition celebrating its 150th anniversary\" \/>\n<meta name=\"robots\" content=\"index, follow, max-snippet:-1, max-image-preview:large, max-video-preview:-1\" \/>\n<link rel=\"canonical\" href=\"https:\/\/www.hotel-westend.com\/en\/2023\/01\/11\/nice-carnival-2023\/\" \/>\n<meta property=\"og:locale\" content=\"en_US\" \/>\n<meta property=\"og:type\" content=\"article\" \/>\n<meta property=\"og:title\" content=\"Nice Carnival 2023 - Hotel Westend Nice\" \/>\n<meta property=\"og:description\" content=\"The Nice Carnival will be back from February 10th to 26th, 2023 with a special edition celebrating its 150th anniversary\" \/>\n<meta property=\"og:url\" content=\"https:\/\/www.hotel-westend.com\/en\/2023\/01\/11\/nice-carnival-2023\/\" \/>\n<meta property=\"og:site_name\" content=\"Hotel Westend Nice\" \/>\n<meta property=\"article:published_time\" content=\"2023-01-11T07:58:29+00:00\" \/>\n<meta property=\"article:modified_time\" content=\"2023-02-06T10:03:12+00:00\" \/>\n<meta property=\"og:image\" content=\"https:\/\/www.hotel-westend.com\/wp-content\/uploads\/2023\/01\/Programme-Carnaval-de-nice-2023-Vacances-Cote-dAzur-Hotel-West-End-Promenade-des-Anglais-Face-a-la-Mer-1024x664.png\" \/>\n\t<meta property=\"og:image:width\" content=\"1024\" \/>\n\t<meta property=\"og:image:height\" content=\"664\" \/>\n\t<meta property=\"og:image:type\" content=\"image\/png\" \/>\n<meta name=\"author\" content=\"Caroline\" \/>\n<meta name=\"twitter:card\" content=\"summary_large_image\" \/>\n<meta name=\"twitter:label1\" content=\"Written by\" \/>\n\t<meta name=\"twitter:data1\" content=\"Caroline\" \/>\n\t<meta name=\"twitter:label2\" content=\"Est. reading time\" \/>\n\t<meta name=\"twitter:data2\" content=\"3 minutes\" \/>\n<script type=\"application\/ld+json\" class=\"yoast-schema-graph\">{\"@context\":\"https:\\\/\\\/schema.org\",\"@graph\":[{\"@type\":\"Article\",\"@id\":\"https:\\\/\\\/www.hotel-westend.com\\\/en\\\/2023\\\/01\\\/11\\\/nice-carnival-2023\\\/#article\",\"isPartOf\":{\"@id\":\"https:\\\/\\\/www.hotel-westend.com\\\/en\\\/2023\\\/01\\\/11\\\/nice-carnival-2023\\\/\"},\"author\":{\"name\":\"Caroline\",\"@id\":\"https:\\\/\\\/www.hotel-westend.com\\\/#\\\/schema\\\/person\\\/1d60ea324d55aaaa4755bc7e298f2d7d\"},\"headline\":\"Nice Carnival 2023\",\"datePublished\":\"2023-01-11T07:58:29+00:00\",\"dateModified\":\"2023-02-06T10:03:12+00:00\",\"mainEntityOfPage\":{\"@id\":\"https:\\\/\\\/www.hotel-westend.com\\\/en\\\/2023\\\/01\\\/11\\\/nice-carnival-2023\\\/\"},\"wordCount\":571,\"commentCount\":0,\"image\":{\"@id\":\"https:\\\/\\\/www.hotel-westend.com\\\/en\\\/2023\\\/01\\\/11\\\/nice-carnival-2023\\\/#primaryimage\"},\"thumbnailUrl\":\"https:\\\/\\\/www.hotel-westend.com\\\/wp-content\\\/uploads\\\/2023\\\/01\\\/Programme-Carnaval-de-nice-2023-Vacances-Cote-dAzur-Hotel-West-End-Promenade-des-Anglais-Face-a-la-Mer.png\",\"articleSection\":[\"Actualit\u00e9s\",\"News\",\"News-EN-2022\"],\"inLanguage\":\"en-US\"},{\"@type\":\"WebPage\",\"@id\":\"https:\\\/\\\/www.hotel-westend.com\\\/en\\\/2023\\\/01\\\/11\\\/nice-carnival-2023\\\/\",\"url\":\"https:\\\/\\\/www.hotel-westend.com\\\/en\\\/2023\\\/01\\\/11\\\/nice-carnival-2023\\\/\",\"name\":\"Nice Carnival 2023 - Hotel Westend Nice\",\"isPartOf\":{\"@id\":\"https:\\\/\\\/www.hotel-westend.com\\\/#website\"},\"primaryImageOfPage\":{\"@id\":\"https:\\\/\\\/www.hotel-westend.com\\\/en\\\/2023\\\/01\\\/11\\\/nice-carnival-2023\\\/#primaryimage\"},\"image\":{\"@id\":\"https:\\\/\\\/www.hotel-westend.com\\\/en\\\/2023\\\/01\\\/11\\\/nice-carnival-2023\\\/#primaryimage\"},\"thumbnailUrl\":\"https:\\\/\\\/www.hotel-westend.com\\\/wp-content\\\/uploads\\\/2023\\\/01\\\/Programme-Carnaval-de-nice-2023-Vacances-Cote-dAzur-Hotel-West-End-Promenade-des-Anglais-Face-a-la-Mer.png\",\"datePublished\":\"2023-01-11T07:58:29+00:00\",\"dateModified\":\"2023-02-06T10:03:12+00:00\",\"author\":{\"@id\":\"https:\\\/\\\/www.hotel-westend.com\\\/#\\\/schema\\\/person\\\/1d60ea324d55aaaa4755bc7e298f2d7d\"},\"description\":\"The Nice Carnival will be back from February 10th to 26th, 2023 with a special edition celebrating its 150th anniversary\",\"breadcrumb\":{\"@id\":\"https:\\\/\\\/www.hotel-westend.com\\\/en\\\/2023\\\/01\\\/11\\\/nice-carnival-2023\\\/#breadcrumb\"},\"inLanguage\":\"en-US\",\"potentialAction\":[{\"@type\":\"ReadAction\",\"target\":[\"https:\\\/\\\/www.hotel-westend.com\\\/en\\\/2023\\\/01\\\/11\\\/nice-carnival-2023\\\/\"]}]},{\"@type\":\"ImageObject\",\"inLanguage\":\"en-US\",\"@id\":\"https:\\\/\\\/www.hotel-westend.com\\\/en\\\/2023\\\/01\\\/11\\\/nice-carnival-2023\\\/#primaryimage\",\"url\":\"https:\\\/\\\/www.hotel-westend.com\\\/wp-content\\\/uploads\\\/2023\\\/01\\\/Programme-Carnaval-de-nice-2023-Vacances-Cote-dAzur-Hotel-West-End-Promenade-des-Anglais-Face-a-la-Mer.png\",\"contentUrl\":\"https:\\\/\\\/www.hotel-westend.com\\\/wp-content\\\/uploads\\\/2023\\\/01\\\/Programme-Carnaval-de-nice-2023-Vacances-Cote-dAzur-Hotel-West-End-Promenade-des-Anglais-Face-a-la-Mer.png\",\"width\":3061,\"height\":1984},{\"@type\":\"BreadcrumbList\",\"@id\":\"https:\\\/\\\/www.hotel-westend.com\\\/en\\\/2023\\\/01\\\/11\\\/nice-carnival-2023\\\/#breadcrumb\",\"itemListElement\":[{\"@type\":\"ListItem\",\"position\":1,\"name\":\"Accueil\",\"item\":\"https:\\\/\\\/www.hotel-westend.com\\\/en\\\/\"},{\"@type\":\"ListItem\",\"position\":2,\"name\":\"Nice Carnival 2023\"}]},{\"@type\":\"WebSite\",\"@id\":\"https:\\\/\\\/www.hotel-westend.com\\\/#website\",\"url\":\"https:\\\/\\\/www.hotel-westend.com\\\/\",\"name\":\"Hotel Westend Nice\",\"description\":\"Hotel 4 Etoiles Nice - Promenade Anglais | OFFICIEL \",\"potentialAction\":[{\"@type\":\"SearchAction\",\"target\":{\"@type\":\"EntryPoint\",\"urlTemplate\":\"https:\\\/\\\/www.hotel-westend.com\\\/?s={search_term_string}\"},\"query-input\":{\"@type\":\"PropertyValueSpecification\",\"valueRequired\":true,\"valueName\":\"search_term_string\"}}],\"inLanguage\":\"en-US\"},{\"@type\":\"Person\",\"@id\":\"https:\\\/\\\/www.hotel-westend.com\\\/#\\\/schema\\\/person\\\/1d60ea324d55aaaa4755bc7e298f2d7d\",\"name\":\"Caroline\",\"url\":\"https:\\\/\\\/www.hotel-westend.com\\\/en\\\/author\\\/caroline\\\/\"}]}<\/script>\n<!-- \/ Yoast SEO plugin. -->","yoast_head_json":{"title":"Nice Carnival 2023 - Hotel Westend Nice","description":"The Nice Carnival will be back from February 10th to 26th, 2023 with a special edition celebrating its 150th anniversary","robots":{"index":"index","follow":"follow","max-snippet":"max-snippet:-1","max-image-preview":"max-image-preview:large","max-video-preview":"max-video-preview:-1"},"canonical":"https:\/\/www.hotel-westend.com\/en\/2023\/01\/11\/nice-carnival-2023\/","og_locale":"en_US","og_type":"article","og_title":"Nice Carnival 2023 - Hotel Westend Nice","og_description":"The Nice Carnival will be back from February 10th to 26th, 2023 with a special edition celebrating its 150th anniversary","og_url":"https:\/\/www.hotel-westend.com\/en\/2023\/01\/11\/nice-carnival-2023\/","og_site_name":"Hotel Westend Nice","article_published_time":"2023-01-11T07:58:29+00:00","article_modified_time":"2023-02-06T10:03:12+00:00","og_image":[{"width":1024,"height":664,"url":"https:\/\/www.hotel-westend.com\/wp-content\/uploads\/2023\/01\/Programme-Carnaval-de-nice-2023-Vacances-Cote-dAzur-Hotel-West-End-Promenade-des-Anglais-Face-a-la-Mer-1024x664.png","type":"image\/png"}],"author":"Caroline","twitter_card":"summary_large_image","twitter_misc":{"Written by":"Caroline","Est. reading time":"3 minutes"},"schema":{"@context":"https:\/\/schema.org","@graph":[{"@type":"Article","@id":"https:\/\/www.hotel-westend.com\/en\/2023\/01\/11\/nice-carnival-2023\/#article","isPartOf":{"@id":"https:\/\/www.hotel-westend.com\/en\/2023\/01\/11\/nice-carnival-2023\/"},"author":{"name":"Caroline","@id":"https:\/\/www.hotel-westend.com\/#\/schema\/person\/1d60ea324d55aaaa4755bc7e298f2d7d"},"headline":"Nice Carnival 2023","datePublished":"2023-01-11T07:58:29+00:00","dateModified":"2023-02-06T10:03:12+00:00","mainEntityOfPage":{"@id":"https:\/\/www.hotel-westend.com\/en\/2023\/01\/11\/nice-carnival-2023\/"},"wordCount":571,"commentCount":0,"image":{"@id":"https:\/\/www.hotel-westend.com\/en\/2023\/01\/11\/nice-carnival-2023\/#primaryimage"},"thumbnailUrl":"https:\/\/www.hotel-westend.com\/wp-content\/uploads\/2023\/01\/Programme-Carnaval-de-nice-2023-Vacances-Cote-dAzur-Hotel-West-End-Promenade-des-Anglais-Face-a-la-Mer.png","articleSection":["Actualit\u00e9s","News","News-EN-2022"],"inLanguage":"en-US"},{"@type":"WebPage","@id":"https:\/\/www.hotel-westend.com\/en\/2023\/01\/11\/nice-carnival-2023\/","url":"https:\/\/www.hotel-westend.com\/en\/2023\/01\/11\/nice-carnival-2023\/","name":"Nice Carnival 2023 - Hotel Westend Nice","isPartOf":{"@id":"https:\/\/www.hotel-westend.com\/#website"},"primaryImageOfPage":{"@id":"https:\/\/www.hotel-westend.com\/en\/2023\/01\/11\/nice-carnival-2023\/#primaryimage"},"image":{"@id":"https:\/\/www.hotel-westend.com\/en\/2023\/01\/11\/nice-carnival-2023\/#primaryimage"},"thumbnailUrl":"https:\/\/www.hotel-westend.com\/wp-content\/uploads\/2023\/01\/Programme-Carnaval-de-nice-2023-Vacances-Cote-dAzur-Hotel-West-End-Promenade-des-Anglais-Face-a-la-Mer.png","datePublished":"2023-01-11T07:58:29+00:00","dateModified":"2023-02-06T10:03:12+00:00","author":{"@id":"https:\/\/www.hotel-westend.com\/#\/schema\/person\/1d60ea324d55aaaa4755bc7e298f2d7d"},"description":"The Nice Carnival will be back from February 10th to 26th, 2023 with a special edition celebrating its 150th anniversary","breadcrumb":{"@id":"https:\/\/www.hotel-westend.com\/en\/2023\/01\/11\/nice-carnival-2023\/#breadcrumb"},"inLanguage":"en-US","potentialAction":[{"@type":"ReadAction","target":["https:\/\/www.hotel-westend.com\/en\/2023\/01\/11\/nice-carnival-2023\/"]}]},{"@type":"ImageObject","inLanguage":"en-US","@id":"https:\/\/www.hotel-westend.com\/en\/2023\/01\/11\/nice-carnival-2023\/#primaryimage","url":"https:\/\/www.hotel-westend.com\/wp-content\/uploads\/2023\/01\/Programme-Carnaval-de-nice-2023-Vacances-Cote-dAzur-Hotel-West-End-Promenade-des-Anglais-Face-a-la-Mer.png","contentUrl":"https:\/\/www.hotel-westend.com\/wp-content\/uploads\/2023\/01\/Programme-Carnaval-de-nice-2023-Vacances-Cote-dAzur-Hotel-West-End-Promenade-des-Anglais-Face-a-la-Mer.png","width":3061,"height":1984},{"@type":"BreadcrumbList","@id":"https:\/\/www.hotel-westend.com\/en\/2023\/01\/11\/nice-carnival-2023\/#breadcrumb","itemListElement":[{"@type":"ListItem","position":1,"name":"Accueil","item":"https:\/\/www.hotel-westend.com\/en\/"},{"@type":"ListItem","position":2,"name":"Nice Carnival 2023"}]},{"@type":"WebSite","@id":"https:\/\/www.hotel-westend.com\/#website","url":"https:\/\/www.hotel-westend.com\/","name":"Hotel Westend Nice","description":"Hotel 4 Etoiles Nice - Promenade Anglais | OFFICIEL ","potentialAction":[{"@type":"SearchAction","target":{"@type":"EntryPoint","urlTemplate":"https:\/\/www.hotel-westend.com\/?s={search_term_string}"},"query-input":{"@type":"PropertyValueSpecification","valueRequired":true,"valueName":"search_term_string"}}],"inLanguage":"en-US"},{"@type":"Person","@id":"https:\/\/www.hotel-westend.com\/#\/schema\/person\/1d60ea324d55aaaa4755bc7e298f2d7d","name":"Caroline","url":"https:\/\/www.hotel-westend.com\/en\/author\/caroline\/"}]}},"_links":{"self":[{"href":"https:\/\/www.hotel-westend.com\/en\/wp-json\/wp\/v2\/posts\/5160","targetHints":{"allow":["GET"]}}],"collection":[{"href":"https:\/\/www.hotel-westend.com\/en\/wp-json\/wp\/v2\/posts"}],"about":[{"href":"https:\/\/www.hotel-westend.com\/en\/wp-json\/wp\/v2\/types\/post"}],"author":[{"embeddable":true,"href":"https:\/\/www.hotel-westend.com\/en\/wp-json\/wp\/v2\/users\/5"}],"replies":[{"embeddable":true,"href":"https:\/\/www.hotel-westend.com\/en\/wp-json\/wp\/v2\/comments?post=5160"}],"version-history":[{"count":5,"href":"https:\/\/www.hotel-westend.com\/en\/wp-json\/wp\/v2\/posts\/5160\/revisions"}],"predecessor-version":[{"id":5334,"href":"https:\/\/www.hotel-westend.com\/en\/wp-json\/wp\/v2\/posts\/5160\/revisions\/5334"}],"wp:featuredmedia":[{"embeddable":true,"href":"https:\/\/www.hotel-westend.com\/en\/wp-json\/wp\/v2\/media\/5153"}],"wp:attachment":[{"href":"https:\/\/www.hotel-westend.com\/en\/wp-json\/wp\/v2\/media?parent=5160"}],"wp:term":[{"taxonomy":"category","embeddable":true,"href":"https:\/\/www.hotel-westend.com\/en\/wp-json\/wp\/v2\/categories?post=5160"},{"taxonomy":"post_tag","embeddable":true,"href":"https:\/\/www.hotel-westend.com\/en\/wp-json\/wp\/v2\/tags?post=5160"}],"curies":[{"name":"wp","href":"https:\/\/api.w.org\/{rel}","templated":true}]}}