{"id":5618,"date":"2023-03-29T15:02:02","date_gmt":"2023-03-29T13:02:02","guid":{"rendered":"https:\/\/www.hotel-westend.com\/2023\/03\/29\/festival-des-jardins-2023\/"},"modified":"2023-04-04T15:36:16","modified_gmt":"2023-04-04T13:36:16","slug":"festival-des-jardins-2023","status":"publish","type":"post","link":"https:\/\/www.hotel-westend.com\/en\/2023\/03\/29\/festival-des-jardins-2023\/","title":{"rendered":"The French Riviera celebrates the 2023 Garden Festival"},"content":{"rendered":"<p>[et_pb_section fb_built=&#8221;1&#8243; admin_label=&#8221;section&#8221; _builder_version=&#8221;4.16&#8243; min_height=&#8221;629.4px&#8221; custom_padding=&#8221;||0px|||&#8221; global_colors_info=&#8221;{}&#8221;][et_pb_row admin_label=&#8221;row&#8221; _builder_version=&#8221;4.16&#8243; background_size=&#8221;initial&#8221; background_position=&#8221;top_left&#8221; background_repeat=&#8221;repeat&#8221; custom_padding=&#8221;||0px|||&#8221; global_colors_info=&#8221;{}&#8221;][et_pb_column type=&#8221;4_4&#8243; _builder_version=&#8221;4.16&#8243; custom_padding=&#8221;|||&#8221; global_colors_info=&#8221;{}&#8221; custom_padding__hover=&#8221;|||&#8221;][et_pb_text module_class=&#8221;tiretsInverse&#8221; _builder_version=&#8221;4.20.2&#8243; _module_preset=&#8221;default&#8221; header_2_font=&#8221;Gilda Display||||||||&#8221; header_2_text_color=&#8221;#9b8760&#8243; header_2_font_size=&#8221;58px&#8221; width=&#8221;100%&#8221; custom_margin=&#8221;|||0px|false|false&#8221; custom_padding=&#8221;|||0px||&#8221; hover_enabled=&#8221;0&#8243; locked=&#8221;off&#8221; global_colors_info=&#8221;{}&#8221; sticky_enabled=&#8221;0&#8243;]<\/p>\n<h2 id=\"tw-target-text\" class=\"tw-data-text tw-text-large tw-ta\" dir=\"ltr\" data-placeholder=\"Traduction\"><span class=\"Y2IQFc\" lang=\"en\">The French Riviera celebrates the 2023 Garden Festival<\/span><\/h2>\n<p>[\/et_pb_text][et_pb_image src=&#8221;https:\/\/www.hotel-westend.com\/wp-content\/uploads\/2023\/04\/festival-des-jardins-de-la-cote-dazur-vacances-nice-hotel-west-end-jardin-albert-1er-place-massena-camille-moirenc.jpg&#8221; alt=&#8221;IRONMAN&#8221; title_text=&#8221;festival des jardins de la cote dazur &#8211; vacances nice hotel west end &#8211; jardin albert 1er place massena &#8211; camille moirenc&#8221; align=&#8221;center&#8221; _builder_version=&#8221;4.20.2&#8243; _module_preset=&#8221;default&#8221; width=&#8221;58%&#8221; max_width=&#8221;71%&#8221; min_height=&#8221;100px&#8221; height=&#8221;378px&#8221; custom_margin=&#8221;||0px||false|false&#8221; global_colors_info=&#8221;{}&#8221;][\/et_pb_image][et_pb_text admin_label=&#8221;Text&#8221; _builder_version=&#8221;4.20.2&#8243; background_size=&#8221;initial&#8221; background_position=&#8221;top_left&#8221; background_repeat=&#8221;repeat&#8221; hover_enabled=&#8221;0&#8243; global_colors_info=&#8221;{}&#8221; sticky_enabled=&#8221;0&#8243;]<\/p>\n<p id=\"tw-target-text\" class=\"tw-data-text tw-text-large tw-ta\" dir=\"ltr\" data-placeholder=\"Traduction\"><span class=\"Y2IQFc\" lang=\"en\">From March 25 to May 1, 2023, Nice, Cannes, Menton and other coastal cities unveil their most beautiful creations for a new edition of the C\u00f4te d&#8217;Azur Garden Festival. <\/span><\/p>\n<p class=\"tw-data-text tw-text-large tw-ta\" dir=\"ltr\" data-placeholder=\"Traduction\"><span class=\"Y2IQFc\" lang=\"en\">For 5 weeks, the C\u00f4te d&#8217;Azur landscape is transformed to offer a truly dazzling visual spectacle! Take advantage of your stay at the West End hotel to admire the works in the four corners of the Alpes Maritimes department. <\/span><\/p>\n<p class=\"tw-data-text tw-text-large tw-ta\" dir=\"ltr\" data-placeholder=\"Traduction\"><span class=\"Y2IQFc\" lang=\"en\">This year, the most bucolic of festivals has the theme: &#8220;Surprising Perspectives&#8221;. The perfect opportunity to experience the destination like you&#8217;ve never seen it before! Games of shadows and lights, open and intimate perspectives will play with you throughout your stroll among the 31 unique and ephemeral creations proposed for this 2023 edition. Botanical amateurs or experts, experience a unique moment punctuated by animations exceptional and become a true expert of the flora. <\/span><\/p>\n<p class=\"tw-data-text tw-text-large tw-ta\" dir=\"ltr\" data-placeholder=\"Traduction\"><span class=\"Y2IQFc\" lang=\"en\">So get ready for a real adventure on your next stay with us. Only a few minutes walk from the West End hotel, visit 1 of the 17 competing gardens at Jardin Albert 1er, a stone&#8217;s throw from the famous Place Mass\u00e9na.<\/span><\/p>\n<p id=\"tw-target-text\" class=\"tw-data-text tw-text-large tw-ta\" dir=\"ltr\" data-placeholder=\"Traduction\"><span class=\"Y2IQFc\" lang=\"en\">Discover the detailed program\u00a0<\/span> : <a href=\"https:\/\/cotedazurfrance.fr\/decouvrir\/grands-evenements\/festival-des-jardins-de-la-cote-dazur-2023-programme-des-animations\/\" target=\"_blank\" rel=\"noopener\">Festival des Jardins 2023<\/a>.<\/p>\n<p style=\"text-align: right;\"><em>(Photo Camille Moirenc)<\/em><\/p>\n<p>[\/et_pb_text][\/et_pb_column][\/et_pb_row][\/et_pb_section]<\/p>\n","protected":false},"excerpt":{"rendered":"<p>The Garden Festival returns to the C\u00f4te d&#8217;Azur<\/p>\n","protected":false},"author":7,"featured_media":5612,"comment_status":"open","ping_status":"open","sticky":false,"template":"","format":"standard","meta":{"_et_pb_use_builder":"on","_et_pb_old_content":"<!-- wp:paragraph -->\r\n<p>Du 13 au 27 f\u00e9vrier 2021, Nice deviendra la Capitale mondiale de la mode avec la 137e \u00e9dition du Carnaval sur le th\u00e8me \u00ab Roi des animaux \u00bb. Venez admirer le Roi, la Reine et leurs sujets et participer aux extravagants d\u00e9fil\u00e9s de chars, de grosses t\u00eates et aux \u00e9l\u00e9gantes Batailles de Fleurs.<\/p>\r\n<!-- \/wp:paragraph -->\r\n\r\n<!-- wp:paragraph -->\r\n<p>Pendant 15 jours, le Carnaval de Nice, avec ses deux manifestations\u00a0: les Corsi carnavalesques (de jour ou de nuit) et les Batailles de fleurs, imposera son style et vous offrira un spectacle burlesque, magique et initiatique d\u00e9di\u00e9 \u00e0 la mode sous toutes ses coutures.<\/p>\r\n<!-- \/wp:paragraph -->\r\n\r\n<!-- wp:paragraph -->\r\n<p>Les chars cr\u00e9\u00e9s sur le th\u00e8me d\u00e9fileront lors des Corsi carnavalesques (mardis, samedis et dimanche), accompagn\u00e9s de grosses t\u00eates et d\u2019artistes venant du monde entier dans une ambiance festive et populaire, savamment sc\u00e9nographi\u00e9e, pour revisiter l\u2019histoire de la mode, vous faire rire, sourire mais aussi r\u00e9fl\u00e9chir sur la mode et ses dessous. Car si la mode lance des tendances et bouleverse les codes comme les comportements, elle a aussi un r\u00f4le \u00e9thique et responsable \u00e0 jouer.<\/p>\r\n<!-- \/wp:paragraph -->\r\n\r\n<!-- wp:paragraph -->\r\n<p>Les mercredis et samedis apr\u00e8s-midi, venez d\u00e9couvrir l\u2019autre temps du fort du Carnaval\u00a0: les Batailles de Fleurs o\u00f9 le th\u00e8me sera d\u00e9clin\u00e9 sur des chars orn\u00e9s de fleurs valorisant la production locale (80% des fleurs sont produites dans la r\u00e9gion) et anim\u00e9s par des com\u00e9diennes qui porteront des costumes sp\u00e9cialement con\u00e7us pour la manifestation. Un d\u00e9fil\u00e9 unique au monde o\u00f9 des milliers de fleurs seront distribu\u00e9es.<\/p>\r\n<!-- \/wp:paragraph -->\r\n\r\n<!-- wp:paragraph -->\r\n<p>Et n\u2019oubliez pas, grands et petits, d\u00e9guisez de la t\u00eate aux pieds, les corsi seront gratuits\u00a0!<\/p>\r\n<!-- \/wp:paragraph -->\r\n\r\n<!-- wp:paragraph -->\r\n<p><strong>Alors venez prendre part \u00e0 la f\u00eate du 13 au 27 f\u00e9vrier 2021 \u00e0 Nice.<\/strong><\/p>\r\n<!-- \/wp:paragraph -->","_et_gb_content_width":"1150","inline_featured_image":false,"footnotes":""},"categories":[36,37,35],"tags":[],"class_list":["post-5618","post","type-post","status-publish","format-standard","has-post-thumbnail","hentry","category-actualites-en","category-news-en","category-news-en-2022"],"yoast_head":"<!-- This site is optimized with the Yoast SEO plugin v27.5 - https:\/\/yoast.com\/product\/yoast-seo-wordpress\/ -->\n<title>The French Riviera celebrates the 2023 Garden Festival -<\/title>\n<meta name=\"description\" content=\"The Garden Festival returns to Massena Place and the entire C\u00f4te d&#039;Azur, a stone&#039;s throw from the Hotel West End, Nice.\" \/>\n<meta name=\"robots\" content=\"index, follow, max-snippet:-1, max-image-preview:large, max-video-preview:-1\" \/>\n<link rel=\"canonical\" href=\"https:\/\/www.hotel-westend.com\/en\/2023\/03\/29\/festival-des-jardins-2023\/\" \/>\n<meta property=\"og:locale\" content=\"en_US\" \/>\n<meta property=\"og:type\" content=\"article\" \/>\n<meta property=\"og:title\" content=\"The French Riviera celebrates the 2023 Garden Festival -\" \/>\n<meta property=\"og:description\" content=\"The Garden Festival returns to Massena Place and the entire C\u00f4te d&#039;Azur, a stone&#039;s throw from the Hotel West End, Nice.\" \/>\n<meta property=\"og:url\" content=\"https:\/\/www.hotel-westend.com\/en\/2023\/03\/29\/festival-des-jardins-2023\/\" \/>\n<meta property=\"og:site_name\" content=\"Hotel Westend Nice\" \/>\n<meta property=\"article:published_time\" content=\"2023-03-29T13:02:02+00:00\" \/>\n<meta property=\"article:modified_time\" content=\"2023-04-04T13:36:16+00:00\" \/>\n<meta property=\"og:image\" content=\"https:\/\/www.hotel-westend.com\/wp-content\/uploads\/2023\/04\/festival-des-jardins-de-la-cote-dazur-vacances-nice-hotel-west-end-jardin-albert-1er-place-massena-camille-moirenc.jpg\" \/>\n\t<meta property=\"og:image:width\" content=\"1920\" \/>\n\t<meta property=\"og:image:height\" content=\"1280\" \/>\n\t<meta property=\"og:image:type\" content=\"image\/jpeg\" \/>\n<meta name=\"author\" content=\"AgenceAZ\" \/>\n<meta name=\"twitter:card\" content=\"summary_large_image\" \/>\n<meta name=\"twitter:label1\" content=\"Written by\" \/>\n\t<meta name=\"twitter:data1\" content=\"AgenceAZ\" \/>\n\t<meta name=\"twitter:label2\" content=\"Est. reading time\" \/>\n\t<meta name=\"twitter:data2\" content=\"2 minutes\" \/>\n<script type=\"application\/ld+json\" class=\"yoast-schema-graph\">{\"@context\":\"https:\\\/\\\/schema.org\",\"@graph\":[{\"@type\":\"Article\",\"@id\":\"https:\\\/\\\/www.hotel-westend.com\\\/en\\\/2023\\\/03\\\/29\\\/festival-des-jardins-2023\\\/#article\",\"isPartOf\":{\"@id\":\"https:\\\/\\\/www.hotel-westend.com\\\/en\\\/2023\\\/03\\\/29\\\/festival-des-jardins-2023\\\/\"},\"author\":{\"name\":\"AgenceAZ\",\"@id\":\"https:\\\/\\\/www.hotel-westend.com\\\/#\\\/schema\\\/person\\\/c3ec475886346e12750f94aa1d3d9458\"},\"headline\":\"The French Riviera celebrates the 2023 Garden Festival\",\"datePublished\":\"2023-03-29T13:02:02+00:00\",\"dateModified\":\"2023-04-04T13:36:16+00:00\",\"mainEntityOfPage\":{\"@id\":\"https:\\\/\\\/www.hotel-westend.com\\\/en\\\/2023\\\/03\\\/29\\\/festival-des-jardins-2023\\\/\"},\"wordCount\":405,\"commentCount\":0,\"image\":{\"@id\":\"https:\\\/\\\/www.hotel-westend.com\\\/en\\\/2023\\\/03\\\/29\\\/festival-des-jardins-2023\\\/#primaryimage\"},\"thumbnailUrl\":\"https:\\\/\\\/www.hotel-westend.com\\\/wp-content\\\/uploads\\\/2023\\\/04\\\/festival-des-jardins-de-la-cote-dazur-vacances-nice-hotel-west-end-jardin-albert-1er-place-massena-camille-moirenc.jpg\",\"articleSection\":[\"Actualit\u00e9s\",\"News\",\"News-EN-2022\"],\"inLanguage\":\"en-US\"},{\"@type\":\"WebPage\",\"@id\":\"https:\\\/\\\/www.hotel-westend.com\\\/en\\\/2023\\\/03\\\/29\\\/festival-des-jardins-2023\\\/\",\"url\":\"https:\\\/\\\/www.hotel-westend.com\\\/en\\\/2023\\\/03\\\/29\\\/festival-des-jardins-2023\\\/\",\"name\":\"The French Riviera celebrates the 2023 Garden Festival -\",\"isPartOf\":{\"@id\":\"https:\\\/\\\/www.hotel-westend.com\\\/#website\"},\"primaryImageOfPage\":{\"@id\":\"https:\\\/\\\/www.hotel-westend.com\\\/en\\\/2023\\\/03\\\/29\\\/festival-des-jardins-2023\\\/#primaryimage\"},\"image\":{\"@id\":\"https:\\\/\\\/www.hotel-westend.com\\\/en\\\/2023\\\/03\\\/29\\\/festival-des-jardins-2023\\\/#primaryimage\"},\"thumbnailUrl\":\"https:\\\/\\\/www.hotel-westend.com\\\/wp-content\\\/uploads\\\/2023\\\/04\\\/festival-des-jardins-de-la-cote-dazur-vacances-nice-hotel-west-end-jardin-albert-1er-place-massena-camille-moirenc.jpg\",\"datePublished\":\"2023-03-29T13:02:02+00:00\",\"dateModified\":\"2023-04-04T13:36:16+00:00\",\"author\":{\"@id\":\"https:\\\/\\\/www.hotel-westend.com\\\/#\\\/schema\\\/person\\\/c3ec475886346e12750f94aa1d3d9458\"},\"description\":\"The Garden Festival returns to Massena Place and the entire C\u00f4te d'Azur, a stone's throw from the Hotel West End, Nice.\",\"breadcrumb\":{\"@id\":\"https:\\\/\\\/www.hotel-westend.com\\\/en\\\/2023\\\/03\\\/29\\\/festival-des-jardins-2023\\\/#breadcrumb\"},\"inLanguage\":\"en-US\",\"potentialAction\":[{\"@type\":\"ReadAction\",\"target\":[\"https:\\\/\\\/www.hotel-westend.com\\\/en\\\/2023\\\/03\\\/29\\\/festival-des-jardins-2023\\\/\"]}]},{\"@type\":\"ImageObject\",\"inLanguage\":\"en-US\",\"@id\":\"https:\\\/\\\/www.hotel-westend.com\\\/en\\\/2023\\\/03\\\/29\\\/festival-des-jardins-2023\\\/#primaryimage\",\"url\":\"https:\\\/\\\/www.hotel-westend.com\\\/wp-content\\\/uploads\\\/2023\\\/04\\\/festival-des-jardins-de-la-cote-dazur-vacances-nice-hotel-west-end-jardin-albert-1er-place-massena-camille-moirenc.jpg\",\"contentUrl\":\"https:\\\/\\\/www.hotel-westend.com\\\/wp-content\\\/uploads\\\/2023\\\/04\\\/festival-des-jardins-de-la-cote-dazur-vacances-nice-hotel-west-end-jardin-albert-1er-place-massena-camille-moirenc.jpg\",\"width\":1920,\"height\":1280},{\"@type\":\"BreadcrumbList\",\"@id\":\"https:\\\/\\\/www.hotel-westend.com\\\/en\\\/2023\\\/03\\\/29\\\/festival-des-jardins-2023\\\/#breadcrumb\",\"itemListElement\":[{\"@type\":\"ListItem\",\"position\":1,\"name\":\"Accueil\",\"item\":\"https:\\\/\\\/www.hotel-westend.com\\\/en\\\/\"},{\"@type\":\"ListItem\",\"position\":2,\"name\":\"The French Riviera celebrates the 2023 Garden Festival\"}]},{\"@type\":\"WebSite\",\"@id\":\"https:\\\/\\\/www.hotel-westend.com\\\/#website\",\"url\":\"https:\\\/\\\/www.hotel-westend.com\\\/\",\"name\":\"Hotel Westend Nice\",\"description\":\"Hotel 4 Etoiles Nice - Promenade Anglais | OFFICIEL \",\"potentialAction\":[{\"@type\":\"SearchAction\",\"target\":{\"@type\":\"EntryPoint\",\"urlTemplate\":\"https:\\\/\\\/www.hotel-westend.com\\\/?s={search_term_string}\"},\"query-input\":{\"@type\":\"PropertyValueSpecification\",\"valueRequired\":true,\"valueName\":\"search_term_string\"}}],\"inLanguage\":\"en-US\"},{\"@type\":\"Person\",\"@id\":\"https:\\\/\\\/www.hotel-westend.com\\\/#\\\/schema\\\/person\\\/c3ec475886346e12750f94aa1d3d9458\",\"name\":\"AgenceAZ\",\"url\":\"https:\\\/\\\/www.hotel-westend.com\\\/en\\\/author\\\/agenceaz\\\/\"}]}<\/script>\n<!-- \/ Yoast SEO plugin. -->","yoast_head_json":{"title":"The French Riviera celebrates the 2023 Garden Festival -","description":"The Garden Festival returns to Massena Place and the entire C\u00f4te d'Azur, a stone's throw from the Hotel West End, Nice.","robots":{"index":"index","follow":"follow","max-snippet":"max-snippet:-1","max-image-preview":"max-image-preview:large","max-video-preview":"max-video-preview:-1"},"canonical":"https:\/\/www.hotel-westend.com\/en\/2023\/03\/29\/festival-des-jardins-2023\/","og_locale":"en_US","og_type":"article","og_title":"The French Riviera celebrates the 2023 Garden Festival -","og_description":"The Garden Festival returns to Massena Place and the entire C\u00f4te d'Azur, a stone's throw from the Hotel West End, Nice.","og_url":"https:\/\/www.hotel-westend.com\/en\/2023\/03\/29\/festival-des-jardins-2023\/","og_site_name":"Hotel Westend Nice","article_published_time":"2023-03-29T13:02:02+00:00","article_modified_time":"2023-04-04T13:36:16+00:00","og_image":[{"width":1920,"height":1280,"url":"https:\/\/www.hotel-westend.com\/wp-content\/uploads\/2023\/04\/festival-des-jardins-de-la-cote-dazur-vacances-nice-hotel-west-end-jardin-albert-1er-place-massena-camille-moirenc.jpg","type":"image\/jpeg"}],"author":"AgenceAZ","twitter_card":"summary_large_image","twitter_misc":{"Written by":"AgenceAZ","Est. reading time":"2 minutes"},"schema":{"@context":"https:\/\/schema.org","@graph":[{"@type":"Article","@id":"https:\/\/www.hotel-westend.com\/en\/2023\/03\/29\/festival-des-jardins-2023\/#article","isPartOf":{"@id":"https:\/\/www.hotel-westend.com\/en\/2023\/03\/29\/festival-des-jardins-2023\/"},"author":{"name":"AgenceAZ","@id":"https:\/\/www.hotel-westend.com\/#\/schema\/person\/c3ec475886346e12750f94aa1d3d9458"},"headline":"The French Riviera celebrates the 2023 Garden Festival","datePublished":"2023-03-29T13:02:02+00:00","dateModified":"2023-04-04T13:36:16+00:00","mainEntityOfPage":{"@id":"https:\/\/www.hotel-westend.com\/en\/2023\/03\/29\/festival-des-jardins-2023\/"},"wordCount":405,"commentCount":0,"image":{"@id":"https:\/\/www.hotel-westend.com\/en\/2023\/03\/29\/festival-des-jardins-2023\/#primaryimage"},"thumbnailUrl":"https:\/\/www.hotel-westend.com\/wp-content\/uploads\/2023\/04\/festival-des-jardins-de-la-cote-dazur-vacances-nice-hotel-west-end-jardin-albert-1er-place-massena-camille-moirenc.jpg","articleSection":["Actualit\u00e9s","News","News-EN-2022"],"inLanguage":"en-US"},{"@type":"WebPage","@id":"https:\/\/www.hotel-westend.com\/en\/2023\/03\/29\/festival-des-jardins-2023\/","url":"https:\/\/www.hotel-westend.com\/en\/2023\/03\/29\/festival-des-jardins-2023\/","name":"The French Riviera celebrates the 2023 Garden Festival -","isPartOf":{"@id":"https:\/\/www.hotel-westend.com\/#website"},"primaryImageOfPage":{"@id":"https:\/\/www.hotel-westend.com\/en\/2023\/03\/29\/festival-des-jardins-2023\/#primaryimage"},"image":{"@id":"https:\/\/www.hotel-westend.com\/en\/2023\/03\/29\/festival-des-jardins-2023\/#primaryimage"},"thumbnailUrl":"https:\/\/www.hotel-westend.com\/wp-content\/uploads\/2023\/04\/festival-des-jardins-de-la-cote-dazur-vacances-nice-hotel-west-end-jardin-albert-1er-place-massena-camille-moirenc.jpg","datePublished":"2023-03-29T13:02:02+00:00","dateModified":"2023-04-04T13:36:16+00:00","author":{"@id":"https:\/\/www.hotel-westend.com\/#\/schema\/person\/c3ec475886346e12750f94aa1d3d9458"},"description":"The Garden Festival returns to Massena Place and the entire C\u00f4te d'Azur, a stone's throw from the Hotel West End, Nice.","breadcrumb":{"@id":"https:\/\/www.hotel-westend.com\/en\/2023\/03\/29\/festival-des-jardins-2023\/#breadcrumb"},"inLanguage":"en-US","potentialAction":[{"@type":"ReadAction","target":["https:\/\/www.hotel-westend.com\/en\/2023\/03\/29\/festival-des-jardins-2023\/"]}]},{"@type":"ImageObject","inLanguage":"en-US","@id":"https:\/\/www.hotel-westend.com\/en\/2023\/03\/29\/festival-des-jardins-2023\/#primaryimage","url":"https:\/\/www.hotel-westend.com\/wp-content\/uploads\/2023\/04\/festival-des-jardins-de-la-cote-dazur-vacances-nice-hotel-west-end-jardin-albert-1er-place-massena-camille-moirenc.jpg","contentUrl":"https:\/\/www.hotel-westend.com\/wp-content\/uploads\/2023\/04\/festival-des-jardins-de-la-cote-dazur-vacances-nice-hotel-west-end-jardin-albert-1er-place-massena-camille-moirenc.jpg","width":1920,"height":1280},{"@type":"BreadcrumbList","@id":"https:\/\/www.hotel-westend.com\/en\/2023\/03\/29\/festival-des-jardins-2023\/#breadcrumb","itemListElement":[{"@type":"ListItem","position":1,"name":"Accueil","item":"https:\/\/www.hotel-westend.com\/en\/"},{"@type":"ListItem","position":2,"name":"The French Riviera celebrates the 2023 Garden Festival"}]},{"@type":"WebSite","@id":"https:\/\/www.hotel-westend.com\/#website","url":"https:\/\/www.hotel-westend.com\/","name":"Hotel Westend Nice","description":"Hotel 4 Etoiles Nice - Promenade Anglais | OFFICIEL ","potentialAction":[{"@type":"SearchAction","target":{"@type":"EntryPoint","urlTemplate":"https:\/\/www.hotel-westend.com\/?s={search_term_string}"},"query-input":{"@type":"PropertyValueSpecification","valueRequired":true,"valueName":"search_term_string"}}],"inLanguage":"en-US"},{"@type":"Person","@id":"https:\/\/www.hotel-westend.com\/#\/schema\/person\/c3ec475886346e12750f94aa1d3d9458","name":"AgenceAZ","url":"https:\/\/www.hotel-westend.com\/en\/author\/agenceaz\/"}]}},"_links":{"self":[{"href":"https:\/\/www.hotel-westend.com\/en\/wp-json\/wp\/v2\/posts\/5618","targetHints":{"allow":["GET"]}}],"collection":[{"href":"https:\/\/www.hotel-westend.com\/en\/wp-json\/wp\/v2\/posts"}],"about":[{"href":"https:\/\/www.hotel-westend.com\/en\/wp-json\/wp\/v2\/types\/post"}],"author":[{"embeddable":true,"href":"https:\/\/www.hotel-westend.com\/en\/wp-json\/wp\/v2\/users\/7"}],"replies":[{"embeddable":true,"href":"https:\/\/www.hotel-westend.com\/en\/wp-json\/wp\/v2\/comments?post=5618"}],"version-history":[{"count":2,"href":"https:\/\/www.hotel-westend.com\/en\/wp-json\/wp\/v2\/posts\/5618\/revisions"}],"predecessor-version":[{"id":5622,"href":"https:\/\/www.hotel-westend.com\/en\/wp-json\/wp\/v2\/posts\/5618\/revisions\/5622"}],"wp:featuredmedia":[{"embeddable":true,"href":"https:\/\/www.hotel-westend.com\/en\/wp-json\/wp\/v2\/media\/5612"}],"wp:attachment":[{"href":"https:\/\/www.hotel-westend.com\/en\/wp-json\/wp\/v2\/media?parent=5618"}],"wp:term":[{"taxonomy":"category","embeddable":true,"href":"https:\/\/www.hotel-westend.com\/en\/wp-json\/wp\/v2\/categories?post=5618"},{"taxonomy":"post_tag","embeddable":true,"href":"https:\/\/www.hotel-westend.com\/en\/wp-json\/wp\/v2\/tags?post=5618"}],"curies":[{"name":"wp","href":"https:\/\/api.w.org\/{rel}","templated":true}]}}