{"id":5844,"date":"2023-05-31T09:26:08","date_gmt":"2023-05-31T07:26:08","guid":{"rendered":"https:\/\/www.hotel-westend.com\/2023\/05\/31\/nice-jazz-festival-2023\/"},"modified":"2023-06-01T09:58:17","modified_gmt":"2023-06-01T07:58:17","slug":"nice-jazz-festival-2023","status":"publish","type":"post","link":"https:\/\/www.hotel-westend.com\/en\/2023\/05\/31\/nice-jazz-festival-2023\/","title":{"rendered":"The Nice Jazz Festival returns from July 18th to 21st, 2023!"},"content":{"rendered":"<p>[et_pb_section fb_built=&#8221;1&#8243; admin_label=&#8221;section&#8221; _builder_version=&#8221;4.16&#8243; min_height=&#8221;629.4px&#8221; custom_padding=&#8221;||0px|||&#8221; global_colors_info=&#8221;{}&#8221;][et_pb_row admin_label=&#8221;row&#8221; _builder_version=&#8221;4.16&#8243; background_size=&#8221;initial&#8221; background_position=&#8221;top_left&#8221; background_repeat=&#8221;repeat&#8221; custom_padding=&#8221;||0px|||&#8221; global_colors_info=&#8221;{}&#8221;][et_pb_column type=&#8221;4_4&#8243; _builder_version=&#8221;4.16&#8243; custom_padding=&#8221;|||&#8221; global_colors_info=&#8221;{}&#8221; custom_padding__hover=&#8221;|||&#8221;][et_pb_text module_class=&#8221;tiretsInverse&#8221; _builder_version=&#8221;4.21.0&#8243; _module_preset=&#8221;default&#8221; header_2_font=&#8221;Gilda Display||||||||&#8221; header_2_text_color=&#8221;#9b8760&#8243; header_2_font_size=&#8221;58px&#8221; width=&#8221;100%&#8221; custom_margin=&#8221;|||0px|false|false&#8221; custom_padding=&#8221;|||0px||&#8221; hover_enabled=&#8221;0&#8243; locked=&#8221;off&#8221; global_colors_info=&#8221;{}&#8221; sticky_enabled=&#8221;0&#8243;]<\/p>\n<h2 id=\"tw-target-text\" class=\"tw-data-text tw-text-large tw-ta\" dir=\"ltr\" data-placeholder=\"Traduction\"><span class=\"Y2IQFc\" lang=\"en\">The Nice Jazz Festival returns from July 18th to 21st, 2023!<\/span><\/h2>\n<p>[\/et_pb_text][et_pb_image src=&#8221;https:\/\/www.hotel-westend.com\/wp-content\/uploads\/2023\/06\/Nice-Jazz-Festival-2023-Programme-Programmation-Hotel-West-End-Nice-Cote-dAzur-Vacances-Ete-2023-blog-mister-riviera.png&#8221; alt=&#8221;IRONMAN&#8221; title_text=&#8221;Nice Jazz Festival 2023 Programme Programmation &#8211; Hotel West End Nice Cote dAzur &#8211; Vacances Ete 2023 &#8211; blog mister riviera&#8221; align=&#8221;center&#8221; _builder_version=&#8221;4.21.0&#8243; _module_preset=&#8221;default&#8221; width=&#8221;58%&#8221; max_width=&#8221;71%&#8221; min_height=&#8221;100px&#8221; height=&#8221;378px&#8221; custom_margin=&#8221;||0px||false|false&#8221; global_colors_info=&#8221;{}&#8221;][\/et_pb_image][et_pb_text admin_label=&#8221;Text&#8221; _builder_version=&#8221;4.21.0&#8243; background_size=&#8221;initial&#8221; background_position=&#8221;top_left&#8221; background_repeat=&#8221;repeat&#8221; hover_enabled=&#8221;0&#8243; global_colors_info=&#8221;{}&#8221; sticky_enabled=&#8221;0&#8243;]<\/p>\n<p>&nbsp;<\/p>\n<p id=\"tw-target-text\" class=\"tw-data-text tw-text-large tw-ta\" dir=\"ltr\" data-placeholder=\"Traduction\"><span class=\"Y2IQFc\" lang=\"en\">Just a few steps from the West End hotel, the Nice Jazz Festival is the unmissable event for all music lovers from all over the world! <\/span><\/p>\n<p class=\"tw-data-text tw-text-large tw-ta\" dir=\"ltr\" data-placeholder=\"Traduction\"><span class=\"Y2IQFc\" lang=\"en\">The city of Nice saw the birth of the first jazz festival in the world which brings together thousands of visitors every year. Since its creation in 1948, it has attracted the biggest names on the French and international music scene. The 2023 edition is no exception with an eclectic program, ranging from traditional jazz to contemporary jazz, including blues, funk&#8230; The headliners expected for this 68th edition are simply breathtaking. Juliette Armanet, Sir Tom Jones, Herbie Hancok, M and many more will follow one another on the two stages of the festival, offering performances that are sure to captivate the public. <\/span><\/p>\n<p class=\"tw-data-text tw-text-large tw-ta\" dir=\"ltr\" data-placeholder=\"Traduction\"><span class=\"Y2IQFc\" lang=\"en\">Located on the Promenade des Anglais, the Hotel West End offers privileged access to all jazz lovers who wish to live an unforgettable experience during this flagship event of the C\u00f4te d&#8217;Azur. After a musical evening, take advantage of a real little haven of peace to recharge your batteries before returning to wiggle your hips to bewitching Lives! Its elegant rooms and panoramic view of the Mediterranean Sea guarantee a memorable stay. Don&#8217;t forget to take a gourmet break between two concerts at <a href=\"https:\/\/www.hotel-westend.com\/en\/le-siecle-restaurant\/\">Le Si\u00e8cle restaurant<\/a> located at the foot of the hotel and live your Riviera adventure in the most delicious way.<\/span><\/p>\n<h4 id=\"tw-target-text\" class=\"tw-data-text tw-text-large tw-ta\" dir=\"ltr\" data-placeholder=\"Traduction\"><span class=\"Y2IQFc\" lang=\"en\">Discover the full program of the Nice Jazz Festival 2023:<\/span><\/h4>\n<p><strong><u>Tuesday, July 18th<\/u><\/strong><\/p>\n<p><strong>Massena Scene<\/strong><\/p>\n<p>8pm &gt; Adi Oasis<\/p>\n<p>9:15pm &gt; Gabriels<\/p>\n<p>11pm &gt; Juliette Armanet<\/p>\n<p><strong>&#8220;Th\u00e9\u00e2tre de Verdure&#8221; Scene<\/strong><\/p>\n<p>7:30pm &gt; Laurent Coulondre &#8220;Maeva Festa&#8221;<\/p>\n<p>08:45pm &gt; Hiromi&#8217;s Sonicwonder<\/p>\n<p>10:30pm &gt; Dave Holland Nex 4TET<\/p>\n<p><strong><u>Wednesday, July 19th<\/u><\/strong><\/p>\n<p><strong>Massena Scene<\/strong><\/p>\n<p>8pm &gt; Emile Londonien<\/p>\n<p>09:15pm &gt; Hyphen Hyphen<\/p>\n<p>11pm &gt; Sir Tom Jones<\/p>\n<p><strong>&#8220;Th\u00e9\u00e2tre de Verdure&#8221; Scene<\/strong><\/p>\n<p>7:30pm &gt; Immanuel Wilkins Quartet<\/p>\n<p>8:45pm &gt; Ludovic Louis<\/p>\n<p>10:30pm &gt; Yuri Buenaventura &amp; Roberto Fonseca &#8220;Un historia de un amor&#8221;<\/p>\n<p><strong><u>Thursday, July 20th<\/u><\/strong><\/p>\n<p><strong>Massena Scene<\/strong><\/p>\n<p>8pm &gt; Jalen Ngonda<\/p>\n<p>9:15pm &gt; Omah Lay<\/p>\n<p>11pm &gt; Herbie Hancock<\/p>\n<p><strong>&#8220;Th\u00e9\u00e2tre de Verdure&#8221; Scene<\/strong><\/p>\n<p>7:30pm &gt; Generation Django feat Edouard Pennes, Giacomo Smith, Fanou Torracinta, Sebastien Giniaux &amp; Romain Vuillemin<\/p>\n<p>8:45pm &gt; Superblue : Kurt Elling &amp; Charlie Hunter<\/p>\n<p>10:30pm &gt; Gogo Penguin &#8211; everything is going to be ok tour 2023<\/p>\n<p><strong><u>Friday, July 21st<\/u><\/strong><\/p>\n<p><strong>Massena Scene<\/strong><\/p>\n<p>8pm &gt; Olivia Dean<\/p>\n<p>9:15pm &gt; Tower of Power<\/p>\n<p>11pm &gt; -M- \u00abR\u00eavalit\u00e9\u00bb<\/p>\n<p><strong>&#8220;Th\u00e9\u00e2tre de Verdure&#8221; Scene<\/strong><\/p>\n<p>7:30pm &gt; Julius Rodriguez<\/p>\n<p>8:45pm &gt; Big Chief Harrison Jr.<\/p>\n<p>10:30pm &gt; Dianne Reeves<\/p>\n<p id=\"tw-target-text\" class=\"tw-data-text tw-text-large tw-ta\" dir=\"ltr\" data-placeholder=\"Traduction\"><span class=\"Y2IQFc\" lang=\"en\">Passionate or simply curious, immerse yourself in the musical universe of the Nice Jazz Festival while enjoying a stay in the iconic West End hotel. For more information, visit\u00a0<\/span><a href=\"https:\/\/www.nicejazzfestival.fr\/fr\/\" target=\"_blank\" rel=\"noopener\">https:\/\/www.nicejazzfestival.fr\/fr\/<\/a>.<\/p>\n<p style=\"text-align: right;\"><em>(Photo &#8211; Blog Mister Riviera)<\/em><\/p>\n<p>[\/et_pb_text][\/et_pb_column][\/et_pb_row][\/et_pb_section]<\/p>\n","protected":false},"excerpt":{"rendered":"<p>Discover the full program of the Nice Jazz Festival 2023<\/p>\n","protected":false},"author":7,"featured_media":5839,"comment_status":"open","ping_status":"open","sticky":false,"template":"","format":"standard","meta":{"_et_pb_use_builder":"on","_et_pb_old_content":"<!-- wp:paragraph -->\r\n<p>Du 13 au 27 f\u00e9vrier 2021, Nice deviendra la Capitale mondiale de la mode avec la 137e \u00e9dition du Carnaval sur le th\u00e8me \u00ab Roi des animaux \u00bb. Venez admirer le Roi, la Reine et leurs sujets et participer aux extravagants d\u00e9fil\u00e9s de chars, de grosses t\u00eates et aux \u00e9l\u00e9gantes Batailles de Fleurs.<\/p>\r\n<!-- \/wp:paragraph -->\r\n\r\n<!-- wp:paragraph -->\r\n<p>Pendant 15 jours, le Carnaval de Nice, avec ses deux manifestations\u00a0: les Corsi carnavalesques (de jour ou de nuit) et les Batailles de fleurs, imposera son style et vous offrira un spectacle burlesque, magique et initiatique d\u00e9di\u00e9 \u00e0 la mode sous toutes ses coutures.<\/p>\r\n<!-- \/wp:paragraph -->\r\n\r\n<!-- wp:paragraph -->\r\n<p>Les chars cr\u00e9\u00e9s sur le th\u00e8me d\u00e9fileront lors des Corsi carnavalesques (mardis, samedis et dimanche), accompagn\u00e9s de grosses t\u00eates et d\u2019artistes venant du monde entier dans une ambiance festive et populaire, savamment sc\u00e9nographi\u00e9e, pour revisiter l\u2019histoire de la mode, vous faire rire, sourire mais aussi r\u00e9fl\u00e9chir sur la mode et ses dessous. Car si la mode lance des tendances et bouleverse les codes comme les comportements, elle a aussi un r\u00f4le \u00e9thique et responsable \u00e0 jouer.<\/p>\r\n<!-- \/wp:paragraph -->\r\n\r\n<!-- wp:paragraph -->\r\n<p>Les mercredis et samedis apr\u00e8s-midi, venez d\u00e9couvrir l\u2019autre temps du fort du Carnaval\u00a0: les Batailles de Fleurs o\u00f9 le th\u00e8me sera d\u00e9clin\u00e9 sur des chars orn\u00e9s de fleurs valorisant la production locale (80% des fleurs sont produites dans la r\u00e9gion) et anim\u00e9s par des com\u00e9diennes qui porteront des costumes sp\u00e9cialement con\u00e7us pour la manifestation. Un d\u00e9fil\u00e9 unique au monde o\u00f9 des milliers de fleurs seront distribu\u00e9es.<\/p>\r\n<!-- \/wp:paragraph -->\r\n\r\n<!-- wp:paragraph -->\r\n<p>Et n\u2019oubliez pas, grands et petits, d\u00e9guisez de la t\u00eate aux pieds, les corsi seront gratuits\u00a0!<\/p>\r\n<!-- \/wp:paragraph -->\r\n\r\n<!-- wp:paragraph -->\r\n<p><strong>Alors venez prendre part \u00e0 la f\u00eate du 13 au 27 f\u00e9vrier 2021 \u00e0 Nice.<\/strong><\/p>\r\n<!-- \/wp:paragraph -->","_et_gb_content_width":"1150","inline_featured_image":false,"footnotes":""},"categories":[36,37,35],"tags":[],"class_list":["post-5844","post","type-post","status-publish","format-standard","has-post-thumbnail","hentry","category-actualites-en","category-news-en","category-news-en-2022"],"yoast_head":"<!-- This site is optimized with the Yoast SEO plugin v27.4 - https:\/\/yoast.com\/product\/yoast-seo-wordpress\/ -->\n<title>The Nice Jazz Festival returns from July 18th to 21st, 2023! -<\/title>\n<meta name=\"description\" content=\"Nice Jazz Festival 2023: discover the full program of the most important summer&#039;s musical event on the C\u00f4te d&#039;Azur\" \/>\n<meta name=\"robots\" content=\"index, follow, max-snippet:-1, max-image-preview:large, max-video-preview:-1\" \/>\n<link rel=\"canonical\" href=\"https:\/\/www.hotel-westend.com\/en\/2023\/05\/31\/nice-jazz-festival-2023\/\" \/>\n<meta property=\"og:locale\" content=\"en_US\" \/>\n<meta property=\"og:type\" content=\"article\" \/>\n<meta property=\"og:title\" content=\"The Nice Jazz Festival returns from July 18th to 21st, 2023! -\" \/>\n<meta property=\"og:description\" content=\"Nice Jazz Festival 2023: discover the full program of the most important summer&#039;s musical event on the C\u00f4te d&#039;Azur\" \/>\n<meta property=\"og:url\" content=\"https:\/\/www.hotel-westend.com\/en\/2023\/05\/31\/nice-jazz-festival-2023\/\" \/>\n<meta property=\"og:site_name\" content=\"Hotel Westend Nice\" \/>\n<meta property=\"article:published_time\" content=\"2023-05-31T07:26:08+00:00\" \/>\n<meta property=\"article:modified_time\" content=\"2023-06-01T07:58:17+00:00\" \/>\n<meta property=\"og:image\" content=\"https:\/\/www.hotel-westend.com\/wp-content\/uploads\/2023\/06\/Nice-Jazz-Festival-2023-Programme-Programmation-Hotel-West-End-Nice-Cote-dAzur-Vacances-Ete-2023-blog-mister-riviera-1024x664.png\" \/>\n\t<meta property=\"og:image:width\" content=\"1024\" \/>\n\t<meta property=\"og:image:height\" content=\"664\" \/>\n\t<meta property=\"og:image:type\" content=\"image\/png\" \/>\n<meta name=\"author\" content=\"AgenceAZ\" \/>\n<meta name=\"twitter:card\" content=\"summary_large_image\" \/>\n<meta name=\"twitter:label1\" content=\"Written by\" \/>\n\t<meta name=\"twitter:data1\" content=\"AgenceAZ\" \/>\n\t<meta name=\"twitter:label2\" content=\"Est. reading time\" \/>\n\t<meta name=\"twitter:data2\" content=\"3 minutes\" \/>\n<script type=\"application\/ld+json\" class=\"yoast-schema-graph\">{\"@context\":\"https:\\\/\\\/schema.org\",\"@graph\":[{\"@type\":\"Article\",\"@id\":\"https:\\\/\\\/www.hotel-westend.com\\\/en\\\/2023\\\/05\\\/31\\\/nice-jazz-festival-2023\\\/#article\",\"isPartOf\":{\"@id\":\"https:\\\/\\\/www.hotel-westend.com\\\/en\\\/2023\\\/05\\\/31\\\/nice-jazz-festival-2023\\\/\"},\"author\":{\"name\":\"AgenceAZ\",\"@id\":\"https:\\\/\\\/www.hotel-westend.com\\\/#\\\/schema\\\/person\\\/c3ec475886346e12750f94aa1d3d9458\"},\"headline\":\"The Nice Jazz Festival returns from July 18th to 21st, 2023!\",\"datePublished\":\"2023-05-31T07:26:08+00:00\",\"dateModified\":\"2023-06-01T07:58:17+00:00\",\"mainEntityOfPage\":{\"@id\":\"https:\\\/\\\/www.hotel-westend.com\\\/en\\\/2023\\\/05\\\/31\\\/nice-jazz-festival-2023\\\/\"},\"wordCount\":678,\"commentCount\":0,\"image\":{\"@id\":\"https:\\\/\\\/www.hotel-westend.com\\\/en\\\/2023\\\/05\\\/31\\\/nice-jazz-festival-2023\\\/#primaryimage\"},\"thumbnailUrl\":\"https:\\\/\\\/www.hotel-westend.com\\\/wp-content\\\/uploads\\\/2023\\\/06\\\/Nice-Jazz-Festival-2023-Programme-Programmation-Hotel-West-End-Nice-Cote-dAzur-Vacances-Ete-2023-blog-mister-riviera.png\",\"articleSection\":[\"Actualit\u00e9s\",\"News\",\"News-EN-2022\"],\"inLanguage\":\"en-US\"},{\"@type\":\"WebPage\",\"@id\":\"https:\\\/\\\/www.hotel-westend.com\\\/en\\\/2023\\\/05\\\/31\\\/nice-jazz-festival-2023\\\/\",\"url\":\"https:\\\/\\\/www.hotel-westend.com\\\/en\\\/2023\\\/05\\\/31\\\/nice-jazz-festival-2023\\\/\",\"name\":\"The Nice Jazz Festival returns from July 18th to 21st, 2023! -\",\"isPartOf\":{\"@id\":\"https:\\\/\\\/www.hotel-westend.com\\\/#website\"},\"primaryImageOfPage\":{\"@id\":\"https:\\\/\\\/www.hotel-westend.com\\\/en\\\/2023\\\/05\\\/31\\\/nice-jazz-festival-2023\\\/#primaryimage\"},\"image\":{\"@id\":\"https:\\\/\\\/www.hotel-westend.com\\\/en\\\/2023\\\/05\\\/31\\\/nice-jazz-festival-2023\\\/#primaryimage\"},\"thumbnailUrl\":\"https:\\\/\\\/www.hotel-westend.com\\\/wp-content\\\/uploads\\\/2023\\\/06\\\/Nice-Jazz-Festival-2023-Programme-Programmation-Hotel-West-End-Nice-Cote-dAzur-Vacances-Ete-2023-blog-mister-riviera.png\",\"datePublished\":\"2023-05-31T07:26:08+00:00\",\"dateModified\":\"2023-06-01T07:58:17+00:00\",\"author\":{\"@id\":\"https:\\\/\\\/www.hotel-westend.com\\\/#\\\/schema\\\/person\\\/c3ec475886346e12750f94aa1d3d9458\"},\"description\":\"Nice Jazz Festival 2023: discover the full program of the most important summer's musical event on the C\u00f4te d'Azur\",\"breadcrumb\":{\"@id\":\"https:\\\/\\\/www.hotel-westend.com\\\/en\\\/2023\\\/05\\\/31\\\/nice-jazz-festival-2023\\\/#breadcrumb\"},\"inLanguage\":\"en-US\",\"potentialAction\":[{\"@type\":\"ReadAction\",\"target\":[\"https:\\\/\\\/www.hotel-westend.com\\\/en\\\/2023\\\/05\\\/31\\\/nice-jazz-festival-2023\\\/\"]}]},{\"@type\":\"ImageObject\",\"inLanguage\":\"en-US\",\"@id\":\"https:\\\/\\\/www.hotel-westend.com\\\/en\\\/2023\\\/05\\\/31\\\/nice-jazz-festival-2023\\\/#primaryimage\",\"url\":\"https:\\\/\\\/www.hotel-westend.com\\\/wp-content\\\/uploads\\\/2023\\\/06\\\/Nice-Jazz-Festival-2023-Programme-Programmation-Hotel-West-End-Nice-Cote-dAzur-Vacances-Ete-2023-blog-mister-riviera.png\",\"contentUrl\":\"https:\\\/\\\/www.hotel-westend.com\\\/wp-content\\\/uploads\\\/2023\\\/06\\\/Nice-Jazz-Festival-2023-Programme-Programmation-Hotel-West-End-Nice-Cote-dAzur-Vacances-Ete-2023-blog-mister-riviera.png\",\"width\":2041,\"height\":1323,\"caption\":\"Nice Jazz Festival 2023 Programme Programmation - Hotel West End Nice Cote dAzur - Vacances Ete 2023 - blog mister riviera\"},{\"@type\":\"BreadcrumbList\",\"@id\":\"https:\\\/\\\/www.hotel-westend.com\\\/en\\\/2023\\\/05\\\/31\\\/nice-jazz-festival-2023\\\/#breadcrumb\",\"itemListElement\":[{\"@type\":\"ListItem\",\"position\":1,\"name\":\"Accueil\",\"item\":\"https:\\\/\\\/www.hotel-westend.com\\\/en\\\/\"},{\"@type\":\"ListItem\",\"position\":2,\"name\":\"The Nice Jazz Festival returns from July 18th to 21st, 2023!\"}]},{\"@type\":\"WebSite\",\"@id\":\"https:\\\/\\\/www.hotel-westend.com\\\/#website\",\"url\":\"https:\\\/\\\/www.hotel-westend.com\\\/\",\"name\":\"Hotel Westend Nice\",\"description\":\"Hotel 4 Etoiles Nice - Promenade Anglais | OFFICIEL \",\"potentialAction\":[{\"@type\":\"SearchAction\",\"target\":{\"@type\":\"EntryPoint\",\"urlTemplate\":\"https:\\\/\\\/www.hotel-westend.com\\\/?s={search_term_string}\"},\"query-input\":{\"@type\":\"PropertyValueSpecification\",\"valueRequired\":true,\"valueName\":\"search_term_string\"}}],\"inLanguage\":\"en-US\"},{\"@type\":\"Person\",\"@id\":\"https:\\\/\\\/www.hotel-westend.com\\\/#\\\/schema\\\/person\\\/c3ec475886346e12750f94aa1d3d9458\",\"name\":\"AgenceAZ\",\"url\":\"https:\\\/\\\/www.hotel-westend.com\\\/en\\\/author\\\/agenceaz\\\/\"}]}<\/script>\n<!-- \/ Yoast SEO plugin. -->","yoast_head_json":{"title":"The Nice Jazz Festival returns from July 18th to 21st, 2023! -","description":"Nice Jazz Festival 2023: discover the full program of the most important summer's musical event on the C\u00f4te d'Azur","robots":{"index":"index","follow":"follow","max-snippet":"max-snippet:-1","max-image-preview":"max-image-preview:large","max-video-preview":"max-video-preview:-1"},"canonical":"https:\/\/www.hotel-westend.com\/en\/2023\/05\/31\/nice-jazz-festival-2023\/","og_locale":"en_US","og_type":"article","og_title":"The Nice Jazz Festival returns from July 18th to 21st, 2023! -","og_description":"Nice Jazz Festival 2023: discover the full program of the most important summer's musical event on the C\u00f4te d'Azur","og_url":"https:\/\/www.hotel-westend.com\/en\/2023\/05\/31\/nice-jazz-festival-2023\/","og_site_name":"Hotel Westend Nice","article_published_time":"2023-05-31T07:26:08+00:00","article_modified_time":"2023-06-01T07:58:17+00:00","og_image":[{"width":1024,"height":664,"url":"https:\/\/www.hotel-westend.com\/wp-content\/uploads\/2023\/06\/Nice-Jazz-Festival-2023-Programme-Programmation-Hotel-West-End-Nice-Cote-dAzur-Vacances-Ete-2023-blog-mister-riviera-1024x664.png","type":"image\/png"}],"author":"AgenceAZ","twitter_card":"summary_large_image","twitter_misc":{"Written by":"AgenceAZ","Est. reading time":"3 minutes"},"schema":{"@context":"https:\/\/schema.org","@graph":[{"@type":"Article","@id":"https:\/\/www.hotel-westend.com\/en\/2023\/05\/31\/nice-jazz-festival-2023\/#article","isPartOf":{"@id":"https:\/\/www.hotel-westend.com\/en\/2023\/05\/31\/nice-jazz-festival-2023\/"},"author":{"name":"AgenceAZ","@id":"https:\/\/www.hotel-westend.com\/#\/schema\/person\/c3ec475886346e12750f94aa1d3d9458"},"headline":"The Nice Jazz Festival returns from July 18th to 21st, 2023!","datePublished":"2023-05-31T07:26:08+00:00","dateModified":"2023-06-01T07:58:17+00:00","mainEntityOfPage":{"@id":"https:\/\/www.hotel-westend.com\/en\/2023\/05\/31\/nice-jazz-festival-2023\/"},"wordCount":678,"commentCount":0,"image":{"@id":"https:\/\/www.hotel-westend.com\/en\/2023\/05\/31\/nice-jazz-festival-2023\/#primaryimage"},"thumbnailUrl":"https:\/\/www.hotel-westend.com\/wp-content\/uploads\/2023\/06\/Nice-Jazz-Festival-2023-Programme-Programmation-Hotel-West-End-Nice-Cote-dAzur-Vacances-Ete-2023-blog-mister-riviera.png","articleSection":["Actualit\u00e9s","News","News-EN-2022"],"inLanguage":"en-US"},{"@type":"WebPage","@id":"https:\/\/www.hotel-westend.com\/en\/2023\/05\/31\/nice-jazz-festival-2023\/","url":"https:\/\/www.hotel-westend.com\/en\/2023\/05\/31\/nice-jazz-festival-2023\/","name":"The Nice Jazz Festival returns from July 18th to 21st, 2023! -","isPartOf":{"@id":"https:\/\/www.hotel-westend.com\/#website"},"primaryImageOfPage":{"@id":"https:\/\/www.hotel-westend.com\/en\/2023\/05\/31\/nice-jazz-festival-2023\/#primaryimage"},"image":{"@id":"https:\/\/www.hotel-westend.com\/en\/2023\/05\/31\/nice-jazz-festival-2023\/#primaryimage"},"thumbnailUrl":"https:\/\/www.hotel-westend.com\/wp-content\/uploads\/2023\/06\/Nice-Jazz-Festival-2023-Programme-Programmation-Hotel-West-End-Nice-Cote-dAzur-Vacances-Ete-2023-blog-mister-riviera.png","datePublished":"2023-05-31T07:26:08+00:00","dateModified":"2023-06-01T07:58:17+00:00","author":{"@id":"https:\/\/www.hotel-westend.com\/#\/schema\/person\/c3ec475886346e12750f94aa1d3d9458"},"description":"Nice Jazz Festival 2023: discover the full program of the most important summer's musical event on the C\u00f4te d'Azur","breadcrumb":{"@id":"https:\/\/www.hotel-westend.com\/en\/2023\/05\/31\/nice-jazz-festival-2023\/#breadcrumb"},"inLanguage":"en-US","potentialAction":[{"@type":"ReadAction","target":["https:\/\/www.hotel-westend.com\/en\/2023\/05\/31\/nice-jazz-festival-2023\/"]}]},{"@type":"ImageObject","inLanguage":"en-US","@id":"https:\/\/www.hotel-westend.com\/en\/2023\/05\/31\/nice-jazz-festival-2023\/#primaryimage","url":"https:\/\/www.hotel-westend.com\/wp-content\/uploads\/2023\/06\/Nice-Jazz-Festival-2023-Programme-Programmation-Hotel-West-End-Nice-Cote-dAzur-Vacances-Ete-2023-blog-mister-riviera.png","contentUrl":"https:\/\/www.hotel-westend.com\/wp-content\/uploads\/2023\/06\/Nice-Jazz-Festival-2023-Programme-Programmation-Hotel-West-End-Nice-Cote-dAzur-Vacances-Ete-2023-blog-mister-riviera.png","width":2041,"height":1323,"caption":"Nice Jazz Festival 2023 Programme Programmation - Hotel West End Nice Cote dAzur - Vacances Ete 2023 - blog mister riviera"},{"@type":"BreadcrumbList","@id":"https:\/\/www.hotel-westend.com\/en\/2023\/05\/31\/nice-jazz-festival-2023\/#breadcrumb","itemListElement":[{"@type":"ListItem","position":1,"name":"Accueil","item":"https:\/\/www.hotel-westend.com\/en\/"},{"@type":"ListItem","position":2,"name":"The Nice Jazz Festival returns from July 18th to 21st, 2023!"}]},{"@type":"WebSite","@id":"https:\/\/www.hotel-westend.com\/#website","url":"https:\/\/www.hotel-westend.com\/","name":"Hotel Westend Nice","description":"Hotel 4 Etoiles Nice - Promenade Anglais | OFFICIEL ","potentialAction":[{"@type":"SearchAction","target":{"@type":"EntryPoint","urlTemplate":"https:\/\/www.hotel-westend.com\/?s={search_term_string}"},"query-input":{"@type":"PropertyValueSpecification","valueRequired":true,"valueName":"search_term_string"}}],"inLanguage":"en-US"},{"@type":"Person","@id":"https:\/\/www.hotel-westend.com\/#\/schema\/person\/c3ec475886346e12750f94aa1d3d9458","name":"AgenceAZ","url":"https:\/\/www.hotel-westend.com\/en\/author\/agenceaz\/"}]}},"_links":{"self":[{"href":"https:\/\/www.hotel-westend.com\/en\/wp-json\/wp\/v2\/posts\/5844","targetHints":{"allow":["GET"]}}],"collection":[{"href":"https:\/\/www.hotel-westend.com\/en\/wp-json\/wp\/v2\/posts"}],"about":[{"href":"https:\/\/www.hotel-westend.com\/en\/wp-json\/wp\/v2\/types\/post"}],"author":[{"embeddable":true,"href":"https:\/\/www.hotel-westend.com\/en\/wp-json\/wp\/v2\/users\/7"}],"replies":[{"embeddable":true,"href":"https:\/\/www.hotel-westend.com\/en\/wp-json\/wp\/v2\/comments?post=5844"}],"version-history":[{"count":2,"href":"https:\/\/www.hotel-westend.com\/en\/wp-json\/wp\/v2\/posts\/5844\/revisions"}],"predecessor-version":[{"id":5848,"href":"https:\/\/www.hotel-westend.com\/en\/wp-json\/wp\/v2\/posts\/5844\/revisions\/5848"}],"wp:featuredmedia":[{"embeddable":true,"href":"https:\/\/www.hotel-westend.com\/en\/wp-json\/wp\/v2\/media\/5839"}],"wp:attachment":[{"href":"https:\/\/www.hotel-westend.com\/en\/wp-json\/wp\/v2\/media?parent=5844"}],"wp:term":[{"taxonomy":"category","embeddable":true,"href":"https:\/\/www.hotel-westend.com\/en\/wp-json\/wp\/v2\/categories?post=5844"},{"taxonomy":"post_tag","embeddable":true,"href":"https:\/\/www.hotel-westend.com\/en\/wp-json\/wp\/v2\/tags?post=5844"}],"curies":[{"name":"wp","href":"https:\/\/api.w.org\/{rel}","templated":true}]}}