{"id":5890,"date":"2023-06-14T15:51:49","date_gmt":"2023-06-14T13:51:49","guid":{"rendered":"https:\/\/www.hotel-westend.com\/2023\/06\/14\/orlinski-nice-2023\/"},"modified":"2023-06-14T16:01:18","modified_gmt":"2023-06-14T14:01:18","slug":"orlinski-nice-2023","status":"publish","type":"post","link":"https:\/\/www.hotel-westend.com\/en\/2023\/06\/14\/orlinski-nice-2023\/","title":{"rendered":"This summer, Orlinski is coming to Nice for holidays !"},"content":{"rendered":"<p>[et_pb_section fb_built=&#8221;1&#8243; admin_label=&#8221;section&#8221; _builder_version=&#8221;4.16&#8243; min_height=&#8221;629.4px&#8221; custom_padding=&#8221;||0px|||&#8221; global_colors_info=&#8221;{}&#8221;][et_pb_row admin_label=&#8221;row&#8221; _builder_version=&#8221;4.16&#8243; background_size=&#8221;initial&#8221; background_position=&#8221;top_left&#8221; background_repeat=&#8221;repeat&#8221; custom_padding=&#8221;||0px|||&#8221; global_colors_info=&#8221;{}&#8221;][et_pb_column type=&#8221;4_4&#8243; _builder_version=&#8221;4.16&#8243; custom_padding=&#8221;|||&#8221; global_colors_info=&#8221;{}&#8221; custom_padding__hover=&#8221;|||&#8221;][et_pb_text module_class=&#8221;tiretsInverse&#8221; _builder_version=&#8221;4.21.0&#8243; _module_preset=&#8221;default&#8221; header_2_font=&#8221;Gilda Display||||||||&#8221; header_2_text_color=&#8221;#9b8760&#8243; header_2_font_size=&#8221;58px&#8221; width=&#8221;100%&#8221; custom_margin=&#8221;|||0px|false|false&#8221; custom_padding=&#8221;|||0px||&#8221; locked=&#8221;off&#8221; global_colors_info=&#8221;{}&#8221;]<\/p>\n<h2>This summer, Orlinski is coming to Nice for holidays !<\/h2>\n<p>[\/et_pb_text][et_pb_image src=&#8221;https:\/\/www.hotel-westend.com\/wp-content\/uploads\/2023\/06\/Exposition-Richard-Orlinski-Nice-Place-Massena-Vacances-Hotel-West-End-Promenade-des-Anglais-Hotel-Restaurant-Cote-d-Azur-French-Riviera-Photo-Ville-de-Nice-Christian-Estrosi.png&#8221; alt=&#8221;IRONMAN&#8221; title_text=&#8221;Exposition Richard Orlinski Nice Place Massena &#8211; Vacances Hotel West End Promenade des Anglais &#8211; Hotel Restaurant Cote d Azur French Riviera &#8211; Photo Ville de Nice Christian Estrosi&#8221; align=&#8221;center&#8221; _builder_version=&#8221;4.21.0&#8243; _module_preset=&#8221;default&#8221; width=&#8221;58%&#8221; max_width=&#8221;71%&#8221; min_height=&#8221;100px&#8221; height=&#8221;378px&#8221; custom_margin=&#8221;||0px||false|false&#8221; global_colors_info=&#8221;{}&#8221;][\/et_pb_image][et_pb_text admin_label=&#8221;Text&#8221; _builder_version=&#8221;4.21.0&#8243; background_size=&#8221;initial&#8221; background_position=&#8221;top_left&#8221; background_repeat=&#8221;repeat&#8221; global_colors_info=&#8221;{}&#8221;]<\/p>\n<p>&nbsp;<\/p>\n<p id=\"tw-target-text\" class=\"tw-data-text tw-text-large tw-ta\" dir=\"ltr\" data-placeholder=\"Traduction\"><span class=\"Y2IQFc\" lang=\"en\">This summer, the hotel West End\u00a0 welcomes you for a unique stay on the French Riviera while discovering the monumental works of Richard Orlinski! This exhibition delights both contemporary art lovers and the simply curious. Until September 30, 2023, Nice is transformed into a veritable open-air museum. Promenade des Anglais, Place Mass\u00e9na, Quai des Etats des Unis, Gare du Sud\u2026 Holidaymakers and residents of Nice are invited to take an immersive artistic stroll through the city&#8217;s most emblematic places.<\/span><\/p>\n<p class=\"tw-data-text tw-text-large tw-ta\" dir=\"ltr\" data-placeholder=\"Traduction\"><span class=\"Y2IQFc\" lang=\"en\">Nicknamed &#8220;Orlinski&#8217;s Bestiary&#8221;, this fascinating exhibition brings to life 10 XXL sculptures offering a unique experience accessible to all. Its most iconic creations such as Kong, Standing Bear, T-Rex and Crocodile are to be discovered day and night for our greatest pleasure. <\/span><a href=\"https:\/\/www.instagram.com\/richardorlinski\/\" target=\"_blank\" rel=\"noopener\">Richard Orlanski<\/a> <span class=\"Y2IQFc\" lang=\"en\">draws inspiration from the world of pop culture and the entertainment industry to create bold and expressive sculptures.<\/span><\/p>\n<p id=\"tw-target-text\" class=\"tw-data-text tw-text-large tw-ta\" dir=\"ltr\" data-placeholder=\"Traduction\"><span class=\"Y2IQFc\" lang=\"en\">His works are characterized by clean geometric shapes, flowing lines and bright colors that capture the attention of passers-by. Its goal ? Democratize contemporary art and inspire the public through its creations. A trademark that has given this French artist international recognition. Whether you are an art enthusiast or just curious, you will be amazed by the spectacular colors and dimensions of this gigantic &#8220;bestiary&#8221;. <\/span><\/p>\n<p class=\"tw-data-text tw-text-large tw-ta\" dir=\"ltr\" data-placeholder=\"Traduction\"><span class=\"Y2IQFc\" lang=\"en\">Just a few meters from the start of this artistic journey, the West End hotel is the perfect place to stay in an exceptional setting while fully enjoying the show.<\/span><\/p>\n<p style=\"text-align: right;\"><em>(Photo &#8211; Ville de Nice)<\/em><\/p>\n<p id=\"tw-target-text\" class=\"tw-data-text tw-text-large tw-ta\" dir=\"ltr\" data-placeholder=\"Traduction\"><span class=\"Y2IQFc\" lang=\"en\">Consult the map of the city of Nice and discover the detailed itinerary of the summer exhibition:<\/span><\/p>\n<p>[\/et_pb_text][et_pb_image src=&#8221;https:\/\/www.hotel-westend.com\/wp-content\/uploads\/2023\/06\/Exposition-Richard-Orlinski-Nice-Place-Massena-Vacances-Hotel-West-End-Promenade-des-Anglais-Hotel-Restaurant-Cote-d-Azur-French-Riviera-Plan-de-la-ville-de-Nice.png&#8221; alt=&#8221;IRONMAN&#8221; title_text=&#8221;Exposition Richard Orlinski Nice Place Massena &#8211; Vacances Hotel West End Promenade des Anglais &#8211; Hotel Restaurant Cote d Azur French Riviera &#8211; Plan de la ville de Nice&#8221; align=&#8221;center&#8221; _builder_version=&#8221;4.21.0&#8243; _module_preset=&#8221;default&#8221; width=&#8221;58%&#8221; max_width=&#8221;71%&#8221; min_height=&#8221;100px&#8221; height=&#8221;378px&#8221; custom_margin=&#8221;||0px||false|false&#8221; global_colors_info=&#8221;{}&#8221;][\/et_pb_image][\/et_pb_column][\/et_pb_row][\/et_pb_section]<\/p>\n","protected":false},"excerpt":{"rendered":"<p>Richard Orlinski settles in Nice for the whole summer<\/p>\n","protected":false},"author":7,"featured_media":5882,"comment_status":"open","ping_status":"open","sticky":false,"template":"","format":"standard","meta":{"_et_pb_use_builder":"on","_et_pb_old_content":"<!-- wp:paragraph -->\r\n<p>Du 13 au 27 f\u00e9vrier 2021, Nice deviendra la Capitale mondiale de la mode avec la 137e \u00e9dition du Carnaval sur le th\u00e8me \u00ab Roi des animaux \u00bb. Venez admirer le Roi, la Reine et leurs sujets et participer aux extravagants d\u00e9fil\u00e9s de chars, de grosses t\u00eates et aux \u00e9l\u00e9gantes Batailles de Fleurs.<\/p>\r\n<!-- \/wp:paragraph -->\r\n\r\n<!-- wp:paragraph -->\r\n<p>Pendant 15 jours, le Carnaval de Nice, avec ses deux manifestations\u00a0: les Corsi carnavalesques (de jour ou de nuit) et les Batailles de fleurs, imposera son style et vous offrira un spectacle burlesque, magique et initiatique d\u00e9di\u00e9 \u00e0 la mode sous toutes ses coutures.<\/p>\r\n<!-- \/wp:paragraph -->\r\n\r\n<!-- wp:paragraph -->\r\n<p>Les chars cr\u00e9\u00e9s sur le th\u00e8me d\u00e9fileront lors des Corsi carnavalesques (mardis, samedis et dimanche), accompagn\u00e9s de grosses t\u00eates et d\u2019artistes venant du monde entier dans une ambiance festive et populaire, savamment sc\u00e9nographi\u00e9e, pour revisiter l\u2019histoire de la mode, vous faire rire, sourire mais aussi r\u00e9fl\u00e9chir sur la mode et ses dessous. Car si la mode lance des tendances et bouleverse les codes comme les comportements, elle a aussi un r\u00f4le \u00e9thique et responsable \u00e0 jouer.<\/p>\r\n<!-- \/wp:paragraph -->\r\n\r\n<!-- wp:paragraph -->\r\n<p>Les mercredis et samedis apr\u00e8s-midi, venez d\u00e9couvrir l\u2019autre temps du fort du Carnaval\u00a0: les Batailles de Fleurs o\u00f9 le th\u00e8me sera d\u00e9clin\u00e9 sur des chars orn\u00e9s de fleurs valorisant la production locale (80% des fleurs sont produites dans la r\u00e9gion) et anim\u00e9s par des com\u00e9diennes qui porteront des costumes sp\u00e9cialement con\u00e7us pour la manifestation. Un d\u00e9fil\u00e9 unique au monde o\u00f9 des milliers de fleurs seront distribu\u00e9es.<\/p>\r\n<!-- \/wp:paragraph -->\r\n\r\n<!-- wp:paragraph -->\r\n<p>Et n\u2019oubliez pas, grands et petits, d\u00e9guisez de la t\u00eate aux pieds, les corsi seront gratuits\u00a0!<\/p>\r\n<!-- \/wp:paragraph -->\r\n\r\n<!-- wp:paragraph -->\r\n<p><strong>Alors venez prendre part \u00e0 la f\u00eate du 13 au 27 f\u00e9vrier 2021 \u00e0 Nice.<\/strong><\/p>\r\n<!-- \/wp:paragraph -->","_et_gb_content_width":"1150","inline_featured_image":false,"footnotes":""},"categories":[36,37,35],"tags":[],"class_list":["post-5890","post","type-post","status-publish","format-standard","has-post-thumbnail","hentry","category-actualites-en","category-news-en","category-news-en-2022"],"yoast_head":"<!-- This site is optimized with the Yoast SEO plugin v27.5 - https:\/\/yoast.com\/product\/yoast-seo-wordpress\/ -->\n<title>This summer, Orlinski is coming to Nice for holidays ! -<\/title>\n<meta name=\"description\" content=\"This summer, discover the artistic journey signed Richard Orlinski in the emblematic places of the city of Nice.\" \/>\n<meta name=\"robots\" content=\"index, follow, max-snippet:-1, max-image-preview:large, max-video-preview:-1\" \/>\n<link rel=\"canonical\" href=\"https:\/\/www.hotel-westend.com\/en\/2023\/06\/14\/orlinski-nice-2023\/\" \/>\n<meta property=\"og:locale\" content=\"en_US\" \/>\n<meta property=\"og:type\" content=\"article\" \/>\n<meta property=\"og:title\" content=\"This summer, Orlinski is coming to Nice for holidays ! -\" \/>\n<meta property=\"og:description\" content=\"This summer, discover the artistic journey signed Richard Orlinski in the emblematic places of the city of Nice.\" \/>\n<meta property=\"og:url\" content=\"https:\/\/www.hotel-westend.com\/en\/2023\/06\/14\/orlinski-nice-2023\/\" \/>\n<meta property=\"og:site_name\" content=\"Hotel Westend Nice\" \/>\n<meta property=\"article:published_time\" content=\"2023-06-14T13:51:49+00:00\" \/>\n<meta property=\"article:modified_time\" content=\"2023-06-14T14:01:18+00:00\" \/>\n<meta property=\"og:image\" content=\"https:\/\/www.hotel-westend.com\/wp-content\/uploads\/2023\/06\/Exposition-Richard-Orlinski-Nice-Place-Massena-Vacances-Hotel-West-End-Promenade-des-Anglais-Hotel-Restaurant-Cote-d-Azur-French-Riviera-Photo-Ville-de-Nice-Christian-Estrosi-1024x664.png\" \/>\n\t<meta property=\"og:image:width\" content=\"1024\" \/>\n\t<meta property=\"og:image:height\" content=\"664\" \/>\n\t<meta property=\"og:image:type\" content=\"image\/png\" \/>\n<meta name=\"author\" content=\"AgenceAZ\" \/>\n<meta name=\"twitter:card\" content=\"summary_large_image\" \/>\n<meta name=\"twitter:label1\" content=\"Written by\" \/>\n\t<meta name=\"twitter:data1\" content=\"AgenceAZ\" \/>\n\t<meta name=\"twitter:label2\" content=\"Est. reading time\" \/>\n\t<meta name=\"twitter:data2\" content=\"2 minutes\" \/>\n<script type=\"application\/ld+json\" class=\"yoast-schema-graph\">{\"@context\":\"https:\\\/\\\/schema.org\",\"@graph\":[{\"@type\":\"Article\",\"@id\":\"https:\\\/\\\/www.hotel-westend.com\\\/en\\\/2023\\\/06\\\/14\\\/orlinski-nice-2023\\\/#article\",\"isPartOf\":{\"@id\":\"https:\\\/\\\/www.hotel-westend.com\\\/en\\\/2023\\\/06\\\/14\\\/orlinski-nice-2023\\\/\"},\"author\":{\"name\":\"AgenceAZ\",\"@id\":\"https:\\\/\\\/www.hotel-westend.com\\\/#\\\/schema\\\/person\\\/c3ec475886346e12750f94aa1d3d9458\"},\"headline\":\"This summer, Orlinski is coming to Nice for holidays !\",\"datePublished\":\"2023-06-14T13:51:49+00:00\",\"dateModified\":\"2023-06-14T14:01:18+00:00\",\"mainEntityOfPage\":{\"@id\":\"https:\\\/\\\/www.hotel-westend.com\\\/en\\\/2023\\\/06\\\/14\\\/orlinski-nice-2023\\\/\"},\"wordCount\":546,\"commentCount\":0,\"image\":{\"@id\":\"https:\\\/\\\/www.hotel-westend.com\\\/en\\\/2023\\\/06\\\/14\\\/orlinski-nice-2023\\\/#primaryimage\"},\"thumbnailUrl\":\"https:\\\/\\\/www.hotel-westend.com\\\/wp-content\\\/uploads\\\/2023\\\/06\\\/Exposition-Richard-Orlinski-Nice-Place-Massena-Vacances-Hotel-West-End-Promenade-des-Anglais-Hotel-Restaurant-Cote-d-Azur-French-Riviera-Photo-Ville-de-Nice-Christian-Estrosi.png\",\"articleSection\":[\"Actualit\u00e9s\",\"News\",\"News-EN-2022\"],\"inLanguage\":\"en-US\"},{\"@type\":\"WebPage\",\"@id\":\"https:\\\/\\\/www.hotel-westend.com\\\/en\\\/2023\\\/06\\\/14\\\/orlinski-nice-2023\\\/\",\"url\":\"https:\\\/\\\/www.hotel-westend.com\\\/en\\\/2023\\\/06\\\/14\\\/orlinski-nice-2023\\\/\",\"name\":\"This summer, Orlinski is coming to Nice for holidays ! -\",\"isPartOf\":{\"@id\":\"https:\\\/\\\/www.hotel-westend.com\\\/#website\"},\"primaryImageOfPage\":{\"@id\":\"https:\\\/\\\/www.hotel-westend.com\\\/en\\\/2023\\\/06\\\/14\\\/orlinski-nice-2023\\\/#primaryimage\"},\"image\":{\"@id\":\"https:\\\/\\\/www.hotel-westend.com\\\/en\\\/2023\\\/06\\\/14\\\/orlinski-nice-2023\\\/#primaryimage\"},\"thumbnailUrl\":\"https:\\\/\\\/www.hotel-westend.com\\\/wp-content\\\/uploads\\\/2023\\\/06\\\/Exposition-Richard-Orlinski-Nice-Place-Massena-Vacances-Hotel-West-End-Promenade-des-Anglais-Hotel-Restaurant-Cote-d-Azur-French-Riviera-Photo-Ville-de-Nice-Christian-Estrosi.png\",\"datePublished\":\"2023-06-14T13:51:49+00:00\",\"dateModified\":\"2023-06-14T14:01:18+00:00\",\"author\":{\"@id\":\"https:\\\/\\\/www.hotel-westend.com\\\/#\\\/schema\\\/person\\\/c3ec475886346e12750f94aa1d3d9458\"},\"description\":\"This summer, discover the artistic journey signed Richard Orlinski in the emblematic places of the city of Nice.\",\"breadcrumb\":{\"@id\":\"https:\\\/\\\/www.hotel-westend.com\\\/en\\\/2023\\\/06\\\/14\\\/orlinski-nice-2023\\\/#breadcrumb\"},\"inLanguage\":\"en-US\",\"potentialAction\":[{\"@type\":\"ReadAction\",\"target\":[\"https:\\\/\\\/www.hotel-westend.com\\\/en\\\/2023\\\/06\\\/14\\\/orlinski-nice-2023\\\/\"]}]},{\"@type\":\"ImageObject\",\"inLanguage\":\"en-US\",\"@id\":\"https:\\\/\\\/www.hotel-westend.com\\\/en\\\/2023\\\/06\\\/14\\\/orlinski-nice-2023\\\/#primaryimage\",\"url\":\"https:\\\/\\\/www.hotel-westend.com\\\/wp-content\\\/uploads\\\/2023\\\/06\\\/Exposition-Richard-Orlinski-Nice-Place-Massena-Vacances-Hotel-West-End-Promenade-des-Anglais-Hotel-Restaurant-Cote-d-Azur-French-Riviera-Photo-Ville-de-Nice-Christian-Estrosi.png\",\"contentUrl\":\"https:\\\/\\\/www.hotel-westend.com\\\/wp-content\\\/uploads\\\/2023\\\/06\\\/Exposition-Richard-Orlinski-Nice-Place-Massena-Vacances-Hotel-West-End-Promenade-des-Anglais-Hotel-Restaurant-Cote-d-Azur-French-Riviera-Photo-Ville-de-Nice-Christian-Estrosi.png\",\"width\":2041,\"height\":1323},{\"@type\":\"BreadcrumbList\",\"@id\":\"https:\\\/\\\/www.hotel-westend.com\\\/en\\\/2023\\\/06\\\/14\\\/orlinski-nice-2023\\\/#breadcrumb\",\"itemListElement\":[{\"@type\":\"ListItem\",\"position\":1,\"name\":\"Accueil\",\"item\":\"https:\\\/\\\/www.hotel-westend.com\\\/en\\\/\"},{\"@type\":\"ListItem\",\"position\":2,\"name\":\"This summer, Orlinski is coming to Nice for holidays !\"}]},{\"@type\":\"WebSite\",\"@id\":\"https:\\\/\\\/www.hotel-westend.com\\\/#website\",\"url\":\"https:\\\/\\\/www.hotel-westend.com\\\/\",\"name\":\"Hotel Westend Nice\",\"description\":\"Hotel 4 Etoiles Nice - Promenade Anglais | OFFICIEL \",\"potentialAction\":[{\"@type\":\"SearchAction\",\"target\":{\"@type\":\"EntryPoint\",\"urlTemplate\":\"https:\\\/\\\/www.hotel-westend.com\\\/?s={search_term_string}\"},\"query-input\":{\"@type\":\"PropertyValueSpecification\",\"valueRequired\":true,\"valueName\":\"search_term_string\"}}],\"inLanguage\":\"en-US\"},{\"@type\":\"Person\",\"@id\":\"https:\\\/\\\/www.hotel-westend.com\\\/#\\\/schema\\\/person\\\/c3ec475886346e12750f94aa1d3d9458\",\"name\":\"AgenceAZ\",\"url\":\"https:\\\/\\\/www.hotel-westend.com\\\/en\\\/author\\\/agenceaz\\\/\"}]}<\/script>\n<!-- \/ Yoast SEO plugin. -->","yoast_head_json":{"title":"This summer, Orlinski is coming to Nice for holidays ! -","description":"This summer, discover the artistic journey signed Richard Orlinski in the emblematic places of the city of Nice.","robots":{"index":"index","follow":"follow","max-snippet":"max-snippet:-1","max-image-preview":"max-image-preview:large","max-video-preview":"max-video-preview:-1"},"canonical":"https:\/\/www.hotel-westend.com\/en\/2023\/06\/14\/orlinski-nice-2023\/","og_locale":"en_US","og_type":"article","og_title":"This summer, Orlinski is coming to Nice for holidays ! -","og_description":"This summer, discover the artistic journey signed Richard Orlinski in the emblematic places of the city of Nice.","og_url":"https:\/\/www.hotel-westend.com\/en\/2023\/06\/14\/orlinski-nice-2023\/","og_site_name":"Hotel Westend Nice","article_published_time":"2023-06-14T13:51:49+00:00","article_modified_time":"2023-06-14T14:01:18+00:00","og_image":[{"width":1024,"height":664,"url":"https:\/\/www.hotel-westend.com\/wp-content\/uploads\/2023\/06\/Exposition-Richard-Orlinski-Nice-Place-Massena-Vacances-Hotel-West-End-Promenade-des-Anglais-Hotel-Restaurant-Cote-d-Azur-French-Riviera-Photo-Ville-de-Nice-Christian-Estrosi-1024x664.png","type":"image\/png"}],"author":"AgenceAZ","twitter_card":"summary_large_image","twitter_misc":{"Written by":"AgenceAZ","Est. reading time":"2 minutes"},"schema":{"@context":"https:\/\/schema.org","@graph":[{"@type":"Article","@id":"https:\/\/www.hotel-westend.com\/en\/2023\/06\/14\/orlinski-nice-2023\/#article","isPartOf":{"@id":"https:\/\/www.hotel-westend.com\/en\/2023\/06\/14\/orlinski-nice-2023\/"},"author":{"name":"AgenceAZ","@id":"https:\/\/www.hotel-westend.com\/#\/schema\/person\/c3ec475886346e12750f94aa1d3d9458"},"headline":"This summer, Orlinski is coming to Nice for holidays !","datePublished":"2023-06-14T13:51:49+00:00","dateModified":"2023-06-14T14:01:18+00:00","mainEntityOfPage":{"@id":"https:\/\/www.hotel-westend.com\/en\/2023\/06\/14\/orlinski-nice-2023\/"},"wordCount":546,"commentCount":0,"image":{"@id":"https:\/\/www.hotel-westend.com\/en\/2023\/06\/14\/orlinski-nice-2023\/#primaryimage"},"thumbnailUrl":"https:\/\/www.hotel-westend.com\/wp-content\/uploads\/2023\/06\/Exposition-Richard-Orlinski-Nice-Place-Massena-Vacances-Hotel-West-End-Promenade-des-Anglais-Hotel-Restaurant-Cote-d-Azur-French-Riviera-Photo-Ville-de-Nice-Christian-Estrosi.png","articleSection":["Actualit\u00e9s","News","News-EN-2022"],"inLanguage":"en-US"},{"@type":"WebPage","@id":"https:\/\/www.hotel-westend.com\/en\/2023\/06\/14\/orlinski-nice-2023\/","url":"https:\/\/www.hotel-westend.com\/en\/2023\/06\/14\/orlinski-nice-2023\/","name":"This summer, Orlinski is coming to Nice for holidays ! -","isPartOf":{"@id":"https:\/\/www.hotel-westend.com\/#website"},"primaryImageOfPage":{"@id":"https:\/\/www.hotel-westend.com\/en\/2023\/06\/14\/orlinski-nice-2023\/#primaryimage"},"image":{"@id":"https:\/\/www.hotel-westend.com\/en\/2023\/06\/14\/orlinski-nice-2023\/#primaryimage"},"thumbnailUrl":"https:\/\/www.hotel-westend.com\/wp-content\/uploads\/2023\/06\/Exposition-Richard-Orlinski-Nice-Place-Massena-Vacances-Hotel-West-End-Promenade-des-Anglais-Hotel-Restaurant-Cote-d-Azur-French-Riviera-Photo-Ville-de-Nice-Christian-Estrosi.png","datePublished":"2023-06-14T13:51:49+00:00","dateModified":"2023-06-14T14:01:18+00:00","author":{"@id":"https:\/\/www.hotel-westend.com\/#\/schema\/person\/c3ec475886346e12750f94aa1d3d9458"},"description":"This summer, discover the artistic journey signed Richard Orlinski in the emblematic places of the city of Nice.","breadcrumb":{"@id":"https:\/\/www.hotel-westend.com\/en\/2023\/06\/14\/orlinski-nice-2023\/#breadcrumb"},"inLanguage":"en-US","potentialAction":[{"@type":"ReadAction","target":["https:\/\/www.hotel-westend.com\/en\/2023\/06\/14\/orlinski-nice-2023\/"]}]},{"@type":"ImageObject","inLanguage":"en-US","@id":"https:\/\/www.hotel-westend.com\/en\/2023\/06\/14\/orlinski-nice-2023\/#primaryimage","url":"https:\/\/www.hotel-westend.com\/wp-content\/uploads\/2023\/06\/Exposition-Richard-Orlinski-Nice-Place-Massena-Vacances-Hotel-West-End-Promenade-des-Anglais-Hotel-Restaurant-Cote-d-Azur-French-Riviera-Photo-Ville-de-Nice-Christian-Estrosi.png","contentUrl":"https:\/\/www.hotel-westend.com\/wp-content\/uploads\/2023\/06\/Exposition-Richard-Orlinski-Nice-Place-Massena-Vacances-Hotel-West-End-Promenade-des-Anglais-Hotel-Restaurant-Cote-d-Azur-French-Riviera-Photo-Ville-de-Nice-Christian-Estrosi.png","width":2041,"height":1323},{"@type":"BreadcrumbList","@id":"https:\/\/www.hotel-westend.com\/en\/2023\/06\/14\/orlinski-nice-2023\/#breadcrumb","itemListElement":[{"@type":"ListItem","position":1,"name":"Accueil","item":"https:\/\/www.hotel-westend.com\/en\/"},{"@type":"ListItem","position":2,"name":"This summer, Orlinski is coming to Nice for holidays !"}]},{"@type":"WebSite","@id":"https:\/\/www.hotel-westend.com\/#website","url":"https:\/\/www.hotel-westend.com\/","name":"Hotel Westend Nice","description":"Hotel 4 Etoiles Nice - Promenade Anglais | OFFICIEL ","potentialAction":[{"@type":"SearchAction","target":{"@type":"EntryPoint","urlTemplate":"https:\/\/www.hotel-westend.com\/?s={search_term_string}"},"query-input":{"@type":"PropertyValueSpecification","valueRequired":true,"valueName":"search_term_string"}}],"inLanguage":"en-US"},{"@type":"Person","@id":"https:\/\/www.hotel-westend.com\/#\/schema\/person\/c3ec475886346e12750f94aa1d3d9458","name":"AgenceAZ","url":"https:\/\/www.hotel-westend.com\/en\/author\/agenceaz\/"}]}},"_links":{"self":[{"href":"https:\/\/www.hotel-westend.com\/en\/wp-json\/wp\/v2\/posts\/5890","targetHints":{"allow":["GET"]}}],"collection":[{"href":"https:\/\/www.hotel-westend.com\/en\/wp-json\/wp\/v2\/posts"}],"about":[{"href":"https:\/\/www.hotel-westend.com\/en\/wp-json\/wp\/v2\/types\/post"}],"author":[{"embeddable":true,"href":"https:\/\/www.hotel-westend.com\/en\/wp-json\/wp\/v2\/users\/7"}],"replies":[{"embeddable":true,"href":"https:\/\/www.hotel-westend.com\/en\/wp-json\/wp\/v2\/comments?post=5890"}],"version-history":[{"count":4,"href":"https:\/\/www.hotel-westend.com\/en\/wp-json\/wp\/v2\/posts\/5890\/revisions"}],"predecessor-version":[{"id":5896,"href":"https:\/\/www.hotel-westend.com\/en\/wp-json\/wp\/v2\/posts\/5890\/revisions\/5896"}],"wp:featuredmedia":[{"embeddable":true,"href":"https:\/\/www.hotel-westend.com\/en\/wp-json\/wp\/v2\/media\/5882"}],"wp:attachment":[{"href":"https:\/\/www.hotel-westend.com\/en\/wp-json\/wp\/v2\/media?parent=5890"}],"wp:term":[{"taxonomy":"category","embeddable":true,"href":"https:\/\/www.hotel-westend.com\/en\/wp-json\/wp\/v2\/categories?post=5890"},{"taxonomy":"post_tag","embeddable":true,"href":"https:\/\/www.hotel-westend.com\/en\/wp-json\/wp\/v2\/tags?post=5890"}],"curies":[{"name":"wp","href":"https:\/\/api.w.org\/{rel}","templated":true}]}}