{"id":5930,"date":"2023-06-21T17:20:49","date_gmt":"2023-06-21T15:20:49","guid":{"rendered":"https:\/\/www.hotel-westend.com\/2023\/06\/21\/recette-restaurant-le-siecle\/"},"modified":"2023-06-22T08:10:40","modified_gmt":"2023-06-22T06:10:40","slug":"recette-restaurant-le-siecle","status":"publish","type":"post","link":"https:\/\/www.hotel-westend.com\/en\/2023\/06\/21\/recette-restaurant-le-siecle\/","title":{"rendered":"Mackerel tartare, the \u201cfresh\u201d summer dish at Le Si\u00e8cle restaurant"},"content":{"rendered":"<p>[et_pb_section fb_built=&#8221;1&#8243; admin_label=&#8221;section&#8221; _builder_version=&#8221;4.16&#8243; min_height=&#8221;629.4px&#8221; custom_padding=&#8221;||0px|||&#8221; global_colors_info=&#8221;{}&#8221;][et_pb_row admin_label=&#8221;row&#8221; _builder_version=&#8221;4.16&#8243; background_size=&#8221;initial&#8221; background_position=&#8221;top_left&#8221; background_repeat=&#8221;repeat&#8221; custom_padding=&#8221;||0px|||&#8221; global_colors_info=&#8221;{}&#8221;][et_pb_column type=&#8221;4_4&#8243; _builder_version=&#8221;4.16&#8243; custom_padding=&#8221;|||&#8221; global_colors_info=&#8221;{}&#8221; custom_padding__hover=&#8221;|||&#8221;][et_pb_text module_class=&#8221;tiretsInverse&#8221; _builder_version=&#8221;4.21.0&#8243; _module_preset=&#8221;default&#8221; header_2_font=&#8221;Gilda Display||||||||&#8221; header_2_text_color=&#8221;#9b8760&#8243; header_2_font_size=&#8221;58px&#8221; width=&#8221;100%&#8221; custom_margin=&#8221;|||0px|false|false&#8221; custom_padding=&#8221;|||0px||&#8221; locked=&#8221;off&#8221; global_colors_info=&#8221;{}&#8221;]<\/p>\n<h2 id=\"tw-target-text\" class=\"tw-data-text tw-text-large tw-ta\" dir=\"ltr\" data-placeholder=\"Traduction\"><span class=\"Y2IQFc\" lang=\"en\">Mackerel tartare, the \u201cfresh\u201d summer dish at Le Si\u00e8cle restaurant<\/span><\/h2>\n<p>[\/et_pb_text][et_pb_image src=&#8221;https:\/\/www.hotel-westend.com\/wp-content\/uploads\/2023\/06\/Chef-Cyril-Breteau-restaurant-le-siecle-hotel-west-end-nice-promenade-des-anglais-Recette-cuisine-cote-dazur.png&#8221; alt=&#8221;IRONMAN&#8221; title_text=&#8221;Chef Cyril Breteau &#8211; restaurant le siecle hotel west end nice &#8211; promenade des anglais &#8211; Recette cuisine cote dazur&#8221; align=&#8221;center&#8221; _builder_version=&#8221;4.21.0&#8243; _module_preset=&#8221;default&#8221; width=&#8221;58%&#8221; max_width=&#8221;71%&#8221; min_height=&#8221;100px&#8221; height=&#8221;378px&#8221; custom_margin=&#8221;||0px||false|false&#8221; global_colors_info=&#8221;{}&#8221;][\/et_pb_image][et_pb_text admin_label=&#8221;Text&#8221; _builder_version=&#8221;4.21.0&#8243; background_size=&#8221;initial&#8221; background_position=&#8221;top_left&#8221; background_repeat=&#8221;repeat&#8221; global_colors_info=&#8221;{}&#8221;]<\/p>\n<p>&nbsp;<\/p>\n<p id=\"tw-target-text\" class=\"tw-data-text tw-text-large tw-ta\" dir=\"ltr\" data-placeholder=\"Traduction\"><span class=\"Y2IQFc\" lang=\"en\">Located in the heart of the magnificent city of Nice, the West End hotel houses <a href=\"https:\/\/www.hotel-westend.com\/en\/le-siecle-restaurant\/\">the restaurant Le Si\u00e8cle<\/a> masterfully led by the talented chef Cyril Breteau. Known for its refined and creative cuisine, it offers vacationers and Riviera residents a real culinary experience. <\/span><\/p>\n<p class=\"tw-data-text tw-text-large tw-ta\" dir=\"ltr\" data-placeholder=\"Traduction\"><span class=\"Y2IQFc\" lang=\"en\">Passionate about cooking and agriculture, the chef favors short circuits and Mediterranean products that he highlights in each of his creations. Sitting at the restaurant Le Si\u00e8cle is to savor the richness of the C\u00f4te d&#8217;Azur while supporting local producers and preserving the environment! <\/span><\/p>\n<p class=\"tw-data-text tw-text-large tw-ta\" dir=\"ltr\" data-placeholder=\"Traduction\"><span class=\"Y2IQFc\" lang=\"en\">A true artist, Cyril Breteau takes your taste buds on a journey with carefully selected ingredients to create a unique taste symphony! Today, he reveals the recipe for his mackerel tartare made on the occasion of the\u00a0<\/span><span class=\"Y2IQFc\" lang=\"en\"><a href=\"https:\/\/www.vinsetgastronomie.com\/38eme-festival-gastronomique-de-vins-gastronomie-a-la-bastide-saint-antoine\/\">38th Gastronomic Festival at the Bastide Saint-Antoine de Grasse<\/a>. Check out the full recipe and try making it at home! If you don&#8217;t feel up to it, you can always come and taste it every day at the restaurant le Si\u00e8cle!<\/span><\/p>\n<p>&nbsp;<\/p>\n<p>[\/et_pb_text][\/et_pb_column][\/et_pb_row][et_pb_row admin_label=&#8221;row&#8221; _builder_version=&#8221;4.16&#8243; background_size=&#8221;initial&#8221; background_position=&#8221;top_left&#8221; background_repeat=&#8221;repeat&#8221; custom_padding=&#8221;||0px|||&#8221; global_colors_info=&#8221;{}&#8221;][et_pb_column type=&#8221;4_4&#8243; _builder_version=&#8221;4.16&#8243; custom_padding=&#8221;|||&#8221; global_colors_info=&#8221;{}&#8221; custom_padding__hover=&#8221;|||&#8221;][et_pb_text module_class=&#8221;tiretsInverse&#8221; _builder_version=&#8221;4.21.0&#8243; _module_preset=&#8221;default&#8221; header_2_font=&#8221;Gilda Display||||||||&#8221; header_2_text_color=&#8221;#9b8760&#8243; header_2_font_size=&#8221;58px&#8221; width=&#8221;100%&#8221; custom_margin=&#8221;|||0px|false|false&#8221; custom_padding=&#8221;|||0px||&#8221; locked=&#8221;off&#8221; global_colors_info=&#8221;{}&#8221;]<\/p>\n<h2 id=\"tw-target-text\" class=\"tw-data-text tw-text-large tw-ta\" dir=\"ltr\" data-placeholder=\"Traduction\"><span class=\"Y2IQFc\" lang=\"en\">The recipe for mackerel tartare<\/span><\/h2>\n<p>[\/et_pb_text][et_pb_text admin_label=&#8221;Text&#8221; _builder_version=&#8221;4.21.0&#8243; background_size=&#8221;initial&#8221; background_position=&#8221;top_left&#8221; background_repeat=&#8221;repeat&#8221; global_colors_info=&#8221;{}&#8221;]<\/p>\n<p>Before you start, you will need:<\/p>\n<ul>\n<li>4 mackerels<\/li>\n<li>1 lemon or lime of your choice<\/li>\n<li>Olive oil<\/li>\n<li>Spring onions<\/li>\n<li>Salt &amp; Pepper<\/li>\n<li>1 fennel bulb<\/li>\n<\/ul>\n<p id=\"tw-target-text\" class=\"tw-data-text tw-text-large tw-ta\" dir=\"ltr\" data-placeholder=\"Traduction\"><span class=\"Y2IQFc\" lang=\"en\">First, start by letting the fishmonger lift the mackerel fillets. Cut them into small dice and season them with a pinch of salt, pepper, a drizzle of olive oil and lemon juice. Then add your minced spring onions and marinate for a maximum of 20 minutes. Slice the fennel bulb using a mandolin and season with salt, pepper and a drizzle of olive oil. Dress, and enjoy! The whole team wishes you a very good appetite!<\/span><\/p>\n<p style=\"text-align: right;\"><em>(Photo : C.Rougier, Agence AZ Nice)<\/em><\/p>\n<p>[\/et_pb_text][\/et_pb_column][\/et_pb_row][\/et_pb_section]<\/p>\n","protected":false},"excerpt":{"rendered":"<p>Chef Cyril Breteau gives you his recipe for mackerel tartare<\/p>\n","protected":false},"author":7,"featured_media":5924,"comment_status":"open","ping_status":"open","sticky":false,"template":"","format":"standard","meta":{"_et_pb_use_builder":"on","_et_pb_old_content":"<!-- wp:paragraph -->\r\n<p>Du 13 au 27 f\u00e9vrier 2021, Nice deviendra la Capitale mondiale de la mode avec la 137e \u00e9dition du Carnaval sur le th\u00e8me \u00ab Roi des animaux \u00bb. Venez admirer le Roi, la Reine et leurs sujets et participer aux extravagants d\u00e9fil\u00e9s de chars, de grosses t\u00eates et aux \u00e9l\u00e9gantes Batailles de Fleurs.<\/p>\r\n<!-- \/wp:paragraph -->\r\n\r\n<!-- wp:paragraph -->\r\n<p>Pendant 15 jours, le Carnaval de Nice, avec ses deux manifestations\u00a0: les Corsi carnavalesques (de jour ou de nuit) et les Batailles de fleurs, imposera son style et vous offrira un spectacle burlesque, magique et initiatique d\u00e9di\u00e9 \u00e0 la mode sous toutes ses coutures.<\/p>\r\n<!-- \/wp:paragraph -->\r\n\r\n<!-- wp:paragraph -->\r\n<p>Les chars cr\u00e9\u00e9s sur le th\u00e8me d\u00e9fileront lors des Corsi carnavalesques (mardis, samedis et dimanche), accompagn\u00e9s de grosses t\u00eates et d\u2019artistes venant du monde entier dans une ambiance festive et populaire, savamment sc\u00e9nographi\u00e9e, pour revisiter l\u2019histoire de la mode, vous faire rire, sourire mais aussi r\u00e9fl\u00e9chir sur la mode et ses dessous. Car si la mode lance des tendances et bouleverse les codes comme les comportements, elle a aussi un r\u00f4le \u00e9thique et responsable \u00e0 jouer.<\/p>\r\n<!-- \/wp:paragraph -->\r\n\r\n<!-- wp:paragraph -->\r\n<p>Les mercredis et samedis apr\u00e8s-midi, venez d\u00e9couvrir l\u2019autre temps du fort du Carnaval\u00a0: les Batailles de Fleurs o\u00f9 le th\u00e8me sera d\u00e9clin\u00e9 sur des chars orn\u00e9s de fleurs valorisant la production locale (80% des fleurs sont produites dans la r\u00e9gion) et anim\u00e9s par des com\u00e9diennes qui porteront des costumes sp\u00e9cialement con\u00e7us pour la manifestation. Un d\u00e9fil\u00e9 unique au monde o\u00f9 des milliers de fleurs seront distribu\u00e9es.<\/p>\r\n<!-- \/wp:paragraph -->\r\n\r\n<!-- wp:paragraph -->\r\n<p>Et n\u2019oubliez pas, grands et petits, d\u00e9guisez de la t\u00eate aux pieds, les corsi seront gratuits\u00a0!<\/p>\r\n<!-- \/wp:paragraph -->\r\n\r\n<!-- wp:paragraph -->\r\n<p><strong>Alors venez prendre part \u00e0 la f\u00eate du 13 au 27 f\u00e9vrier 2021 \u00e0 Nice.<\/strong><\/p>\r\n<!-- \/wp:paragraph -->","_et_gb_content_width":"1150","inline_featured_image":false,"footnotes":""},"categories":[36,37,35],"tags":[],"class_list":["post-5930","post","type-post","status-publish","format-standard","has-post-thumbnail","hentry","category-actualites-en","category-news-en","category-news-en-2022"],"yoast_head":"<!-- This site is optimized with the Yoast SEO plugin v27.4 - https:\/\/yoast.com\/product\/yoast-seo-wordpress\/ -->\n<title>Mackerel tartare, the \u201cfresh\u201d summer dish at Le Si\u00e8cle restaurant -<\/title>\n<meta name=\"description\" content=\"At the Si\u00e8cle restaurant, chef Cyril Breteau gives you his recipe for mackerel tartare, to be enjoyed facing the sea.\" \/>\n<meta name=\"robots\" content=\"index, follow, max-snippet:-1, max-image-preview:large, max-video-preview:-1\" \/>\n<link rel=\"canonical\" href=\"https:\/\/www.hotel-westend.com\/en\/2023\/06\/21\/recette-restaurant-le-siecle\/\" \/>\n<meta property=\"og:locale\" content=\"en_US\" \/>\n<meta property=\"og:type\" content=\"article\" \/>\n<meta property=\"og:title\" content=\"Mackerel tartare, the \u201cfresh\u201d summer dish at Le Si\u00e8cle restaurant -\" \/>\n<meta property=\"og:description\" content=\"At the Si\u00e8cle restaurant, chef Cyril Breteau gives you his recipe for mackerel tartare, to be enjoyed facing the sea.\" \/>\n<meta property=\"og:url\" content=\"https:\/\/www.hotel-westend.com\/en\/2023\/06\/21\/recette-restaurant-le-siecle\/\" \/>\n<meta property=\"og:site_name\" content=\"Hotel Westend Nice\" \/>\n<meta property=\"article:published_time\" content=\"2023-06-21T15:20:49+00:00\" \/>\n<meta property=\"article:modified_time\" content=\"2023-06-22T06:10:40+00:00\" \/>\n<meta property=\"og:image\" content=\"https:\/\/www.hotel-westend.com\/wp-content\/uploads\/2023\/06\/Chef-Cyril-Breteau-restaurant-le-siecle-hotel-west-end-nice-promenade-des-anglais-Recette-cuisine-cote-dazur-1024x664.png\" \/>\n\t<meta property=\"og:image:width\" content=\"1024\" \/>\n\t<meta property=\"og:image:height\" content=\"664\" \/>\n\t<meta property=\"og:image:type\" content=\"image\/png\" \/>\n<meta name=\"author\" content=\"AgenceAZ\" \/>\n<meta name=\"twitter:card\" content=\"summary_large_image\" \/>\n<meta name=\"twitter:label1\" content=\"Written by\" \/>\n\t<meta name=\"twitter:data1\" content=\"AgenceAZ\" \/>\n\t<meta name=\"twitter:label2\" content=\"Est. reading time\" \/>\n\t<meta name=\"twitter:data2\" content=\"3 minutes\" \/>\n<script type=\"application\/ld+json\" class=\"yoast-schema-graph\">{\"@context\":\"https:\\\/\\\/schema.org\",\"@graph\":[{\"@type\":\"Article\",\"@id\":\"https:\\\/\\\/www.hotel-westend.com\\\/en\\\/2023\\\/06\\\/21\\\/recette-restaurant-le-siecle\\\/#article\",\"isPartOf\":{\"@id\":\"https:\\\/\\\/www.hotel-westend.com\\\/en\\\/2023\\\/06\\\/21\\\/recette-restaurant-le-siecle\\\/\"},\"author\":{\"name\":\"AgenceAZ\",\"@id\":\"https:\\\/\\\/www.hotel-westend.com\\\/#\\\/schema\\\/person\\\/c3ec475886346e12750f94aa1d3d9458\"},\"headline\":\"Mackerel tartare, the \u201cfresh\u201d summer dish at Le Si\u00e8cle restaurant\",\"datePublished\":\"2023-06-21T15:20:49+00:00\",\"dateModified\":\"2023-06-22T06:10:40+00:00\",\"mainEntityOfPage\":{\"@id\":\"https:\\\/\\\/www.hotel-westend.com\\\/en\\\/2023\\\/06\\\/21\\\/recette-restaurant-le-siecle\\\/\"},\"wordCount\":602,\"commentCount\":0,\"image\":{\"@id\":\"https:\\\/\\\/www.hotel-westend.com\\\/en\\\/2023\\\/06\\\/21\\\/recette-restaurant-le-siecle\\\/#primaryimage\"},\"thumbnailUrl\":\"https:\\\/\\\/www.hotel-westend.com\\\/wp-content\\\/uploads\\\/2023\\\/06\\\/Chef-Cyril-Breteau-restaurant-le-siecle-hotel-west-end-nice-promenade-des-anglais-Recette-cuisine-cote-dazur.png\",\"articleSection\":[\"Actualit\u00e9s\",\"News\",\"News-EN-2022\"],\"inLanguage\":\"en-US\"},{\"@type\":\"WebPage\",\"@id\":\"https:\\\/\\\/www.hotel-westend.com\\\/en\\\/2023\\\/06\\\/21\\\/recette-restaurant-le-siecle\\\/\",\"url\":\"https:\\\/\\\/www.hotel-westend.com\\\/en\\\/2023\\\/06\\\/21\\\/recette-restaurant-le-siecle\\\/\",\"name\":\"Mackerel tartare, the \u201cfresh\u201d summer dish at Le Si\u00e8cle restaurant -\",\"isPartOf\":{\"@id\":\"https:\\\/\\\/www.hotel-westend.com\\\/#website\"},\"primaryImageOfPage\":{\"@id\":\"https:\\\/\\\/www.hotel-westend.com\\\/en\\\/2023\\\/06\\\/21\\\/recette-restaurant-le-siecle\\\/#primaryimage\"},\"image\":{\"@id\":\"https:\\\/\\\/www.hotel-westend.com\\\/en\\\/2023\\\/06\\\/21\\\/recette-restaurant-le-siecle\\\/#primaryimage\"},\"thumbnailUrl\":\"https:\\\/\\\/www.hotel-westend.com\\\/wp-content\\\/uploads\\\/2023\\\/06\\\/Chef-Cyril-Breteau-restaurant-le-siecle-hotel-west-end-nice-promenade-des-anglais-Recette-cuisine-cote-dazur.png\",\"datePublished\":\"2023-06-21T15:20:49+00:00\",\"dateModified\":\"2023-06-22T06:10:40+00:00\",\"author\":{\"@id\":\"https:\\\/\\\/www.hotel-westend.com\\\/#\\\/schema\\\/person\\\/c3ec475886346e12750f94aa1d3d9458\"},\"description\":\"At the Si\u00e8cle restaurant, chef Cyril Breteau gives you his recipe for mackerel tartare, to be enjoyed facing the sea.\",\"breadcrumb\":{\"@id\":\"https:\\\/\\\/www.hotel-westend.com\\\/en\\\/2023\\\/06\\\/21\\\/recette-restaurant-le-siecle\\\/#breadcrumb\"},\"inLanguage\":\"en-US\",\"potentialAction\":[{\"@type\":\"ReadAction\",\"target\":[\"https:\\\/\\\/www.hotel-westend.com\\\/en\\\/2023\\\/06\\\/21\\\/recette-restaurant-le-siecle\\\/\"]}]},{\"@type\":\"ImageObject\",\"inLanguage\":\"en-US\",\"@id\":\"https:\\\/\\\/www.hotel-westend.com\\\/en\\\/2023\\\/06\\\/21\\\/recette-restaurant-le-siecle\\\/#primaryimage\",\"url\":\"https:\\\/\\\/www.hotel-westend.com\\\/wp-content\\\/uploads\\\/2023\\\/06\\\/Chef-Cyril-Breteau-restaurant-le-siecle-hotel-west-end-nice-promenade-des-anglais-Recette-cuisine-cote-dazur.png\",\"contentUrl\":\"https:\\\/\\\/www.hotel-westend.com\\\/wp-content\\\/uploads\\\/2023\\\/06\\\/Chef-Cyril-Breteau-restaurant-le-siecle-hotel-west-end-nice-promenade-des-anglais-Recette-cuisine-cote-dazur.png\",\"width\":2041,\"height\":1323},{\"@type\":\"BreadcrumbList\",\"@id\":\"https:\\\/\\\/www.hotel-westend.com\\\/en\\\/2023\\\/06\\\/21\\\/recette-restaurant-le-siecle\\\/#breadcrumb\",\"itemListElement\":[{\"@type\":\"ListItem\",\"position\":1,\"name\":\"Accueil\",\"item\":\"https:\\\/\\\/www.hotel-westend.com\\\/en\\\/\"},{\"@type\":\"ListItem\",\"position\":2,\"name\":\"Mackerel tartare, the \u201cfresh\u201d summer dish at Le Si\u00e8cle restaurant\"}]},{\"@type\":\"WebSite\",\"@id\":\"https:\\\/\\\/www.hotel-westend.com\\\/#website\",\"url\":\"https:\\\/\\\/www.hotel-westend.com\\\/\",\"name\":\"Hotel Westend Nice\",\"description\":\"Hotel 4 Etoiles Nice - Promenade Anglais | OFFICIEL \",\"potentialAction\":[{\"@type\":\"SearchAction\",\"target\":{\"@type\":\"EntryPoint\",\"urlTemplate\":\"https:\\\/\\\/www.hotel-westend.com\\\/?s={search_term_string}\"},\"query-input\":{\"@type\":\"PropertyValueSpecification\",\"valueRequired\":true,\"valueName\":\"search_term_string\"}}],\"inLanguage\":\"en-US\"},{\"@type\":\"Person\",\"@id\":\"https:\\\/\\\/www.hotel-westend.com\\\/#\\\/schema\\\/person\\\/c3ec475886346e12750f94aa1d3d9458\",\"name\":\"AgenceAZ\",\"url\":\"https:\\\/\\\/www.hotel-westend.com\\\/en\\\/author\\\/agenceaz\\\/\"}]}<\/script>\n<!-- \/ Yoast SEO plugin. -->","yoast_head_json":{"title":"Mackerel tartare, the \u201cfresh\u201d summer dish at Le Si\u00e8cle restaurant -","description":"At the Si\u00e8cle restaurant, chef Cyril Breteau gives you his recipe for mackerel tartare, to be enjoyed facing the sea.","robots":{"index":"index","follow":"follow","max-snippet":"max-snippet:-1","max-image-preview":"max-image-preview:large","max-video-preview":"max-video-preview:-1"},"canonical":"https:\/\/www.hotel-westend.com\/en\/2023\/06\/21\/recette-restaurant-le-siecle\/","og_locale":"en_US","og_type":"article","og_title":"Mackerel tartare, the \u201cfresh\u201d summer dish at Le Si\u00e8cle restaurant -","og_description":"At the Si\u00e8cle restaurant, chef Cyril Breteau gives you his recipe for mackerel tartare, to be enjoyed facing the sea.","og_url":"https:\/\/www.hotel-westend.com\/en\/2023\/06\/21\/recette-restaurant-le-siecle\/","og_site_name":"Hotel Westend Nice","article_published_time":"2023-06-21T15:20:49+00:00","article_modified_time":"2023-06-22T06:10:40+00:00","og_image":[{"width":1024,"height":664,"url":"https:\/\/www.hotel-westend.com\/wp-content\/uploads\/2023\/06\/Chef-Cyril-Breteau-restaurant-le-siecle-hotel-west-end-nice-promenade-des-anglais-Recette-cuisine-cote-dazur-1024x664.png","type":"image\/png"}],"author":"AgenceAZ","twitter_card":"summary_large_image","twitter_misc":{"Written by":"AgenceAZ","Est. reading time":"3 minutes"},"schema":{"@context":"https:\/\/schema.org","@graph":[{"@type":"Article","@id":"https:\/\/www.hotel-westend.com\/en\/2023\/06\/21\/recette-restaurant-le-siecle\/#article","isPartOf":{"@id":"https:\/\/www.hotel-westend.com\/en\/2023\/06\/21\/recette-restaurant-le-siecle\/"},"author":{"name":"AgenceAZ","@id":"https:\/\/www.hotel-westend.com\/#\/schema\/person\/c3ec475886346e12750f94aa1d3d9458"},"headline":"Mackerel tartare, the \u201cfresh\u201d summer dish at Le Si\u00e8cle restaurant","datePublished":"2023-06-21T15:20:49+00:00","dateModified":"2023-06-22T06:10:40+00:00","mainEntityOfPage":{"@id":"https:\/\/www.hotel-westend.com\/en\/2023\/06\/21\/recette-restaurant-le-siecle\/"},"wordCount":602,"commentCount":0,"image":{"@id":"https:\/\/www.hotel-westend.com\/en\/2023\/06\/21\/recette-restaurant-le-siecle\/#primaryimage"},"thumbnailUrl":"https:\/\/www.hotel-westend.com\/wp-content\/uploads\/2023\/06\/Chef-Cyril-Breteau-restaurant-le-siecle-hotel-west-end-nice-promenade-des-anglais-Recette-cuisine-cote-dazur.png","articleSection":["Actualit\u00e9s","News","News-EN-2022"],"inLanguage":"en-US"},{"@type":"WebPage","@id":"https:\/\/www.hotel-westend.com\/en\/2023\/06\/21\/recette-restaurant-le-siecle\/","url":"https:\/\/www.hotel-westend.com\/en\/2023\/06\/21\/recette-restaurant-le-siecle\/","name":"Mackerel tartare, the \u201cfresh\u201d summer dish at Le Si\u00e8cle restaurant -","isPartOf":{"@id":"https:\/\/www.hotel-westend.com\/#website"},"primaryImageOfPage":{"@id":"https:\/\/www.hotel-westend.com\/en\/2023\/06\/21\/recette-restaurant-le-siecle\/#primaryimage"},"image":{"@id":"https:\/\/www.hotel-westend.com\/en\/2023\/06\/21\/recette-restaurant-le-siecle\/#primaryimage"},"thumbnailUrl":"https:\/\/www.hotel-westend.com\/wp-content\/uploads\/2023\/06\/Chef-Cyril-Breteau-restaurant-le-siecle-hotel-west-end-nice-promenade-des-anglais-Recette-cuisine-cote-dazur.png","datePublished":"2023-06-21T15:20:49+00:00","dateModified":"2023-06-22T06:10:40+00:00","author":{"@id":"https:\/\/www.hotel-westend.com\/#\/schema\/person\/c3ec475886346e12750f94aa1d3d9458"},"description":"At the Si\u00e8cle restaurant, chef Cyril Breteau gives you his recipe for mackerel tartare, to be enjoyed facing the sea.","breadcrumb":{"@id":"https:\/\/www.hotel-westend.com\/en\/2023\/06\/21\/recette-restaurant-le-siecle\/#breadcrumb"},"inLanguage":"en-US","potentialAction":[{"@type":"ReadAction","target":["https:\/\/www.hotel-westend.com\/en\/2023\/06\/21\/recette-restaurant-le-siecle\/"]}]},{"@type":"ImageObject","inLanguage":"en-US","@id":"https:\/\/www.hotel-westend.com\/en\/2023\/06\/21\/recette-restaurant-le-siecle\/#primaryimage","url":"https:\/\/www.hotel-westend.com\/wp-content\/uploads\/2023\/06\/Chef-Cyril-Breteau-restaurant-le-siecle-hotel-west-end-nice-promenade-des-anglais-Recette-cuisine-cote-dazur.png","contentUrl":"https:\/\/www.hotel-westend.com\/wp-content\/uploads\/2023\/06\/Chef-Cyril-Breteau-restaurant-le-siecle-hotel-west-end-nice-promenade-des-anglais-Recette-cuisine-cote-dazur.png","width":2041,"height":1323},{"@type":"BreadcrumbList","@id":"https:\/\/www.hotel-westend.com\/en\/2023\/06\/21\/recette-restaurant-le-siecle\/#breadcrumb","itemListElement":[{"@type":"ListItem","position":1,"name":"Accueil","item":"https:\/\/www.hotel-westend.com\/en\/"},{"@type":"ListItem","position":2,"name":"Mackerel tartare, the \u201cfresh\u201d summer dish at Le Si\u00e8cle restaurant"}]},{"@type":"WebSite","@id":"https:\/\/www.hotel-westend.com\/#website","url":"https:\/\/www.hotel-westend.com\/","name":"Hotel Westend Nice","description":"Hotel 4 Etoiles Nice - Promenade Anglais | OFFICIEL ","potentialAction":[{"@type":"SearchAction","target":{"@type":"EntryPoint","urlTemplate":"https:\/\/www.hotel-westend.com\/?s={search_term_string}"},"query-input":{"@type":"PropertyValueSpecification","valueRequired":true,"valueName":"search_term_string"}}],"inLanguage":"en-US"},{"@type":"Person","@id":"https:\/\/www.hotel-westend.com\/#\/schema\/person\/c3ec475886346e12750f94aa1d3d9458","name":"AgenceAZ","url":"https:\/\/www.hotel-westend.com\/en\/author\/agenceaz\/"}]}},"_links":{"self":[{"href":"https:\/\/www.hotel-westend.com\/en\/wp-json\/wp\/v2\/posts\/5930","targetHints":{"allow":["GET"]}}],"collection":[{"href":"https:\/\/www.hotel-westend.com\/en\/wp-json\/wp\/v2\/posts"}],"about":[{"href":"https:\/\/www.hotel-westend.com\/en\/wp-json\/wp\/v2\/types\/post"}],"author":[{"embeddable":true,"href":"https:\/\/www.hotel-westend.com\/en\/wp-json\/wp\/v2\/users\/7"}],"replies":[{"embeddable":true,"href":"https:\/\/www.hotel-westend.com\/en\/wp-json\/wp\/v2\/comments?post=5930"}],"version-history":[{"count":4,"href":"https:\/\/www.hotel-westend.com\/en\/wp-json\/wp\/v2\/posts\/5930\/revisions"}],"predecessor-version":[{"id":5936,"href":"https:\/\/www.hotel-westend.com\/en\/wp-json\/wp\/v2\/posts\/5930\/revisions\/5936"}],"wp:featuredmedia":[{"embeddable":true,"href":"https:\/\/www.hotel-westend.com\/en\/wp-json\/wp\/v2\/media\/5924"}],"wp:attachment":[{"href":"https:\/\/www.hotel-westend.com\/en\/wp-json\/wp\/v2\/media?parent=5930"}],"wp:term":[{"taxonomy":"category","embeddable":true,"href":"https:\/\/www.hotel-westend.com\/en\/wp-json\/wp\/v2\/categories?post=5930"},{"taxonomy":"post_tag","embeddable":true,"href":"https:\/\/www.hotel-westend.com\/en\/wp-json\/wp\/v2\/tags?post=5930"}],"curies":[{"name":"wp","href":"https:\/\/api.w.org\/{rel}","templated":true}]}}