{"id":5982,"date":"2023-06-28T08:01:34","date_gmt":"2023-06-28T06:01:34","guid":{"rendered":"https:\/\/www.hotel-westend.com\/2023\/06\/28\/cyril-breteau-festival-gastronomique-jacques-chibois\/"},"modified":"2023-07-07T14:05:18","modified_gmt":"2023-07-07T12:05:18","slug":"cyril-breteau-festival-gastronomique-jacques-chibois","status":"publish","type":"post","link":"https:\/\/www.hotel-westend.com\/en\/2023\/06\/28\/cyril-breteau-festival-gastronomique-jacques-chibois\/","title":{"rendered":"Chef Cyril Breteau invites himself to the 38th Jacques Chibois Gastronomic Festival"},"content":{"rendered":"<p>[et_pb_section fb_built=&#8221;1&#8243; admin_label=&#8221;section&#8221; _builder_version=&#8221;4.16&#8243; min_height=&#8221;629.4px&#8221; custom_padding=&#8221;||0px|||&#8221; global_colors_info=&#8221;{}&#8221;][et_pb_row admin_label=&#8221;row&#8221; _builder_version=&#8221;4.16&#8243; background_size=&#8221;initial&#8221; background_position=&#8221;top_left&#8221; background_repeat=&#8221;repeat&#8221; custom_padding=&#8221;||0px|||&#8221; global_colors_info=&#8221;{}&#8221;][et_pb_column type=&#8221;4_4&#8243; _builder_version=&#8221;4.16&#8243; custom_padding=&#8221;|||&#8221; global_colors_info=&#8221;{}&#8221; custom_padding__hover=&#8221;|||&#8221;][et_pb_text module_class=&#8221;tiretsInverse&#8221; _builder_version=&#8221;4.21.0&#8243; _module_preset=&#8221;default&#8221; header_2_font=&#8221;Gilda Display||||||||&#8221; header_2_text_color=&#8221;#9b8760&#8243; header_2_font_size=&#8221;58px&#8221; width=&#8221;100%&#8221; custom_margin=&#8221;|||0px|false|false&#8221; custom_padding=&#8221;|||0px||&#8221; locked=&#8221;off&#8221; global_colors_info=&#8221;{}&#8221;]<\/p>\n<h2>Chef Cyril Breteau invites himself to the 38th Jacques Chibois Gastronomic Festivalis<\/h2>\n<p>[\/et_pb_text][et_pb_image src=&#8221;https:\/\/www.hotel-westend.com\/wp-content\/uploads\/2023\/06\/Cyril-breteau-chef-hotel-west-end-nice-restaurant-le-siecle-salon-gastronomie-jacques-chibois-Cote-dazur-french-riviera.png&#8221; alt=&#8221;IRONMAN&#8221; title_text=&#8221;Cyril breteau chef hotel west end nice &#8211; restaurant le siecle &#8211; salon gastronomie jacques chibois &#8211; Cote dazur french riviera&#8221; align=&#8221;center&#8221; _builder_version=&#8221;4.21.0&#8243; _module_preset=&#8221;default&#8221; width=&#8221;58%&#8221; max_width=&#8221;71%&#8221; min_height=&#8221;100px&#8221; height=&#8221;378px&#8221; custom_margin=&#8221;||0px||false|false&#8221; global_colors_info=&#8221;{}&#8221;][\/et_pb_image][et_pb_text admin_label=&#8221;Text&#8221; _builder_version=&#8221;4.21.0&#8243; background_size=&#8221;initial&#8221; background_position=&#8221;top_left&#8221; background_repeat=&#8221;repeat&#8221; global_colors_info=&#8221;{}&#8221;]<\/p>\n<p>&nbsp;<\/p>\n<p>A few days ago, the talented chef Cyril Breteau of the restaurant Le Si\u00e8cle took part in the <a href=\"https:\/\/www.vinsetgastronomie.com\/38eme-festival-gastronomique-de-vins-gastronomie-a-la-bastide-saint-antoine\/\" target=\"_blank\" rel=\"noopener\">38th Gastronomic Festival at the Bastide Saint-Antoine of Grasse<\/a>\u00a0!<\/p>\n<p id=\"tw-target-text\" class=\"tw-data-text tw-text-large tw-ta\" dir=\"ltr\" data-placeholder=\"Traduction\"><span class=\"Y2IQFc\" lang=\"en\">This long-awaited event of the C\u00f4te d&#8217;Azur brings together the region&#8217;s most renowned chefs, offering gastronomy lovers an unforgettable culinary experience. For one evening, 20 chefs and 10 producers meet in the authentic 17th century residence of Jacques Chibois to concoct delicious dishes with the best local products. Nestled on the heights of Grasse, this jewel of the C\u00f4te d&#8217;Azur offers a breathtaking view of the reliefs of the hinterland, the Bay of Cannes, the Mediterranean Sea&#8230;<\/span><\/p>\n<h4>Quality partners of chef Cyril Breteau<\/h4>\n<p id=\"tw-target-text\" class=\"tw-data-text tw-text-large tw-ta\" dir=\"ltr\" data-placeholder=\"Traduction\"><span class=\"Y2IQFc\" lang=\"en\">Cyril Breteau and the whole team of the West End hotel would like to thank Val\u00e9rie Gori of the newspaper &#8220;Vins et Gastronomie Magazine&#8221; for her invitation. Thank you also to the partners of <a href=\"https:\/\/www.hotel-westend.com\/en\/le-siecle-restaurant\/\">Le Si\u00e8cle restaurant<\/a> who played an essential role in the success of this magnificent event. Their contribution added an authentic Mediterranean flavor to our dish. Among them :<\/span><\/p>\n<ul>\n<li>\n<p id=\"tw-target-text\" class=\"tw-data-text tw-text-large tw-ta\" dir=\"ltr\" data-placeholder=\"Traduction\"><span class=\"Y2IQFc\" lang=\"en\">Mr. Cressin Olivier and his team at &#8220;La Poissonnerie&#8221; in Nice for mackerel and dry ice. <\/span><\/p>\n<\/li>\n<li>\n<p id=\"tw-target-text\" class=\"tw-data-text tw-text-large tw-ta\" dir=\"ltr\" data-placeholder=\"Traduction\"><span class=\"Y2IQFc\" lang=\"en\">Mr. and Mrs. Derepas, producers of olives, olive oils and condiments of the company &#8220;Champsoleil&#8221; in La Trinit\u00e9. <\/span><\/p>\n<\/li>\n<li>\n<p id=\"tw-target-text\" class=\"tw-data-text tw-text-large tw-ta\" dir=\"ltr\" data-placeholder=\"Traduction\"><span class=\"Y2IQFc\" lang=\"en\">Monsieur Orso, our market gardener, for his top quality organic fennel and chioggia beets. Although he was unable to attend the event, his support and exceptional products contributed to the perfect harmony of flavors in this delicious mackerel tartare.<\/span><\/p>\n<\/li>\n<\/ul>\n<p id=\"tw-target-text\" class=\"tw-data-text tw-text-large tw-ta\" dir=\"ltr\" data-placeholder=\"Traduction\"><span class=\"Y2IQFc\" lang=\"en\">Make the most of your stay on the C\u00f4te d\u2019Azur at the West End hotel to also experience a real unforgettable taste journey.<\/span><\/p>\n<p>&nbsp;<\/p>\n<p>[\/et_pb_text][\/et_pb_column][\/et_pb_row][et_pb_row column_structure=&#8221;1_4,1_4,1_4,1_4&#8243; admin_label=&#8221;row&#8221; _builder_version=&#8221;4.16&#8243; background_size=&#8221;initial&#8221; background_position=&#8221;top_left&#8221; background_repeat=&#8221;repeat&#8221; custom_padding=&#8221;||0px|||&#8221; global_colors_info=&#8221;{}&#8221;][et_pb_column type=&#8221;1_4&#8243; _builder_version=&#8221;4.16&#8243; custom_padding=&#8221;|||&#8221; global_colors_info=&#8221;{}&#8221; custom_padding__hover=&#8221;|||&#8221;][et_pb_image src=&#8221;https:\/\/www.hotel-westend.com\/wp-content\/uploads\/2023\/06\/Cyril-breteau-chef-hotel-west-end-nice-restaurant-le-siecle-salon-gastronomie-jacques-chibois-Cote-dazur-french-riviera-1.png&#8221; title_text=&#8221;Cyril breteau chef hotel west end nice &#8211; restaurant le siecle &#8211; salon gastronomie jacques chibois &#8211; Cote dazur french riviera 1&#8243; _builder_version=&#8221;4.21.0&#8243; _module_preset=&#8221;default&#8221; global_colors_info=&#8221;{}&#8221;][\/et_pb_image][\/et_pb_column][et_pb_column type=&#8221;1_4&#8243; _builder_version=&#8221;4.16&#8243; custom_padding=&#8221;|||&#8221; global_colors_info=&#8221;{}&#8221; custom_padding__hover=&#8221;|||&#8221;][et_pb_image src=&#8221;https:\/\/www.hotel-westend.com\/wp-content\/uploads\/2023\/06\/Cyril-breteau-chef-hotel-west-end-nice-restaurant-le-siecle-salon-gastronomie-jacques-chibois-Cote-dazur-french-riviera-2.png&#8221; title_text=&#8221;Cyril breteau chef hotel west end nice &#8211; restaurant le siecle &#8211; salon gastronomie jacques chibois &#8211; Cote dazur french riviera 2&#8243; _builder_version=&#8221;4.21.0&#8243; _module_preset=&#8221;default&#8221; global_colors_info=&#8221;{}&#8221;][\/et_pb_image][\/et_pb_column][et_pb_column type=&#8221;1_4&#8243; _builder_version=&#8221;4.16&#8243; custom_padding=&#8221;|||&#8221; global_colors_info=&#8221;{}&#8221; custom_padding__hover=&#8221;|||&#8221;][et_pb_image src=&#8221;https:\/\/www.hotel-westend.com\/wp-content\/uploads\/2023\/06\/Cyril-breteau-chef-hotel-west-end-nice-restaurant-le-siecle-salon-gastronomie-jacques-chibois-Cote-dazur-french-riviera-4.png&#8221; title_text=&#8221;Cyril breteau chef hotel west end nice &#8211; restaurant le siecle &#8211; salon gastronomie jacques chibois &#8211; Cote dazur french riviera 4&#8243; _builder_version=&#8221;4.21.0&#8243; _module_preset=&#8221;default&#8221; global_colors_info=&#8221;{}&#8221;][\/et_pb_image][\/et_pb_column][et_pb_column type=&#8221;1_4&#8243; _builder_version=&#8221;4.16&#8243; custom_padding=&#8221;|||&#8221; global_colors_info=&#8221;{}&#8221; custom_padding__hover=&#8221;|||&#8221;][et_pb_image src=&#8221;https:\/\/www.hotel-westend.com\/wp-content\/uploads\/2023\/06\/Cyril-breteau-chef-hotel-west-end-nice-restaurant-le-siecle-salon-gastronomie-jacques-chibois-Cote-dazur-french-riviera-3.png&#8221; title_text=&#8221;Cyril breteau chef hotel west end nice &#8211; restaurant le siecle &#8211; salon gastronomie jacques chibois &#8211; Cote dazur french riviera 3&#8243; _builder_version=&#8221;4.21.0&#8243; _module_preset=&#8221;default&#8221; global_colors_info=&#8221;{}&#8221;][\/et_pb_image][\/et_pb_column][\/et_pb_row][\/et_pb_section]<\/p>\n","protected":false},"excerpt":{"rendered":"<p>Chef Cyril Breteau is alongside Jacques Chibois<\/p>\n","protected":false},"author":7,"featured_media":5960,"comment_status":"open","ping_status":"open","sticky":false,"template":"","format":"standard","meta":{"_et_pb_use_builder":"on","_et_pb_old_content":"<!-- wp:paragraph -->\r\n<p>Du 13 au 27 f\u00e9vrier 2021, Nice deviendra la Capitale mondiale de la mode avec la 137e \u00e9dition du Carnaval sur le th\u00e8me \u00ab Roi des animaux \u00bb. Venez admirer le Roi, la Reine et leurs sujets et participer aux extravagants d\u00e9fil\u00e9s de chars, de grosses t\u00eates et aux \u00e9l\u00e9gantes Batailles de Fleurs.<\/p>\r\n<!-- \/wp:paragraph -->\r\n\r\n<!-- wp:paragraph -->\r\n<p>Pendant 15 jours, le Carnaval de Nice, avec ses deux manifestations\u00a0: les Corsi carnavalesques (de jour ou de nuit) et les Batailles de fleurs, imposera son style et vous offrira un spectacle burlesque, magique et initiatique d\u00e9di\u00e9 \u00e0 la mode sous toutes ses coutures.<\/p>\r\n<!-- \/wp:paragraph -->\r\n\r\n<!-- wp:paragraph -->\r\n<p>Les chars cr\u00e9\u00e9s sur le th\u00e8me d\u00e9fileront lors des Corsi carnavalesques (mardis, samedis et dimanche), accompagn\u00e9s de grosses t\u00eates et d\u2019artistes venant du monde entier dans une ambiance festive et populaire, savamment sc\u00e9nographi\u00e9e, pour revisiter l\u2019histoire de la mode, vous faire rire, sourire mais aussi r\u00e9fl\u00e9chir sur la mode et ses dessous. Car si la mode lance des tendances et bouleverse les codes comme les comportements, elle a aussi un r\u00f4le \u00e9thique et responsable \u00e0 jouer.<\/p>\r\n<!-- \/wp:paragraph -->\r\n\r\n<!-- wp:paragraph -->\r\n<p>Les mercredis et samedis apr\u00e8s-midi, venez d\u00e9couvrir l\u2019autre temps du fort du Carnaval\u00a0: les Batailles de Fleurs o\u00f9 le th\u00e8me sera d\u00e9clin\u00e9 sur des chars orn\u00e9s de fleurs valorisant la production locale (80% des fleurs sont produites dans la r\u00e9gion) et anim\u00e9s par des com\u00e9diennes qui porteront des costumes sp\u00e9cialement con\u00e7us pour la manifestation. Un d\u00e9fil\u00e9 unique au monde o\u00f9 des milliers de fleurs seront distribu\u00e9es.<\/p>\r\n<!-- \/wp:paragraph -->\r\n\r\n<!-- wp:paragraph -->\r\n<p>Et n\u2019oubliez pas, grands et petits, d\u00e9guisez de la t\u00eate aux pieds, les corsi seront gratuits\u00a0!<\/p>\r\n<!-- \/wp:paragraph -->\r\n\r\n<!-- wp:paragraph -->\r\n<p><strong>Alors venez prendre part \u00e0 la f\u00eate du 13 au 27 f\u00e9vrier 2021 \u00e0 Nice.<\/strong><\/p>\r\n<!-- \/wp:paragraph -->","_et_gb_content_width":"1150","inline_featured_image":false,"footnotes":""},"categories":[36,38,35],"tags":[],"class_list":["post-5982","post","type-post","status-publish","format-standard","has-post-thumbnail","hentry","category-actualites-en","category-evenements-en","category-news-en-2022"],"yoast_head":"<!-- This site is optimized with the Yoast SEO plugin v27.5 - https:\/\/yoast.com\/product\/yoast-seo-wordpress\/ -->\n<title>Chef Cyril Breteau invites himself to the 38th Jacques Chibois Gastronomic Festival -<\/title>\n<meta name=\"description\" content=\"Cyril Breteau, the chef of the Hotel West End, took part in the 38th Festival Gastronomique de Jacques Chibois in Grasse.\" \/>\n<meta name=\"robots\" content=\"index, follow, max-snippet:-1, max-image-preview:large, max-video-preview:-1\" \/>\n<link rel=\"canonical\" href=\"https:\/\/www.hotel-westend.com\/en\/2023\/06\/28\/cyril-breteau-festival-gastronomique-jacques-chibois\/\" \/>\n<meta property=\"og:locale\" content=\"en_US\" \/>\n<meta property=\"og:type\" content=\"article\" \/>\n<meta property=\"og:title\" content=\"Chef Cyril Breteau invites himself to the 38th Jacques Chibois Gastronomic Festival -\" \/>\n<meta property=\"og:description\" content=\"Cyril Breteau, the chef of the Hotel West End, took part in the 38th Festival Gastronomique de Jacques Chibois in Grasse.\" \/>\n<meta property=\"og:url\" content=\"https:\/\/www.hotel-westend.com\/en\/2023\/06\/28\/cyril-breteau-festival-gastronomique-jacques-chibois\/\" \/>\n<meta property=\"og:site_name\" content=\"Hotel Westend Nice\" \/>\n<meta property=\"article:published_time\" content=\"2023-06-28T06:01:34+00:00\" \/>\n<meta property=\"article:modified_time\" content=\"2023-07-07T12:05:18+00:00\" \/>\n<meta property=\"og:image\" content=\"https:\/\/www.hotel-westend.com\/wp-content\/uploads\/2023\/06\/Cyril-breteau-chef-hotel-west-end-nice-restaurant-le-siecle-salon-gastronomie-jacques-chibois-Cote-dazur-french-riviera-5-1024x664.png\" \/>\n\t<meta property=\"og:image:width\" content=\"1024\" \/>\n\t<meta property=\"og:image:height\" content=\"664\" \/>\n\t<meta property=\"og:image:type\" content=\"image\/png\" \/>\n<meta name=\"author\" content=\"AgenceAZ\" \/>\n<meta name=\"twitter:card\" content=\"summary_large_image\" \/>\n<meta name=\"twitter:label1\" content=\"Written by\" \/>\n\t<meta name=\"twitter:data1\" content=\"AgenceAZ\" \/>\n\t<meta name=\"twitter:label2\" content=\"Est. reading time\" \/>\n\t<meta name=\"twitter:data2\" content=\"3 minutes\" \/>\n<script type=\"application\/ld+json\" class=\"yoast-schema-graph\">{\"@context\":\"https:\\\/\\\/schema.org\",\"@graph\":[{\"@type\":\"Article\",\"@id\":\"https:\\\/\\\/www.hotel-westend.com\\\/en\\\/2023\\\/06\\\/28\\\/cyril-breteau-festival-gastronomique-jacques-chibois\\\/#article\",\"isPartOf\":{\"@id\":\"https:\\\/\\\/www.hotel-westend.com\\\/en\\\/2023\\\/06\\\/28\\\/cyril-breteau-festival-gastronomique-jacques-chibois\\\/\"},\"author\":{\"name\":\"AgenceAZ\",\"@id\":\"https:\\\/\\\/www.hotel-westend.com\\\/#\\\/schema\\\/person\\\/c3ec475886346e12750f94aa1d3d9458\"},\"headline\":\"Chef Cyril Breteau invites himself to the 38th Jacques Chibois Gastronomic Festival\",\"datePublished\":\"2023-06-28T06:01:34+00:00\",\"dateModified\":\"2023-07-07T12:05:18+00:00\",\"mainEntityOfPage\":{\"@id\":\"https:\\\/\\\/www.hotel-westend.com\\\/en\\\/2023\\\/06\\\/28\\\/cyril-breteau-festival-gastronomique-jacques-chibois\\\/\"},\"wordCount\":772,\"commentCount\":0,\"image\":{\"@id\":\"https:\\\/\\\/www.hotel-westend.com\\\/en\\\/2023\\\/06\\\/28\\\/cyril-breteau-festival-gastronomique-jacques-chibois\\\/#primaryimage\"},\"thumbnailUrl\":\"https:\\\/\\\/www.hotel-westend.com\\\/wp-content\\\/uploads\\\/2023\\\/06\\\/Cyril-breteau-chef-hotel-west-end-nice-restaurant-le-siecle-salon-gastronomie-jacques-chibois-Cote-dazur-french-riviera-5.png\",\"articleSection\":[\"Actualit\u00e9s\",\"Ev\u00e9nements\",\"News-EN-2022\"],\"inLanguage\":\"en-US\"},{\"@type\":\"WebPage\",\"@id\":\"https:\\\/\\\/www.hotel-westend.com\\\/en\\\/2023\\\/06\\\/28\\\/cyril-breteau-festival-gastronomique-jacques-chibois\\\/\",\"url\":\"https:\\\/\\\/www.hotel-westend.com\\\/en\\\/2023\\\/06\\\/28\\\/cyril-breteau-festival-gastronomique-jacques-chibois\\\/\",\"name\":\"Chef Cyril Breteau invites himself to the 38th Jacques Chibois Gastronomic Festival -\",\"isPartOf\":{\"@id\":\"https:\\\/\\\/www.hotel-westend.com\\\/#website\"},\"primaryImageOfPage\":{\"@id\":\"https:\\\/\\\/www.hotel-westend.com\\\/en\\\/2023\\\/06\\\/28\\\/cyril-breteau-festival-gastronomique-jacques-chibois\\\/#primaryimage\"},\"image\":{\"@id\":\"https:\\\/\\\/www.hotel-westend.com\\\/en\\\/2023\\\/06\\\/28\\\/cyril-breteau-festival-gastronomique-jacques-chibois\\\/#primaryimage\"},\"thumbnailUrl\":\"https:\\\/\\\/www.hotel-westend.com\\\/wp-content\\\/uploads\\\/2023\\\/06\\\/Cyril-breteau-chef-hotel-west-end-nice-restaurant-le-siecle-salon-gastronomie-jacques-chibois-Cote-dazur-french-riviera-5.png\",\"datePublished\":\"2023-06-28T06:01:34+00:00\",\"dateModified\":\"2023-07-07T12:05:18+00:00\",\"author\":{\"@id\":\"https:\\\/\\\/www.hotel-westend.com\\\/#\\\/schema\\\/person\\\/c3ec475886346e12750f94aa1d3d9458\"},\"description\":\"Cyril Breteau, the chef of the Hotel West End, took part in the 38th Festival Gastronomique de Jacques Chibois in Grasse.\",\"breadcrumb\":{\"@id\":\"https:\\\/\\\/www.hotel-westend.com\\\/en\\\/2023\\\/06\\\/28\\\/cyril-breteau-festival-gastronomique-jacques-chibois\\\/#breadcrumb\"},\"inLanguage\":\"en-US\",\"potentialAction\":[{\"@type\":\"ReadAction\",\"target\":[\"https:\\\/\\\/www.hotel-westend.com\\\/en\\\/2023\\\/06\\\/28\\\/cyril-breteau-festival-gastronomique-jacques-chibois\\\/\"]}]},{\"@type\":\"ImageObject\",\"inLanguage\":\"en-US\",\"@id\":\"https:\\\/\\\/www.hotel-westend.com\\\/en\\\/2023\\\/06\\\/28\\\/cyril-breteau-festival-gastronomique-jacques-chibois\\\/#primaryimage\",\"url\":\"https:\\\/\\\/www.hotel-westend.com\\\/wp-content\\\/uploads\\\/2023\\\/06\\\/Cyril-breteau-chef-hotel-west-end-nice-restaurant-le-siecle-salon-gastronomie-jacques-chibois-Cote-dazur-french-riviera-5.png\",\"contentUrl\":\"https:\\\/\\\/www.hotel-westend.com\\\/wp-content\\\/uploads\\\/2023\\\/06\\\/Cyril-breteau-chef-hotel-west-end-nice-restaurant-le-siecle-salon-gastronomie-jacques-chibois-Cote-dazur-french-riviera-5.png\",\"width\":2041,\"height\":1323},{\"@type\":\"BreadcrumbList\",\"@id\":\"https:\\\/\\\/www.hotel-westend.com\\\/en\\\/2023\\\/06\\\/28\\\/cyril-breteau-festival-gastronomique-jacques-chibois\\\/#breadcrumb\",\"itemListElement\":[{\"@type\":\"ListItem\",\"position\":1,\"name\":\"Accueil\",\"item\":\"https:\\\/\\\/www.hotel-westend.com\\\/en\\\/\"},{\"@type\":\"ListItem\",\"position\":2,\"name\":\"Chef Cyril Breteau invites himself to the 38th Jacques Chibois Gastronomic Festival\"}]},{\"@type\":\"WebSite\",\"@id\":\"https:\\\/\\\/www.hotel-westend.com\\\/#website\",\"url\":\"https:\\\/\\\/www.hotel-westend.com\\\/\",\"name\":\"Hotel Westend Nice\",\"description\":\"Hotel 4 Etoiles Nice - Promenade Anglais | OFFICIEL \",\"potentialAction\":[{\"@type\":\"SearchAction\",\"target\":{\"@type\":\"EntryPoint\",\"urlTemplate\":\"https:\\\/\\\/www.hotel-westend.com\\\/?s={search_term_string}\"},\"query-input\":{\"@type\":\"PropertyValueSpecification\",\"valueRequired\":true,\"valueName\":\"search_term_string\"}}],\"inLanguage\":\"en-US\"},{\"@type\":\"Person\",\"@id\":\"https:\\\/\\\/www.hotel-westend.com\\\/#\\\/schema\\\/person\\\/c3ec475886346e12750f94aa1d3d9458\",\"name\":\"AgenceAZ\",\"url\":\"https:\\\/\\\/www.hotel-westend.com\\\/en\\\/author\\\/agenceaz\\\/\"}]}<\/script>\n<!-- \/ Yoast SEO plugin. -->","yoast_head_json":{"title":"Chef Cyril Breteau invites himself to the 38th Jacques Chibois Gastronomic Festival -","description":"Cyril Breteau, the chef of the Hotel West End, took part in the 38th Festival Gastronomique de Jacques Chibois in Grasse.","robots":{"index":"index","follow":"follow","max-snippet":"max-snippet:-1","max-image-preview":"max-image-preview:large","max-video-preview":"max-video-preview:-1"},"canonical":"https:\/\/www.hotel-westend.com\/en\/2023\/06\/28\/cyril-breteau-festival-gastronomique-jacques-chibois\/","og_locale":"en_US","og_type":"article","og_title":"Chef Cyril Breteau invites himself to the 38th Jacques Chibois Gastronomic Festival -","og_description":"Cyril Breteau, the chef of the Hotel West End, took part in the 38th Festival Gastronomique de Jacques Chibois in Grasse.","og_url":"https:\/\/www.hotel-westend.com\/en\/2023\/06\/28\/cyril-breteau-festival-gastronomique-jacques-chibois\/","og_site_name":"Hotel Westend Nice","article_published_time":"2023-06-28T06:01:34+00:00","article_modified_time":"2023-07-07T12:05:18+00:00","og_image":[{"width":1024,"height":664,"url":"https:\/\/www.hotel-westend.com\/wp-content\/uploads\/2023\/06\/Cyril-breteau-chef-hotel-west-end-nice-restaurant-le-siecle-salon-gastronomie-jacques-chibois-Cote-dazur-french-riviera-5-1024x664.png","type":"image\/png"}],"author":"AgenceAZ","twitter_card":"summary_large_image","twitter_misc":{"Written by":"AgenceAZ","Est. reading time":"3 minutes"},"schema":{"@context":"https:\/\/schema.org","@graph":[{"@type":"Article","@id":"https:\/\/www.hotel-westend.com\/en\/2023\/06\/28\/cyril-breteau-festival-gastronomique-jacques-chibois\/#article","isPartOf":{"@id":"https:\/\/www.hotel-westend.com\/en\/2023\/06\/28\/cyril-breteau-festival-gastronomique-jacques-chibois\/"},"author":{"name":"AgenceAZ","@id":"https:\/\/www.hotel-westend.com\/#\/schema\/person\/c3ec475886346e12750f94aa1d3d9458"},"headline":"Chef Cyril Breteau invites himself to the 38th Jacques Chibois Gastronomic Festival","datePublished":"2023-06-28T06:01:34+00:00","dateModified":"2023-07-07T12:05:18+00:00","mainEntityOfPage":{"@id":"https:\/\/www.hotel-westend.com\/en\/2023\/06\/28\/cyril-breteau-festival-gastronomique-jacques-chibois\/"},"wordCount":772,"commentCount":0,"image":{"@id":"https:\/\/www.hotel-westend.com\/en\/2023\/06\/28\/cyril-breteau-festival-gastronomique-jacques-chibois\/#primaryimage"},"thumbnailUrl":"https:\/\/www.hotel-westend.com\/wp-content\/uploads\/2023\/06\/Cyril-breteau-chef-hotel-west-end-nice-restaurant-le-siecle-salon-gastronomie-jacques-chibois-Cote-dazur-french-riviera-5.png","articleSection":["Actualit\u00e9s","Ev\u00e9nements","News-EN-2022"],"inLanguage":"en-US"},{"@type":"WebPage","@id":"https:\/\/www.hotel-westend.com\/en\/2023\/06\/28\/cyril-breteau-festival-gastronomique-jacques-chibois\/","url":"https:\/\/www.hotel-westend.com\/en\/2023\/06\/28\/cyril-breteau-festival-gastronomique-jacques-chibois\/","name":"Chef Cyril Breteau invites himself to the 38th Jacques Chibois Gastronomic Festival -","isPartOf":{"@id":"https:\/\/www.hotel-westend.com\/#website"},"primaryImageOfPage":{"@id":"https:\/\/www.hotel-westend.com\/en\/2023\/06\/28\/cyril-breteau-festival-gastronomique-jacques-chibois\/#primaryimage"},"image":{"@id":"https:\/\/www.hotel-westend.com\/en\/2023\/06\/28\/cyril-breteau-festival-gastronomique-jacques-chibois\/#primaryimage"},"thumbnailUrl":"https:\/\/www.hotel-westend.com\/wp-content\/uploads\/2023\/06\/Cyril-breteau-chef-hotel-west-end-nice-restaurant-le-siecle-salon-gastronomie-jacques-chibois-Cote-dazur-french-riviera-5.png","datePublished":"2023-06-28T06:01:34+00:00","dateModified":"2023-07-07T12:05:18+00:00","author":{"@id":"https:\/\/www.hotel-westend.com\/#\/schema\/person\/c3ec475886346e12750f94aa1d3d9458"},"description":"Cyril Breteau, the chef of the Hotel West End, took part in the 38th Festival Gastronomique de Jacques Chibois in Grasse.","breadcrumb":{"@id":"https:\/\/www.hotel-westend.com\/en\/2023\/06\/28\/cyril-breteau-festival-gastronomique-jacques-chibois\/#breadcrumb"},"inLanguage":"en-US","potentialAction":[{"@type":"ReadAction","target":["https:\/\/www.hotel-westend.com\/en\/2023\/06\/28\/cyril-breteau-festival-gastronomique-jacques-chibois\/"]}]},{"@type":"ImageObject","inLanguage":"en-US","@id":"https:\/\/www.hotel-westend.com\/en\/2023\/06\/28\/cyril-breteau-festival-gastronomique-jacques-chibois\/#primaryimage","url":"https:\/\/www.hotel-westend.com\/wp-content\/uploads\/2023\/06\/Cyril-breteau-chef-hotel-west-end-nice-restaurant-le-siecle-salon-gastronomie-jacques-chibois-Cote-dazur-french-riviera-5.png","contentUrl":"https:\/\/www.hotel-westend.com\/wp-content\/uploads\/2023\/06\/Cyril-breteau-chef-hotel-west-end-nice-restaurant-le-siecle-salon-gastronomie-jacques-chibois-Cote-dazur-french-riviera-5.png","width":2041,"height":1323},{"@type":"BreadcrumbList","@id":"https:\/\/www.hotel-westend.com\/en\/2023\/06\/28\/cyril-breteau-festival-gastronomique-jacques-chibois\/#breadcrumb","itemListElement":[{"@type":"ListItem","position":1,"name":"Accueil","item":"https:\/\/www.hotel-westend.com\/en\/"},{"@type":"ListItem","position":2,"name":"Chef Cyril Breteau invites himself to the 38th Jacques Chibois Gastronomic Festival"}]},{"@type":"WebSite","@id":"https:\/\/www.hotel-westend.com\/#website","url":"https:\/\/www.hotel-westend.com\/","name":"Hotel Westend Nice","description":"Hotel 4 Etoiles Nice - Promenade Anglais | OFFICIEL ","potentialAction":[{"@type":"SearchAction","target":{"@type":"EntryPoint","urlTemplate":"https:\/\/www.hotel-westend.com\/?s={search_term_string}"},"query-input":{"@type":"PropertyValueSpecification","valueRequired":true,"valueName":"search_term_string"}}],"inLanguage":"en-US"},{"@type":"Person","@id":"https:\/\/www.hotel-westend.com\/#\/schema\/person\/c3ec475886346e12750f94aa1d3d9458","name":"AgenceAZ","url":"https:\/\/www.hotel-westend.com\/en\/author\/agenceaz\/"}]}},"_links":{"self":[{"href":"https:\/\/www.hotel-westend.com\/en\/wp-json\/wp\/v2\/posts\/5982","targetHints":{"allow":["GET"]}}],"collection":[{"href":"https:\/\/www.hotel-westend.com\/en\/wp-json\/wp\/v2\/posts"}],"about":[{"href":"https:\/\/www.hotel-westend.com\/en\/wp-json\/wp\/v2\/types\/post"}],"author":[{"embeddable":true,"href":"https:\/\/www.hotel-westend.com\/en\/wp-json\/wp\/v2\/users\/7"}],"replies":[{"embeddable":true,"href":"https:\/\/www.hotel-westend.com\/en\/wp-json\/wp\/v2\/comments?post=5982"}],"version-history":[{"count":4,"href":"https:\/\/www.hotel-westend.com\/en\/wp-json\/wp\/v2\/posts\/5982\/revisions"}],"predecessor-version":[{"id":6003,"href":"https:\/\/www.hotel-westend.com\/en\/wp-json\/wp\/v2\/posts\/5982\/revisions\/6003"}],"wp:featuredmedia":[{"embeddable":true,"href":"https:\/\/www.hotel-westend.com\/en\/wp-json\/wp\/v2\/media\/5960"}],"wp:attachment":[{"href":"https:\/\/www.hotel-westend.com\/en\/wp-json\/wp\/v2\/media?parent=5982"}],"wp:term":[{"taxonomy":"category","embeddable":true,"href":"https:\/\/www.hotel-westend.com\/en\/wp-json\/wp\/v2\/categories?post=5982"},{"taxonomy":"post_tag","embeddable":true,"href":"https:\/\/www.hotel-westend.com\/en\/wp-json\/wp\/v2\/tags?post=5982"}],"curies":[{"name":"wp","href":"https:\/\/api.w.org\/{rel}","templated":true}]}}