{"id":5998,"date":"2023-07-05T13:23:22","date_gmt":"2023-07-05T11:23:22","guid":{"rendered":"https:\/\/www.hotel-westend.com\/2023\/07\/05\/ete-programme-aperitif-hotel-west-end-nice\/"},"modified":"2023-07-07T14:03:57","modified_gmt":"2023-07-07T12:03:57","slug":"ete-programme-aperitif-hotel-west-end-nice","status":"publish","type":"post","link":"https:\/\/www.hotel-westend.com\/en\/2023\/07\/05\/ete-programme-aperitif-hotel-west-end-nice\/","title":{"rendered":"This summer, the Hotel West End offers you a festive program in the heart of the C\u00f4te d&#8217;Azur !"},"content":{"rendered":"<p>[et_pb_section fb_built=&#8221;1&#8243; admin_label=&#8221;section&#8221; _builder_version=&#8221;4.16&#8243; min_height=&#8221;629.4px&#8221; custom_padding=&#8221;||0px|||&#8221; global_colors_info=&#8221;{}&#8221;][et_pb_row admin_label=&#8221;row&#8221; _builder_version=&#8221;4.16&#8243; background_size=&#8221;initial&#8221; background_position=&#8221;top_left&#8221; background_repeat=&#8221;repeat&#8221; custom_padding=&#8221;||0px|||&#8221; global_colors_info=&#8221;{}&#8221;][et_pb_column type=&#8221;4_4&#8243; _builder_version=&#8221;4.16&#8243; custom_padding=&#8221;|||&#8221; global_colors_info=&#8221;{}&#8221; custom_padding__hover=&#8221;|||&#8221;][et_pb_text module_class=&#8221;tiretsInverse&#8221; _builder_version=&#8221;4.21.0&#8243; _module_preset=&#8221;default&#8221; header_2_font=&#8221;Gilda Display||||||||&#8221; header_2_text_color=&#8221;#9b8760&#8243; header_2_font_size=&#8221;58px&#8221; width=&#8221;100%&#8221; custom_margin=&#8221;|||0px|false|false&#8221; custom_padding=&#8221;|||0px||&#8221; locked=&#8221;off&#8221; global_colors_info=&#8221;{}&#8221;]<\/p>\n<h2>This summer, the Hotel West End offers you a festive program in the heart of the C\u00f4te d&#8217;Azur!<\/h2>\n<p>[\/et_pb_text][et_pb_image src=&#8221;https:\/\/www.hotel-westend.com\/wp-content\/uploads\/2023\/07\/Terrasse-ete-hotel-west-end-nice-promenade-des-anglais-cote-dazur-aperitif-musique-live-dj-chanteurs.png&#8221; alt=&#8221;IRONMAN&#8221; title_text=&#8221;Terrasse ete hotel west end nice &#8211; promenade des anglais cote dazur &#8211; aperitif musique live &#8211; dj chanteurs&#8221; align=&#8221;center&#8221; _builder_version=&#8221;4.21.0&#8243; _module_preset=&#8221;default&#8221; width=&#8221;58%&#8221; max_width=&#8221;71%&#8221; min_height=&#8221;100px&#8221; height=&#8221;378px&#8221; custom_margin=&#8221;||0px||false|false&#8221; global_colors_info=&#8221;{}&#8221;][\/et_pb_image][et_pb_text admin_label=&#8221;Text&#8221; _builder_version=&#8221;4.21.0&#8243; background_size=&#8221;initial&#8221; background_position=&#8221;top_left&#8221; background_repeat=&#8221;repeat&#8221; global_colors_info=&#8221;{}&#8221;]<\/p>\n<p>&nbsp;<\/p>\n<p id=\"tw-target-text\" class=\"tw-data-text tw-text-large tw-ta\" dir=\"ltr\" data-placeholder=\"Traduction\"><span class=\"Y2IQFc\" lang=\"en\">Celebrate summer with music at the West End Hotel! As the sunny days have arrived, the iconic establishment on the Promenade des Anglais has concocted a most festive program for you! <\/span><\/p>\n<p class=\"tw-data-text tw-text-large tw-ta\" dir=\"ltr\" data-placeholder=\"Traduction\"><span class=\"Y2IQFc\" lang=\"en\">First of all, the team has a pleasant surprise in store for you with the exceptional opening of its Palmeraie! Located in the shade of palm trees, this little-known terrace of Nice is a real oasis of calm. Every day, from 11 a.m. to 10 p.m., come and enjoy a moment of relaxation while enjoying a <a href=\"https:\/\/www.instagram.com\/p\/CrOWlNQo8NZ\/\">refreshing drink<\/a> with a breathtaking view of the Mediterranean Sea. <\/span><\/p>\n<p class=\"tw-data-text tw-text-large tw-ta\" dir=\"ltr\" data-placeholder=\"Traduction\"><span class=\"Y2IQFc\" lang=\"en\">Moreover, whether you are on vacation or from Nice, come and enjoy the sound of DJ Ben Angel&#8217;s turntables every Thursday. Let yourself be charmed by his frenzied mixes and ignite the dance floor. On Fridays and Saturdays, it&#8217;s time for concerts! The magnificent voices of talented singers from the C\u00f4te d&#8217;Azur such as Emma Pepino, Jude Todd or Arleen will bewitch you all summer long&#8230; For one evening, they take over the stage of La Palmeraie to offer you the most musical performances. captivating. <\/span><\/p>\n<p class=\"tw-data-text tw-text-large tw-ta\" dir=\"ltr\" data-placeholder=\"Traduction\"><span class=\"Y2IQFc\" lang=\"en\">Finally, the West End hotel also invites you to meet on Thursday July 13, 2023 at Le Si\u00e8cle restaurant for an exceptional Opera evening. Enjoy a delicious meal with summer flavors made by chef Cyril Breteau while enjoying a most surprising lyrical show. The evening will end at nightfall with a magnificent fireworks display off the beaches of Nice. <\/span><\/p>\n<p class=\"tw-data-text tw-text-large tw-ta\" dir=\"ltr\" data-placeholder=\"Traduction\"><span class=\"Y2IQFc\" lang=\"en\">To relax during the day or experience bewitching evenings, the West End hotel makes you live to the rhythm of the beautiful days of the C\u00f4te d&#8217;Azur for a summer.<\/span><\/p>\n<p>[\/et_pb_text][\/et_pb_column][\/et_pb_row][\/et_pb_section]<\/p>\n","protected":false},"excerpt":{"rendered":"<p>Summer 2023 program at the Hotel West End Nice<\/p>\n","protected":false},"author":7,"featured_media":5992,"comment_status":"open","ping_status":"open","sticky":false,"template":"","format":"standard","meta":{"_et_pb_use_builder":"on","_et_pb_old_content":"<!-- wp:paragraph -->\r\n<p>Du 13 au 27 f\u00e9vrier 2021, Nice deviendra la Capitale mondiale de la mode avec la 137e \u00e9dition du Carnaval sur le th\u00e8me \u00ab Roi des animaux \u00bb. Venez admirer le Roi, la Reine et leurs sujets et participer aux extravagants d\u00e9fil\u00e9s de chars, de grosses t\u00eates et aux \u00e9l\u00e9gantes Batailles de Fleurs.<\/p>\r\n<!-- \/wp:paragraph -->\r\n\r\n<!-- wp:paragraph -->\r\n<p>Pendant 15 jours, le Carnaval de Nice, avec ses deux manifestations\u00a0: les Corsi carnavalesques (de jour ou de nuit) et les Batailles de fleurs, imposera son style et vous offrira un spectacle burlesque, magique et initiatique d\u00e9di\u00e9 \u00e0 la mode sous toutes ses coutures.<\/p>\r\n<!-- \/wp:paragraph -->\r\n\r\n<!-- wp:paragraph -->\r\n<p>Les chars cr\u00e9\u00e9s sur le th\u00e8me d\u00e9fileront lors des Corsi carnavalesques (mardis, samedis et dimanche), accompagn\u00e9s de grosses t\u00eates et d\u2019artistes venant du monde entier dans une ambiance festive et populaire, savamment sc\u00e9nographi\u00e9e, pour revisiter l\u2019histoire de la mode, vous faire rire, sourire mais aussi r\u00e9fl\u00e9chir sur la mode et ses dessous. Car si la mode lance des tendances et bouleverse les codes comme les comportements, elle a aussi un r\u00f4le \u00e9thique et responsable \u00e0 jouer.<\/p>\r\n<!-- \/wp:paragraph -->\r\n\r\n<!-- wp:paragraph -->\r\n<p>Les mercredis et samedis apr\u00e8s-midi, venez d\u00e9couvrir l\u2019autre temps du fort du Carnaval\u00a0: les Batailles de Fleurs o\u00f9 le th\u00e8me sera d\u00e9clin\u00e9 sur des chars orn\u00e9s de fleurs valorisant la production locale (80% des fleurs sont produites dans la r\u00e9gion) et anim\u00e9s par des com\u00e9diennes qui porteront des costumes sp\u00e9cialement con\u00e7us pour la manifestation. Un d\u00e9fil\u00e9 unique au monde o\u00f9 des milliers de fleurs seront distribu\u00e9es.<\/p>\r\n<!-- \/wp:paragraph -->\r\n\r\n<!-- wp:paragraph -->\r\n<p>Et n\u2019oubliez pas, grands et petits, d\u00e9guisez de la t\u00eate aux pieds, les corsi seront gratuits\u00a0!<\/p>\r\n<!-- \/wp:paragraph -->\r\n\r\n<!-- wp:paragraph -->\r\n<p><strong>Alors venez prendre part \u00e0 la f\u00eate du 13 au 27 f\u00e9vrier 2021 \u00e0 Nice.<\/strong><\/p>\r\n<!-- \/wp:paragraph -->","_et_gb_content_width":"1150","inline_featured_image":false,"footnotes":""},"categories":[36,38,35],"tags":[],"class_list":["post-5998","post","type-post","status-publish","format-standard","has-post-thumbnail","hentry","category-actualites-en","category-evenements-en","category-news-en-2022"],"yoast_head":"<!-- This site is optimized with the Yoast SEO plugin v27.5 - https:\/\/yoast.com\/product\/yoast-seo-wordpress\/ -->\n<title>This summer, the Hotel West End offers you a festive program in the heart of the C\u00f4te d&#039;Azur ! -<\/title>\n<meta name=\"description\" content=\"Summer is kicking off at the Hotel West End with the opening of a brand new terrace on the Promenade des Anglais in Nice.\" \/>\n<meta name=\"robots\" content=\"index, follow, max-snippet:-1, max-image-preview:large, max-video-preview:-1\" \/>\n<link rel=\"canonical\" href=\"https:\/\/www.hotel-westend.com\/en\/2023\/07\/05\/ete-programme-aperitif-hotel-west-end-nice\/\" \/>\n<meta property=\"og:locale\" content=\"en_US\" \/>\n<meta property=\"og:type\" content=\"article\" \/>\n<meta property=\"og:title\" content=\"This summer, the Hotel West End offers you a festive program in the heart of the C\u00f4te d&#039;Azur ! -\" \/>\n<meta property=\"og:description\" content=\"Summer is kicking off at the Hotel West End with the opening of a brand new terrace on the Promenade des Anglais in Nice.\" \/>\n<meta property=\"og:url\" content=\"https:\/\/www.hotel-westend.com\/en\/2023\/07\/05\/ete-programme-aperitif-hotel-west-end-nice\/\" \/>\n<meta property=\"og:site_name\" content=\"Hotel Westend Nice\" \/>\n<meta property=\"article:published_time\" content=\"2023-07-05T11:23:22+00:00\" \/>\n<meta property=\"article:modified_time\" content=\"2023-07-07T12:03:57+00:00\" \/>\n<meta property=\"og:image\" content=\"https:\/\/www.hotel-westend.com\/wp-content\/uploads\/2023\/07\/Terrasse-ete-hotel-west-end-nice-promenade-des-anglais-cote-dazur-aperitif-musique-live-dj-chanteurs-1024x664.png\" \/>\n\t<meta property=\"og:image:width\" content=\"1024\" \/>\n\t<meta property=\"og:image:height\" content=\"664\" \/>\n\t<meta property=\"og:image:type\" content=\"image\/png\" \/>\n<meta name=\"author\" content=\"AgenceAZ\" \/>\n<meta name=\"twitter:card\" content=\"summary_large_image\" \/>\n<meta name=\"twitter:label1\" content=\"Written by\" \/>\n\t<meta name=\"twitter:data1\" content=\"AgenceAZ\" \/>\n\t<meta name=\"twitter:label2\" content=\"Est. reading time\" \/>\n\t<meta name=\"twitter:data2\" content=\"2 minutes\" \/>\n<script type=\"application\/ld+json\" class=\"yoast-schema-graph\">{\"@context\":\"https:\\\/\\\/schema.org\",\"@graph\":[{\"@type\":\"Article\",\"@id\":\"https:\\\/\\\/www.hotel-westend.com\\\/en\\\/2023\\\/07\\\/05\\\/ete-programme-aperitif-hotel-west-end-nice\\\/#article\",\"isPartOf\":{\"@id\":\"https:\\\/\\\/www.hotel-westend.com\\\/en\\\/2023\\\/07\\\/05\\\/ete-programme-aperitif-hotel-west-end-nice\\\/\"},\"author\":{\"name\":\"AgenceAZ\",\"@id\":\"https:\\\/\\\/www.hotel-westend.com\\\/#\\\/schema\\\/person\\\/c3ec475886346e12750f94aa1d3d9458\"},\"headline\":\"This summer, the Hotel West End offers you a festive program in the heart of the C\u00f4te d&#8217;Azur !\",\"datePublished\":\"2023-07-05T11:23:22+00:00\",\"dateModified\":\"2023-07-07T12:03:57+00:00\",\"mainEntityOfPage\":{\"@id\":\"https:\\\/\\\/www.hotel-westend.com\\\/en\\\/2023\\\/07\\\/05\\\/ete-programme-aperitif-hotel-west-end-nice\\\/\"},\"wordCount\":502,\"commentCount\":0,\"image\":{\"@id\":\"https:\\\/\\\/www.hotel-westend.com\\\/en\\\/2023\\\/07\\\/05\\\/ete-programme-aperitif-hotel-west-end-nice\\\/#primaryimage\"},\"thumbnailUrl\":\"https:\\\/\\\/www.hotel-westend.com\\\/wp-content\\\/uploads\\\/2023\\\/07\\\/Terrasse-ete-hotel-west-end-nice-promenade-des-anglais-cote-dazur-aperitif-musique-live-dj-chanteurs.png\",\"articleSection\":[\"Actualit\u00e9s\",\"Ev\u00e9nements\",\"News-EN-2022\"],\"inLanguage\":\"en-US\"},{\"@type\":\"WebPage\",\"@id\":\"https:\\\/\\\/www.hotel-westend.com\\\/en\\\/2023\\\/07\\\/05\\\/ete-programme-aperitif-hotel-west-end-nice\\\/\",\"url\":\"https:\\\/\\\/www.hotel-westend.com\\\/en\\\/2023\\\/07\\\/05\\\/ete-programme-aperitif-hotel-west-end-nice\\\/\",\"name\":\"This summer, the Hotel West End offers you a festive program in the heart of the C\u00f4te d'Azur ! -\",\"isPartOf\":{\"@id\":\"https:\\\/\\\/www.hotel-westend.com\\\/#website\"},\"primaryImageOfPage\":{\"@id\":\"https:\\\/\\\/www.hotel-westend.com\\\/en\\\/2023\\\/07\\\/05\\\/ete-programme-aperitif-hotel-west-end-nice\\\/#primaryimage\"},\"image\":{\"@id\":\"https:\\\/\\\/www.hotel-westend.com\\\/en\\\/2023\\\/07\\\/05\\\/ete-programme-aperitif-hotel-west-end-nice\\\/#primaryimage\"},\"thumbnailUrl\":\"https:\\\/\\\/www.hotel-westend.com\\\/wp-content\\\/uploads\\\/2023\\\/07\\\/Terrasse-ete-hotel-west-end-nice-promenade-des-anglais-cote-dazur-aperitif-musique-live-dj-chanteurs.png\",\"datePublished\":\"2023-07-05T11:23:22+00:00\",\"dateModified\":\"2023-07-07T12:03:57+00:00\",\"author\":{\"@id\":\"https:\\\/\\\/www.hotel-westend.com\\\/#\\\/schema\\\/person\\\/c3ec475886346e12750f94aa1d3d9458\"},\"description\":\"Summer is kicking off at the Hotel West End with the opening of a brand new terrace on the Promenade des Anglais in Nice.\",\"breadcrumb\":{\"@id\":\"https:\\\/\\\/www.hotel-westend.com\\\/en\\\/2023\\\/07\\\/05\\\/ete-programme-aperitif-hotel-west-end-nice\\\/#breadcrumb\"},\"inLanguage\":\"en-US\",\"potentialAction\":[{\"@type\":\"ReadAction\",\"target\":[\"https:\\\/\\\/www.hotel-westend.com\\\/en\\\/2023\\\/07\\\/05\\\/ete-programme-aperitif-hotel-west-end-nice\\\/\"]}]},{\"@type\":\"ImageObject\",\"inLanguage\":\"en-US\",\"@id\":\"https:\\\/\\\/www.hotel-westend.com\\\/en\\\/2023\\\/07\\\/05\\\/ete-programme-aperitif-hotel-west-end-nice\\\/#primaryimage\",\"url\":\"https:\\\/\\\/www.hotel-westend.com\\\/wp-content\\\/uploads\\\/2023\\\/07\\\/Terrasse-ete-hotel-west-end-nice-promenade-des-anglais-cote-dazur-aperitif-musique-live-dj-chanteurs.png\",\"contentUrl\":\"https:\\\/\\\/www.hotel-westend.com\\\/wp-content\\\/uploads\\\/2023\\\/07\\\/Terrasse-ete-hotel-west-end-nice-promenade-des-anglais-cote-dazur-aperitif-musique-live-dj-chanteurs.png\",\"width\":2041,\"height\":1323},{\"@type\":\"BreadcrumbList\",\"@id\":\"https:\\\/\\\/www.hotel-westend.com\\\/en\\\/2023\\\/07\\\/05\\\/ete-programme-aperitif-hotel-west-end-nice\\\/#breadcrumb\",\"itemListElement\":[{\"@type\":\"ListItem\",\"position\":1,\"name\":\"Accueil\",\"item\":\"https:\\\/\\\/www.hotel-westend.com\\\/en\\\/\"},{\"@type\":\"ListItem\",\"position\":2,\"name\":\"This summer, the Hotel West End offers you a festive program in the heart of the C\u00f4te d&#8217;Azur !\"}]},{\"@type\":\"WebSite\",\"@id\":\"https:\\\/\\\/www.hotel-westend.com\\\/#website\",\"url\":\"https:\\\/\\\/www.hotel-westend.com\\\/\",\"name\":\"Hotel Westend Nice\",\"description\":\"Hotel 4 Etoiles Nice - Promenade Anglais | OFFICIEL \",\"potentialAction\":[{\"@type\":\"SearchAction\",\"target\":{\"@type\":\"EntryPoint\",\"urlTemplate\":\"https:\\\/\\\/www.hotel-westend.com\\\/?s={search_term_string}\"},\"query-input\":{\"@type\":\"PropertyValueSpecification\",\"valueRequired\":true,\"valueName\":\"search_term_string\"}}],\"inLanguage\":\"en-US\"},{\"@type\":\"Person\",\"@id\":\"https:\\\/\\\/www.hotel-westend.com\\\/#\\\/schema\\\/person\\\/c3ec475886346e12750f94aa1d3d9458\",\"name\":\"AgenceAZ\",\"url\":\"https:\\\/\\\/www.hotel-westend.com\\\/en\\\/author\\\/agenceaz\\\/\"}]}<\/script>\n<!-- \/ Yoast SEO plugin. -->","yoast_head_json":{"title":"This summer, the Hotel West End offers you a festive program in the heart of the C\u00f4te d'Azur ! -","description":"Summer is kicking off at the Hotel West End with the opening of a brand new terrace on the Promenade des Anglais in Nice.","robots":{"index":"index","follow":"follow","max-snippet":"max-snippet:-1","max-image-preview":"max-image-preview:large","max-video-preview":"max-video-preview:-1"},"canonical":"https:\/\/www.hotel-westend.com\/en\/2023\/07\/05\/ete-programme-aperitif-hotel-west-end-nice\/","og_locale":"en_US","og_type":"article","og_title":"This summer, the Hotel West End offers you a festive program in the heart of the C\u00f4te d'Azur ! -","og_description":"Summer is kicking off at the Hotel West End with the opening of a brand new terrace on the Promenade des Anglais in Nice.","og_url":"https:\/\/www.hotel-westend.com\/en\/2023\/07\/05\/ete-programme-aperitif-hotel-west-end-nice\/","og_site_name":"Hotel Westend Nice","article_published_time":"2023-07-05T11:23:22+00:00","article_modified_time":"2023-07-07T12:03:57+00:00","og_image":[{"width":1024,"height":664,"url":"https:\/\/www.hotel-westend.com\/wp-content\/uploads\/2023\/07\/Terrasse-ete-hotel-west-end-nice-promenade-des-anglais-cote-dazur-aperitif-musique-live-dj-chanteurs-1024x664.png","type":"image\/png"}],"author":"AgenceAZ","twitter_card":"summary_large_image","twitter_misc":{"Written by":"AgenceAZ","Est. reading time":"2 minutes"},"schema":{"@context":"https:\/\/schema.org","@graph":[{"@type":"Article","@id":"https:\/\/www.hotel-westend.com\/en\/2023\/07\/05\/ete-programme-aperitif-hotel-west-end-nice\/#article","isPartOf":{"@id":"https:\/\/www.hotel-westend.com\/en\/2023\/07\/05\/ete-programme-aperitif-hotel-west-end-nice\/"},"author":{"name":"AgenceAZ","@id":"https:\/\/www.hotel-westend.com\/#\/schema\/person\/c3ec475886346e12750f94aa1d3d9458"},"headline":"This summer, the Hotel West End offers you a festive program in the heart of the C\u00f4te d&#8217;Azur !","datePublished":"2023-07-05T11:23:22+00:00","dateModified":"2023-07-07T12:03:57+00:00","mainEntityOfPage":{"@id":"https:\/\/www.hotel-westend.com\/en\/2023\/07\/05\/ete-programme-aperitif-hotel-west-end-nice\/"},"wordCount":502,"commentCount":0,"image":{"@id":"https:\/\/www.hotel-westend.com\/en\/2023\/07\/05\/ete-programme-aperitif-hotel-west-end-nice\/#primaryimage"},"thumbnailUrl":"https:\/\/www.hotel-westend.com\/wp-content\/uploads\/2023\/07\/Terrasse-ete-hotel-west-end-nice-promenade-des-anglais-cote-dazur-aperitif-musique-live-dj-chanteurs.png","articleSection":["Actualit\u00e9s","Ev\u00e9nements","News-EN-2022"],"inLanguage":"en-US"},{"@type":"WebPage","@id":"https:\/\/www.hotel-westend.com\/en\/2023\/07\/05\/ete-programme-aperitif-hotel-west-end-nice\/","url":"https:\/\/www.hotel-westend.com\/en\/2023\/07\/05\/ete-programme-aperitif-hotel-west-end-nice\/","name":"This summer, the Hotel West End offers you a festive program in the heart of the C\u00f4te d'Azur ! -","isPartOf":{"@id":"https:\/\/www.hotel-westend.com\/#website"},"primaryImageOfPage":{"@id":"https:\/\/www.hotel-westend.com\/en\/2023\/07\/05\/ete-programme-aperitif-hotel-west-end-nice\/#primaryimage"},"image":{"@id":"https:\/\/www.hotel-westend.com\/en\/2023\/07\/05\/ete-programme-aperitif-hotel-west-end-nice\/#primaryimage"},"thumbnailUrl":"https:\/\/www.hotel-westend.com\/wp-content\/uploads\/2023\/07\/Terrasse-ete-hotel-west-end-nice-promenade-des-anglais-cote-dazur-aperitif-musique-live-dj-chanteurs.png","datePublished":"2023-07-05T11:23:22+00:00","dateModified":"2023-07-07T12:03:57+00:00","author":{"@id":"https:\/\/www.hotel-westend.com\/#\/schema\/person\/c3ec475886346e12750f94aa1d3d9458"},"description":"Summer is kicking off at the Hotel West End with the opening of a brand new terrace on the Promenade des Anglais in Nice.","breadcrumb":{"@id":"https:\/\/www.hotel-westend.com\/en\/2023\/07\/05\/ete-programme-aperitif-hotel-west-end-nice\/#breadcrumb"},"inLanguage":"en-US","potentialAction":[{"@type":"ReadAction","target":["https:\/\/www.hotel-westend.com\/en\/2023\/07\/05\/ete-programme-aperitif-hotel-west-end-nice\/"]}]},{"@type":"ImageObject","inLanguage":"en-US","@id":"https:\/\/www.hotel-westend.com\/en\/2023\/07\/05\/ete-programme-aperitif-hotel-west-end-nice\/#primaryimage","url":"https:\/\/www.hotel-westend.com\/wp-content\/uploads\/2023\/07\/Terrasse-ete-hotel-west-end-nice-promenade-des-anglais-cote-dazur-aperitif-musique-live-dj-chanteurs.png","contentUrl":"https:\/\/www.hotel-westend.com\/wp-content\/uploads\/2023\/07\/Terrasse-ete-hotel-west-end-nice-promenade-des-anglais-cote-dazur-aperitif-musique-live-dj-chanteurs.png","width":2041,"height":1323},{"@type":"BreadcrumbList","@id":"https:\/\/www.hotel-westend.com\/en\/2023\/07\/05\/ete-programme-aperitif-hotel-west-end-nice\/#breadcrumb","itemListElement":[{"@type":"ListItem","position":1,"name":"Accueil","item":"https:\/\/www.hotel-westend.com\/en\/"},{"@type":"ListItem","position":2,"name":"This summer, the Hotel West End offers you a festive program in the heart of the C\u00f4te d&#8217;Azur !"}]},{"@type":"WebSite","@id":"https:\/\/www.hotel-westend.com\/#website","url":"https:\/\/www.hotel-westend.com\/","name":"Hotel Westend Nice","description":"Hotel 4 Etoiles Nice - Promenade Anglais | OFFICIEL ","potentialAction":[{"@type":"SearchAction","target":{"@type":"EntryPoint","urlTemplate":"https:\/\/www.hotel-westend.com\/?s={search_term_string}"},"query-input":{"@type":"PropertyValueSpecification","valueRequired":true,"valueName":"search_term_string"}}],"inLanguage":"en-US"},{"@type":"Person","@id":"https:\/\/www.hotel-westend.com\/#\/schema\/person\/c3ec475886346e12750f94aa1d3d9458","name":"AgenceAZ","url":"https:\/\/www.hotel-westend.com\/en\/author\/agenceaz\/"}]}},"_links":{"self":[{"href":"https:\/\/www.hotel-westend.com\/en\/wp-json\/wp\/v2\/posts\/5998","targetHints":{"allow":["GET"]}}],"collection":[{"href":"https:\/\/www.hotel-westend.com\/en\/wp-json\/wp\/v2\/posts"}],"about":[{"href":"https:\/\/www.hotel-westend.com\/en\/wp-json\/wp\/v2\/types\/post"}],"author":[{"embeddable":true,"href":"https:\/\/www.hotel-westend.com\/en\/wp-json\/wp\/v2\/users\/7"}],"replies":[{"embeddable":true,"href":"https:\/\/www.hotel-westend.com\/en\/wp-json\/wp\/v2\/comments?post=5998"}],"version-history":[{"count":4,"href":"https:\/\/www.hotel-westend.com\/en\/wp-json\/wp\/v2\/posts\/5998\/revisions"}],"predecessor-version":[{"id":6004,"href":"https:\/\/www.hotel-westend.com\/en\/wp-json\/wp\/v2\/posts\/5998\/revisions\/6004"}],"wp:featuredmedia":[{"embeddable":true,"href":"https:\/\/www.hotel-westend.com\/en\/wp-json\/wp\/v2\/media\/5992"}],"wp:attachment":[{"href":"https:\/\/www.hotel-westend.com\/en\/wp-json\/wp\/v2\/media?parent=5998"}],"wp:term":[{"taxonomy":"category","embeddable":true,"href":"https:\/\/www.hotel-westend.com\/en\/wp-json\/wp\/v2\/categories?post=5998"},{"taxonomy":"post_tag","embeddable":true,"href":"https:\/\/www.hotel-westend.com\/en\/wp-json\/wp\/v2\/tags?post=5998"}],"curies":[{"name":"wp","href":"https:\/\/api.w.org\/{rel}","templated":true}]}}