{"id":6190,"date":"2023-09-06T16:25:03","date_gmt":"2023-09-06T14:25:03","guid":{"rendered":"https:\/\/www.hotel-westend.com\/2023\/09\/06\/restaurant-le-siecle-a-nice\/"},"modified":"2023-09-13T08:52:22","modified_gmt":"2023-09-13T06:52:22","slug":"restaurant-le-siecle-a-nice","status":"publish","type":"post","link":"https:\/\/www.hotel-westend.com\/en\/2023\/09\/06\/restaurant-le-siecle-a-nice\/","title":{"rendered":"All the flavors of the Mediterranean on your plate at Le Si\u00e8cle restaurant in Nice!"},"content":{"rendered":"<p>[et_pb_section fb_built=&#8221;1&#8243; admin_label=&#8221;section&#8221; _builder_version=&#8221;4.16&#8243; min_height=&#8221;629.4px&#8221; custom_padding=&#8221;||0px|||&#8221; global_colors_info=&#8221;{}&#8221;][et_pb_row admin_label=&#8221;row&#8221; _builder_version=&#8221;4.16&#8243; background_size=&#8221;initial&#8221; background_position=&#8221;top_left&#8221; background_repeat=&#8221;repeat&#8221; custom_padding=&#8221;||0px|||&#8221; global_colors_info=&#8221;{}&#8221;][et_pb_column type=&#8221;4_4&#8243; _builder_version=&#8221;4.16&#8243; custom_padding=&#8221;|||&#8221; global_colors_info=&#8221;{}&#8221; custom_padding__hover=&#8221;|||&#8221;][et_pb_text module_class=&#8221;tiretsInverse&#8221; _builder_version=&#8221;4.22.1&#8243; _module_preset=&#8221;default&#8221; header_2_font=&#8221;Gilda Display||||||||&#8221; header_2_text_color=&#8221;#9b8760&#8243; header_2_font_size=&#8221;58px&#8221; width=&#8221;100%&#8221; custom_margin=&#8221;|||0px|false|false&#8221; custom_padding=&#8221;|||0px||&#8221; hover_enabled=&#8221;0&#8243; locked=&#8221;off&#8221; global_colors_info=&#8221;{}&#8221; sticky_enabled=&#8221;0&#8243;]<\/p>\n<h2 id=\"tw-target-text\" class=\"tw-data-text tw-text-large tw-ta\" dir=\"ltr\" data-placeholder=\"Traduction\"><span class=\"Y2IQFc\" lang=\"en\">All the flavors of the Mediterranean on your plate at Le Si\u00e8cle restaurant in Nice!<\/span><\/h2>\n<p>[\/et_pb_text][et_pb_image src=&#8221;https:\/\/www.hotel-westend.com\/wp-content\/uploads\/2023\/09\/Recette-Chef-Cyril-Breteau-Restaurant-Hotel-West-End-Nice-Promenade-des-Anglais-Cote-d-Azur.png&#8221; alt=&#8221;IRONMAN&#8221; title_text=&#8221;Recette Chef Cyril Breteau Restaurant Hotel West End Nice Promenade des Anglais Cote d Azur&#8221; align=&#8221;center&#8221; _builder_version=&#8221;4.22.1&#8243; _module_preset=&#8221;default&#8221; width=&#8221;58%&#8221; max_width=&#8221;71%&#8221; min_height=&#8221;100px&#8221; height=&#8221;378px&#8221; custom_margin=&#8221;||0px||false|false&#8221; global_colors_info=&#8221;{}&#8221;][\/et_pb_image][et_pb_text admin_label=&#8221;Text&#8221; _builder_version=&#8221;4.22.1&#8243; background_size=&#8221;initial&#8221; background_position=&#8221;top_left&#8221; background_repeat=&#8221;repeat&#8221; hover_enabled=&#8221;0&#8243; global_colors_info=&#8221;{}&#8221; sticky_enabled=&#8221;0&#8243;]<\/p>\n<p>&nbsp;<\/p>\n<p>Discover the sunny flavors of the Mediterranean with the creations of <a href=\"https:\/\/www.hotel-westend.com\/en\/2023\/06\/28\/cyril-breteau-festival-gastronomique-jacques-chibois\/\">chef Cyril Breteau <\/a><span class=\"Y2IQFc\" lang=\"en\">at the Le Si\u00e8cle restaurant at the West End hotel. Today, he reveals an exquisite recipe that combines freshness, lightness and subtlety for an unforgettable taste journey. Holidaymakers and residents of Nice are invited to come and taste the lisettes en Escab\u00e8che with orange and basil, a Riviera dish that is sure to amaze their taste buds. <\/span><\/p>\n<p><span class=\"Y2IQFc\" lang=\"en\">In addition to being a culinary journey, it is also a true local specialty experience.<\/span><\/p>\n<p>[\/et_pb_text][\/et_pb_column][\/et_pb_row][et_pb_row admin_label=&#8221;row&#8221; _builder_version=&#8221;4.16&#8243; background_size=&#8221;initial&#8221; background_position=&#8221;top_left&#8221; background_repeat=&#8221;repeat&#8221; custom_padding=&#8221;||0px|||&#8221; global_colors_info=&#8221;{}&#8221;][et_pb_column type=&#8221;4_4&#8243; _builder_version=&#8221;4.16&#8243; custom_padding=&#8221;|||&#8221; global_colors_info=&#8221;{}&#8221; custom_padding__hover=&#8221;|||&#8221;][et_pb_text module_class=&#8221;tiretsInverse&#8221; _builder_version=&#8221;4.22.1&#8243; _module_preset=&#8221;default&#8221; header_2_font=&#8221;Gilda Display||||||||&#8221; header_2_text_color=&#8221;#9b8760&#8243; header_2_font_size=&#8221;58px&#8221; width=&#8221;100%&#8221; custom_margin=&#8221;|||0px|false|false&#8221; custom_padding=&#8221;|||0px||&#8221; hover_enabled=&#8221;0&#8243; locked=&#8221;off&#8221; global_colors_info=&#8221;{}&#8221; sticky_enabled=&#8221;0&#8243;]<\/p>\n<h2 id=\"tw-target-text\" class=\"tw-data-text tw-text-large tw-ta\" dir=\"ltr\" data-placeholder=\"Traduction\"><span class=\"Y2IQFc\" lang=\"en\">Recipe for Lisettes en Escab\u00e8che with orange and basil, at the restaurant Le Si\u00e8cle in Nice<\/span><\/h2>\n<p>[\/et_pb_text][et_pb_text admin_label=&#8221;Text&#8221; _builder_version=&#8221;4.22.1&#8243; background_size=&#8221;initial&#8221; background_position=&#8221;top_left&#8221; background_repeat=&#8221;repeat&#8221; hover_enabled=&#8221;0&#8243; global_colors_info=&#8221;{}&#8221; sticky_enabled=&#8221;0&#8243;]<\/p>\n<p id=\"tw-target-text\" class=\"tw-data-text tw-text-large tw-ta\" dir=\"ltr\" data-placeholder=\"Traduction\"><span class=\"Y2IQFc\" lang=\"en\">Discover the recipe for Lisettes en Escabeche with orange and basil for 4 people. Before starting this recipe you will need: <\/span><\/p>\n<ul>\n<li class=\"tw-data-text tw-text-large tw-ta\" dir=\"ltr\" data-placeholder=\"Traduction\"><span class=\"Y2IQFc\" lang=\"en\">2 white onions <\/span><\/li>\n<li class=\"tw-data-text tw-text-large tw-ta\" dir=\"ltr\" data-placeholder=\"Traduction\"><span class=\"Y2IQFc\" lang=\"en\">4 carrots <\/span><\/li>\n<li class=\"tw-data-text tw-text-large tw-ta\" dir=\"ltr\" data-placeholder=\"Traduction\"><span class=\"Y2IQFc\" lang=\"en\">Juice of 8 oranges <\/span><\/li>\n<li class=\"tw-data-text tw-text-large tw-ta\" dir=\"ltr\" data-placeholder=\"Traduction\"><span class=\"Y2IQFc\" lang=\"en\">2 cloves garlic <\/span><\/li>\n<li class=\"tw-data-text tw-text-large tw-ta\" dir=\"ltr\" data-placeholder=\"Traduction\"><span class=\"Y2IQFc\" lang=\"en\">A sprig of thyme<\/span><\/li>\n<li class=\"tw-data-text tw-text-large tw-ta\" dir=\"ltr\" data-placeholder=\"Traduction\"><span class=\"Y2IQFc\" lang=\"en\">10 cl of olive oil <\/span><\/li>\n<li class=\"tw-data-text tw-text-large tw-ta\" dir=\"ltr\" data-placeholder=\"Traduction\"><span class=\"Y2IQFc\" lang=\"en\">1 bunch of basil <\/span><\/li>\n<li class=\"tw-data-text tw-text-large tw-ta\" dir=\"ltr\" data-placeholder=\"Traduction\"><span class=\"Y2IQFc\" lang=\"en\">200 g of arugula <\/span><\/li>\n<li class=\"tw-data-text tw-text-large tw-ta\" dir=\"ltr\" data-placeholder=\"Traduction\"><span class=\"Y2IQFc\" lang=\"en\">4 mackerel <\/span><\/li>\n<\/ul>\n<p><span class=\"Y2IQFc\" lang=\"en\">Start by peeling and cutting the onions in half to finely slice them, then set them aside. Next, peel and core the carrots, cut them in half and also slice them, then set aside. <\/span><\/p>\n<p><span class=\"Y2IQFc\" lang=\"en\">Now let&#8217;s move on to the mackerel. Fillet them and make sure to remove the bones. Your mackerels are ready to be cooked.<\/span><\/p>\n<p><span class=\"Y2IQFc\" lang=\"en\">In a saucepan, sweat the carrots and onions in olive oil. Then add the crushed garlic and the sprig of thyme to enhance the aromas. Deglaze everything by pouring in the orange juice until it reaches the height of the vegetables. Once the carrots and onions are cooked through, add two sprigs of basil for an extra touch of flavoring. Don&#8217;t forget to adjust the seasoning according to your preferences. <\/span><\/p>\n<p><span class=\"Y2IQFc\" lang=\"en\">To perfect this dish, delicately place the mackerel fillets in the pan. Remove from the heat so that the mackerel will cook slowly. <\/span><\/p>\n<p><span class=\"Y2IQFc\" lang=\"en\">To serve, place a bed of arugula salad on your plates, then arrange the cooked vegetables and mackerel fillets on top. <\/span><\/p>\n<p><span class=\"Y2IQFc\" lang=\"en\">You are now ready to taste the lisettes en escab\u00e8che with orange and basil from chef Cyril Breteau. Enjoy your food !<\/span><\/p>\n<p>[\/et_pb_text][\/et_pb_column][\/et_pb_row][\/et_pb_section]<\/p>\n","protected":false},"excerpt":{"rendered":"<p>Recipe for lisettes en escab\u00e8che<\/p>\n","protected":false},"author":7,"featured_media":6159,"comment_status":"open","ping_status":"open","sticky":false,"template":"","format":"standard","meta":{"_et_pb_use_builder":"on","_et_pb_old_content":"<!-- wp:paragraph -->\r\n<p>Du 13 au 27 f\u00e9vrier 2021, Nice deviendra la Capitale mondiale de la mode avec la 137e \u00e9dition du Carnaval sur le th\u00e8me \u00ab Roi des animaux \u00bb. Venez admirer le Roi, la Reine et leurs sujets et participer aux extravagants d\u00e9fil\u00e9s de chars, de grosses t\u00eates et aux \u00e9l\u00e9gantes Batailles de Fleurs.<\/p>\r\n<!-- \/wp:paragraph -->\r\n\r\n<!-- wp:paragraph -->\r\n<p>Pendant 15 jours, le Carnaval de Nice, avec ses deux manifestations\u00a0: les Corsi carnavalesques (de jour ou de nuit) et les Batailles de fleurs, imposera son style et vous offrira un spectacle burlesque, magique et initiatique d\u00e9di\u00e9 \u00e0 la mode sous toutes ses coutures.<\/p>\r\n<!-- \/wp:paragraph -->\r\n\r\n<!-- wp:paragraph -->\r\n<p>Les chars cr\u00e9\u00e9s sur le th\u00e8me d\u00e9fileront lors des Corsi carnavalesques (mardis, samedis et dimanche), accompagn\u00e9s de grosses t\u00eates et d\u2019artistes venant du monde entier dans une ambiance festive et populaire, savamment sc\u00e9nographi\u00e9e, pour revisiter l\u2019histoire de la mode, vous faire rire, sourire mais aussi r\u00e9fl\u00e9chir sur la mode et ses dessous. Car si la mode lance des tendances et bouleverse les codes comme les comportements, elle a aussi un r\u00f4le \u00e9thique et responsable \u00e0 jouer.<\/p>\r\n<!-- \/wp:paragraph -->\r\n\r\n<!-- wp:paragraph -->\r\n<p>Les mercredis et samedis apr\u00e8s-midi, venez d\u00e9couvrir l\u2019autre temps du fort du Carnaval\u00a0: les Batailles de Fleurs o\u00f9 le th\u00e8me sera d\u00e9clin\u00e9 sur des chars orn\u00e9s de fleurs valorisant la production locale (80% des fleurs sont produites dans la r\u00e9gion) et anim\u00e9s par des com\u00e9diennes qui porteront des costumes sp\u00e9cialement con\u00e7us pour la manifestation. Un d\u00e9fil\u00e9 unique au monde o\u00f9 des milliers de fleurs seront distribu\u00e9es.<\/p>\r\n<!-- \/wp:paragraph -->\r\n\r\n<!-- wp:paragraph -->\r\n<p>Et n\u2019oubliez pas, grands et petits, d\u00e9guisez de la t\u00eate aux pieds, les corsi seront gratuits\u00a0!<\/p>\r\n<!-- \/wp:paragraph -->\r\n\r\n<!-- wp:paragraph -->\r\n<p><strong>Alors venez prendre part \u00e0 la f\u00eate du 13 au 27 f\u00e9vrier 2021 \u00e0 Nice.<\/strong><\/p>\r\n<!-- \/wp:paragraph -->","_et_gb_content_width":"1150","inline_featured_image":false,"footnotes":""},"categories":[36,37,35],"tags":[],"class_list":["post-6190","post","type-post","status-publish","format-standard","has-post-thumbnail","hentry","category-actualites-en","category-news-en","category-news-en-2022"],"yoast_head":"<!-- This site is optimized with the Yoast SEO plugin v27.4 - https:\/\/yoast.com\/product\/yoast-seo-wordpress\/ -->\n<title>All the flavors of the Mediterranean on your plate at Le Si\u00e8cle restaurant in Nice! -<\/title>\n<meta name=\"description\" content=\"Discover a new recipe from chef Cyril Breteau from the Si\u00e8cle restaurant in Nice, on the Promenade des Anglais\" \/>\n<meta name=\"robots\" content=\"index, follow, max-snippet:-1, max-image-preview:large, max-video-preview:-1\" \/>\n<link rel=\"canonical\" href=\"https:\/\/www.hotel-westend.com\/en\/2023\/09\/06\/restaurant-le-siecle-a-nice\/\" \/>\n<meta property=\"og:locale\" content=\"en_US\" \/>\n<meta property=\"og:type\" content=\"article\" \/>\n<meta property=\"og:title\" content=\"All the flavors of the Mediterranean on your plate at Le Si\u00e8cle restaurant in Nice! -\" \/>\n<meta property=\"og:description\" content=\"Discover a new recipe from chef Cyril Breteau from the Si\u00e8cle restaurant in Nice, on the Promenade des Anglais\" \/>\n<meta property=\"og:url\" content=\"https:\/\/www.hotel-westend.com\/en\/2023\/09\/06\/restaurant-le-siecle-a-nice\/\" \/>\n<meta property=\"og:site_name\" content=\"Hotel Westend Nice\" \/>\n<meta property=\"article:published_time\" content=\"2023-09-06T14:25:03+00:00\" \/>\n<meta property=\"article:modified_time\" content=\"2023-09-13T06:52:22+00:00\" \/>\n<meta property=\"og:image\" content=\"https:\/\/www.hotel-westend.com\/wp-content\/uploads\/2023\/09\/Recette-Chef-Cyril-Breteau-Restaurant-Hotel-West-End-Nice-Promenade-des-Anglais-Cote-d-Azur-1024x664.png\" \/>\n\t<meta property=\"og:image:width\" content=\"1024\" \/>\n\t<meta property=\"og:image:height\" content=\"664\" \/>\n\t<meta property=\"og:image:type\" content=\"image\/png\" \/>\n<meta name=\"author\" content=\"AgenceAZ\" \/>\n<meta name=\"twitter:card\" content=\"summary_large_image\" \/>\n<meta name=\"twitter:label1\" content=\"Written by\" \/>\n\t<meta name=\"twitter:data1\" content=\"AgenceAZ\" \/>\n\t<meta name=\"twitter:label2\" content=\"Est. reading time\" \/>\n\t<meta name=\"twitter:data2\" content=\"3 minutes\" \/>\n<script type=\"application\/ld+json\" class=\"yoast-schema-graph\">{\"@context\":\"https:\\\/\\\/schema.org\",\"@graph\":[{\"@type\":\"Article\",\"@id\":\"https:\\\/\\\/www.hotel-westend.com\\\/en\\\/2023\\\/09\\\/06\\\/restaurant-le-siecle-a-nice\\\/#article\",\"isPartOf\":{\"@id\":\"https:\\\/\\\/www.hotel-westend.com\\\/en\\\/2023\\\/09\\\/06\\\/restaurant-le-siecle-a-nice\\\/\"},\"author\":{\"name\":\"AgenceAZ\",\"@id\":\"https:\\\/\\\/www.hotel-westend.com\\\/#\\\/schema\\\/person\\\/c3ec475886346e12750f94aa1d3d9458\"},\"headline\":\"All the flavors of the Mediterranean on your plate at Le Si\u00e8cle restaurant in Nice!\",\"datePublished\":\"2023-09-06T14:25:03+00:00\",\"dateModified\":\"2023-09-13T06:52:22+00:00\",\"mainEntityOfPage\":{\"@id\":\"https:\\\/\\\/www.hotel-westend.com\\\/en\\\/2023\\\/09\\\/06\\\/restaurant-le-siecle-a-nice\\\/\"},\"wordCount\":686,\"commentCount\":0,\"image\":{\"@id\":\"https:\\\/\\\/www.hotel-westend.com\\\/en\\\/2023\\\/09\\\/06\\\/restaurant-le-siecle-a-nice\\\/#primaryimage\"},\"thumbnailUrl\":\"https:\\\/\\\/www.hotel-westend.com\\\/wp-content\\\/uploads\\\/2023\\\/09\\\/Recette-Chef-Cyril-Breteau-Restaurant-Hotel-West-End-Nice-Promenade-des-Anglais-Cote-d-Azur.png\",\"articleSection\":[\"Actualit\u00e9s\",\"News\",\"News-EN-2022\"],\"inLanguage\":\"en-US\"},{\"@type\":\"WebPage\",\"@id\":\"https:\\\/\\\/www.hotel-westend.com\\\/en\\\/2023\\\/09\\\/06\\\/restaurant-le-siecle-a-nice\\\/\",\"url\":\"https:\\\/\\\/www.hotel-westend.com\\\/en\\\/2023\\\/09\\\/06\\\/restaurant-le-siecle-a-nice\\\/\",\"name\":\"All the flavors of the Mediterranean on your plate at Le Si\u00e8cle restaurant in Nice! -\",\"isPartOf\":{\"@id\":\"https:\\\/\\\/www.hotel-westend.com\\\/#website\"},\"primaryImageOfPage\":{\"@id\":\"https:\\\/\\\/www.hotel-westend.com\\\/en\\\/2023\\\/09\\\/06\\\/restaurant-le-siecle-a-nice\\\/#primaryimage\"},\"image\":{\"@id\":\"https:\\\/\\\/www.hotel-westend.com\\\/en\\\/2023\\\/09\\\/06\\\/restaurant-le-siecle-a-nice\\\/#primaryimage\"},\"thumbnailUrl\":\"https:\\\/\\\/www.hotel-westend.com\\\/wp-content\\\/uploads\\\/2023\\\/09\\\/Recette-Chef-Cyril-Breteau-Restaurant-Hotel-West-End-Nice-Promenade-des-Anglais-Cote-d-Azur.png\",\"datePublished\":\"2023-09-06T14:25:03+00:00\",\"dateModified\":\"2023-09-13T06:52:22+00:00\",\"author\":{\"@id\":\"https:\\\/\\\/www.hotel-westend.com\\\/#\\\/schema\\\/person\\\/c3ec475886346e12750f94aa1d3d9458\"},\"description\":\"Discover a new recipe from chef Cyril Breteau from the Si\u00e8cle restaurant in Nice, on the Promenade des Anglais\",\"breadcrumb\":{\"@id\":\"https:\\\/\\\/www.hotel-westend.com\\\/en\\\/2023\\\/09\\\/06\\\/restaurant-le-siecle-a-nice\\\/#breadcrumb\"},\"inLanguage\":\"en-US\",\"potentialAction\":[{\"@type\":\"ReadAction\",\"target\":[\"https:\\\/\\\/www.hotel-westend.com\\\/en\\\/2023\\\/09\\\/06\\\/restaurant-le-siecle-a-nice\\\/\"]}]},{\"@type\":\"ImageObject\",\"inLanguage\":\"en-US\",\"@id\":\"https:\\\/\\\/www.hotel-westend.com\\\/en\\\/2023\\\/09\\\/06\\\/restaurant-le-siecle-a-nice\\\/#primaryimage\",\"url\":\"https:\\\/\\\/www.hotel-westend.com\\\/wp-content\\\/uploads\\\/2023\\\/09\\\/Recette-Chef-Cyril-Breteau-Restaurant-Hotel-West-End-Nice-Promenade-des-Anglais-Cote-d-Azur.png\",\"contentUrl\":\"https:\\\/\\\/www.hotel-westend.com\\\/wp-content\\\/uploads\\\/2023\\\/09\\\/Recette-Chef-Cyril-Breteau-Restaurant-Hotel-West-End-Nice-Promenade-des-Anglais-Cote-d-Azur.png\",\"width\":2041,\"height\":1323},{\"@type\":\"BreadcrumbList\",\"@id\":\"https:\\\/\\\/www.hotel-westend.com\\\/en\\\/2023\\\/09\\\/06\\\/restaurant-le-siecle-a-nice\\\/#breadcrumb\",\"itemListElement\":[{\"@type\":\"ListItem\",\"position\":1,\"name\":\"Accueil\",\"item\":\"https:\\\/\\\/www.hotel-westend.com\\\/en\\\/\"},{\"@type\":\"ListItem\",\"position\":2,\"name\":\"All the flavors of the Mediterranean on your plate at Le Si\u00e8cle restaurant in Nice!\"}]},{\"@type\":\"WebSite\",\"@id\":\"https:\\\/\\\/www.hotel-westend.com\\\/#website\",\"url\":\"https:\\\/\\\/www.hotel-westend.com\\\/\",\"name\":\"Hotel Westend Nice\",\"description\":\"Hotel 4 Etoiles Nice - Promenade Anglais | OFFICIEL \",\"potentialAction\":[{\"@type\":\"SearchAction\",\"target\":{\"@type\":\"EntryPoint\",\"urlTemplate\":\"https:\\\/\\\/www.hotel-westend.com\\\/?s={search_term_string}\"},\"query-input\":{\"@type\":\"PropertyValueSpecification\",\"valueRequired\":true,\"valueName\":\"search_term_string\"}}],\"inLanguage\":\"en-US\"},{\"@type\":\"Person\",\"@id\":\"https:\\\/\\\/www.hotel-westend.com\\\/#\\\/schema\\\/person\\\/c3ec475886346e12750f94aa1d3d9458\",\"name\":\"AgenceAZ\",\"url\":\"https:\\\/\\\/www.hotel-westend.com\\\/en\\\/author\\\/agenceaz\\\/\"}]}<\/script>\n<!-- \/ Yoast SEO plugin. -->","yoast_head_json":{"title":"All the flavors of the Mediterranean on your plate at Le Si\u00e8cle restaurant in Nice! -","description":"Discover a new recipe from chef Cyril Breteau from the Si\u00e8cle restaurant in Nice, on the Promenade des Anglais","robots":{"index":"index","follow":"follow","max-snippet":"max-snippet:-1","max-image-preview":"max-image-preview:large","max-video-preview":"max-video-preview:-1"},"canonical":"https:\/\/www.hotel-westend.com\/en\/2023\/09\/06\/restaurant-le-siecle-a-nice\/","og_locale":"en_US","og_type":"article","og_title":"All the flavors of the Mediterranean on your plate at Le Si\u00e8cle restaurant in Nice! -","og_description":"Discover a new recipe from chef Cyril Breteau from the Si\u00e8cle restaurant in Nice, on the Promenade des Anglais","og_url":"https:\/\/www.hotel-westend.com\/en\/2023\/09\/06\/restaurant-le-siecle-a-nice\/","og_site_name":"Hotel Westend Nice","article_published_time":"2023-09-06T14:25:03+00:00","article_modified_time":"2023-09-13T06:52:22+00:00","og_image":[{"width":1024,"height":664,"url":"https:\/\/www.hotel-westend.com\/wp-content\/uploads\/2023\/09\/Recette-Chef-Cyril-Breteau-Restaurant-Hotel-West-End-Nice-Promenade-des-Anglais-Cote-d-Azur-1024x664.png","type":"image\/png"}],"author":"AgenceAZ","twitter_card":"summary_large_image","twitter_misc":{"Written by":"AgenceAZ","Est. reading time":"3 minutes"},"schema":{"@context":"https:\/\/schema.org","@graph":[{"@type":"Article","@id":"https:\/\/www.hotel-westend.com\/en\/2023\/09\/06\/restaurant-le-siecle-a-nice\/#article","isPartOf":{"@id":"https:\/\/www.hotel-westend.com\/en\/2023\/09\/06\/restaurant-le-siecle-a-nice\/"},"author":{"name":"AgenceAZ","@id":"https:\/\/www.hotel-westend.com\/#\/schema\/person\/c3ec475886346e12750f94aa1d3d9458"},"headline":"All the flavors of the Mediterranean on your plate at Le Si\u00e8cle restaurant in Nice!","datePublished":"2023-09-06T14:25:03+00:00","dateModified":"2023-09-13T06:52:22+00:00","mainEntityOfPage":{"@id":"https:\/\/www.hotel-westend.com\/en\/2023\/09\/06\/restaurant-le-siecle-a-nice\/"},"wordCount":686,"commentCount":0,"image":{"@id":"https:\/\/www.hotel-westend.com\/en\/2023\/09\/06\/restaurant-le-siecle-a-nice\/#primaryimage"},"thumbnailUrl":"https:\/\/www.hotel-westend.com\/wp-content\/uploads\/2023\/09\/Recette-Chef-Cyril-Breteau-Restaurant-Hotel-West-End-Nice-Promenade-des-Anglais-Cote-d-Azur.png","articleSection":["Actualit\u00e9s","News","News-EN-2022"],"inLanguage":"en-US"},{"@type":"WebPage","@id":"https:\/\/www.hotel-westend.com\/en\/2023\/09\/06\/restaurant-le-siecle-a-nice\/","url":"https:\/\/www.hotel-westend.com\/en\/2023\/09\/06\/restaurant-le-siecle-a-nice\/","name":"All the flavors of the Mediterranean on your plate at Le Si\u00e8cle restaurant in Nice! -","isPartOf":{"@id":"https:\/\/www.hotel-westend.com\/#website"},"primaryImageOfPage":{"@id":"https:\/\/www.hotel-westend.com\/en\/2023\/09\/06\/restaurant-le-siecle-a-nice\/#primaryimage"},"image":{"@id":"https:\/\/www.hotel-westend.com\/en\/2023\/09\/06\/restaurant-le-siecle-a-nice\/#primaryimage"},"thumbnailUrl":"https:\/\/www.hotel-westend.com\/wp-content\/uploads\/2023\/09\/Recette-Chef-Cyril-Breteau-Restaurant-Hotel-West-End-Nice-Promenade-des-Anglais-Cote-d-Azur.png","datePublished":"2023-09-06T14:25:03+00:00","dateModified":"2023-09-13T06:52:22+00:00","author":{"@id":"https:\/\/www.hotel-westend.com\/#\/schema\/person\/c3ec475886346e12750f94aa1d3d9458"},"description":"Discover a new recipe from chef Cyril Breteau from the Si\u00e8cle restaurant in Nice, on the Promenade des Anglais","breadcrumb":{"@id":"https:\/\/www.hotel-westend.com\/en\/2023\/09\/06\/restaurant-le-siecle-a-nice\/#breadcrumb"},"inLanguage":"en-US","potentialAction":[{"@type":"ReadAction","target":["https:\/\/www.hotel-westend.com\/en\/2023\/09\/06\/restaurant-le-siecle-a-nice\/"]}]},{"@type":"ImageObject","inLanguage":"en-US","@id":"https:\/\/www.hotel-westend.com\/en\/2023\/09\/06\/restaurant-le-siecle-a-nice\/#primaryimage","url":"https:\/\/www.hotel-westend.com\/wp-content\/uploads\/2023\/09\/Recette-Chef-Cyril-Breteau-Restaurant-Hotel-West-End-Nice-Promenade-des-Anglais-Cote-d-Azur.png","contentUrl":"https:\/\/www.hotel-westend.com\/wp-content\/uploads\/2023\/09\/Recette-Chef-Cyril-Breteau-Restaurant-Hotel-West-End-Nice-Promenade-des-Anglais-Cote-d-Azur.png","width":2041,"height":1323},{"@type":"BreadcrumbList","@id":"https:\/\/www.hotel-westend.com\/en\/2023\/09\/06\/restaurant-le-siecle-a-nice\/#breadcrumb","itemListElement":[{"@type":"ListItem","position":1,"name":"Accueil","item":"https:\/\/www.hotel-westend.com\/en\/"},{"@type":"ListItem","position":2,"name":"All the flavors of the Mediterranean on your plate at Le Si\u00e8cle restaurant in Nice!"}]},{"@type":"WebSite","@id":"https:\/\/www.hotel-westend.com\/#website","url":"https:\/\/www.hotel-westend.com\/","name":"Hotel Westend Nice","description":"Hotel 4 Etoiles Nice - Promenade Anglais | OFFICIEL ","potentialAction":[{"@type":"SearchAction","target":{"@type":"EntryPoint","urlTemplate":"https:\/\/www.hotel-westend.com\/?s={search_term_string}"},"query-input":{"@type":"PropertyValueSpecification","valueRequired":true,"valueName":"search_term_string"}}],"inLanguage":"en-US"},{"@type":"Person","@id":"https:\/\/www.hotel-westend.com\/#\/schema\/person\/c3ec475886346e12750f94aa1d3d9458","name":"AgenceAZ","url":"https:\/\/www.hotel-westend.com\/en\/author\/agenceaz\/"}]}},"_links":{"self":[{"href":"https:\/\/www.hotel-westend.com\/en\/wp-json\/wp\/v2\/posts\/6190","targetHints":{"allow":["GET"]}}],"collection":[{"href":"https:\/\/www.hotel-westend.com\/en\/wp-json\/wp\/v2\/posts"}],"about":[{"href":"https:\/\/www.hotel-westend.com\/en\/wp-json\/wp\/v2\/types\/post"}],"author":[{"embeddable":true,"href":"https:\/\/www.hotel-westend.com\/en\/wp-json\/wp\/v2\/users\/7"}],"replies":[{"embeddable":true,"href":"https:\/\/www.hotel-westend.com\/en\/wp-json\/wp\/v2\/comments?post=6190"}],"version-history":[{"count":3,"href":"https:\/\/www.hotel-westend.com\/en\/wp-json\/wp\/v2\/posts\/6190\/revisions"}],"predecessor-version":[{"id":6195,"href":"https:\/\/www.hotel-westend.com\/en\/wp-json\/wp\/v2\/posts\/6190\/revisions\/6195"}],"wp:featuredmedia":[{"embeddable":true,"href":"https:\/\/www.hotel-westend.com\/en\/wp-json\/wp\/v2\/media\/6159"}],"wp:attachment":[{"href":"https:\/\/www.hotel-westend.com\/en\/wp-json\/wp\/v2\/media?parent=6190"}],"wp:term":[{"taxonomy":"category","embeddable":true,"href":"https:\/\/www.hotel-westend.com\/en\/wp-json\/wp\/v2\/categories?post=6190"},{"taxonomy":"post_tag","embeddable":true,"href":"https:\/\/www.hotel-westend.com\/en\/wp-json\/wp\/v2\/tags?post=6190"}],"curies":[{"name":"wp","href":"https:\/\/api.w.org\/{rel}","templated":true}]}}