{"id":6472,"date":"2023-10-11T12:21:37","date_gmt":"2023-10-11T10:21:37","guid":{"rendered":"https:\/\/www.hotel-westend.com\/2023\/10\/11\/exposition-robert-doisneau-musee-photo-nice\/"},"modified":"2023-10-11T15:54:38","modified_gmt":"2023-10-11T13:54:38","slug":"exposition-robert-doisneau-musee-photo-nice","status":"publish","type":"post","link":"https:\/\/www.hotel-westend.com\/en\/2023\/10\/11\/exposition-robert-doisneau-musee-photo-nice\/","title":{"rendered":"Exhibition: Robert Doisneau at the Nice Photography Museum"},"content":{"rendered":"<p>[et_pb_section fb_built=&#8221;1&#8243; admin_label=&#8221;section&#8221; _builder_version=&#8221;4.16&#8243; min_height=&#8221;629.4px&#8221; custom_padding=&#8221;||0px|||&#8221; global_colors_info=&#8221;{}&#8221;][et_pb_row admin_label=&#8221;row&#8221; _builder_version=&#8221;4.16&#8243; background_size=&#8221;initial&#8221; background_position=&#8221;top_left&#8221; background_repeat=&#8221;repeat&#8221; custom_padding=&#8221;||0px|||&#8221; global_colors_info=&#8221;{}&#8221;][et_pb_column type=&#8221;4_4&#8243; _builder_version=&#8221;4.16&#8243; custom_padding=&#8221;|||&#8221; global_colors_info=&#8221;{}&#8221; custom_padding__hover=&#8221;|||&#8221;][et_pb_text module_class=&#8221;tiretsInverse&#8221; _builder_version=&#8221;4.22.2&#8243; _module_preset=&#8221;default&#8221; header_2_font=&#8221;Gilda Display||||||||&#8221; header_2_text_color=&#8221;#9b8760&#8243; header_2_font_size=&#8221;58px&#8221; width=&#8221;100%&#8221; custom_margin=&#8221;|||0px|false|false&#8221; custom_padding=&#8221;|||0px||&#8221; hover_enabled=&#8221;0&#8243; locked=&#8221;off&#8221; global_colors_info=&#8221;{}&#8221; sticky_enabled=&#8221;0&#8243;]<\/p>\n<h2 id=\"tw-target-text\" class=\"tw-data-text tw-text-large tw-ta\" dir=\"ltr\" data-placeholder=\"Traduction\" data-ved=\"2ahUKEwj-rNfykO6BAxUEUKQEHWFpDAwQ3ewLegQIBhAQ\"><span class=\"Y2IQFc\" lang=\"en\">Exhibition: Robert Doisneau at the Nice Photography Museum<\/span><\/h2>\n<p>[\/et_pb_text][et_pb_image src=&#8221;https:\/\/www.hotel-westend.com\/wp-content\/uploads\/2023\/10\/Cover_Doisneau.png&#8221; alt=&#8221;Le Baiser de l\u2019H\u00f4tel de ville, Paris, 1950 \u00a9 Atelier Robert Doisneau&#8221; title_text=&#8221;Le Baiser de l\u2019H\u00f4tel de ville, Paris, 1950 \u00a9 Atelier Robert Doisneau&#8221; align=&#8221;center&#8221; _builder_version=&#8221;4.22.2&#8243; _module_preset=&#8221;default&#8221; width=&#8221;58%&#8221; max_width=&#8221;71%&#8221; min_height=&#8221;100px&#8221; height=&#8221;378px&#8221; custom_margin=&#8221;||0px||false|false&#8221; global_colors_info=&#8221;{}&#8221;][\/et_pb_image][et_pb_text admin_label=&#8221;Text&#8221; _builder_version=&#8221;4.22.2&#8243; background_size=&#8221;initial&#8221; background_position=&#8221;top_left&#8221; background_repeat=&#8221;repeat&#8221; hover_enabled=&#8221;0&#8243; global_colors_info=&#8221;{}&#8221; sticky_enabled=&#8221;0&#8243;]<\/p>\n<p>&nbsp;<\/p>\n<p id=\"tw-target-text\" class=\"tw-data-text tw-text-large tw-ta\" dir=\"ltr\" data-placeholder=\"Traduction\" data-ved=\"2ahUKEwj-rNfykO6BAxUEUKQEHWFpDAwQ3ewLegQIBhAQ\"><span class=\"Y2IQFc\" lang=\"en\">During your <a href=\"https:\/\/www.hotel-westend.com\/en\/special-offers\/\">getaway to the West End Hotel<\/a>, don&#8217;t miss the magnificent exhibition dedicated to Robert Doisneau at the Charles N\u00e8gre Photography Museum, located in the heart of Old Nice. Indeed, from October 14, the museum is organizing a retrospective of this photographer&#8230; undoubtedly one of the greatest post-war French photographers. <\/span><\/p>\n<p class=\"tw-data-text tw-text-large tw-ta\" dir=\"ltr\" data-placeholder=\"Traduction\" data-ved=\"2ahUKEwj-rNfykO6BAxUEUKQEHWFpDAwQ3ewLegQIBhAQ\"><span class=\"Y2IQFc\" lang=\"en\">Called \u201cThe Marvelous Everyday Life\u201d, this exhibition, which will run until January 2024, was set up with the Atelier Robert Doisneau located in the Paris region. It presents 110 photographs and can be discovered in 2 stages: Le Merveilleux daily sets out to discover Paris and its suburbs between the 1930s and 1970s through 78 old or vintage prints and 2 large relief montages created by the artist. It is an opportunity to reconnect with the simplicity and beauty of everyday life with now essential works such as the famous Kiss of the Town Hall or Mademoiselle Anita. <\/span><\/p>\n<p class=\"tw-data-text tw-text-large tw-ta\" dir=\"ltr\" data-placeholder=\"Traduction\" data-ved=\"2ahUKEwj-rNfykO6BAxUEUKQEHWFpDAwQ3ewLegQIBhAQ\"><span class=\"Y2IQFc\" lang=\"en\">The exhibition then takes you to Palm Springs 1960. It is a report produced for Fortune magazine on the construction of golf courses in the heart of the Colorado desert. The photographer used color film to bring to life the artificial atmosphere of this oasis for rich and happy American retirees with joyful opulence. <\/span><\/p>\n<p class=\"tw-data-text tw-text-large tw-ta\" dir=\"ltr\" data-placeholder=\"Traduction\" data-ved=\"2ahUKEwj-rNfykO6BAxUEUKQEHWFpDAwQ3ewLegQIBhAQ\"><span class=\"Y2IQFc\" lang=\"en\">Robert Doisneau has left his mark on many generations with his black and white photos. With his ability to capture simple moments of ordinary life, to transform them into extraordinary photos, the photographer offers a unique universe that has marked the collective imagination. <\/span><\/p>\n<p class=\"tw-data-text tw-text-large tw-ta\" dir=\"ltr\" data-placeholder=\"Traduction\" data-ved=\"2ahUKEwj-rNfykO6BAxUEUKQEHWFpDAwQ3ewLegQIBhAQ\"><span class=\"Y2IQFc\" lang=\"en\"><a href=\"https:\/\/hotel-aston.com\/en\/\">The Aston la Scala Hote<\/a>l &#8211; member of <a href=\"https:\/\/hotels3alacollection.com\/?lang=en\">3A H\u00f4tels La Collection<\/a> alongside the West End Hotel &#8211; is a partner of this exhibition which will take you back in time. Not to be missed and to be discovered until January 28, 2024 in this museum which highlights the big names in photography and regional artists. <\/span><\/p>\n<p class=\"tw-data-text tw-text-large tw-ta\" dir=\"ltr\" data-placeholder=\"Traduction\" data-ved=\"2ahUKEwj-rNfykO6BAxUEUKQEHWFpDAwQ3ewLegQIBhAQ\"><span class=\"Y2IQFc\" lang=\"en\">More informations :\u00a0<\/span> <a href=\"http:\/\/www.museephotographie.nice.fr\" target=\"_blank\" rel=\"noopener\">www.museephotographie.nice.fr<\/a><\/p>\n<p>[\/et_pb_text][\/et_pb_column][\/et_pb_row][\/et_pb_section]<\/p>\n","protected":false},"excerpt":{"rendered":"<p>Don&#8217;t miss the exhibition dedicated to Robert Doisneau at the Photography Museum, located in the heart of Old Nice.<\/p>\n","protected":false},"author":7,"featured_media":6459,"comment_status":"open","ping_status":"open","sticky":false,"template":"","format":"standard","meta":{"_et_pb_use_builder":"on","_et_pb_old_content":"<!-- wp:paragraph -->\r\n<p>Du 13 au 27 f\u00e9vrier 2021, Nice deviendra la Capitale mondiale de la mode avec la 137e \u00e9dition du Carnaval sur le th\u00e8me \u00ab Roi des animaux \u00bb. Venez admirer le Roi, la Reine et leurs sujets et participer aux extravagants d\u00e9fil\u00e9s de chars, de grosses t\u00eates et aux \u00e9l\u00e9gantes Batailles de Fleurs.<\/p>\r\n<!-- \/wp:paragraph -->\r\n\r\n<!-- wp:paragraph -->\r\n<p>Pendant 15 jours, le Carnaval de Nice, avec ses deux manifestations\u00a0: les Corsi carnavalesques (de jour ou de nuit) et les Batailles de fleurs, imposera son style et vous offrira un spectacle burlesque, magique et initiatique d\u00e9di\u00e9 \u00e0 la mode sous toutes ses coutures.<\/p>\r\n<!-- \/wp:paragraph -->\r\n\r\n<!-- wp:paragraph -->\r\n<p>Les chars cr\u00e9\u00e9s sur le th\u00e8me d\u00e9fileront lors des Corsi carnavalesques (mardis, samedis et dimanche), accompagn\u00e9s de grosses t\u00eates et d\u2019artistes venant du monde entier dans une ambiance festive et populaire, savamment sc\u00e9nographi\u00e9e, pour revisiter l\u2019histoire de la mode, vous faire rire, sourire mais aussi r\u00e9fl\u00e9chir sur la mode et ses dessous. Car si la mode lance des tendances et bouleverse les codes comme les comportements, elle a aussi un r\u00f4le \u00e9thique et responsable \u00e0 jouer.<\/p>\r\n<!-- \/wp:paragraph -->\r\n\r\n<!-- wp:paragraph -->\r\n<p>Les mercredis et samedis apr\u00e8s-midi, venez d\u00e9couvrir l\u2019autre temps du fort du Carnaval\u00a0: les Batailles de Fleurs o\u00f9 le th\u00e8me sera d\u00e9clin\u00e9 sur des chars orn\u00e9s de fleurs valorisant la production locale (80% des fleurs sont produites dans la r\u00e9gion) et anim\u00e9s par des com\u00e9diennes qui porteront des costumes sp\u00e9cialement con\u00e7us pour la manifestation. Un d\u00e9fil\u00e9 unique au monde o\u00f9 des milliers de fleurs seront distribu\u00e9es.<\/p>\r\n<!-- \/wp:paragraph -->\r\n\r\n<!-- wp:paragraph -->\r\n<p>Et n\u2019oubliez pas, grands et petits, d\u00e9guisez de la t\u00eate aux pieds, les corsi seront gratuits\u00a0!<\/p>\r\n<!-- \/wp:paragraph -->\r\n\r\n<!-- wp:paragraph -->\r\n<p><strong>Alors venez prendre part \u00e0 la f\u00eate du 13 au 27 f\u00e9vrier 2021 \u00e0 Nice.<\/strong><\/p>\r\n<!-- \/wp:paragraph -->","_et_gb_content_width":"1150","inline_featured_image":false,"footnotes":""},"categories":[36,37,35],"tags":[],"class_list":["post-6472","post","type-post","status-publish","format-standard","has-post-thumbnail","hentry","category-actualites-en","category-news-en","category-news-en-2022"],"yoast_head":"<!-- This site is optimized with the Yoast SEO plugin v27.5 - https:\/\/yoast.com\/product\/yoast-seo-wordpress\/ -->\n<title>Exhibition: Robert Doisneau at the Nice Photography Museum -<\/title>\n<meta name=\"description\" content=\"During your stay, don&#039;t miss the exhibition dedicated to Robert Doisneau at the Charles N\u00e8gre Photography Museum...\" \/>\n<meta name=\"robots\" content=\"index, follow, max-snippet:-1, max-image-preview:large, max-video-preview:-1\" \/>\n<link rel=\"canonical\" href=\"https:\/\/www.hotel-westend.com\/en\/2023\/10\/11\/exposition-robert-doisneau-musee-photo-nice\/\" \/>\n<meta property=\"og:locale\" content=\"en_US\" \/>\n<meta property=\"og:type\" content=\"article\" \/>\n<meta property=\"og:title\" content=\"Exhibition: Robert Doisneau at the Nice Photography Museum -\" \/>\n<meta property=\"og:description\" content=\"During your stay, don&#039;t miss the exhibition dedicated to Robert Doisneau at the Charles N\u00e8gre Photography Museum...\" \/>\n<meta property=\"og:url\" content=\"https:\/\/www.hotel-westend.com\/en\/2023\/10\/11\/exposition-robert-doisneau-musee-photo-nice\/\" \/>\n<meta property=\"og:site_name\" content=\"Hotel Westend Nice\" \/>\n<meta property=\"article:published_time\" content=\"2023-10-11T10:21:37+00:00\" \/>\n<meta property=\"article:modified_time\" content=\"2023-10-11T13:54:38+00:00\" \/>\n<meta property=\"og:image\" content=\"https:\/\/www.hotel-westend.com\/wp-content\/uploads\/2023\/10\/Cover_Doisneau.png\" \/>\n\t<meta property=\"og:image:width\" content=\"2041\" \/>\n\t<meta property=\"og:image:height\" content=\"1323\" \/>\n\t<meta property=\"og:image:type\" content=\"image\/png\" \/>\n<meta name=\"author\" content=\"AgenceAZ\" \/>\n<meta name=\"twitter:card\" content=\"summary_large_image\" \/>\n<meta name=\"twitter:label1\" content=\"Written by\" \/>\n\t<meta name=\"twitter:data1\" content=\"AgenceAZ\" \/>\n\t<meta name=\"twitter:label2\" content=\"Est. reading time\" \/>\n\t<meta name=\"twitter:data2\" content=\"3 minutes\" \/>\n<script type=\"application\/ld+json\" class=\"yoast-schema-graph\">{\"@context\":\"https:\\\/\\\/schema.org\",\"@graph\":[{\"@type\":\"Article\",\"@id\":\"https:\\\/\\\/www.hotel-westend.com\\\/en\\\/2023\\\/10\\\/11\\\/exposition-robert-doisneau-musee-photo-nice\\\/#article\",\"isPartOf\":{\"@id\":\"https:\\\/\\\/www.hotel-westend.com\\\/en\\\/2023\\\/10\\\/11\\\/exposition-robert-doisneau-musee-photo-nice\\\/\"},\"author\":{\"name\":\"AgenceAZ\",\"@id\":\"https:\\\/\\\/www.hotel-westend.com\\\/#\\\/schema\\\/person\\\/c3ec475886346e12750f94aa1d3d9458\"},\"headline\":\"Exhibition: Robert Doisneau at the Nice Photography Museum\",\"datePublished\":\"2023-10-11T10:21:37+00:00\",\"dateModified\":\"2023-10-11T13:54:38+00:00\",\"mainEntityOfPage\":{\"@id\":\"https:\\\/\\\/www.hotel-westend.com\\\/en\\\/2023\\\/10\\\/11\\\/exposition-robert-doisneau-musee-photo-nice\\\/\"},\"wordCount\":522,\"commentCount\":0,\"image\":{\"@id\":\"https:\\\/\\\/www.hotel-westend.com\\\/en\\\/2023\\\/10\\\/11\\\/exposition-robert-doisneau-musee-photo-nice\\\/#primaryimage\"},\"thumbnailUrl\":\"https:\\\/\\\/www.hotel-westend.com\\\/wp-content\\\/uploads\\\/2023\\\/10\\\/Cover_Doisneau.png\",\"articleSection\":[\"Actualit\u00e9s\",\"News\",\"News-EN-2022\"],\"inLanguage\":\"en-US\"},{\"@type\":\"WebPage\",\"@id\":\"https:\\\/\\\/www.hotel-westend.com\\\/en\\\/2023\\\/10\\\/11\\\/exposition-robert-doisneau-musee-photo-nice\\\/\",\"url\":\"https:\\\/\\\/www.hotel-westend.com\\\/en\\\/2023\\\/10\\\/11\\\/exposition-robert-doisneau-musee-photo-nice\\\/\",\"name\":\"Exhibition: Robert Doisneau at the Nice Photography Museum -\",\"isPartOf\":{\"@id\":\"https:\\\/\\\/www.hotel-westend.com\\\/#website\"},\"primaryImageOfPage\":{\"@id\":\"https:\\\/\\\/www.hotel-westend.com\\\/en\\\/2023\\\/10\\\/11\\\/exposition-robert-doisneau-musee-photo-nice\\\/#primaryimage\"},\"image\":{\"@id\":\"https:\\\/\\\/www.hotel-westend.com\\\/en\\\/2023\\\/10\\\/11\\\/exposition-robert-doisneau-musee-photo-nice\\\/#primaryimage\"},\"thumbnailUrl\":\"https:\\\/\\\/www.hotel-westend.com\\\/wp-content\\\/uploads\\\/2023\\\/10\\\/Cover_Doisneau.png\",\"datePublished\":\"2023-10-11T10:21:37+00:00\",\"dateModified\":\"2023-10-11T13:54:38+00:00\",\"author\":{\"@id\":\"https:\\\/\\\/www.hotel-westend.com\\\/#\\\/schema\\\/person\\\/c3ec475886346e12750f94aa1d3d9458\"},\"description\":\"During your stay, don't miss the exhibition dedicated to Robert Doisneau at the Charles N\u00e8gre Photography Museum...\",\"breadcrumb\":{\"@id\":\"https:\\\/\\\/www.hotel-westend.com\\\/en\\\/2023\\\/10\\\/11\\\/exposition-robert-doisneau-musee-photo-nice\\\/#breadcrumb\"},\"inLanguage\":\"en-US\",\"potentialAction\":[{\"@type\":\"ReadAction\",\"target\":[\"https:\\\/\\\/www.hotel-westend.com\\\/en\\\/2023\\\/10\\\/11\\\/exposition-robert-doisneau-musee-photo-nice\\\/\"]}]},{\"@type\":\"ImageObject\",\"inLanguage\":\"en-US\",\"@id\":\"https:\\\/\\\/www.hotel-westend.com\\\/en\\\/2023\\\/10\\\/11\\\/exposition-robert-doisneau-musee-photo-nice\\\/#primaryimage\",\"url\":\"https:\\\/\\\/www.hotel-westend.com\\\/wp-content\\\/uploads\\\/2023\\\/10\\\/Cover_Doisneau.png\",\"contentUrl\":\"https:\\\/\\\/www.hotel-westend.com\\\/wp-content\\\/uploads\\\/2023\\\/10\\\/Cover_Doisneau.png\",\"width\":2041,\"height\":1323,\"caption\":\"Le Baiser de l\u2019H\u00f4tel de ville, Paris, 1950 \u00a9 Atelier Robert Doisneau\"},{\"@type\":\"BreadcrumbList\",\"@id\":\"https:\\\/\\\/www.hotel-westend.com\\\/en\\\/2023\\\/10\\\/11\\\/exposition-robert-doisneau-musee-photo-nice\\\/#breadcrumb\",\"itemListElement\":[{\"@type\":\"ListItem\",\"position\":1,\"name\":\"Accueil\",\"item\":\"https:\\\/\\\/www.hotel-westend.com\\\/en\\\/\"},{\"@type\":\"ListItem\",\"position\":2,\"name\":\"Exhibition: Robert Doisneau at the Nice Photography Museum\"}]},{\"@type\":\"WebSite\",\"@id\":\"https:\\\/\\\/www.hotel-westend.com\\\/#website\",\"url\":\"https:\\\/\\\/www.hotel-westend.com\\\/\",\"name\":\"Hotel Westend Nice\",\"description\":\"Hotel 4 Etoiles Nice - Promenade Anglais | OFFICIEL \",\"potentialAction\":[{\"@type\":\"SearchAction\",\"target\":{\"@type\":\"EntryPoint\",\"urlTemplate\":\"https:\\\/\\\/www.hotel-westend.com\\\/?s={search_term_string}\"},\"query-input\":{\"@type\":\"PropertyValueSpecification\",\"valueRequired\":true,\"valueName\":\"search_term_string\"}}],\"inLanguage\":\"en-US\"},{\"@type\":\"Person\",\"@id\":\"https:\\\/\\\/www.hotel-westend.com\\\/#\\\/schema\\\/person\\\/c3ec475886346e12750f94aa1d3d9458\",\"name\":\"AgenceAZ\",\"url\":\"https:\\\/\\\/www.hotel-westend.com\\\/en\\\/author\\\/agenceaz\\\/\"}]}<\/script>\n<!-- \/ Yoast SEO plugin. -->","yoast_head_json":{"title":"Exhibition: Robert Doisneau at the Nice Photography Museum -","description":"During your stay, don't miss the exhibition dedicated to Robert Doisneau at the Charles N\u00e8gre Photography Museum...","robots":{"index":"index","follow":"follow","max-snippet":"max-snippet:-1","max-image-preview":"max-image-preview:large","max-video-preview":"max-video-preview:-1"},"canonical":"https:\/\/www.hotel-westend.com\/en\/2023\/10\/11\/exposition-robert-doisneau-musee-photo-nice\/","og_locale":"en_US","og_type":"article","og_title":"Exhibition: Robert Doisneau at the Nice Photography Museum -","og_description":"During your stay, don't miss the exhibition dedicated to Robert Doisneau at the Charles N\u00e8gre Photography Museum...","og_url":"https:\/\/www.hotel-westend.com\/en\/2023\/10\/11\/exposition-robert-doisneau-musee-photo-nice\/","og_site_name":"Hotel Westend Nice","article_published_time":"2023-10-11T10:21:37+00:00","article_modified_time":"2023-10-11T13:54:38+00:00","og_image":[{"width":2041,"height":1323,"url":"https:\/\/www.hotel-westend.com\/wp-content\/uploads\/2023\/10\/Cover_Doisneau.png","type":"image\/png"}],"author":"AgenceAZ","twitter_card":"summary_large_image","twitter_misc":{"Written by":"AgenceAZ","Est. reading time":"3 minutes"},"schema":{"@context":"https:\/\/schema.org","@graph":[{"@type":"Article","@id":"https:\/\/www.hotel-westend.com\/en\/2023\/10\/11\/exposition-robert-doisneau-musee-photo-nice\/#article","isPartOf":{"@id":"https:\/\/www.hotel-westend.com\/en\/2023\/10\/11\/exposition-robert-doisneau-musee-photo-nice\/"},"author":{"name":"AgenceAZ","@id":"https:\/\/www.hotel-westend.com\/#\/schema\/person\/c3ec475886346e12750f94aa1d3d9458"},"headline":"Exhibition: Robert Doisneau at the Nice Photography Museum","datePublished":"2023-10-11T10:21:37+00:00","dateModified":"2023-10-11T13:54:38+00:00","mainEntityOfPage":{"@id":"https:\/\/www.hotel-westend.com\/en\/2023\/10\/11\/exposition-robert-doisneau-musee-photo-nice\/"},"wordCount":522,"commentCount":0,"image":{"@id":"https:\/\/www.hotel-westend.com\/en\/2023\/10\/11\/exposition-robert-doisneau-musee-photo-nice\/#primaryimage"},"thumbnailUrl":"https:\/\/www.hotel-westend.com\/wp-content\/uploads\/2023\/10\/Cover_Doisneau.png","articleSection":["Actualit\u00e9s","News","News-EN-2022"],"inLanguage":"en-US"},{"@type":"WebPage","@id":"https:\/\/www.hotel-westend.com\/en\/2023\/10\/11\/exposition-robert-doisneau-musee-photo-nice\/","url":"https:\/\/www.hotel-westend.com\/en\/2023\/10\/11\/exposition-robert-doisneau-musee-photo-nice\/","name":"Exhibition: Robert Doisneau at the Nice Photography Museum -","isPartOf":{"@id":"https:\/\/www.hotel-westend.com\/#website"},"primaryImageOfPage":{"@id":"https:\/\/www.hotel-westend.com\/en\/2023\/10\/11\/exposition-robert-doisneau-musee-photo-nice\/#primaryimage"},"image":{"@id":"https:\/\/www.hotel-westend.com\/en\/2023\/10\/11\/exposition-robert-doisneau-musee-photo-nice\/#primaryimage"},"thumbnailUrl":"https:\/\/www.hotel-westend.com\/wp-content\/uploads\/2023\/10\/Cover_Doisneau.png","datePublished":"2023-10-11T10:21:37+00:00","dateModified":"2023-10-11T13:54:38+00:00","author":{"@id":"https:\/\/www.hotel-westend.com\/#\/schema\/person\/c3ec475886346e12750f94aa1d3d9458"},"description":"During your stay, don't miss the exhibition dedicated to Robert Doisneau at the Charles N\u00e8gre Photography Museum...","breadcrumb":{"@id":"https:\/\/www.hotel-westend.com\/en\/2023\/10\/11\/exposition-robert-doisneau-musee-photo-nice\/#breadcrumb"},"inLanguage":"en-US","potentialAction":[{"@type":"ReadAction","target":["https:\/\/www.hotel-westend.com\/en\/2023\/10\/11\/exposition-robert-doisneau-musee-photo-nice\/"]}]},{"@type":"ImageObject","inLanguage":"en-US","@id":"https:\/\/www.hotel-westend.com\/en\/2023\/10\/11\/exposition-robert-doisneau-musee-photo-nice\/#primaryimage","url":"https:\/\/www.hotel-westend.com\/wp-content\/uploads\/2023\/10\/Cover_Doisneau.png","contentUrl":"https:\/\/www.hotel-westend.com\/wp-content\/uploads\/2023\/10\/Cover_Doisneau.png","width":2041,"height":1323,"caption":"Le Baiser de l\u2019H\u00f4tel de ville, Paris, 1950 \u00a9 Atelier Robert Doisneau"},{"@type":"BreadcrumbList","@id":"https:\/\/www.hotel-westend.com\/en\/2023\/10\/11\/exposition-robert-doisneau-musee-photo-nice\/#breadcrumb","itemListElement":[{"@type":"ListItem","position":1,"name":"Accueil","item":"https:\/\/www.hotel-westend.com\/en\/"},{"@type":"ListItem","position":2,"name":"Exhibition: Robert Doisneau at the Nice Photography Museum"}]},{"@type":"WebSite","@id":"https:\/\/www.hotel-westend.com\/#website","url":"https:\/\/www.hotel-westend.com\/","name":"Hotel Westend Nice","description":"Hotel 4 Etoiles Nice - Promenade Anglais | OFFICIEL ","potentialAction":[{"@type":"SearchAction","target":{"@type":"EntryPoint","urlTemplate":"https:\/\/www.hotel-westend.com\/?s={search_term_string}"},"query-input":{"@type":"PropertyValueSpecification","valueRequired":true,"valueName":"search_term_string"}}],"inLanguage":"en-US"},{"@type":"Person","@id":"https:\/\/www.hotel-westend.com\/#\/schema\/person\/c3ec475886346e12750f94aa1d3d9458","name":"AgenceAZ","url":"https:\/\/www.hotel-westend.com\/en\/author\/agenceaz\/"}]}},"_links":{"self":[{"href":"https:\/\/www.hotel-westend.com\/en\/wp-json\/wp\/v2\/posts\/6472","targetHints":{"allow":["GET"]}}],"collection":[{"href":"https:\/\/www.hotel-westend.com\/en\/wp-json\/wp\/v2\/posts"}],"about":[{"href":"https:\/\/www.hotel-westend.com\/en\/wp-json\/wp\/v2\/types\/post"}],"author":[{"embeddable":true,"href":"https:\/\/www.hotel-westend.com\/en\/wp-json\/wp\/v2\/users\/7"}],"replies":[{"embeddable":true,"href":"https:\/\/www.hotel-westend.com\/en\/wp-json\/wp\/v2\/comments?post=6472"}],"version-history":[{"count":3,"href":"https:\/\/www.hotel-westend.com\/en\/wp-json\/wp\/v2\/posts\/6472\/revisions"}],"predecessor-version":[{"id":6477,"href":"https:\/\/www.hotel-westend.com\/en\/wp-json\/wp\/v2\/posts\/6472\/revisions\/6477"}],"wp:featuredmedia":[{"embeddable":true,"href":"https:\/\/www.hotel-westend.com\/en\/wp-json\/wp\/v2\/media\/6459"}],"wp:attachment":[{"href":"https:\/\/www.hotel-westend.com\/en\/wp-json\/wp\/v2\/media?parent=6472"}],"wp:term":[{"taxonomy":"category","embeddable":true,"href":"https:\/\/www.hotel-westend.com\/en\/wp-json\/wp\/v2\/categories?post=6472"},{"taxonomy":"post_tag","embeddable":true,"href":"https:\/\/www.hotel-westend.com\/en\/wp-json\/wp\/v2\/tags?post=6472"}],"curies":[{"name":"wp","href":"https:\/\/api.w.org\/{rel}","templated":true}]}}