{"id":6779,"date":"2023-12-07T10:07:52","date_gmt":"2023-12-07T09:07:52","guid":{"rendered":"https:\/\/www.hotel-westend.com\/2023\/12\/07\/noel-jour-de-an-menus-fetes-le-siecle\/"},"modified":"2023-12-09T14:51:12","modified_gmt":"2023-12-09T13:51:12","slug":"noel-jour-de-an-menus-fetes-le-siecle","status":"publish","type":"post","link":"https:\/\/www.hotel-westend.com\/en\/2023\/12\/07\/noel-jour-de-an-menus-fetes-le-siecle\/","title":{"rendered":"Christmas &#038; New Year: festive menus and opera evening at Le Si\u00e8cle restaurant"},"content":{"rendered":"<p>[et_pb_section fb_built=&#8221;1&#8243; admin_label=&#8221;section&#8221; _builder_version=&#8221;4.16&#8243; min_height=&#8221;629.4px&#8221; custom_padding=&#8221;||0px|||&#8221; global_colors_info=&#8221;{}&#8221;][et_pb_row admin_label=&#8221;row&#8221; _builder_version=&#8221;4.16&#8243; background_size=&#8221;initial&#8221; background_position=&#8221;top_left&#8221; background_repeat=&#8221;repeat&#8221; custom_padding=&#8221;||0px|||&#8221; global_colors_info=&#8221;{}&#8221;][et_pb_column type=&#8221;4_4&#8243; _builder_version=&#8221;4.16&#8243; custom_padding=&#8221;|||&#8221; global_colors_info=&#8221;{}&#8221; custom_padding__hover=&#8221;|||&#8221;][et_pb_text module_class=&#8221;tiretsInverse&#8221; _builder_version=&#8221;4.23.1&#8243; _module_preset=&#8221;default&#8221; header_2_font=&#8221;Gilda Display||||||||&#8221; header_2_text_color=&#8221;#9b8760&#8243; header_2_font_size=&#8221;58px&#8221; width=&#8221;100%&#8221; custom_margin=&#8221;|||0px|false|false&#8221; custom_padding=&#8221;|||0px||&#8221; hover_enabled=&#8221;0&#8243; locked=&#8221;off&#8221; global_colors_info=&#8221;{}&#8221; sticky_enabled=&#8221;0&#8243;]<\/p>\n<h2 style=\"font-weight: 400;\">Christmas &amp; New Year: festive menus and opera evening at Le Si\u00e8cle restaurant<\/h2>\n<p>[\/et_pb_text][et_pb_image src=&#8221;https:\/\/www.hotel-westend.com\/wp-content\/uploads\/2023\/12\/menu_Noel_WestEnd.png&#8221; alt=&#8221;menu_No\u00ebl_WestEnd&#8221; title_text=&#8221;menu_No\u00ebl_WestEnd&#8221; align=&#8221;center&#8221; _builder_version=&#8221;4.23.1&#8243; _module_preset=&#8221;default&#8221; width=&#8221;58%&#8221; max_width=&#8221;71%&#8221; min_height=&#8221;100px&#8221; height=&#8221;378px&#8221; custom_margin=&#8221;||0px||false|false&#8221; global_colors_info=&#8221;{}&#8221;][\/et_pb_image][et_pb_text admin_label=&#8221;Text&#8221; _builder_version=&#8221;4.23.1&#8243; background_size=&#8221;initial&#8221; background_position=&#8221;top_left&#8221; background_repeat=&#8221;repeat&#8221; hover_enabled=&#8221;0&#8243; global_colors_info=&#8221;{}&#8221; sticky_enabled=&#8221;0&#8243;]<\/p>\n<p style=\"font-weight: 400;\">\n<p style=\"font-weight: 400;\">The festive season is fast approaching! Once again this year, <strong>H\u00f4tel West End****<\/strong>, a member of 3A H\u00f4tels La Collection, and Le Si\u00e8cle restaurant are decked out in their finest festive attire to welcome you in a festive and magical atmosphere. Christmas tree, garlands, winter cocktails&#8230; everything has been thought of to put stars in your eyes during this festive season. And that&#8217;s not all.<\/p>\n<p style=\"font-weight: 400;\">Head for Le Si\u00e8cle, the hotel restaurant facing the Promenade des Anglais. In the kitchens, Chef Cyril Breteau and his brigade have concocted end-of-year menus that promise an explosion of flavours on the palate. Whether it&#8217;s for Christmas or for the transition to 2024, the gourmet and festive menus are sure to delight even the most discerning palates. A glass of champagne and amuse-bouche will precede a 3- or 4-course menu prepared with the finest ingredients. For dinner on 24 December, guests will be able to enjoy, for example, a Tatin of foie gras with Cognac juice, a St Pierre with champagne and caviar sauce or a Christmas log with chocolate and chestnut cream. The same goes for the Christmas Day, New Year&#8217;s Eve and New Year&#8217;s Day menus.<\/p>\n<p style=\"font-weight: 400;\">The evening of 31 December will also be a great opportunity to revisit the greatest <a href=\"https:\/\/www.opera-nice.org\/en\">opera classics<\/a> at Le Si\u00e8cle restaurant. Lyric singers from the C\u00f4te d&#8217;Azur &#8211; Laurie Jauffret, Gilles San Juan and Mickael Guedj &#8211; will be <a href=\"https:\/\/www.hotel-westend.com\/en\/2023\/10\/18\/soiree-opera-le-siecle-nice\/\">hiding amongst the waiters<\/a> to sing the most beautiful arias, from the <em>Donna \u00e8 Mobile<\/em> from Rigoletto to the <em>Brindisi<\/em> from La Traviata. All in the splendid setting of the hotel, which overlooks the Promenade des Anglais and offers a breathtaking panorama of the Grande Bleue.<\/p>\n<p><strong>Menu prices :<\/strong><\/p>\n<ul>\n<li><strong>Dinner on 24 December and Christmas lunch:<\/strong> \u20ac79 \/ person<\/li>\n<li><strong>Dinner on 31 December:<\/strong> \u20ac179 \/ person<\/li>\n<li><strong>Lunch on 1st January:<\/strong> \u20ac79 \/ person<\/li>\n<\/ul>\n<p style=\"font-weight: 400;\"><strong>Our Christmas, New Year&#8217;s Eve and New Year&#8217;s menus can be booked at<\/strong> <a href=\"https:\/\/www.hotel-westend.com\/en\/le-siecle-restaurant\/\">www.hotel-westend.com\/restaurant-le-siecle\/<\/a><\/p>\n<p>[\/et_pb_text][\/et_pb_column][\/et_pb_row][et_pb_row column_structure=&#8221;1_4,1_4,1_4,1_4&#8243; _builder_version=&#8221;4.23.1&#8243; _module_preset=&#8221;default&#8221; global_colors_info=&#8221;{}&#8221;][et_pb_column type=&#8221;1_4&#8243; _builder_version=&#8221;4.23.1&#8243; _module_preset=&#8221;default&#8221; global_colors_info=&#8221;{}&#8221;][et_pb_button button_url=&#8221;https:\/\/www.hotel-westend.com\/wp-content\/uploads\/2023\/12\/Menu_24_Decembre_Web.pdf&#8221; url_new_window=&#8221;on&#8221; button_text=&#8221;December 24th Menu&#8221; button_alignment=&#8221;center&#8221; _builder_version=&#8221;4.23.1&#8243; _module_preset=&#8221;default&#8221; custom_button=&#8221;on&#8221; button_text_color=&#8221;#FFFFFF&#8221; button_bg_color=&#8221;#d3004d&#8221; button_border_width=&#8221;0px&#8221; custom_margin=&#8221;10px||10px||false|false&#8221; hover_enabled=&#8221;0&#8243; global_colors_info=&#8221;{}&#8221; sticky_enabled=&#8221;0&#8243;][\/et_pb_button][\/et_pb_column][et_pb_column type=&#8221;1_4&#8243; _builder_version=&#8221;4.23.1&#8243; _module_preset=&#8221;default&#8221; global_colors_info=&#8221;{}&#8221;][et_pb_button button_url=&#8221;https:\/\/www.hotel-westend.com\/wp-content\/uploads\/2023\/12\/Menu_25_Decembre_Web.pdf&#8221; url_new_window=&#8221;on&#8221; button_text=&#8221;December 25th menu&#8221; button_alignment=&#8221;center&#8221; _builder_version=&#8221;4.23.1&#8243; _module_preset=&#8221;default&#8221; custom_button=&#8221;on&#8221; button_text_color=&#8221;#FFFFFF&#8221; button_bg_color=&#8221;#d3004d&#8221; button_border_width=&#8221;0px&#8221; custom_margin=&#8221;10px||10px||false|false&#8221; hover_enabled=&#8221;0&#8243; global_colors_info=&#8221;{}&#8221; sticky_enabled=&#8221;0&#8243;][\/et_pb_button][\/et_pb_column][et_pb_column type=&#8221;1_4&#8243; _builder_version=&#8221;4.23.1&#8243; _module_preset=&#8221;default&#8221; global_colors_info=&#8221;{}&#8221;][et_pb_button button_url=&#8221;https:\/\/www.hotel-westend.com\/wp-content\/uploads\/2023\/12\/Menu_31_Decembre_Web.pdf&#8221; url_new_window=&#8221;on&#8221; button_text=&#8221;New Eve Menu&#8221; button_alignment=&#8221;center&#8221; _builder_version=&#8221;4.23.1&#8243; _module_preset=&#8221;default&#8221; custom_button=&#8221;on&#8221; button_text_color=&#8221;#FFFFFF&#8221; button_bg_color=&#8221;#d3004d&#8221; button_border_width=&#8221;0px&#8221; custom_margin=&#8221;10px||10px||false|false&#8221; hover_enabled=&#8221;0&#8243; global_colors_info=&#8221;{}&#8221; sticky_enabled=&#8221;0&#8243;][\/et_pb_button][\/et_pb_column][et_pb_column type=&#8221;1_4&#8243; _builder_version=&#8221;4.23.1&#8243; _module_preset=&#8221;default&#8221; global_colors_info=&#8221;{}&#8221;][et_pb_button button_url=&#8221;https:\/\/www.hotel-westend.com\/wp-content\/uploads\/2023\/12\/Menu_1er_Janvier_Web.pdf&#8221; url_new_window=&#8221;on&#8221; button_text=&#8221;January 1st Menu&#8221; button_alignment=&#8221;center&#8221; _builder_version=&#8221;4.23.1&#8243; _module_preset=&#8221;default&#8221; custom_button=&#8221;on&#8221; button_text_color=&#8221;#FFFFFF&#8221; button_bg_color=&#8221;#d3004d&#8221; button_border_width=&#8221;0px&#8221; custom_margin=&#8221;10px||10px||false|false&#8221; hover_enabled=&#8221;0&#8243; global_colors_info=&#8221;{}&#8221; sticky_enabled=&#8221;0&#8243;][\/et_pb_button][\/et_pb_column][\/et_pb_row][\/et_pb_section]<\/p>\n","protected":false},"excerpt":{"rendered":"<p>The Hotel West End and Le Si\u00e8cle restaurant are decked out in their festive finery to welcome you to a magical atmosphere.<\/p>\n","protected":false},"author":7,"featured_media":6733,"comment_status":"open","ping_status":"open","sticky":false,"template":"","format":"standard","meta":{"_et_pb_use_builder":"on","_et_pb_old_content":"<!-- wp:paragraph -->\r\n<p>Du 13 au 27 f\u00e9vrier 2021, Nice deviendra la Capitale mondiale de la mode avec la 137e \u00e9dition du Carnaval sur le th\u00e8me \u00ab Roi des animaux \u00bb. Venez admirer le Roi, la Reine et leurs sujets et participer aux extravagants d\u00e9fil\u00e9s de chars, de grosses t\u00eates et aux \u00e9l\u00e9gantes Batailles de Fleurs.<\/p>\r\n<!-- \/wp:paragraph -->\r\n\r\n<!-- wp:paragraph -->\r\n<p>Pendant 15 jours, le Carnaval de Nice, avec ses deux manifestations\u00a0: les Corsi carnavalesques (de jour ou de nuit) et les Batailles de fleurs, imposera son style et vous offrira un spectacle burlesque, magique et initiatique d\u00e9di\u00e9 \u00e0 la mode sous toutes ses coutures.<\/p>\r\n<!-- \/wp:paragraph -->\r\n\r\n<!-- wp:paragraph -->\r\n<p>Les chars cr\u00e9\u00e9s sur le th\u00e8me d\u00e9fileront lors des Corsi carnavalesques (mardis, samedis et dimanche), accompagn\u00e9s de grosses t\u00eates et d\u2019artistes venant du monde entier dans une ambiance festive et populaire, savamment sc\u00e9nographi\u00e9e, pour revisiter l\u2019histoire de la mode, vous faire rire, sourire mais aussi r\u00e9fl\u00e9chir sur la mode et ses dessous. Car si la mode lance des tendances et bouleverse les codes comme les comportements, elle a aussi un r\u00f4le \u00e9thique et responsable \u00e0 jouer.<\/p>\r\n<!-- \/wp:paragraph -->\r\n\r\n<!-- wp:paragraph -->\r\n<p>Les mercredis et samedis apr\u00e8s-midi, venez d\u00e9couvrir l\u2019autre temps du fort du Carnaval\u00a0: les Batailles de Fleurs o\u00f9 le th\u00e8me sera d\u00e9clin\u00e9 sur des chars orn\u00e9s de fleurs valorisant la production locale (80% des fleurs sont produites dans la r\u00e9gion) et anim\u00e9s par des com\u00e9diennes qui porteront des costumes sp\u00e9cialement con\u00e7us pour la manifestation. Un d\u00e9fil\u00e9 unique au monde o\u00f9 des milliers de fleurs seront distribu\u00e9es.<\/p>\r\n<!-- \/wp:paragraph -->\r\n\r\n<!-- wp:paragraph -->\r\n<p>Et n\u2019oubliez pas, grands et petits, d\u00e9guisez de la t\u00eate aux pieds, les corsi seront gratuits\u00a0!<\/p>\r\n<!-- \/wp:paragraph -->\r\n\r\n<!-- wp:paragraph -->\r\n<p><strong>Alors venez prendre part \u00e0 la f\u00eate du 13 au 27 f\u00e9vrier 2021 \u00e0 Nice.<\/strong><\/p>\r\n<!-- \/wp:paragraph -->","_et_gb_content_width":"1150","inline_featured_image":false,"footnotes":""},"categories":[36,37,35],"tags":[],"class_list":["post-6779","post","type-post","status-publish","format-standard","has-post-thumbnail","hentry","category-actualites-en","category-news-en","category-news-en-2022"],"yoast_head":"<!-- This site is optimized with the Yoast SEO plugin v27.5 - https:\/\/yoast.com\/product\/yoast-seo-wordpress\/ -->\n<title>Christmas &amp; New Year: festive menus and opera evening at Le Si\u00e8cle restaurant -<\/title>\n<meta name=\"description\" content=\"The H\u00f4tel West End and Le Si\u00e8cle restaurant are decked out in their festive finery to welcome you to a magical atmosphere.\" \/>\n<meta name=\"robots\" content=\"index, follow, max-snippet:-1, max-image-preview:large, max-video-preview:-1\" \/>\n<link rel=\"canonical\" href=\"https:\/\/www.hotel-westend.com\/en\/2023\/12\/07\/noel-jour-de-an-menus-fetes-le-siecle\/\" \/>\n<meta property=\"og:locale\" content=\"en_US\" \/>\n<meta property=\"og:type\" content=\"article\" \/>\n<meta property=\"og:title\" content=\"Christmas &amp; New Year: festive menus and opera evening at Le Si\u00e8cle restaurant -\" \/>\n<meta property=\"og:description\" content=\"The H\u00f4tel West End and Le Si\u00e8cle restaurant are decked out in their festive finery to welcome you to a magical atmosphere.\" \/>\n<meta property=\"og:url\" content=\"https:\/\/www.hotel-westend.com\/en\/2023\/12\/07\/noel-jour-de-an-menus-fetes-le-siecle\/\" \/>\n<meta property=\"og:site_name\" content=\"Hotel Westend Nice\" \/>\n<meta property=\"article:published_time\" content=\"2023-12-07T09:07:52+00:00\" \/>\n<meta property=\"article:modified_time\" content=\"2023-12-09T13:51:12+00:00\" \/>\n<meta property=\"og:image\" content=\"https:\/\/www.hotel-westend.com\/wp-content\/uploads\/2023\/12\/menu_Noel_WestEnd-1024x664.png\" \/>\n\t<meta property=\"og:image:width\" content=\"1024\" \/>\n\t<meta property=\"og:image:height\" content=\"664\" \/>\n\t<meta property=\"og:image:type\" content=\"image\/png\" \/>\n<meta name=\"author\" content=\"AgenceAZ\" \/>\n<meta name=\"twitter:card\" content=\"summary_large_image\" \/>\n<meta name=\"twitter:label1\" content=\"Written by\" \/>\n\t<meta name=\"twitter:data1\" content=\"AgenceAZ\" \/>\n\t<meta name=\"twitter:label2\" content=\"Est. reading time\" \/>\n\t<meta name=\"twitter:data2\" content=\"3 minutes\" \/>\n<script type=\"application\/ld+json\" class=\"yoast-schema-graph\">{\"@context\":\"https:\\\/\\\/schema.org\",\"@graph\":[{\"@type\":\"Article\",\"@id\":\"https:\\\/\\\/www.hotel-westend.com\\\/en\\\/2023\\\/12\\\/07\\\/noel-jour-de-an-menus-fetes-le-siecle\\\/#article\",\"isPartOf\":{\"@id\":\"https:\\\/\\\/www.hotel-westend.com\\\/en\\\/2023\\\/12\\\/07\\\/noel-jour-de-an-menus-fetes-le-siecle\\\/\"},\"author\":{\"name\":\"AgenceAZ\",\"@id\":\"https:\\\/\\\/www.hotel-westend.com\\\/#\\\/schema\\\/person\\\/c3ec475886346e12750f94aa1d3d9458\"},\"headline\":\"Christmas &#038; New Year: festive menus and opera evening at Le Si\u00e8cle restaurant\",\"datePublished\":\"2023-12-07T09:07:52+00:00\",\"dateModified\":\"2023-12-09T13:51:12+00:00\",\"mainEntityOfPage\":{\"@id\":\"https:\\\/\\\/www.hotel-westend.com\\\/en\\\/2023\\\/12\\\/07\\\/noel-jour-de-an-menus-fetes-le-siecle\\\/\"},\"wordCount\":865,\"commentCount\":0,\"image\":{\"@id\":\"https:\\\/\\\/www.hotel-westend.com\\\/en\\\/2023\\\/12\\\/07\\\/noel-jour-de-an-menus-fetes-le-siecle\\\/#primaryimage\"},\"thumbnailUrl\":\"https:\\\/\\\/www.hotel-westend.com\\\/wp-content\\\/uploads\\\/2023\\\/12\\\/menu_Noel_WestEnd.png\",\"articleSection\":[\"Actualit\u00e9s\",\"News\",\"News-EN-2022\"],\"inLanguage\":\"en-US\"},{\"@type\":\"WebPage\",\"@id\":\"https:\\\/\\\/www.hotel-westend.com\\\/en\\\/2023\\\/12\\\/07\\\/noel-jour-de-an-menus-fetes-le-siecle\\\/\",\"url\":\"https:\\\/\\\/www.hotel-westend.com\\\/en\\\/2023\\\/12\\\/07\\\/noel-jour-de-an-menus-fetes-le-siecle\\\/\",\"name\":\"Christmas & New Year: festive menus and opera evening at Le Si\u00e8cle restaurant -\",\"isPartOf\":{\"@id\":\"https:\\\/\\\/www.hotel-westend.com\\\/#website\"},\"primaryImageOfPage\":{\"@id\":\"https:\\\/\\\/www.hotel-westend.com\\\/en\\\/2023\\\/12\\\/07\\\/noel-jour-de-an-menus-fetes-le-siecle\\\/#primaryimage\"},\"image\":{\"@id\":\"https:\\\/\\\/www.hotel-westend.com\\\/en\\\/2023\\\/12\\\/07\\\/noel-jour-de-an-menus-fetes-le-siecle\\\/#primaryimage\"},\"thumbnailUrl\":\"https:\\\/\\\/www.hotel-westend.com\\\/wp-content\\\/uploads\\\/2023\\\/12\\\/menu_Noel_WestEnd.png\",\"datePublished\":\"2023-12-07T09:07:52+00:00\",\"dateModified\":\"2023-12-09T13:51:12+00:00\",\"author\":{\"@id\":\"https:\\\/\\\/www.hotel-westend.com\\\/#\\\/schema\\\/person\\\/c3ec475886346e12750f94aa1d3d9458\"},\"description\":\"The H\u00f4tel West End and Le Si\u00e8cle restaurant are decked out in their festive finery to welcome you to a magical atmosphere.\",\"breadcrumb\":{\"@id\":\"https:\\\/\\\/www.hotel-westend.com\\\/en\\\/2023\\\/12\\\/07\\\/noel-jour-de-an-menus-fetes-le-siecle\\\/#breadcrumb\"},\"inLanguage\":\"en-US\",\"potentialAction\":[{\"@type\":\"ReadAction\",\"target\":[\"https:\\\/\\\/www.hotel-westend.com\\\/en\\\/2023\\\/12\\\/07\\\/noel-jour-de-an-menus-fetes-le-siecle\\\/\"]}]},{\"@type\":\"ImageObject\",\"inLanguage\":\"en-US\",\"@id\":\"https:\\\/\\\/www.hotel-westend.com\\\/en\\\/2023\\\/12\\\/07\\\/noel-jour-de-an-menus-fetes-le-siecle\\\/#primaryimage\",\"url\":\"https:\\\/\\\/www.hotel-westend.com\\\/wp-content\\\/uploads\\\/2023\\\/12\\\/menu_Noel_WestEnd.png\",\"contentUrl\":\"https:\\\/\\\/www.hotel-westend.com\\\/wp-content\\\/uploads\\\/2023\\\/12\\\/menu_Noel_WestEnd.png\",\"width\":2041,\"height\":1323,\"caption\":\"Soir\u00e9e Op\u00e9ra H\u00f4tel West End Nice\"},{\"@type\":\"BreadcrumbList\",\"@id\":\"https:\\\/\\\/www.hotel-westend.com\\\/en\\\/2023\\\/12\\\/07\\\/noel-jour-de-an-menus-fetes-le-siecle\\\/#breadcrumb\",\"itemListElement\":[{\"@type\":\"ListItem\",\"position\":1,\"name\":\"Accueil\",\"item\":\"https:\\\/\\\/www.hotel-westend.com\\\/en\\\/\"},{\"@type\":\"ListItem\",\"position\":2,\"name\":\"Christmas &#038; New Year: festive menus and opera evening at Le Si\u00e8cle restaurant\"}]},{\"@type\":\"WebSite\",\"@id\":\"https:\\\/\\\/www.hotel-westend.com\\\/#website\",\"url\":\"https:\\\/\\\/www.hotel-westend.com\\\/\",\"name\":\"Hotel Westend Nice\",\"description\":\"Hotel 4 Etoiles Nice - Promenade Anglais | OFFICIEL \",\"potentialAction\":[{\"@type\":\"SearchAction\",\"target\":{\"@type\":\"EntryPoint\",\"urlTemplate\":\"https:\\\/\\\/www.hotel-westend.com\\\/?s={search_term_string}\"},\"query-input\":{\"@type\":\"PropertyValueSpecification\",\"valueRequired\":true,\"valueName\":\"search_term_string\"}}],\"inLanguage\":\"en-US\"},{\"@type\":\"Person\",\"@id\":\"https:\\\/\\\/www.hotel-westend.com\\\/#\\\/schema\\\/person\\\/c3ec475886346e12750f94aa1d3d9458\",\"name\":\"AgenceAZ\",\"url\":\"https:\\\/\\\/www.hotel-westend.com\\\/en\\\/author\\\/agenceaz\\\/\"}]}<\/script>\n<!-- \/ Yoast SEO plugin. -->","yoast_head_json":{"title":"Christmas & New Year: festive menus and opera evening at Le Si\u00e8cle restaurant -","description":"The H\u00f4tel West End and Le Si\u00e8cle restaurant are decked out in their festive finery to welcome you to a magical atmosphere.","robots":{"index":"index","follow":"follow","max-snippet":"max-snippet:-1","max-image-preview":"max-image-preview:large","max-video-preview":"max-video-preview:-1"},"canonical":"https:\/\/www.hotel-westend.com\/en\/2023\/12\/07\/noel-jour-de-an-menus-fetes-le-siecle\/","og_locale":"en_US","og_type":"article","og_title":"Christmas & New Year: festive menus and opera evening at Le Si\u00e8cle restaurant -","og_description":"The H\u00f4tel West End and Le Si\u00e8cle restaurant are decked out in their festive finery to welcome you to a magical atmosphere.","og_url":"https:\/\/www.hotel-westend.com\/en\/2023\/12\/07\/noel-jour-de-an-menus-fetes-le-siecle\/","og_site_name":"Hotel Westend Nice","article_published_time":"2023-12-07T09:07:52+00:00","article_modified_time":"2023-12-09T13:51:12+00:00","og_image":[{"width":1024,"height":664,"url":"https:\/\/www.hotel-westend.com\/wp-content\/uploads\/2023\/12\/menu_Noel_WestEnd-1024x664.png","type":"image\/png"}],"author":"AgenceAZ","twitter_card":"summary_large_image","twitter_misc":{"Written by":"AgenceAZ","Est. reading time":"3 minutes"},"schema":{"@context":"https:\/\/schema.org","@graph":[{"@type":"Article","@id":"https:\/\/www.hotel-westend.com\/en\/2023\/12\/07\/noel-jour-de-an-menus-fetes-le-siecle\/#article","isPartOf":{"@id":"https:\/\/www.hotel-westend.com\/en\/2023\/12\/07\/noel-jour-de-an-menus-fetes-le-siecle\/"},"author":{"name":"AgenceAZ","@id":"https:\/\/www.hotel-westend.com\/#\/schema\/person\/c3ec475886346e12750f94aa1d3d9458"},"headline":"Christmas &#038; New Year: festive menus and opera evening at Le Si\u00e8cle restaurant","datePublished":"2023-12-07T09:07:52+00:00","dateModified":"2023-12-09T13:51:12+00:00","mainEntityOfPage":{"@id":"https:\/\/www.hotel-westend.com\/en\/2023\/12\/07\/noel-jour-de-an-menus-fetes-le-siecle\/"},"wordCount":865,"commentCount":0,"image":{"@id":"https:\/\/www.hotel-westend.com\/en\/2023\/12\/07\/noel-jour-de-an-menus-fetes-le-siecle\/#primaryimage"},"thumbnailUrl":"https:\/\/www.hotel-westend.com\/wp-content\/uploads\/2023\/12\/menu_Noel_WestEnd.png","articleSection":["Actualit\u00e9s","News","News-EN-2022"],"inLanguage":"en-US"},{"@type":"WebPage","@id":"https:\/\/www.hotel-westend.com\/en\/2023\/12\/07\/noel-jour-de-an-menus-fetes-le-siecle\/","url":"https:\/\/www.hotel-westend.com\/en\/2023\/12\/07\/noel-jour-de-an-menus-fetes-le-siecle\/","name":"Christmas & New Year: festive menus and opera evening at Le Si\u00e8cle restaurant -","isPartOf":{"@id":"https:\/\/www.hotel-westend.com\/#website"},"primaryImageOfPage":{"@id":"https:\/\/www.hotel-westend.com\/en\/2023\/12\/07\/noel-jour-de-an-menus-fetes-le-siecle\/#primaryimage"},"image":{"@id":"https:\/\/www.hotel-westend.com\/en\/2023\/12\/07\/noel-jour-de-an-menus-fetes-le-siecle\/#primaryimage"},"thumbnailUrl":"https:\/\/www.hotel-westend.com\/wp-content\/uploads\/2023\/12\/menu_Noel_WestEnd.png","datePublished":"2023-12-07T09:07:52+00:00","dateModified":"2023-12-09T13:51:12+00:00","author":{"@id":"https:\/\/www.hotel-westend.com\/#\/schema\/person\/c3ec475886346e12750f94aa1d3d9458"},"description":"The H\u00f4tel West End and Le Si\u00e8cle restaurant are decked out in their festive finery to welcome you to a magical atmosphere.","breadcrumb":{"@id":"https:\/\/www.hotel-westend.com\/en\/2023\/12\/07\/noel-jour-de-an-menus-fetes-le-siecle\/#breadcrumb"},"inLanguage":"en-US","potentialAction":[{"@type":"ReadAction","target":["https:\/\/www.hotel-westend.com\/en\/2023\/12\/07\/noel-jour-de-an-menus-fetes-le-siecle\/"]}]},{"@type":"ImageObject","inLanguage":"en-US","@id":"https:\/\/www.hotel-westend.com\/en\/2023\/12\/07\/noel-jour-de-an-menus-fetes-le-siecle\/#primaryimage","url":"https:\/\/www.hotel-westend.com\/wp-content\/uploads\/2023\/12\/menu_Noel_WestEnd.png","contentUrl":"https:\/\/www.hotel-westend.com\/wp-content\/uploads\/2023\/12\/menu_Noel_WestEnd.png","width":2041,"height":1323,"caption":"Soir\u00e9e Op\u00e9ra H\u00f4tel West End Nice"},{"@type":"BreadcrumbList","@id":"https:\/\/www.hotel-westend.com\/en\/2023\/12\/07\/noel-jour-de-an-menus-fetes-le-siecle\/#breadcrumb","itemListElement":[{"@type":"ListItem","position":1,"name":"Accueil","item":"https:\/\/www.hotel-westend.com\/en\/"},{"@type":"ListItem","position":2,"name":"Christmas &#038; New Year: festive menus and opera evening at Le Si\u00e8cle restaurant"}]},{"@type":"WebSite","@id":"https:\/\/www.hotel-westend.com\/#website","url":"https:\/\/www.hotel-westend.com\/","name":"Hotel Westend Nice","description":"Hotel 4 Etoiles Nice - Promenade Anglais | OFFICIEL ","potentialAction":[{"@type":"SearchAction","target":{"@type":"EntryPoint","urlTemplate":"https:\/\/www.hotel-westend.com\/?s={search_term_string}"},"query-input":{"@type":"PropertyValueSpecification","valueRequired":true,"valueName":"search_term_string"}}],"inLanguage":"en-US"},{"@type":"Person","@id":"https:\/\/www.hotel-westend.com\/#\/schema\/person\/c3ec475886346e12750f94aa1d3d9458","name":"AgenceAZ","url":"https:\/\/www.hotel-westend.com\/en\/author\/agenceaz\/"}]}},"_links":{"self":[{"href":"https:\/\/www.hotel-westend.com\/en\/wp-json\/wp\/v2\/posts\/6779","targetHints":{"allow":["GET"]}}],"collection":[{"href":"https:\/\/www.hotel-westend.com\/en\/wp-json\/wp\/v2\/posts"}],"about":[{"href":"https:\/\/www.hotel-westend.com\/en\/wp-json\/wp\/v2\/types\/post"}],"author":[{"embeddable":true,"href":"https:\/\/www.hotel-westend.com\/en\/wp-json\/wp\/v2\/users\/7"}],"replies":[{"embeddable":true,"href":"https:\/\/www.hotel-westend.com\/en\/wp-json\/wp\/v2\/comments?post=6779"}],"version-history":[{"count":3,"href":"https:\/\/www.hotel-westend.com\/en\/wp-json\/wp\/v2\/posts\/6779\/revisions"}],"predecessor-version":[{"id":6785,"href":"https:\/\/www.hotel-westend.com\/en\/wp-json\/wp\/v2\/posts\/6779\/revisions\/6785"}],"wp:featuredmedia":[{"embeddable":true,"href":"https:\/\/www.hotel-westend.com\/en\/wp-json\/wp\/v2\/media\/6733"}],"wp:attachment":[{"href":"https:\/\/www.hotel-westend.com\/en\/wp-json\/wp\/v2\/media?parent=6779"}],"wp:term":[{"taxonomy":"category","embeddable":true,"href":"https:\/\/www.hotel-westend.com\/en\/wp-json\/wp\/v2\/categories?post=6779"},{"taxonomy":"post_tag","embeddable":true,"href":"https:\/\/www.hotel-westend.com\/en\/wp-json\/wp\/v2\/tags?post=6779"}],"curies":[{"name":"wp","href":"https:\/\/api.w.org\/{rel}","templated":true}]}}