{"id":6838,"date":"2023-12-13T08:30:33","date_gmt":"2023-12-13T07:30:33","guid":{"rendered":"https:\/\/www.hotel-westend.com\/2023\/12\/13\/illuminations-village-de-noel-a-nice\/"},"modified":"2023-12-21T08:42:20","modified_gmt":"2023-12-21T07:42:20","slug":"illuminations-village-de-noel-a-nice","status":"publish","type":"post","link":"https:\/\/www.hotel-westend.com\/en\/2023\/12\/13\/illuminations-village-de-noel-a-nice\/","title":{"rendered":"Illuminations, Christmas village&#8230; Nice, time to celebrate!"},"content":{"rendered":"<p>[et_pb_section fb_built=&#8221;1&#8243; admin_label=&#8221;section&#8221; _builder_version=&#8221;4.16&#8243; min_height=&#8221;629.4px&#8221; custom_padding=&#8221;||0px|||&#8221; global_colors_info=&#8221;{}&#8221;][et_pb_row admin_label=&#8221;row&#8221; _builder_version=&#8221;4.16&#8243; background_size=&#8221;initial&#8221; background_position=&#8221;top_left&#8221; background_repeat=&#8221;repeat&#8221; custom_padding=&#8221;||0px|||&#8221; global_colors_info=&#8221;{}&#8221;][et_pb_column type=&#8221;4_4&#8243; _builder_version=&#8221;4.16&#8243; custom_padding=&#8221;|||&#8221; global_colors_info=&#8221;{}&#8221; custom_padding__hover=&#8221;|||&#8221;][et_pb_text module_class=&#8221;tiretsInverse&#8221; _builder_version=&#8221;4.23.1&#8243; _module_preset=&#8221;default&#8221; header_2_font=&#8221;Gilda Display||||||||&#8221; header_2_text_color=&#8221;#9b8760&#8243; header_2_font_size=&#8221;58px&#8221; width=&#8221;100%&#8221; custom_margin=&#8221;|||0px|false|false&#8221; custom_padding=&#8221;|||0px||&#8221; hover_enabled=&#8221;0&#8243; locked=&#8221;off&#8221; global_colors_info=&#8221;{}&#8221; sticky_enabled=&#8221;0&#8243;]<\/p>\n<h2 style=\"font-weight: 400;\">Illuminations, Christmas village&#8230; Nice, time to celebrate!<\/h2>\n<p>[\/et_pb_text][et_pb_image src=&#8221;https:\/\/www.hotel-westend.com\/wp-content\/uploads\/2023\/12\/Noel_Nice_WestEnd-1.png&#8221; alt=&#8221;March\u00e9 de No\u00ebl \u00e0 Nice&#8221; title_text=&#8221;March\u00e9 de No\u00ebl \u00e0 Nice \/ A.L&#8221; align=&#8221;center&#8221; _builder_version=&#8221;4.23.1&#8243; _module_preset=&#8221;default&#8221; width=&#8221;58%&#8221; max_width=&#8221;71%&#8221; min_height=&#8221;100px&#8221; height=&#8221;378px&#8221; custom_margin=&#8221;||0px||false|false&#8221; global_colors_info=&#8221;{}&#8221;][\/et_pb_image][et_pb_text admin_label=&#8221;Text&#8221; _builder_version=&#8221;4.23.1&#8243; background_size=&#8221;initial&#8221; background_position=&#8221;top_left&#8221; background_repeat=&#8221;repeat&#8221; hover_enabled=&#8221;0&#8243; global_colors_info=&#8221;{}&#8221; sticky_enabled=&#8221;0&#8243;]<\/p>\n<p style=\"font-weight: 400;\">\n<p style=\"font-weight: 400;\">Nice lives to the rhythm of events and, whatever the season, there&#8217;s always something going on in the C\u00f4te d&#8217;Azur city. Located on the Promenade des Anglais, the hotel <strong>West End<\/strong>, member of 3A H\u00f4tel La Collection, is the ideal base from which to experience these highlights, as in December, with the return of the Christmas festivities.<\/p>\n<p style=\"font-weight: 400;\">Since the beginning of the month, Nice has been decked out in its finest lights to celebrate the festive season in style. The illuminations kicked off on 7 December! The city sparkles with the many illuminations installed everywhere and in every district. Not to be missed is the magnificent Christmas tree that has been installed on the water mirror in the coul\u00e9e verte. It&#8217;s a magical sight from dusk onwards, guaranteed to make the little ones&#8217; eyes sparkle!<\/p>\n<p style=\"font-weight: 400;\">As well as the illuminations, Nice is once again hosting its pretty Christmas village on the Place Massena, where 43 chalets have opened their doors. Craft products, jewellery, santons, mulled wine, raclette, churros, waffles&#8230; the Christmas market is a great opportunity to find gift ideas for the festive season, but also to immerse yourself in the Christmas atmosphere by savouring gourmet treats with friends or family. Another not-to-be-missed attraction is the Giant Ferris Wheel, which has returned to its rightful place in the Christmas village, overlooking Nice from a memorable vantage point that&#8217;s sure to catch your eye!<\/p>\n<p style=\"font-weight: 400;\">Throughout December and into the New Year, there&#8217;s plenty of entertainment on offer too, including a Christmas parade, music concerts, DJ sets and many other festive events to make your stay in Nice a delight. And don&#8217;t miss the festive menus created by the West End chef to celebrate Christmas and New Year&#8217;s Day.<\/p>\n<p><a href=\"https:\/\/www.nice.fr\/fr\/actualites\/noel-a-nice?type=articles\" target=\"_blank\" rel=\"noopener\"><span style=\"font-weight: 400;\">More information <strong>Nice.fr<\/strong><\/span><\/a><\/p>\n<p>[\/et_pb_text][\/et_pb_column][\/et_pb_row][\/et_pb_section]<\/p>\n","protected":false},"excerpt":{"rendered":"<p>Christmas in Nice! Nice is decked out in its finest Christmas lights to celebrate the festive season in style. <\/p>\n","protected":false},"author":7,"featured_media":6810,"comment_status":"open","ping_status":"open","sticky":false,"template":"","format":"standard","meta":{"_et_pb_use_builder":"on","_et_pb_old_content":"<!-- wp:paragraph -->\r\n<p>Du 13 au 27 f\u00e9vrier 2021, Nice deviendra la Capitale mondiale de la mode avec la 137e \u00e9dition du Carnaval sur le th\u00e8me \u00ab Roi des animaux \u00bb. Venez admirer le Roi, la Reine et leurs sujets et participer aux extravagants d\u00e9fil\u00e9s de chars, de grosses t\u00eates et aux \u00e9l\u00e9gantes Batailles de Fleurs.<\/p>\r\n<!-- \/wp:paragraph -->\r\n\r\n<!-- wp:paragraph -->\r\n<p>Pendant 15 jours, le Carnaval de Nice, avec ses deux manifestations\u00a0: les Corsi carnavalesques (de jour ou de nuit) et les Batailles de fleurs, imposera son style et vous offrira un spectacle burlesque, magique et initiatique d\u00e9di\u00e9 \u00e0 la mode sous toutes ses coutures.<\/p>\r\n<!-- \/wp:paragraph -->\r\n\r\n<!-- wp:paragraph -->\r\n<p>Les chars cr\u00e9\u00e9s sur le th\u00e8me d\u00e9fileront lors des Corsi carnavalesques (mardis, samedis et dimanche), accompagn\u00e9s de grosses t\u00eates et d\u2019artistes venant du monde entier dans une ambiance festive et populaire, savamment sc\u00e9nographi\u00e9e, pour revisiter l\u2019histoire de la mode, vous faire rire, sourire mais aussi r\u00e9fl\u00e9chir sur la mode et ses dessous. Car si la mode lance des tendances et bouleverse les codes comme les comportements, elle a aussi un r\u00f4le \u00e9thique et responsable \u00e0 jouer.<\/p>\r\n<!-- \/wp:paragraph -->\r\n\r\n<!-- wp:paragraph -->\r\n<p>Les mercredis et samedis apr\u00e8s-midi, venez d\u00e9couvrir l\u2019autre temps du fort du Carnaval\u00a0: les Batailles de Fleurs o\u00f9 le th\u00e8me sera d\u00e9clin\u00e9 sur des chars orn\u00e9s de fleurs valorisant la production locale (80% des fleurs sont produites dans la r\u00e9gion) et anim\u00e9s par des com\u00e9diennes qui porteront des costumes sp\u00e9cialement con\u00e7us pour la manifestation. Un d\u00e9fil\u00e9 unique au monde o\u00f9 des milliers de fleurs seront distribu\u00e9es.<\/p>\r\n<!-- \/wp:paragraph -->\r\n\r\n<!-- wp:paragraph -->\r\n<p>Et n\u2019oubliez pas, grands et petits, d\u00e9guisez de la t\u00eate aux pieds, les corsi seront gratuits\u00a0!<\/p>\r\n<!-- \/wp:paragraph -->\r\n\r\n<!-- wp:paragraph -->\r\n<p><strong>Alors venez prendre part \u00e0 la f\u00eate du 13 au 27 f\u00e9vrier 2021 \u00e0 Nice.<\/strong><\/p>\r\n<!-- \/wp:paragraph -->","_et_gb_content_width":"1150","inline_featured_image":false,"footnotes":""},"categories":[36,37,35],"tags":[],"class_list":["post-6838","post","type-post","status-publish","format-standard","has-post-thumbnail","hentry","category-actualites-en","category-news-en","category-news-en-2022"],"yoast_head":"<!-- This site is optimized with the Yoast SEO plugin v27.5 - https:\/\/yoast.com\/product\/yoast-seo-wordpress\/ -->\n<title>Illuminations, Christmas village... Nice, time to celebrate! -<\/title>\n<meta name=\"description\" content=\"Christmas in Nice! Nice is decked out in its finest Christmas lights to celebrate the festive season in style.\" \/>\n<meta name=\"robots\" content=\"index, follow, max-snippet:-1, max-image-preview:large, max-video-preview:-1\" \/>\n<link rel=\"canonical\" href=\"https:\/\/www.hotel-westend.com\/en\/2023\/12\/13\/illuminations-village-de-noel-a-nice\/\" \/>\n<meta property=\"og:locale\" content=\"en_US\" \/>\n<meta property=\"og:type\" content=\"article\" \/>\n<meta property=\"og:title\" content=\"Illuminations, Christmas village... Nice, time to celebrate! -\" \/>\n<meta property=\"og:description\" content=\"Christmas in Nice! Nice is decked out in its finest Christmas lights to celebrate the festive season in style.\" \/>\n<meta property=\"og:url\" content=\"https:\/\/www.hotel-westend.com\/en\/2023\/12\/13\/illuminations-village-de-noel-a-nice\/\" \/>\n<meta property=\"og:site_name\" content=\"Hotel Westend Nice\" \/>\n<meta property=\"article:published_time\" content=\"2023-12-13T07:30:33+00:00\" \/>\n<meta property=\"article:modified_time\" content=\"2023-12-21T07:42:20+00:00\" \/>\n<meta property=\"og:image\" content=\"https:\/\/www.hotel-westend.com\/wp-content\/uploads\/2023\/12\/Noel_Nice_WestEnd-1-1024x664.png\" \/>\n\t<meta property=\"og:image:width\" content=\"1024\" \/>\n\t<meta property=\"og:image:height\" content=\"664\" \/>\n\t<meta property=\"og:image:type\" content=\"image\/png\" \/>\n<meta name=\"author\" content=\"AgenceAZ\" \/>\n<meta name=\"twitter:card\" content=\"summary_large_image\" \/>\n<meta name=\"twitter:label1\" content=\"Written by\" \/>\n\t<meta name=\"twitter:data1\" content=\"AgenceAZ\" \/>\n\t<meta name=\"twitter:label2\" content=\"Est. reading time\" \/>\n\t<meta name=\"twitter:data2\" content=\"2 minutes\" \/>\n<script type=\"application\/ld+json\" class=\"yoast-schema-graph\">{\"@context\":\"https:\\\/\\\/schema.org\",\"@graph\":[{\"@type\":\"Article\",\"@id\":\"https:\\\/\\\/www.hotel-westend.com\\\/en\\\/2023\\\/12\\\/13\\\/illuminations-village-de-noel-a-nice\\\/#article\",\"isPartOf\":{\"@id\":\"https:\\\/\\\/www.hotel-westend.com\\\/en\\\/2023\\\/12\\\/13\\\/illuminations-village-de-noel-a-nice\\\/\"},\"author\":{\"name\":\"AgenceAZ\",\"@id\":\"https:\\\/\\\/www.hotel-westend.com\\\/#\\\/schema\\\/person\\\/c3ec475886346e12750f94aa1d3d9458\"},\"headline\":\"Illuminations, Christmas village&#8230; Nice, time to celebrate!\",\"datePublished\":\"2023-12-13T07:30:33+00:00\",\"dateModified\":\"2023-12-21T07:42:20+00:00\",\"mainEntityOfPage\":{\"@id\":\"https:\\\/\\\/www.hotel-westend.com\\\/en\\\/2023\\\/12\\\/13\\\/illuminations-village-de-noel-a-nice\\\/\"},\"wordCount\":499,\"commentCount\":0,\"image\":{\"@id\":\"https:\\\/\\\/www.hotel-westend.com\\\/en\\\/2023\\\/12\\\/13\\\/illuminations-village-de-noel-a-nice\\\/#primaryimage\"},\"thumbnailUrl\":\"https:\\\/\\\/www.hotel-westend.com\\\/wp-content\\\/uploads\\\/2023\\\/12\\\/Noel_Nice_WestEnd-1.png\",\"articleSection\":[\"Actualit\u00e9s\",\"News\",\"News-EN-2022\"],\"inLanguage\":\"en-US\"},{\"@type\":\"WebPage\",\"@id\":\"https:\\\/\\\/www.hotel-westend.com\\\/en\\\/2023\\\/12\\\/13\\\/illuminations-village-de-noel-a-nice\\\/\",\"url\":\"https:\\\/\\\/www.hotel-westend.com\\\/en\\\/2023\\\/12\\\/13\\\/illuminations-village-de-noel-a-nice\\\/\",\"name\":\"Illuminations, Christmas village... Nice, time to celebrate! -\",\"isPartOf\":{\"@id\":\"https:\\\/\\\/www.hotel-westend.com\\\/#website\"},\"primaryImageOfPage\":{\"@id\":\"https:\\\/\\\/www.hotel-westend.com\\\/en\\\/2023\\\/12\\\/13\\\/illuminations-village-de-noel-a-nice\\\/#primaryimage\"},\"image\":{\"@id\":\"https:\\\/\\\/www.hotel-westend.com\\\/en\\\/2023\\\/12\\\/13\\\/illuminations-village-de-noel-a-nice\\\/#primaryimage\"},\"thumbnailUrl\":\"https:\\\/\\\/www.hotel-westend.com\\\/wp-content\\\/uploads\\\/2023\\\/12\\\/Noel_Nice_WestEnd-1.png\",\"datePublished\":\"2023-12-13T07:30:33+00:00\",\"dateModified\":\"2023-12-21T07:42:20+00:00\",\"author\":{\"@id\":\"https:\\\/\\\/www.hotel-westend.com\\\/#\\\/schema\\\/person\\\/c3ec475886346e12750f94aa1d3d9458\"},\"description\":\"Christmas in Nice! Nice is decked out in its finest Christmas lights to celebrate the festive season in style.\",\"breadcrumb\":{\"@id\":\"https:\\\/\\\/www.hotel-westend.com\\\/en\\\/2023\\\/12\\\/13\\\/illuminations-village-de-noel-a-nice\\\/#breadcrumb\"},\"inLanguage\":\"en-US\",\"potentialAction\":[{\"@type\":\"ReadAction\",\"target\":[\"https:\\\/\\\/www.hotel-westend.com\\\/en\\\/2023\\\/12\\\/13\\\/illuminations-village-de-noel-a-nice\\\/\"]}]},{\"@type\":\"ImageObject\",\"inLanguage\":\"en-US\",\"@id\":\"https:\\\/\\\/www.hotel-westend.com\\\/en\\\/2023\\\/12\\\/13\\\/illuminations-village-de-noel-a-nice\\\/#primaryimage\",\"url\":\"https:\\\/\\\/www.hotel-westend.com\\\/wp-content\\\/uploads\\\/2023\\\/12\\\/Noel_Nice_WestEnd-1.png\",\"contentUrl\":\"https:\\\/\\\/www.hotel-westend.com\\\/wp-content\\\/uploads\\\/2023\\\/12\\\/Noel_Nice_WestEnd-1.png\",\"width\":2041,\"height\":1323,\"caption\":\"March\u00e9 de No\u00ebl \u00e0 Nice\"},{\"@type\":\"BreadcrumbList\",\"@id\":\"https:\\\/\\\/www.hotel-westend.com\\\/en\\\/2023\\\/12\\\/13\\\/illuminations-village-de-noel-a-nice\\\/#breadcrumb\",\"itemListElement\":[{\"@type\":\"ListItem\",\"position\":1,\"name\":\"Accueil\",\"item\":\"https:\\\/\\\/www.hotel-westend.com\\\/en\\\/\"},{\"@type\":\"ListItem\",\"position\":2,\"name\":\"Illuminations, Christmas village&#8230; Nice, time to celebrate!\"}]},{\"@type\":\"WebSite\",\"@id\":\"https:\\\/\\\/www.hotel-westend.com\\\/#website\",\"url\":\"https:\\\/\\\/www.hotel-westend.com\\\/\",\"name\":\"Hotel Westend Nice\",\"description\":\"Hotel 4 Etoiles Nice - Promenade Anglais | OFFICIEL \",\"potentialAction\":[{\"@type\":\"SearchAction\",\"target\":{\"@type\":\"EntryPoint\",\"urlTemplate\":\"https:\\\/\\\/www.hotel-westend.com\\\/?s={search_term_string}\"},\"query-input\":{\"@type\":\"PropertyValueSpecification\",\"valueRequired\":true,\"valueName\":\"search_term_string\"}}],\"inLanguage\":\"en-US\"},{\"@type\":\"Person\",\"@id\":\"https:\\\/\\\/www.hotel-westend.com\\\/#\\\/schema\\\/person\\\/c3ec475886346e12750f94aa1d3d9458\",\"name\":\"AgenceAZ\",\"url\":\"https:\\\/\\\/www.hotel-westend.com\\\/en\\\/author\\\/agenceaz\\\/\"}]}<\/script>\n<!-- \/ Yoast SEO plugin. -->","yoast_head_json":{"title":"Illuminations, Christmas village... Nice, time to celebrate! -","description":"Christmas in Nice! Nice is decked out in its finest Christmas lights to celebrate the festive season in style.","robots":{"index":"index","follow":"follow","max-snippet":"max-snippet:-1","max-image-preview":"max-image-preview:large","max-video-preview":"max-video-preview:-1"},"canonical":"https:\/\/www.hotel-westend.com\/en\/2023\/12\/13\/illuminations-village-de-noel-a-nice\/","og_locale":"en_US","og_type":"article","og_title":"Illuminations, Christmas village... Nice, time to celebrate! -","og_description":"Christmas in Nice! Nice is decked out in its finest Christmas lights to celebrate the festive season in style.","og_url":"https:\/\/www.hotel-westend.com\/en\/2023\/12\/13\/illuminations-village-de-noel-a-nice\/","og_site_name":"Hotel Westend Nice","article_published_time":"2023-12-13T07:30:33+00:00","article_modified_time":"2023-12-21T07:42:20+00:00","og_image":[{"width":1024,"height":664,"url":"https:\/\/www.hotel-westend.com\/wp-content\/uploads\/2023\/12\/Noel_Nice_WestEnd-1-1024x664.png","type":"image\/png"}],"author":"AgenceAZ","twitter_card":"summary_large_image","twitter_misc":{"Written by":"AgenceAZ","Est. reading time":"2 minutes"},"schema":{"@context":"https:\/\/schema.org","@graph":[{"@type":"Article","@id":"https:\/\/www.hotel-westend.com\/en\/2023\/12\/13\/illuminations-village-de-noel-a-nice\/#article","isPartOf":{"@id":"https:\/\/www.hotel-westend.com\/en\/2023\/12\/13\/illuminations-village-de-noel-a-nice\/"},"author":{"name":"AgenceAZ","@id":"https:\/\/www.hotel-westend.com\/#\/schema\/person\/c3ec475886346e12750f94aa1d3d9458"},"headline":"Illuminations, Christmas village&#8230; Nice, time to celebrate!","datePublished":"2023-12-13T07:30:33+00:00","dateModified":"2023-12-21T07:42:20+00:00","mainEntityOfPage":{"@id":"https:\/\/www.hotel-westend.com\/en\/2023\/12\/13\/illuminations-village-de-noel-a-nice\/"},"wordCount":499,"commentCount":0,"image":{"@id":"https:\/\/www.hotel-westend.com\/en\/2023\/12\/13\/illuminations-village-de-noel-a-nice\/#primaryimage"},"thumbnailUrl":"https:\/\/www.hotel-westend.com\/wp-content\/uploads\/2023\/12\/Noel_Nice_WestEnd-1.png","articleSection":["Actualit\u00e9s","News","News-EN-2022"],"inLanguage":"en-US"},{"@type":"WebPage","@id":"https:\/\/www.hotel-westend.com\/en\/2023\/12\/13\/illuminations-village-de-noel-a-nice\/","url":"https:\/\/www.hotel-westend.com\/en\/2023\/12\/13\/illuminations-village-de-noel-a-nice\/","name":"Illuminations, Christmas village... Nice, time to celebrate! -","isPartOf":{"@id":"https:\/\/www.hotel-westend.com\/#website"},"primaryImageOfPage":{"@id":"https:\/\/www.hotel-westend.com\/en\/2023\/12\/13\/illuminations-village-de-noel-a-nice\/#primaryimage"},"image":{"@id":"https:\/\/www.hotel-westend.com\/en\/2023\/12\/13\/illuminations-village-de-noel-a-nice\/#primaryimage"},"thumbnailUrl":"https:\/\/www.hotel-westend.com\/wp-content\/uploads\/2023\/12\/Noel_Nice_WestEnd-1.png","datePublished":"2023-12-13T07:30:33+00:00","dateModified":"2023-12-21T07:42:20+00:00","author":{"@id":"https:\/\/www.hotel-westend.com\/#\/schema\/person\/c3ec475886346e12750f94aa1d3d9458"},"description":"Christmas in Nice! Nice is decked out in its finest Christmas lights to celebrate the festive season in style.","breadcrumb":{"@id":"https:\/\/www.hotel-westend.com\/en\/2023\/12\/13\/illuminations-village-de-noel-a-nice\/#breadcrumb"},"inLanguage":"en-US","potentialAction":[{"@type":"ReadAction","target":["https:\/\/www.hotel-westend.com\/en\/2023\/12\/13\/illuminations-village-de-noel-a-nice\/"]}]},{"@type":"ImageObject","inLanguage":"en-US","@id":"https:\/\/www.hotel-westend.com\/en\/2023\/12\/13\/illuminations-village-de-noel-a-nice\/#primaryimage","url":"https:\/\/www.hotel-westend.com\/wp-content\/uploads\/2023\/12\/Noel_Nice_WestEnd-1.png","contentUrl":"https:\/\/www.hotel-westend.com\/wp-content\/uploads\/2023\/12\/Noel_Nice_WestEnd-1.png","width":2041,"height":1323,"caption":"March\u00e9 de No\u00ebl \u00e0 Nice"},{"@type":"BreadcrumbList","@id":"https:\/\/www.hotel-westend.com\/en\/2023\/12\/13\/illuminations-village-de-noel-a-nice\/#breadcrumb","itemListElement":[{"@type":"ListItem","position":1,"name":"Accueil","item":"https:\/\/www.hotel-westend.com\/en\/"},{"@type":"ListItem","position":2,"name":"Illuminations, Christmas village&#8230; Nice, time to celebrate!"}]},{"@type":"WebSite","@id":"https:\/\/www.hotel-westend.com\/#website","url":"https:\/\/www.hotel-westend.com\/","name":"Hotel Westend Nice","description":"Hotel 4 Etoiles Nice - Promenade Anglais | OFFICIEL ","potentialAction":[{"@type":"SearchAction","target":{"@type":"EntryPoint","urlTemplate":"https:\/\/www.hotel-westend.com\/?s={search_term_string}"},"query-input":{"@type":"PropertyValueSpecification","valueRequired":true,"valueName":"search_term_string"}}],"inLanguage":"en-US"},{"@type":"Person","@id":"https:\/\/www.hotel-westend.com\/#\/schema\/person\/c3ec475886346e12750f94aa1d3d9458","name":"AgenceAZ","url":"https:\/\/www.hotel-westend.com\/en\/author\/agenceaz\/"}]}},"_links":{"self":[{"href":"https:\/\/www.hotel-westend.com\/en\/wp-json\/wp\/v2\/posts\/6838","targetHints":{"allow":["GET"]}}],"collection":[{"href":"https:\/\/www.hotel-westend.com\/en\/wp-json\/wp\/v2\/posts"}],"about":[{"href":"https:\/\/www.hotel-westend.com\/en\/wp-json\/wp\/v2\/types\/post"}],"author":[{"embeddable":true,"href":"https:\/\/www.hotel-westend.com\/en\/wp-json\/wp\/v2\/users\/7"}],"replies":[{"embeddable":true,"href":"https:\/\/www.hotel-westend.com\/en\/wp-json\/wp\/v2\/comments?post=6838"}],"version-history":[{"count":5,"href":"https:\/\/www.hotel-westend.com\/en\/wp-json\/wp\/v2\/posts\/6838\/revisions"}],"predecessor-version":[{"id":6847,"href":"https:\/\/www.hotel-westend.com\/en\/wp-json\/wp\/v2\/posts\/6838\/revisions\/6847"}],"wp:featuredmedia":[{"embeddable":true,"href":"https:\/\/www.hotel-westend.com\/en\/wp-json\/wp\/v2\/media\/6810"}],"wp:attachment":[{"href":"https:\/\/www.hotel-westend.com\/en\/wp-json\/wp\/v2\/media?parent=6838"}],"wp:term":[{"taxonomy":"category","embeddable":true,"href":"https:\/\/www.hotel-westend.com\/en\/wp-json\/wp\/v2\/categories?post=6838"},{"taxonomy":"post_tag","embeddable":true,"href":"https:\/\/www.hotel-westend.com\/en\/wp-json\/wp\/v2\/tags?post=6838"}],"curies":[{"name":"wp","href":"https:\/\/api.w.org\/{rel}","templated":true}]}}