{"id":6851,"date":"2023-12-20T10:01:30","date_gmt":"2023-12-20T09:01:30","guid":{"rendered":"https:\/\/www.hotel-westend.com\/2023\/12\/20\/noel-luceram-le-village-des-creches\/"},"modified":"2023-12-21T08:50:15","modified_gmt":"2023-12-21T07:50:15","slug":"noel-luceram-le-village-des-creches","status":"publish","type":"post","link":"https:\/\/www.hotel-westend.com\/en\/2023\/12\/20\/noel-luceram-le-village-des-creches\/","title":{"rendered":"Christmas: Luc\u00e9ram, the village of 450 cots"},"content":{"rendered":"<p>[et_pb_section fb_built=&#8221;1&#8243; admin_label=&#8221;section&#8221; _builder_version=&#8221;4.16&#8243; min_height=&#8221;629.4px&#8221; custom_padding=&#8221;||0px|||&#8221; global_colors_info=&#8221;{}&#8221;][et_pb_row admin_label=&#8221;row&#8221; _builder_version=&#8221;4.16&#8243; background_size=&#8221;initial&#8221; background_position=&#8221;top_left&#8221; background_repeat=&#8221;repeat&#8221; custom_padding=&#8221;||0px|||&#8221; global_colors_info=&#8221;{}&#8221;][et_pb_column type=&#8221;4_4&#8243; _builder_version=&#8221;4.16&#8243; custom_padding=&#8221;|||&#8221; global_colors_info=&#8221;{}&#8221; custom_padding__hover=&#8221;|||&#8221;][et_pb_text module_class=&#8221;tiretsInverse&#8221; _builder_version=&#8221;4.23.1&#8243; _module_preset=&#8221;default&#8221; header_2_font=&#8221;Gilda Display||||||||&#8221; header_2_text_color=&#8221;#9b8760&#8243; header_2_font_size=&#8221;58px&#8221; width=&#8221;100%&#8221; custom_margin=&#8221;|||0px|false|false&#8221; custom_padding=&#8221;|||0px||&#8221; hover_enabled=&#8221;0&#8243; locked=&#8221;off&#8221; global_colors_info=&#8221;{}&#8221; sticky_enabled=&#8221;0&#8243;]<\/p>\n<h2 style=\"font-weight: 400;\">Christmas: Luc\u00e9ram, the village of 450 cots<\/h2>\n<p>[\/et_pb_text][et_pb_image src=&#8221;https:\/\/www.hotel-westend.com\/wp-content\/uploads\/2023\/12\/Luceram_WestEnd.png&#8221; alt=&#8221;No\u00ebl : Luc\u00e9ram, le village des 450 cr\u00e8ches&#8221; title_text=&#8221;Luceram_WestEnd&#8221; align=&#8221;center&#8221; _builder_version=&#8221;4.23.1&#8243; _module_preset=&#8221;default&#8221; width=&#8221;58%&#8221; max_width=&#8221;71%&#8221; min_height=&#8221;100px&#8221; height=&#8221;378px&#8221; custom_margin=&#8221;||0px||false|false&#8221; global_colors_info=&#8221;{}&#8221;][\/et_pb_image][et_pb_text admin_label=&#8221;Text&#8221; _builder_version=&#8221;4.23.1&#8243; background_size=&#8221;initial&#8221; background_position=&#8221;top_left&#8221; background_repeat=&#8221;repeat&#8221; hover_enabled=&#8221;0&#8243; global_colors_info=&#8221;{}&#8221; sticky_enabled=&#8221;0&#8243;]<\/p>\n<p>&nbsp;<\/p>\n<p style=\"font-weight: 400;\">From the beginning of December until 7 January 2024, the medieval village of Luc\u00e9ram in the hinterland of Nice is hosting its traditional <a href=\"https:\/\/www.maisondepaysdeluceram.fr\/\">Circuit des Cr\u00e8ches<\/a>. Built on a rocky outcrop, the village is staging the 26th edition of this annual event, eagerly awaited by locals and visitors alike. In all, no fewer than 450 cots will be taking over the village streets.<\/p>\n<p style=\"font-weight: 400;\">From the simplest to the most sophisticated, from the largest to the tiniest, the cots have been installed in every nook and cranny of the village, on the windows of homes, in the village church, at the oil mill, at the cot museum&#8230; as you can see, the cots are everywhere! This freely accessible tour invites visitors to wander through the narrow streets and discover unique and original creations: cots from around the world, contemporary cots, Proven\u00e7al cots and many more.<\/p>\n<p style=\"font-weight: 400;\">This event, which attracts thousands of visitors every year, is organised by the &#8220;<em>Association Maison de Pays de Luc\u00e9ram et du Haut Paillon<\/em>&#8220;. If you&#8217;re staying with your family at the <a href=\"https:\/\/www.hotel-westend.com\/en\/special-offers\/\">West End hotel<\/a> &#8211; a member of 3A H\u00f4tels La Collection &#8211; the Luc\u00e9ram cots tour is a great way to get away from it all. In less than an hour, you&#8217;ll go from a magnificent view of the Promenade des Anglais and the deep blue sea to the bucolic charm of the valleys of Nice and its authenticity.<\/p>\n<p style=\"font-weight: 400;\"><strong>Practicalities<\/strong>: The Nativity Scene Tour is open every day &#8211; and at weekends &#8211; from 10am to 12.30pm and from 2pm to 5.30pm. On Christmas Day and New Year&#8217;s Day, the tour will only be open in the afternoon.<\/p>\n<p style=\"font-weight: 400;\">[\/et_pb_text][\/et_pb_column][\/et_pb_row][\/et_pb_section]<\/p>\n","protected":false},"excerpt":{"rendered":"<p>Until 7 January 2024, the pretty medieval village of Luc\u00e9ram is hosting its traditional Nativity Scene Circuit. <\/p>\n","protected":false},"author":7,"featured_media":6831,"comment_status":"open","ping_status":"open","sticky":false,"template":"","format":"standard","meta":{"_et_pb_use_builder":"on","_et_pb_old_content":"<!-- wp:paragraph -->\r\n<p>Du 13 au 27 f\u00e9vrier 2021, Nice deviendra la Capitale mondiale de la mode avec la 137e \u00e9dition du Carnaval sur le th\u00e8me \u00ab Roi des animaux \u00bb. Venez admirer le Roi, la Reine et leurs sujets et participer aux extravagants d\u00e9fil\u00e9s de chars, de grosses t\u00eates et aux \u00e9l\u00e9gantes Batailles de Fleurs.<\/p>\r\n<!-- \/wp:paragraph -->\r\n\r\n<!-- wp:paragraph -->\r\n<p>Pendant 15 jours, le Carnaval de Nice, avec ses deux manifestations\u00a0: les Corsi carnavalesques (de jour ou de nuit) et les Batailles de fleurs, imposera son style et vous offrira un spectacle burlesque, magique et initiatique d\u00e9di\u00e9 \u00e0 la mode sous toutes ses coutures.<\/p>\r\n<!-- \/wp:paragraph -->\r\n\r\n<!-- wp:paragraph -->\r\n<p>Les chars cr\u00e9\u00e9s sur le th\u00e8me d\u00e9fileront lors des Corsi carnavalesques (mardis, samedis et dimanche), accompagn\u00e9s de grosses t\u00eates et d\u2019artistes venant du monde entier dans une ambiance festive et populaire, savamment sc\u00e9nographi\u00e9e, pour revisiter l\u2019histoire de la mode, vous faire rire, sourire mais aussi r\u00e9fl\u00e9chir sur la mode et ses dessous. Car si la mode lance des tendances et bouleverse les codes comme les comportements, elle a aussi un r\u00f4le \u00e9thique et responsable \u00e0 jouer.<\/p>\r\n<!-- \/wp:paragraph -->\r\n\r\n<!-- wp:paragraph -->\r\n<p>Les mercredis et samedis apr\u00e8s-midi, venez d\u00e9couvrir l\u2019autre temps du fort du Carnaval\u00a0: les Batailles de Fleurs o\u00f9 le th\u00e8me sera d\u00e9clin\u00e9 sur des chars orn\u00e9s de fleurs valorisant la production locale (80% des fleurs sont produites dans la r\u00e9gion) et anim\u00e9s par des com\u00e9diennes qui porteront des costumes sp\u00e9cialement con\u00e7us pour la manifestation. Un d\u00e9fil\u00e9 unique au monde o\u00f9 des milliers de fleurs seront distribu\u00e9es.<\/p>\r\n<!-- \/wp:paragraph -->\r\n\r\n<!-- wp:paragraph -->\r\n<p>Et n\u2019oubliez pas, grands et petits, d\u00e9guisez de la t\u00eate aux pieds, les corsi seront gratuits\u00a0!<\/p>\r\n<!-- \/wp:paragraph -->\r\n\r\n<!-- wp:paragraph -->\r\n<p><strong>Alors venez prendre part \u00e0 la f\u00eate du 13 au 27 f\u00e9vrier 2021 \u00e0 Nice.<\/strong><\/p>\r\n<!-- \/wp:paragraph -->","_et_gb_content_width":"1150","inline_featured_image":false,"footnotes":""},"categories":[36,37,35],"tags":[],"class_list":["post-6851","post","type-post","status-publish","format-standard","has-post-thumbnail","hentry","category-actualites-en","category-news-en","category-news-en-2022"],"yoast_head":"<!-- This site is optimized with the Yoast SEO plugin v27.5 - https:\/\/yoast.com\/product\/yoast-seo-wordpress\/ -->\n<title>Christmas: Luc\u00e9ram, the village of 450 cots -<\/title>\n<meta name=\"description\" content=\"Until 7 January 2024, the pretty medieval village of Luc\u00e9ram is hosting its traditional Nativity Scene Circuit.\" \/>\n<meta name=\"robots\" content=\"index, follow, max-snippet:-1, max-image-preview:large, max-video-preview:-1\" \/>\n<link rel=\"canonical\" href=\"https:\/\/www.hotel-westend.com\/en\/2023\/12\/20\/noel-luceram-le-village-des-creches\/\" \/>\n<meta property=\"og:locale\" content=\"en_US\" \/>\n<meta property=\"og:type\" content=\"article\" \/>\n<meta property=\"og:title\" content=\"Christmas: Luc\u00e9ram, the village of 450 cots -\" \/>\n<meta property=\"og:description\" content=\"Until 7 January 2024, the pretty medieval village of Luc\u00e9ram is hosting its traditional Nativity Scene Circuit.\" \/>\n<meta property=\"og:url\" content=\"https:\/\/www.hotel-westend.com\/en\/2023\/12\/20\/noel-luceram-le-village-des-creches\/\" \/>\n<meta property=\"og:site_name\" content=\"Hotel Westend Nice\" \/>\n<meta property=\"article:published_time\" content=\"2023-12-20T09:01:30+00:00\" \/>\n<meta property=\"article:modified_time\" content=\"2023-12-21T07:50:15+00:00\" \/>\n<meta property=\"og:image\" content=\"https:\/\/www.hotel-westend.com\/wp-content\/uploads\/2023\/12\/Luceram_WestEnd-1024x664.png\" \/>\n\t<meta property=\"og:image:width\" content=\"1024\" \/>\n\t<meta property=\"og:image:height\" content=\"664\" \/>\n\t<meta property=\"og:image:type\" content=\"image\/png\" \/>\n<meta name=\"author\" content=\"AgenceAZ\" \/>\n<meta name=\"twitter:card\" content=\"summary_large_image\" \/>\n<meta name=\"twitter:label1\" content=\"Written by\" \/>\n\t<meta name=\"twitter:data1\" content=\"AgenceAZ\" \/>\n\t<meta name=\"twitter:label2\" content=\"Est. reading time\" \/>\n\t<meta name=\"twitter:data2\" content=\"2 minutes\" \/>\n<script type=\"application\/ld+json\" class=\"yoast-schema-graph\">{\"@context\":\"https:\\\/\\\/schema.org\",\"@graph\":[{\"@type\":\"Article\",\"@id\":\"https:\\\/\\\/www.hotel-westend.com\\\/en\\\/2023\\\/12\\\/20\\\/noel-luceram-le-village-des-creches\\\/#article\",\"isPartOf\":{\"@id\":\"https:\\\/\\\/www.hotel-westend.com\\\/en\\\/2023\\\/12\\\/20\\\/noel-luceram-le-village-des-creches\\\/\"},\"author\":{\"name\":\"AgenceAZ\",\"@id\":\"https:\\\/\\\/www.hotel-westend.com\\\/#\\\/schema\\\/person\\\/c3ec475886346e12750f94aa1d3d9458\"},\"headline\":\"Christmas: Luc\u00e9ram, the village of 450 cots\",\"datePublished\":\"2023-12-20T09:01:30+00:00\",\"dateModified\":\"2023-12-21T07:50:15+00:00\",\"mainEntityOfPage\":{\"@id\":\"https:\\\/\\\/www.hotel-westend.com\\\/en\\\/2023\\\/12\\\/20\\\/noel-luceram-le-village-des-creches\\\/\"},\"wordCount\":482,\"commentCount\":0,\"image\":{\"@id\":\"https:\\\/\\\/www.hotel-westend.com\\\/en\\\/2023\\\/12\\\/20\\\/noel-luceram-le-village-des-creches\\\/#primaryimage\"},\"thumbnailUrl\":\"https:\\\/\\\/www.hotel-westend.com\\\/wp-content\\\/uploads\\\/2023\\\/12\\\/Luceram_WestEnd.png\",\"articleSection\":[\"Actualit\u00e9s\",\"News\",\"News-EN-2022\"],\"inLanguage\":\"en-US\"},{\"@type\":\"WebPage\",\"@id\":\"https:\\\/\\\/www.hotel-westend.com\\\/en\\\/2023\\\/12\\\/20\\\/noel-luceram-le-village-des-creches\\\/\",\"url\":\"https:\\\/\\\/www.hotel-westend.com\\\/en\\\/2023\\\/12\\\/20\\\/noel-luceram-le-village-des-creches\\\/\",\"name\":\"Christmas: Luc\u00e9ram, the village of 450 cots -\",\"isPartOf\":{\"@id\":\"https:\\\/\\\/www.hotel-westend.com\\\/#website\"},\"primaryImageOfPage\":{\"@id\":\"https:\\\/\\\/www.hotel-westend.com\\\/en\\\/2023\\\/12\\\/20\\\/noel-luceram-le-village-des-creches\\\/#primaryimage\"},\"image\":{\"@id\":\"https:\\\/\\\/www.hotel-westend.com\\\/en\\\/2023\\\/12\\\/20\\\/noel-luceram-le-village-des-creches\\\/#primaryimage\"},\"thumbnailUrl\":\"https:\\\/\\\/www.hotel-westend.com\\\/wp-content\\\/uploads\\\/2023\\\/12\\\/Luceram_WestEnd.png\",\"datePublished\":\"2023-12-20T09:01:30+00:00\",\"dateModified\":\"2023-12-21T07:50:15+00:00\",\"author\":{\"@id\":\"https:\\\/\\\/www.hotel-westend.com\\\/#\\\/schema\\\/person\\\/c3ec475886346e12750f94aa1d3d9458\"},\"description\":\"Until 7 January 2024, the pretty medieval village of Luc\u00e9ram is hosting its traditional Nativity Scene Circuit.\",\"breadcrumb\":{\"@id\":\"https:\\\/\\\/www.hotel-westend.com\\\/en\\\/2023\\\/12\\\/20\\\/noel-luceram-le-village-des-creches\\\/#breadcrumb\"},\"inLanguage\":\"en-US\",\"potentialAction\":[{\"@type\":\"ReadAction\",\"target\":[\"https:\\\/\\\/www.hotel-westend.com\\\/en\\\/2023\\\/12\\\/20\\\/noel-luceram-le-village-des-creches\\\/\"]}]},{\"@type\":\"ImageObject\",\"inLanguage\":\"en-US\",\"@id\":\"https:\\\/\\\/www.hotel-westend.com\\\/en\\\/2023\\\/12\\\/20\\\/noel-luceram-le-village-des-creches\\\/#primaryimage\",\"url\":\"https:\\\/\\\/www.hotel-westend.com\\\/wp-content\\\/uploads\\\/2023\\\/12\\\/Luceram_WestEnd.png\",\"contentUrl\":\"https:\\\/\\\/www.hotel-westend.com\\\/wp-content\\\/uploads\\\/2023\\\/12\\\/Luceram_WestEnd.png\",\"width\":2041,\"height\":1323,\"caption\":\"No\u00ebl : Luc\u00e9ram, le village des 450 cr\u00e8ches\"},{\"@type\":\"BreadcrumbList\",\"@id\":\"https:\\\/\\\/www.hotel-westend.com\\\/en\\\/2023\\\/12\\\/20\\\/noel-luceram-le-village-des-creches\\\/#breadcrumb\",\"itemListElement\":[{\"@type\":\"ListItem\",\"position\":1,\"name\":\"Accueil\",\"item\":\"https:\\\/\\\/www.hotel-westend.com\\\/en\\\/\"},{\"@type\":\"ListItem\",\"position\":2,\"name\":\"Christmas: Luc\u00e9ram, the village of 450 cots\"}]},{\"@type\":\"WebSite\",\"@id\":\"https:\\\/\\\/www.hotel-westend.com\\\/#website\",\"url\":\"https:\\\/\\\/www.hotel-westend.com\\\/\",\"name\":\"Hotel Westend Nice\",\"description\":\"Hotel 4 Etoiles Nice - Promenade Anglais | OFFICIEL \",\"potentialAction\":[{\"@type\":\"SearchAction\",\"target\":{\"@type\":\"EntryPoint\",\"urlTemplate\":\"https:\\\/\\\/www.hotel-westend.com\\\/?s={search_term_string}\"},\"query-input\":{\"@type\":\"PropertyValueSpecification\",\"valueRequired\":true,\"valueName\":\"search_term_string\"}}],\"inLanguage\":\"en-US\"},{\"@type\":\"Person\",\"@id\":\"https:\\\/\\\/www.hotel-westend.com\\\/#\\\/schema\\\/person\\\/c3ec475886346e12750f94aa1d3d9458\",\"name\":\"AgenceAZ\",\"url\":\"https:\\\/\\\/www.hotel-westend.com\\\/en\\\/author\\\/agenceaz\\\/\"}]}<\/script>\n<!-- \/ Yoast SEO plugin. -->","yoast_head_json":{"title":"Christmas: Luc\u00e9ram, the village of 450 cots -","description":"Until 7 January 2024, the pretty medieval village of Luc\u00e9ram is hosting its traditional Nativity Scene Circuit.","robots":{"index":"index","follow":"follow","max-snippet":"max-snippet:-1","max-image-preview":"max-image-preview:large","max-video-preview":"max-video-preview:-1"},"canonical":"https:\/\/www.hotel-westend.com\/en\/2023\/12\/20\/noel-luceram-le-village-des-creches\/","og_locale":"en_US","og_type":"article","og_title":"Christmas: Luc\u00e9ram, the village of 450 cots -","og_description":"Until 7 January 2024, the pretty medieval village of Luc\u00e9ram is hosting its traditional Nativity Scene Circuit.","og_url":"https:\/\/www.hotel-westend.com\/en\/2023\/12\/20\/noel-luceram-le-village-des-creches\/","og_site_name":"Hotel Westend Nice","article_published_time":"2023-12-20T09:01:30+00:00","article_modified_time":"2023-12-21T07:50:15+00:00","og_image":[{"width":1024,"height":664,"url":"https:\/\/www.hotel-westend.com\/wp-content\/uploads\/2023\/12\/Luceram_WestEnd-1024x664.png","type":"image\/png"}],"author":"AgenceAZ","twitter_card":"summary_large_image","twitter_misc":{"Written by":"AgenceAZ","Est. reading time":"2 minutes"},"schema":{"@context":"https:\/\/schema.org","@graph":[{"@type":"Article","@id":"https:\/\/www.hotel-westend.com\/en\/2023\/12\/20\/noel-luceram-le-village-des-creches\/#article","isPartOf":{"@id":"https:\/\/www.hotel-westend.com\/en\/2023\/12\/20\/noel-luceram-le-village-des-creches\/"},"author":{"name":"AgenceAZ","@id":"https:\/\/www.hotel-westend.com\/#\/schema\/person\/c3ec475886346e12750f94aa1d3d9458"},"headline":"Christmas: Luc\u00e9ram, the village of 450 cots","datePublished":"2023-12-20T09:01:30+00:00","dateModified":"2023-12-21T07:50:15+00:00","mainEntityOfPage":{"@id":"https:\/\/www.hotel-westend.com\/en\/2023\/12\/20\/noel-luceram-le-village-des-creches\/"},"wordCount":482,"commentCount":0,"image":{"@id":"https:\/\/www.hotel-westend.com\/en\/2023\/12\/20\/noel-luceram-le-village-des-creches\/#primaryimage"},"thumbnailUrl":"https:\/\/www.hotel-westend.com\/wp-content\/uploads\/2023\/12\/Luceram_WestEnd.png","articleSection":["Actualit\u00e9s","News","News-EN-2022"],"inLanguage":"en-US"},{"@type":"WebPage","@id":"https:\/\/www.hotel-westend.com\/en\/2023\/12\/20\/noel-luceram-le-village-des-creches\/","url":"https:\/\/www.hotel-westend.com\/en\/2023\/12\/20\/noel-luceram-le-village-des-creches\/","name":"Christmas: Luc\u00e9ram, the village of 450 cots -","isPartOf":{"@id":"https:\/\/www.hotel-westend.com\/#website"},"primaryImageOfPage":{"@id":"https:\/\/www.hotel-westend.com\/en\/2023\/12\/20\/noel-luceram-le-village-des-creches\/#primaryimage"},"image":{"@id":"https:\/\/www.hotel-westend.com\/en\/2023\/12\/20\/noel-luceram-le-village-des-creches\/#primaryimage"},"thumbnailUrl":"https:\/\/www.hotel-westend.com\/wp-content\/uploads\/2023\/12\/Luceram_WestEnd.png","datePublished":"2023-12-20T09:01:30+00:00","dateModified":"2023-12-21T07:50:15+00:00","author":{"@id":"https:\/\/www.hotel-westend.com\/#\/schema\/person\/c3ec475886346e12750f94aa1d3d9458"},"description":"Until 7 January 2024, the pretty medieval village of Luc\u00e9ram is hosting its traditional Nativity Scene Circuit.","breadcrumb":{"@id":"https:\/\/www.hotel-westend.com\/en\/2023\/12\/20\/noel-luceram-le-village-des-creches\/#breadcrumb"},"inLanguage":"en-US","potentialAction":[{"@type":"ReadAction","target":["https:\/\/www.hotel-westend.com\/en\/2023\/12\/20\/noel-luceram-le-village-des-creches\/"]}]},{"@type":"ImageObject","inLanguage":"en-US","@id":"https:\/\/www.hotel-westend.com\/en\/2023\/12\/20\/noel-luceram-le-village-des-creches\/#primaryimage","url":"https:\/\/www.hotel-westend.com\/wp-content\/uploads\/2023\/12\/Luceram_WestEnd.png","contentUrl":"https:\/\/www.hotel-westend.com\/wp-content\/uploads\/2023\/12\/Luceram_WestEnd.png","width":2041,"height":1323,"caption":"No\u00ebl : Luc\u00e9ram, le village des 450 cr\u00e8ches"},{"@type":"BreadcrumbList","@id":"https:\/\/www.hotel-westend.com\/en\/2023\/12\/20\/noel-luceram-le-village-des-creches\/#breadcrumb","itemListElement":[{"@type":"ListItem","position":1,"name":"Accueil","item":"https:\/\/www.hotel-westend.com\/en\/"},{"@type":"ListItem","position":2,"name":"Christmas: Luc\u00e9ram, the village of 450 cots"}]},{"@type":"WebSite","@id":"https:\/\/www.hotel-westend.com\/#website","url":"https:\/\/www.hotel-westend.com\/","name":"Hotel Westend Nice","description":"Hotel 4 Etoiles Nice - Promenade Anglais | OFFICIEL ","potentialAction":[{"@type":"SearchAction","target":{"@type":"EntryPoint","urlTemplate":"https:\/\/www.hotel-westend.com\/?s={search_term_string}"},"query-input":{"@type":"PropertyValueSpecification","valueRequired":true,"valueName":"search_term_string"}}],"inLanguage":"en-US"},{"@type":"Person","@id":"https:\/\/www.hotel-westend.com\/#\/schema\/person\/c3ec475886346e12750f94aa1d3d9458","name":"AgenceAZ","url":"https:\/\/www.hotel-westend.com\/en\/author\/agenceaz\/"}]}},"_links":{"self":[{"href":"https:\/\/www.hotel-westend.com\/en\/wp-json\/wp\/v2\/posts\/6851","targetHints":{"allow":["GET"]}}],"collection":[{"href":"https:\/\/www.hotel-westend.com\/en\/wp-json\/wp\/v2\/posts"}],"about":[{"href":"https:\/\/www.hotel-westend.com\/en\/wp-json\/wp\/v2\/types\/post"}],"author":[{"embeddable":true,"href":"https:\/\/www.hotel-westend.com\/en\/wp-json\/wp\/v2\/users\/7"}],"replies":[{"embeddable":true,"href":"https:\/\/www.hotel-westend.com\/en\/wp-json\/wp\/v2\/comments?post=6851"}],"version-history":[{"count":2,"href":"https:\/\/www.hotel-westend.com\/en\/wp-json\/wp\/v2\/posts\/6851\/revisions"}],"predecessor-version":[{"id":6854,"href":"https:\/\/www.hotel-westend.com\/en\/wp-json\/wp\/v2\/posts\/6851\/revisions\/6854"}],"wp:featuredmedia":[{"embeddable":true,"href":"https:\/\/www.hotel-westend.com\/en\/wp-json\/wp\/v2\/media\/6831"}],"wp:attachment":[{"href":"https:\/\/www.hotel-westend.com\/en\/wp-json\/wp\/v2\/media?parent=6851"}],"wp:term":[{"taxonomy":"category","embeddable":true,"href":"https:\/\/www.hotel-westend.com\/en\/wp-json\/wp\/v2\/categories?post=6851"},{"taxonomy":"post_tag","embeddable":true,"href":"https:\/\/www.hotel-westend.com\/en\/wp-json\/wp\/v2\/tags?post=6851"}],"curies":[{"name":"wp","href":"https:\/\/api.w.org\/{rel}","templated":true}]}}