{"id":6887,"date":"2024-01-03T10:14:08","date_gmt":"2024-01-03T09:14:08","guid":{"rendered":"https:\/\/www.hotel-westend.com\/2024\/01\/03\/prom-classic-nice-rendez-vous-24e-edition\/"},"modified":"2024-01-16T17:06:25","modified_gmt":"2024-01-16T16:06:25","slug":"prom-classic-in-nice-24th-edition","status":"publish","type":"post","link":"https:\/\/www.hotel-westend.com\/en\/2024\/01\/03\/prom-classic-in-nice-24th-edition\/","title":{"rendered":"Prom&#8217;Classic in Nice : ready for the 24th edition !"},"content":{"rendered":"<p>[et_pb_section fb_built=&#8221;1&#8243; admin_label=&#8221;section&#8221; _builder_version=&#8221;4.16&#8243; min_height=&#8221;629.4px&#8221; custom_padding=&#8221;||0px|||&#8221; global_colors_info=&#8221;{}&#8221;][et_pb_row admin_label=&#8221;row&#8221; _builder_version=&#8221;4.16&#8243; background_size=&#8221;initial&#8221; background_position=&#8221;top_left&#8221; background_repeat=&#8221;repeat&#8221; custom_padding=&#8221;||0px|||&#8221; global_colors_info=&#8221;{}&#8221;][et_pb_column type=&#8221;4_4&#8243; _builder_version=&#8221;4.16&#8243; custom_padding=&#8221;|||&#8221; global_colors_info=&#8221;{}&#8221; custom_padding__hover=&#8221;|||&#8221;][et_pb_text module_class=&#8221;tiretsInverse&#8221; _builder_version=&#8221;4.23.4&#8243; _module_preset=&#8221;default&#8221; header_2_font=&#8221;Gilda Display||||||||&#8221; header_2_text_color=&#8221;#9b8760&#8243; header_2_font_size=&#8221;58px&#8221; width=&#8221;100%&#8221; custom_margin=&#8221;|||0px|false|false&#8221; custom_padding=&#8221;|||0px||&#8221; locked=&#8221;off&#8221; global_colors_info=&#8221;{}&#8221;]<\/p>\n<h2><span class=\"il\">Prom<\/span>&#8216;<span class=\"il\">Classic<\/span>\u00a0in Nice : ready for the 24th edition !<\/h2>\n<p>[\/et_pb_text][et_pb_image src=&#8221;https:\/\/www.hotel-westend.com\/wp-content\/uploads\/2024\/01\/PromClassic_WestEnd.png&#8221; alt=&#8221;Prom\u2019Classic \u00e0 Nice : rendez-vous pour la 24e \u00e9dition !&#8221; title_text=&#8221;PromClassic_WestEnd&#8221; align=&#8221;center&#8221; _builder_version=&#8221;4.23.1&#8243; _module_preset=&#8221;default&#8221; width=&#8221;58%&#8221; max_width=&#8221;71%&#8221; min_height=&#8221;100px&#8221; height=&#8221;378px&#8221; custom_margin=&#8221;||0px||false|false&#8221; global_colors_info=&#8221;{}&#8221;][\/et_pb_image][et_pb_text admin_label=&#8221;Text&#8221; _builder_version=&#8221;4.23.4&#8243; background_size=&#8221;initial&#8221; background_position=&#8221;top_left&#8221; background_repeat=&#8221;repeat&#8221; global_colors_info=&#8221;{}&#8221;]<\/p>\n<p>With its 7-kilometre-long Promenade des Anglais, its majestic palm trees on the Baie des Anges and its wonderful\u00a0luminosity, Nice is a land of sports offering\u00a0a wide number of\u00a0possibilities. Every year, several events are organised in the\u00a0city, attracting thousands of participants ready for\u00a0challenge.\u00a0In order to start\u00a02024, <strong>the 24th edition of the\u00a0<span class=\"il\">Prom<\/span>&#8216;<span class=\"il\">Classic<\/span><\/strong>\u00a0will take\u00a0place\u00a0in\u00a0January, on the 7th. This 10km race is open to\u00a0everyone, from\u00a0amateurs\u00a0to\u00a0competitors alike, in both timed and non-timed versions.<\/p>\n<p>Running along the seafront, the\u00a0<span class=\"il\">Prom<\/span>&#8216;<span class=\"il\">Classic<\/span>\u00a0is the first sporting event of the year on the C\u00f4te d&#8217;Azur.\u00a0Close to\u00a010,000 runners are expected on the Promenade des Anglais, which is celebrating its 200th anniversary this year! For 2024, as part of the race&#8217;s eco-responsible approach and in order to limit its impact on the environment, a collector&#8217;s t-shirt made in Europe will be offered as an optional extra to all runners.<\/p>\n<p>Alongside the Promenade des Anglais and just a few meters from the\u00a0starting\u00a0line, the H\u00f4tel West End**** &#8211; member of the 3A H\u00f4tel La Collection group &#8211; is the perfect place to make the most of this sporting adventure. With its magnificent Belle \u00c9poque-style rooms overlooking the Mediterranean\u00a0Sea, and its gourmet restaurant Le Si\u00e8cle, the hotel offers\u00a0to\u00a0participants, a\u00a0unique and comforting moment before and after the race.<\/p>\n<p>The\u00a0<span class=\"il\">Prom<\/span>&#8216;<span class=\"il\">Classic<\/span> is the perfect way to shake off the excesses of the festive season and start the new year on the right foot! Ready to get your trainers on and challenge the clock ?<\/p>\n<p>For\u00a0further\u00a0information, visit\u00a0<a href=\"http:\/\/www.promclassic.com\/\" target=\"_blank\" rel=\"noopener\" data-saferedirecturl=\"https:\/\/www.google.com\/url?q=http:\/\/www.promclassic.com\/&amp;source=gmail&amp;ust=1705506954372000&amp;usg=AOvVaw2DoMD0t6wWrEh6nRNgOrzl\">www.promclassic.com<\/a><\/p>\n<p>[\/et_pb_text][\/et_pb_column][\/et_pb_row][\/et_pb_section]<\/p>\n","protected":false},"excerpt":{"rendered":"<p>The 24th edition of the\u00a0Prom&#8217;Classic\u00a0will take\u00a0place\u00a0in\u00a0January, on the 7th. Don&#8217;t miss this event !<\/p>\n","protected":false},"author":7,"featured_media":6883,"comment_status":"open","ping_status":"open","sticky":false,"template":"","format":"standard","meta":{"_et_pb_use_builder":"on","_et_pb_old_content":"<!-- wp:paragraph -->\r\n<p>Du 13 au 27 f\u00e9vrier 2021, Nice deviendra la Capitale mondiale de la mode avec la 137e \u00e9dition du Carnaval sur le th\u00e8me \u00ab Roi des animaux \u00bb. Venez admirer le Roi, la Reine et leurs sujets et participer aux extravagants d\u00e9fil\u00e9s de chars, de grosses t\u00eates et aux \u00e9l\u00e9gantes Batailles de Fleurs.<\/p>\r\n<!-- \/wp:paragraph -->\r\n\r\n<!-- wp:paragraph -->\r\n<p>Pendant 15 jours, le Carnaval de Nice, avec ses deux manifestations\u00a0: les Corsi carnavalesques (de jour ou de nuit) et les Batailles de fleurs, imposera son style et vous offrira un spectacle burlesque, magique et initiatique d\u00e9di\u00e9 \u00e0 la mode sous toutes ses coutures.<\/p>\r\n<!-- \/wp:paragraph -->\r\n\r\n<!-- wp:paragraph -->\r\n<p>Les chars cr\u00e9\u00e9s sur le th\u00e8me d\u00e9fileront lors des Corsi carnavalesques (mardis, samedis et dimanche), accompagn\u00e9s de grosses t\u00eates et d\u2019artistes venant du monde entier dans une ambiance festive et populaire, savamment sc\u00e9nographi\u00e9e, pour revisiter l\u2019histoire de la mode, vous faire rire, sourire mais aussi r\u00e9fl\u00e9chir sur la mode et ses dessous. Car si la mode lance des tendances et bouleverse les codes comme les comportements, elle a aussi un r\u00f4le \u00e9thique et responsable \u00e0 jouer.<\/p>\r\n<!-- \/wp:paragraph -->\r\n\r\n<!-- wp:paragraph -->\r\n<p>Les mercredis et samedis apr\u00e8s-midi, venez d\u00e9couvrir l\u2019autre temps du fort du Carnaval\u00a0: les Batailles de Fleurs o\u00f9 le th\u00e8me sera d\u00e9clin\u00e9 sur des chars orn\u00e9s de fleurs valorisant la production locale (80% des fleurs sont produites dans la r\u00e9gion) et anim\u00e9s par des com\u00e9diennes qui porteront des costumes sp\u00e9cialement con\u00e7us pour la manifestation. Un d\u00e9fil\u00e9 unique au monde o\u00f9 des milliers de fleurs seront distribu\u00e9es.<\/p>\r\n<!-- \/wp:paragraph -->\r\n\r\n<!-- wp:paragraph -->\r\n<p>Et n\u2019oubliez pas, grands et petits, d\u00e9guisez de la t\u00eate aux pieds, les corsi seront gratuits\u00a0!<\/p>\r\n<!-- \/wp:paragraph -->\r\n\r\n<!-- wp:paragraph -->\r\n<p><strong>Alors venez prendre part \u00e0 la f\u00eate du 13 au 27 f\u00e9vrier 2021 \u00e0 Nice.<\/strong><\/p>\r\n<!-- \/wp:paragraph -->","_et_gb_content_width":"1150","inline_featured_image":false,"footnotes":""},"categories":[36,37,35],"tags":[],"class_list":["post-6887","post","type-post","status-publish","format-standard","has-post-thumbnail","hentry","category-actualites-en","category-news-en","category-news-en-2022"],"yoast_head":"<!-- This site is optimized with the Yoast SEO plugin v27.5 - https:\/\/yoast.com\/product\/yoast-seo-wordpress\/ -->\n<title>Prom&#039;Classic in Nice : ready for the 24th edition ! -<\/title>\n<meta name=\"description\" content=\"In order to start\u00a02024, the 24th edition of the\u00a0Prom&#039;Classic\u00a0will take\u00a0place\u00a0in\u00a0January, on the 7th. Don&#039;t miss this event !\" \/>\n<meta name=\"robots\" content=\"index, follow, max-snippet:-1, max-image-preview:large, max-video-preview:-1\" \/>\n<link rel=\"canonical\" href=\"https:\/\/www.hotel-westend.com\/en\/2024\/01\/03\/prom-classic-in-nice-24th-edition\/\" \/>\n<meta property=\"og:locale\" content=\"en_US\" \/>\n<meta property=\"og:type\" content=\"article\" \/>\n<meta property=\"og:title\" content=\"Prom&#039;Classic in Nice : ready for the 24th edition ! -\" \/>\n<meta property=\"og:description\" content=\"In order to start\u00a02024, the 24th edition of the\u00a0Prom&#039;Classic\u00a0will take\u00a0place\u00a0in\u00a0January, on the 7th. Don&#039;t miss this event !\" \/>\n<meta property=\"og:url\" content=\"https:\/\/www.hotel-westend.com\/en\/2024\/01\/03\/prom-classic-in-nice-24th-edition\/\" \/>\n<meta property=\"og:site_name\" content=\"Hotel Westend Nice\" \/>\n<meta property=\"article:published_time\" content=\"2024-01-03T09:14:08+00:00\" \/>\n<meta property=\"article:modified_time\" content=\"2024-01-16T16:06:25+00:00\" \/>\n<meta property=\"og:image\" content=\"https:\/\/www.hotel-westend.com\/wp-content\/uploads\/2024\/01\/PromClassic_WestEnd-1024x664.png\" \/>\n\t<meta property=\"og:image:width\" content=\"1024\" \/>\n\t<meta property=\"og:image:height\" content=\"664\" \/>\n\t<meta property=\"og:image:type\" content=\"image\/png\" \/>\n<meta name=\"author\" content=\"AgenceAZ\" \/>\n<meta name=\"twitter:card\" content=\"summary_large_image\" \/>\n<meta name=\"twitter:label1\" content=\"Written by\" \/>\n\t<meta name=\"twitter:data1\" content=\"AgenceAZ\" \/>\n\t<meta name=\"twitter:label2\" content=\"Est. reading time\" \/>\n\t<meta name=\"twitter:data2\" content=\"2 minutes\" \/>\n<script type=\"application\/ld+json\" class=\"yoast-schema-graph\">{\"@context\":\"https:\\\/\\\/schema.org\",\"@graph\":[{\"@type\":\"Article\",\"@id\":\"https:\\\/\\\/www.hotel-westend.com\\\/en\\\/2024\\\/01\\\/03\\\/prom-classic-in-nice-24th-edition\\\/#article\",\"isPartOf\":{\"@id\":\"https:\\\/\\\/www.hotel-westend.com\\\/en\\\/2024\\\/01\\\/03\\\/prom-classic-in-nice-24th-edition\\\/\"},\"author\":{\"name\":\"AgenceAZ\",\"@id\":\"https:\\\/\\\/www.hotel-westend.com\\\/#\\\/schema\\\/person\\\/c3ec475886346e12750f94aa1d3d9458\"},\"headline\":\"Prom&#8217;Classic in Nice : ready for the 24th edition !\",\"datePublished\":\"2024-01-03T09:14:08+00:00\",\"dateModified\":\"2024-01-16T16:06:25+00:00\",\"mainEntityOfPage\":{\"@id\":\"https:\\\/\\\/www.hotel-westend.com\\\/en\\\/2024\\\/01\\\/03\\\/prom-classic-in-nice-24th-edition\\\/\"},\"wordCount\":467,\"commentCount\":0,\"image\":{\"@id\":\"https:\\\/\\\/www.hotel-westend.com\\\/en\\\/2024\\\/01\\\/03\\\/prom-classic-in-nice-24th-edition\\\/#primaryimage\"},\"thumbnailUrl\":\"https:\\\/\\\/www.hotel-westend.com\\\/wp-content\\\/uploads\\\/2024\\\/01\\\/PromClassic_WestEnd.png\",\"articleSection\":[\"Actualit\u00e9s\",\"News\",\"News-EN-2022\"],\"inLanguage\":\"en-US\"},{\"@type\":\"WebPage\",\"@id\":\"https:\\\/\\\/www.hotel-westend.com\\\/en\\\/2024\\\/01\\\/03\\\/prom-classic-in-nice-24th-edition\\\/\",\"url\":\"https:\\\/\\\/www.hotel-westend.com\\\/en\\\/2024\\\/01\\\/03\\\/prom-classic-in-nice-24th-edition\\\/\",\"name\":\"Prom'Classic in Nice : ready for the 24th edition ! -\",\"isPartOf\":{\"@id\":\"https:\\\/\\\/www.hotel-westend.com\\\/#website\"},\"primaryImageOfPage\":{\"@id\":\"https:\\\/\\\/www.hotel-westend.com\\\/en\\\/2024\\\/01\\\/03\\\/prom-classic-in-nice-24th-edition\\\/#primaryimage\"},\"image\":{\"@id\":\"https:\\\/\\\/www.hotel-westend.com\\\/en\\\/2024\\\/01\\\/03\\\/prom-classic-in-nice-24th-edition\\\/#primaryimage\"},\"thumbnailUrl\":\"https:\\\/\\\/www.hotel-westend.com\\\/wp-content\\\/uploads\\\/2024\\\/01\\\/PromClassic_WestEnd.png\",\"datePublished\":\"2024-01-03T09:14:08+00:00\",\"dateModified\":\"2024-01-16T16:06:25+00:00\",\"author\":{\"@id\":\"https:\\\/\\\/www.hotel-westend.com\\\/#\\\/schema\\\/person\\\/c3ec475886346e12750f94aa1d3d9458\"},\"description\":\"In order to start\u00a02024, the 24th edition of the\u00a0Prom'Classic\u00a0will take\u00a0place\u00a0in\u00a0January, on the 7th. Don't miss this event !\",\"breadcrumb\":{\"@id\":\"https:\\\/\\\/www.hotel-westend.com\\\/en\\\/2024\\\/01\\\/03\\\/prom-classic-in-nice-24th-edition\\\/#breadcrumb\"},\"inLanguage\":\"en-US\",\"potentialAction\":[{\"@type\":\"ReadAction\",\"target\":[\"https:\\\/\\\/www.hotel-westend.com\\\/en\\\/2024\\\/01\\\/03\\\/prom-classic-in-nice-24th-edition\\\/\"]}]},{\"@type\":\"ImageObject\",\"inLanguage\":\"en-US\",\"@id\":\"https:\\\/\\\/www.hotel-westend.com\\\/en\\\/2024\\\/01\\\/03\\\/prom-classic-in-nice-24th-edition\\\/#primaryimage\",\"url\":\"https:\\\/\\\/www.hotel-westend.com\\\/wp-content\\\/uploads\\\/2024\\\/01\\\/PromClassic_WestEnd.png\",\"contentUrl\":\"https:\\\/\\\/www.hotel-westend.com\\\/wp-content\\\/uploads\\\/2024\\\/01\\\/PromClassic_WestEnd.png\",\"width\":2041,\"height\":1323,\"caption\":\"Prom\u2019Classic \u00e0 Nice : rendez-vous pour la 24e \u00e9dition !\"},{\"@type\":\"BreadcrumbList\",\"@id\":\"https:\\\/\\\/www.hotel-westend.com\\\/en\\\/2024\\\/01\\\/03\\\/prom-classic-in-nice-24th-edition\\\/#breadcrumb\",\"itemListElement\":[{\"@type\":\"ListItem\",\"position\":1,\"name\":\"Accueil\",\"item\":\"https:\\\/\\\/www.hotel-westend.com\\\/en\\\/\"},{\"@type\":\"ListItem\",\"position\":2,\"name\":\"Prom&#8217;Classic in Nice : ready for the 24th edition !\"}]},{\"@type\":\"WebSite\",\"@id\":\"https:\\\/\\\/www.hotel-westend.com\\\/#website\",\"url\":\"https:\\\/\\\/www.hotel-westend.com\\\/\",\"name\":\"Hotel Westend Nice\",\"description\":\"Hotel 4 Etoiles Nice - Promenade Anglais | OFFICIEL \",\"potentialAction\":[{\"@type\":\"SearchAction\",\"target\":{\"@type\":\"EntryPoint\",\"urlTemplate\":\"https:\\\/\\\/www.hotel-westend.com\\\/?s={search_term_string}\"},\"query-input\":{\"@type\":\"PropertyValueSpecification\",\"valueRequired\":true,\"valueName\":\"search_term_string\"}}],\"inLanguage\":\"en-US\"},{\"@type\":\"Person\",\"@id\":\"https:\\\/\\\/www.hotel-westend.com\\\/#\\\/schema\\\/person\\\/c3ec475886346e12750f94aa1d3d9458\",\"name\":\"AgenceAZ\",\"url\":\"https:\\\/\\\/www.hotel-westend.com\\\/en\\\/author\\\/agenceaz\\\/\"}]}<\/script>\n<!-- \/ Yoast SEO plugin. -->","yoast_head_json":{"title":"Prom'Classic in Nice : ready for the 24th edition ! -","description":"In order to start\u00a02024, the 24th edition of the\u00a0Prom'Classic\u00a0will take\u00a0place\u00a0in\u00a0January, on the 7th. Don't miss this event !","robots":{"index":"index","follow":"follow","max-snippet":"max-snippet:-1","max-image-preview":"max-image-preview:large","max-video-preview":"max-video-preview:-1"},"canonical":"https:\/\/www.hotel-westend.com\/en\/2024\/01\/03\/prom-classic-in-nice-24th-edition\/","og_locale":"en_US","og_type":"article","og_title":"Prom'Classic in Nice : ready for the 24th edition ! -","og_description":"In order to start\u00a02024, the 24th edition of the\u00a0Prom'Classic\u00a0will take\u00a0place\u00a0in\u00a0January, on the 7th. Don't miss this event !","og_url":"https:\/\/www.hotel-westend.com\/en\/2024\/01\/03\/prom-classic-in-nice-24th-edition\/","og_site_name":"Hotel Westend Nice","article_published_time":"2024-01-03T09:14:08+00:00","article_modified_time":"2024-01-16T16:06:25+00:00","og_image":[{"width":1024,"height":664,"url":"https:\/\/www.hotel-westend.com\/wp-content\/uploads\/2024\/01\/PromClassic_WestEnd-1024x664.png","type":"image\/png"}],"author":"AgenceAZ","twitter_card":"summary_large_image","twitter_misc":{"Written by":"AgenceAZ","Est. reading time":"2 minutes"},"schema":{"@context":"https:\/\/schema.org","@graph":[{"@type":"Article","@id":"https:\/\/www.hotel-westend.com\/en\/2024\/01\/03\/prom-classic-in-nice-24th-edition\/#article","isPartOf":{"@id":"https:\/\/www.hotel-westend.com\/en\/2024\/01\/03\/prom-classic-in-nice-24th-edition\/"},"author":{"name":"AgenceAZ","@id":"https:\/\/www.hotel-westend.com\/#\/schema\/person\/c3ec475886346e12750f94aa1d3d9458"},"headline":"Prom&#8217;Classic in Nice : ready for the 24th edition !","datePublished":"2024-01-03T09:14:08+00:00","dateModified":"2024-01-16T16:06:25+00:00","mainEntityOfPage":{"@id":"https:\/\/www.hotel-westend.com\/en\/2024\/01\/03\/prom-classic-in-nice-24th-edition\/"},"wordCount":467,"commentCount":0,"image":{"@id":"https:\/\/www.hotel-westend.com\/en\/2024\/01\/03\/prom-classic-in-nice-24th-edition\/#primaryimage"},"thumbnailUrl":"https:\/\/www.hotel-westend.com\/wp-content\/uploads\/2024\/01\/PromClassic_WestEnd.png","articleSection":["Actualit\u00e9s","News","News-EN-2022"],"inLanguage":"en-US"},{"@type":"WebPage","@id":"https:\/\/www.hotel-westend.com\/en\/2024\/01\/03\/prom-classic-in-nice-24th-edition\/","url":"https:\/\/www.hotel-westend.com\/en\/2024\/01\/03\/prom-classic-in-nice-24th-edition\/","name":"Prom'Classic in Nice : ready for the 24th edition ! -","isPartOf":{"@id":"https:\/\/www.hotel-westend.com\/#website"},"primaryImageOfPage":{"@id":"https:\/\/www.hotel-westend.com\/en\/2024\/01\/03\/prom-classic-in-nice-24th-edition\/#primaryimage"},"image":{"@id":"https:\/\/www.hotel-westend.com\/en\/2024\/01\/03\/prom-classic-in-nice-24th-edition\/#primaryimage"},"thumbnailUrl":"https:\/\/www.hotel-westend.com\/wp-content\/uploads\/2024\/01\/PromClassic_WestEnd.png","datePublished":"2024-01-03T09:14:08+00:00","dateModified":"2024-01-16T16:06:25+00:00","author":{"@id":"https:\/\/www.hotel-westend.com\/#\/schema\/person\/c3ec475886346e12750f94aa1d3d9458"},"description":"In order to start\u00a02024, the 24th edition of the\u00a0Prom'Classic\u00a0will take\u00a0place\u00a0in\u00a0January, on the 7th. Don't miss this event !","breadcrumb":{"@id":"https:\/\/www.hotel-westend.com\/en\/2024\/01\/03\/prom-classic-in-nice-24th-edition\/#breadcrumb"},"inLanguage":"en-US","potentialAction":[{"@type":"ReadAction","target":["https:\/\/www.hotel-westend.com\/en\/2024\/01\/03\/prom-classic-in-nice-24th-edition\/"]}]},{"@type":"ImageObject","inLanguage":"en-US","@id":"https:\/\/www.hotel-westend.com\/en\/2024\/01\/03\/prom-classic-in-nice-24th-edition\/#primaryimage","url":"https:\/\/www.hotel-westend.com\/wp-content\/uploads\/2024\/01\/PromClassic_WestEnd.png","contentUrl":"https:\/\/www.hotel-westend.com\/wp-content\/uploads\/2024\/01\/PromClassic_WestEnd.png","width":2041,"height":1323,"caption":"Prom\u2019Classic \u00e0 Nice : rendez-vous pour la 24e \u00e9dition !"},{"@type":"BreadcrumbList","@id":"https:\/\/www.hotel-westend.com\/en\/2024\/01\/03\/prom-classic-in-nice-24th-edition\/#breadcrumb","itemListElement":[{"@type":"ListItem","position":1,"name":"Accueil","item":"https:\/\/www.hotel-westend.com\/en\/"},{"@type":"ListItem","position":2,"name":"Prom&#8217;Classic in Nice : ready for the 24th edition !"}]},{"@type":"WebSite","@id":"https:\/\/www.hotel-westend.com\/#website","url":"https:\/\/www.hotel-westend.com\/","name":"Hotel Westend Nice","description":"Hotel 4 Etoiles Nice - Promenade Anglais | OFFICIEL ","potentialAction":[{"@type":"SearchAction","target":{"@type":"EntryPoint","urlTemplate":"https:\/\/www.hotel-westend.com\/?s={search_term_string}"},"query-input":{"@type":"PropertyValueSpecification","valueRequired":true,"valueName":"search_term_string"}}],"inLanguage":"en-US"},{"@type":"Person","@id":"https:\/\/www.hotel-westend.com\/#\/schema\/person\/c3ec475886346e12750f94aa1d3d9458","name":"AgenceAZ","url":"https:\/\/www.hotel-westend.com\/en\/author\/agenceaz\/"}]}},"_links":{"self":[{"href":"https:\/\/www.hotel-westend.com\/en\/wp-json\/wp\/v2\/posts\/6887","targetHints":{"allow":["GET"]}}],"collection":[{"href":"https:\/\/www.hotel-westend.com\/en\/wp-json\/wp\/v2\/posts"}],"about":[{"href":"https:\/\/www.hotel-westend.com\/en\/wp-json\/wp\/v2\/types\/post"}],"author":[{"embeddable":true,"href":"https:\/\/www.hotel-westend.com\/en\/wp-json\/wp\/v2\/users\/7"}],"replies":[{"embeddable":true,"href":"https:\/\/www.hotel-westend.com\/en\/wp-json\/wp\/v2\/comments?post=6887"}],"version-history":[{"count":11,"href":"https:\/\/www.hotel-westend.com\/en\/wp-json\/wp\/v2\/posts\/6887\/revisions"}],"predecessor-version":[{"id":6945,"href":"https:\/\/www.hotel-westend.com\/en\/wp-json\/wp\/v2\/posts\/6887\/revisions\/6945"}],"wp:featuredmedia":[{"embeddable":true,"href":"https:\/\/www.hotel-westend.com\/en\/wp-json\/wp\/v2\/media\/6883"}],"wp:attachment":[{"href":"https:\/\/www.hotel-westend.com\/en\/wp-json\/wp\/v2\/media?parent=6887"}],"wp:term":[{"taxonomy":"category","embeddable":true,"href":"https:\/\/www.hotel-westend.com\/en\/wp-json\/wp\/v2\/categories?post=6887"},{"taxonomy":"post_tag","embeddable":true,"href":"https:\/\/www.hotel-westend.com\/en\/wp-json\/wp\/v2\/tags?post=6887"}],"curies":[{"name":"wp","href":"https:\/\/api.w.org\/{rel}","templated":true}]}}