{"id":6981,"date":"2024-01-17T17:36:33","date_gmt":"2024-01-17T16:36:33","guid":{"rendered":"https:\/\/www.hotel-westend.com\/2024\/01\/17\/carnaval-de-nice-edition-2024-roi-pop-culture\/"},"modified":"2024-01-19T10:07:47","modified_gmt":"2024-01-19T09:07:47","slug":"carnaval-nice-2024-edition-under-pop-culture","status":"publish","type":"post","link":"https:\/\/www.hotel-westend.com\/en\/2024\/01\/17\/carnaval-nice-2024-edition-under-pop-culture\/","title":{"rendered":"Carnaval de Nice : the 2024 edition, under the sign of Pop Culture !"},"content":{"rendered":"<p>[et_pb_section fb_built=&#8221;1&#8243; admin_label=&#8221;section&#8221; _builder_version=&#8221;4.16&#8243; min_height=&#8221;629.4px&#8221; custom_padding=&#8221;||0px|||&#8221; global_colors_info=&#8221;{}&#8221;][et_pb_row admin_label=&#8221;row&#8221; _builder_version=&#8221;4.16&#8243; background_size=&#8221;initial&#8221; background_position=&#8221;top_left&#8221; background_repeat=&#8221;repeat&#8221; custom_padding=&#8221;||0px|||&#8221; global_colors_info=&#8221;{}&#8221;][et_pb_column type=&#8221;4_4&#8243; _builder_version=&#8221;4.16&#8243; custom_padding=&#8221;|||&#8221; global_colors_info=&#8221;{}&#8221; custom_padding__hover=&#8221;|||&#8221;][et_pb_text module_class=&#8221;tiretsInverse&#8221; _builder_version=&#8221;4.23.4&#8243; _module_preset=&#8221;default&#8221; header_2_font=&#8221;Gilda Display||||||||&#8221; header_2_text_color=&#8221;#9b8760&#8243; header_2_font_size=&#8221;58px&#8221; width=&#8221;100%&#8221; custom_margin=&#8221;|||0px|false|false&#8221; custom_padding=&#8221;|||0px||&#8221; locked=&#8221;off&#8221; global_colors_info=&#8221;{}&#8221;]<\/p>\n<h2>Carnaval de Nice: the 2024 edition, under the sign of Pop Culture!<\/h2>\n<p>[\/et_pb_text][et_pb_image src=&#8221;https:\/\/www.hotel-westend.com\/wp-content\/uploads\/2024\/01\/Carnaval_WestEnd.png&#8221; alt=&#8221;les 8 conseils d\u2019une naturopathe pour d\u00e9marrer l\u2019ann\u00e9e du bon pied !&#8221; title_text=&#8221;Carnaval_WestEnd&#8221; align=&#8221;center&#8221; _builder_version=&#8221;4.23.4&#8243; _module_preset=&#8221;default&#8221; width=&#8221;58%&#8221; max_width=&#8221;71%&#8221; min_height=&#8221;100px&#8221; height=&#8221;378px&#8221; custom_margin=&#8221;||0px||false|false&#8221; global_colors_info=&#8221;{}&#8221;][\/et_pb_image][et_pb_text admin_label=&#8221;Text&#8221; _builder_version=&#8221;4.23.4&#8243; background_size=&#8221;initial&#8221; background_position=&#8221;top_left&#8221; background_repeat=&#8221;repeat&#8221; global_colors_info=&#8221;{}&#8221;]<\/p>\n<p><strong>The 151st edition of the Carnaval de Nice<\/strong> will take place from February 17th\u00a0to March 3rd, and for the occasion, <strong>the King of Pop<\/strong> <strong>Culture<\/strong> will be celebrated.\u00a0It is\u00a0one of the biggest carnivals in the world, along with Rio! Every year, thousands of visitors flock to the C\u00f4te d&#8217;Azur capital to attend this\u00a0colourful\u00a0event, eagerly awaited by the\u00a0population in\u00a0Nice. King, Queen, Carnavallon&#8230; the program is already shaping up to be a festive one, lasting nearly 3 weeks.<\/p>\n<p>The highlight of the event is the illuminated carnival parade, which takes place on and around Place Mass\u00e9na on Saturday and Tuesday evenings. For almost 1h30, a genuine sound and light show will light up the eyes of the crowd. In addition to the opening parade on Saturday, February 17th at 2:30 p.m. and the parade on Sunday, February 25th at 2:30 p.m., the carnival will also feature its traditional flower battles on Wednesdays and Saturdays at 2:30 p.m. Floats decorated with thousands of colourful flowers will parade. Spectators will admire the creations and catch the flowers thrown from the floats by the carnival queen and costumed actresses.<\/p>\n<p>Another carnival highlight is Lou Queernaval, France&#8217;s first gay carnival. Now firmly rooted in Nice&#8217;s tradition of carnival festivities, it promotes the values of sharing and love.<\/p>\n<p>Located on the Promenade des Anglais, just a few minutes&#8217; walk from\u00a0the\u00a0Place Mass\u00e9na, the 4* West End Hotel is the ideal base from which to enjoy your stay in Nice and its magnificent carnival.<\/p>\n<p>For\u00a0further\u00a0information on the carnival, visit\u00a0<a href=\"https:\/\/www.nicecarnaval.com\/\" target=\"_blank\" rel=\"noopener\" data-saferedirecturl=\"https:\/\/www.google.com\/url?q=https:\/\/www.nicecarnaval.com\/&amp;source=gmail&amp;ust=1705738351204000&amp;usg=AOvVaw2FSYc4xK3muKwqskvF-sct\">https:\/\/www.nicecarnaval.com\/<\/a><\/p>\n<p style=\"font-weight: 400;\">[\/et_pb_text][\/et_pb_column][\/et_pb_row][\/et_pb_section][et_pb_section fb_built=&#8221;1&#8243; _builder_version=&#8221;4.23.4&#8243; _module_preset=&#8221;default&#8221; global_colors_info=&#8221;{}&#8221;][\/et_pb_section]<\/p>\n","protected":false},"excerpt":{"rendered":"<p>The 151st edition of the Carnaval de Nice will take place from February 17th\u00a0to March 3rd. <\/p>\n","protected":false},"author":7,"featured_media":6971,"comment_status":"open","ping_status":"open","sticky":false,"template":"","format":"standard","meta":{"_et_pb_use_builder":"on","_et_pb_old_content":"<!-- wp:paragraph -->\r\n<p>Du 13 au 27 f\u00e9vrier 2021, Nice deviendra la Capitale mondiale de la mode avec la 137e \u00e9dition du Carnaval sur le th\u00e8me \u00ab Roi des animaux \u00bb. Venez admirer le Roi, la Reine et leurs sujets et participer aux extravagants d\u00e9fil\u00e9s de chars, de grosses t\u00eates et aux \u00e9l\u00e9gantes Batailles de Fleurs.<\/p>\r\n<!-- \/wp:paragraph -->\r\n\r\n<!-- wp:paragraph -->\r\n<p>Pendant 15 jours, le Carnaval de Nice, avec ses deux manifestations\u00a0: les Corsi carnavalesques (de jour ou de nuit) et les Batailles de fleurs, imposera son style et vous offrira un spectacle burlesque, magique et initiatique d\u00e9di\u00e9 \u00e0 la mode sous toutes ses coutures.<\/p>\r\n<!-- \/wp:paragraph -->\r\n\r\n<!-- wp:paragraph -->\r\n<p>Les chars cr\u00e9\u00e9s sur le th\u00e8me d\u00e9fileront lors des Corsi carnavalesques (mardis, samedis et dimanche), accompagn\u00e9s de grosses t\u00eates et d\u2019artistes venant du monde entier dans une ambiance festive et populaire, savamment sc\u00e9nographi\u00e9e, pour revisiter l\u2019histoire de la mode, vous faire rire, sourire mais aussi r\u00e9fl\u00e9chir sur la mode et ses dessous. Car si la mode lance des tendances et bouleverse les codes comme les comportements, elle a aussi un r\u00f4le \u00e9thique et responsable \u00e0 jouer.<\/p>\r\n<!-- \/wp:paragraph -->\r\n\r\n<!-- wp:paragraph -->\r\n<p>Les mercredis et samedis apr\u00e8s-midi, venez d\u00e9couvrir l\u2019autre temps du fort du Carnaval\u00a0: les Batailles de Fleurs o\u00f9 le th\u00e8me sera d\u00e9clin\u00e9 sur des chars orn\u00e9s de fleurs valorisant la production locale (80% des fleurs sont produites dans la r\u00e9gion) et anim\u00e9s par des com\u00e9diennes qui porteront des costumes sp\u00e9cialement con\u00e7us pour la manifestation. Un d\u00e9fil\u00e9 unique au monde o\u00f9 des milliers de fleurs seront distribu\u00e9es.<\/p>\r\n<!-- \/wp:paragraph -->\r\n\r\n<!-- wp:paragraph -->\r\n<p>Et n\u2019oubliez pas, grands et petits, d\u00e9guisez de la t\u00eate aux pieds, les corsi seront gratuits\u00a0!<\/p>\r\n<!-- \/wp:paragraph -->\r\n\r\n<!-- wp:paragraph -->\r\n<p><strong>Alors venez prendre part \u00e0 la f\u00eate du 13 au 27 f\u00e9vrier 2021 \u00e0 Nice.<\/strong><\/p>\r\n<!-- \/wp:paragraph -->","_et_gb_content_width":"1150","inline_featured_image":false,"footnotes":""},"categories":[36,37,35],"tags":[],"class_list":["post-6981","post","type-post","status-publish","format-standard","has-post-thumbnail","hentry","category-actualites-en","category-news-en","category-news-en-2022"],"yoast_head":"<!-- This site is optimized with the Yoast SEO plugin v27.4 - https:\/\/yoast.com\/product\/yoast-seo-wordpress\/ -->\n<title>Carnaval de Nice : the 2024 edition, under the sign of Pop Culture ! -<\/title>\n<meta name=\"description\" content=\"The 151st edition of the Carnaval de Nice will take place from February 17th\u00a0to March 3rd. The King of Pop Culture will be celebrated.\" \/>\n<meta name=\"robots\" content=\"index, follow, max-snippet:-1, max-image-preview:large, max-video-preview:-1\" \/>\n<link rel=\"canonical\" href=\"https:\/\/www.hotel-westend.com\/en\/2024\/01\/17\/carnaval-nice-2024-edition-under-pop-culture\/\" \/>\n<meta property=\"og:locale\" content=\"en_US\" \/>\n<meta property=\"og:type\" content=\"article\" \/>\n<meta property=\"og:title\" content=\"Carnaval de Nice : the 2024 edition, under the sign of Pop Culture ! -\" \/>\n<meta property=\"og:description\" content=\"The 151st edition of the Carnaval de Nice will take place from February 17th\u00a0to March 3rd. The King of Pop Culture will be celebrated.\" \/>\n<meta property=\"og:url\" content=\"https:\/\/www.hotel-westend.com\/en\/2024\/01\/17\/carnaval-nice-2024-edition-under-pop-culture\/\" \/>\n<meta property=\"og:site_name\" content=\"Hotel Westend Nice\" \/>\n<meta property=\"article:published_time\" content=\"2024-01-17T16:36:33+00:00\" \/>\n<meta property=\"article:modified_time\" content=\"2024-01-19T09:07:47+00:00\" \/>\n<meta property=\"og:image\" content=\"https:\/\/www.hotel-westend.com\/wp-content\/uploads\/2024\/01\/Carnaval_WestEnd-1024x664.png\" \/>\n\t<meta property=\"og:image:width\" content=\"1024\" \/>\n\t<meta property=\"og:image:height\" content=\"664\" \/>\n\t<meta property=\"og:image:type\" content=\"image\/png\" \/>\n<meta name=\"author\" content=\"AgenceAZ\" \/>\n<meta name=\"twitter:card\" content=\"summary_large_image\" \/>\n<meta name=\"twitter:label1\" content=\"Written by\" \/>\n\t<meta name=\"twitter:data1\" content=\"AgenceAZ\" \/>\n\t<meta name=\"twitter:label2\" content=\"Est. reading time\" \/>\n\t<meta name=\"twitter:data2\" content=\"2 minutes\" \/>\n<script type=\"application\/ld+json\" class=\"yoast-schema-graph\">{\"@context\":\"https:\\\/\\\/schema.org\",\"@graph\":[{\"@type\":\"Article\",\"@id\":\"https:\\\/\\\/www.hotel-westend.com\\\/en\\\/2024\\\/01\\\/17\\\/carnaval-nice-2024-edition-under-pop-culture\\\/#article\",\"isPartOf\":{\"@id\":\"https:\\\/\\\/www.hotel-westend.com\\\/en\\\/2024\\\/01\\\/17\\\/carnaval-nice-2024-edition-under-pop-culture\\\/\"},\"author\":{\"name\":\"AgenceAZ\",\"@id\":\"https:\\\/\\\/www.hotel-westend.com\\\/#\\\/schema\\\/person\\\/c3ec475886346e12750f94aa1d3d9458\"},\"headline\":\"Carnaval de Nice : the 2024 edition, under the sign of Pop Culture !\",\"datePublished\":\"2024-01-17T16:36:33+00:00\",\"dateModified\":\"2024-01-19T09:07:47+00:00\",\"mainEntityOfPage\":{\"@id\":\"https:\\\/\\\/www.hotel-westend.com\\\/en\\\/2024\\\/01\\\/17\\\/carnaval-nice-2024-edition-under-pop-culture\\\/\"},\"wordCount\":492,\"commentCount\":0,\"image\":{\"@id\":\"https:\\\/\\\/www.hotel-westend.com\\\/en\\\/2024\\\/01\\\/17\\\/carnaval-nice-2024-edition-under-pop-culture\\\/#primaryimage\"},\"thumbnailUrl\":\"https:\\\/\\\/www.hotel-westend.com\\\/wp-content\\\/uploads\\\/2024\\\/01\\\/Carnaval_WestEnd.png\",\"articleSection\":[\"Actualit\u00e9s\",\"News\",\"News-EN-2022\"],\"inLanguage\":\"en-US\"},{\"@type\":\"WebPage\",\"@id\":\"https:\\\/\\\/www.hotel-westend.com\\\/en\\\/2024\\\/01\\\/17\\\/carnaval-nice-2024-edition-under-pop-culture\\\/\",\"url\":\"https:\\\/\\\/www.hotel-westend.com\\\/en\\\/2024\\\/01\\\/17\\\/carnaval-nice-2024-edition-under-pop-culture\\\/\",\"name\":\"Carnaval de Nice : the 2024 edition, under the sign of Pop Culture ! -\",\"isPartOf\":{\"@id\":\"https:\\\/\\\/www.hotel-westend.com\\\/#website\"},\"primaryImageOfPage\":{\"@id\":\"https:\\\/\\\/www.hotel-westend.com\\\/en\\\/2024\\\/01\\\/17\\\/carnaval-nice-2024-edition-under-pop-culture\\\/#primaryimage\"},\"image\":{\"@id\":\"https:\\\/\\\/www.hotel-westend.com\\\/en\\\/2024\\\/01\\\/17\\\/carnaval-nice-2024-edition-under-pop-culture\\\/#primaryimage\"},\"thumbnailUrl\":\"https:\\\/\\\/www.hotel-westend.com\\\/wp-content\\\/uploads\\\/2024\\\/01\\\/Carnaval_WestEnd.png\",\"datePublished\":\"2024-01-17T16:36:33+00:00\",\"dateModified\":\"2024-01-19T09:07:47+00:00\",\"author\":{\"@id\":\"https:\\\/\\\/www.hotel-westend.com\\\/#\\\/schema\\\/person\\\/c3ec475886346e12750f94aa1d3d9458\"},\"description\":\"The 151st edition of the Carnaval de Nice will take place from February 17th\u00a0to March 3rd. The King of Pop Culture will be celebrated.\",\"breadcrumb\":{\"@id\":\"https:\\\/\\\/www.hotel-westend.com\\\/en\\\/2024\\\/01\\\/17\\\/carnaval-nice-2024-edition-under-pop-culture\\\/#breadcrumb\"},\"inLanguage\":\"en-US\",\"potentialAction\":[{\"@type\":\"ReadAction\",\"target\":[\"https:\\\/\\\/www.hotel-westend.com\\\/en\\\/2024\\\/01\\\/17\\\/carnaval-nice-2024-edition-under-pop-culture\\\/\"]}]},{\"@type\":\"ImageObject\",\"inLanguage\":\"en-US\",\"@id\":\"https:\\\/\\\/www.hotel-westend.com\\\/en\\\/2024\\\/01\\\/17\\\/carnaval-nice-2024-edition-under-pop-culture\\\/#primaryimage\",\"url\":\"https:\\\/\\\/www.hotel-westend.com\\\/wp-content\\\/uploads\\\/2024\\\/01\\\/Carnaval_WestEnd.png\",\"contentUrl\":\"https:\\\/\\\/www.hotel-westend.com\\\/wp-content\\\/uploads\\\/2024\\\/01\\\/Carnaval_WestEnd.png\",\"width\":2041,\"height\":1323},{\"@type\":\"BreadcrumbList\",\"@id\":\"https:\\\/\\\/www.hotel-westend.com\\\/en\\\/2024\\\/01\\\/17\\\/carnaval-nice-2024-edition-under-pop-culture\\\/#breadcrumb\",\"itemListElement\":[{\"@type\":\"ListItem\",\"position\":1,\"name\":\"Accueil\",\"item\":\"https:\\\/\\\/www.hotel-westend.com\\\/en\\\/\"},{\"@type\":\"ListItem\",\"position\":2,\"name\":\"Carnaval de Nice : the 2024 edition, under the sign of Pop Culture !\"}]},{\"@type\":\"WebSite\",\"@id\":\"https:\\\/\\\/www.hotel-westend.com\\\/#website\",\"url\":\"https:\\\/\\\/www.hotel-westend.com\\\/\",\"name\":\"Hotel Westend Nice\",\"description\":\"Hotel 4 Etoiles Nice - Promenade Anglais | OFFICIEL \",\"potentialAction\":[{\"@type\":\"SearchAction\",\"target\":{\"@type\":\"EntryPoint\",\"urlTemplate\":\"https:\\\/\\\/www.hotel-westend.com\\\/?s={search_term_string}\"},\"query-input\":{\"@type\":\"PropertyValueSpecification\",\"valueRequired\":true,\"valueName\":\"search_term_string\"}}],\"inLanguage\":\"en-US\"},{\"@type\":\"Person\",\"@id\":\"https:\\\/\\\/www.hotel-westend.com\\\/#\\\/schema\\\/person\\\/c3ec475886346e12750f94aa1d3d9458\",\"name\":\"AgenceAZ\",\"url\":\"https:\\\/\\\/www.hotel-westend.com\\\/en\\\/author\\\/agenceaz\\\/\"}]}<\/script>\n<!-- \/ Yoast SEO plugin. -->","yoast_head_json":{"title":"Carnaval de Nice : the 2024 edition, under the sign of Pop Culture ! -","description":"The 151st edition of the Carnaval de Nice will take place from February 17th\u00a0to March 3rd. The King of Pop Culture will be celebrated.","robots":{"index":"index","follow":"follow","max-snippet":"max-snippet:-1","max-image-preview":"max-image-preview:large","max-video-preview":"max-video-preview:-1"},"canonical":"https:\/\/www.hotel-westend.com\/en\/2024\/01\/17\/carnaval-nice-2024-edition-under-pop-culture\/","og_locale":"en_US","og_type":"article","og_title":"Carnaval de Nice : the 2024 edition, under the sign of Pop Culture ! -","og_description":"The 151st edition of the Carnaval de Nice will take place from February 17th\u00a0to March 3rd. The King of Pop Culture will be celebrated.","og_url":"https:\/\/www.hotel-westend.com\/en\/2024\/01\/17\/carnaval-nice-2024-edition-under-pop-culture\/","og_site_name":"Hotel Westend Nice","article_published_time":"2024-01-17T16:36:33+00:00","article_modified_time":"2024-01-19T09:07:47+00:00","og_image":[{"width":1024,"height":664,"url":"https:\/\/www.hotel-westend.com\/wp-content\/uploads\/2024\/01\/Carnaval_WestEnd-1024x664.png","type":"image\/png"}],"author":"AgenceAZ","twitter_card":"summary_large_image","twitter_misc":{"Written by":"AgenceAZ","Est. reading time":"2 minutes"},"schema":{"@context":"https:\/\/schema.org","@graph":[{"@type":"Article","@id":"https:\/\/www.hotel-westend.com\/en\/2024\/01\/17\/carnaval-nice-2024-edition-under-pop-culture\/#article","isPartOf":{"@id":"https:\/\/www.hotel-westend.com\/en\/2024\/01\/17\/carnaval-nice-2024-edition-under-pop-culture\/"},"author":{"name":"AgenceAZ","@id":"https:\/\/www.hotel-westend.com\/#\/schema\/person\/c3ec475886346e12750f94aa1d3d9458"},"headline":"Carnaval de Nice : the 2024 edition, under the sign of Pop Culture !","datePublished":"2024-01-17T16:36:33+00:00","dateModified":"2024-01-19T09:07:47+00:00","mainEntityOfPage":{"@id":"https:\/\/www.hotel-westend.com\/en\/2024\/01\/17\/carnaval-nice-2024-edition-under-pop-culture\/"},"wordCount":492,"commentCount":0,"image":{"@id":"https:\/\/www.hotel-westend.com\/en\/2024\/01\/17\/carnaval-nice-2024-edition-under-pop-culture\/#primaryimage"},"thumbnailUrl":"https:\/\/www.hotel-westend.com\/wp-content\/uploads\/2024\/01\/Carnaval_WestEnd.png","articleSection":["Actualit\u00e9s","News","News-EN-2022"],"inLanguage":"en-US"},{"@type":"WebPage","@id":"https:\/\/www.hotel-westend.com\/en\/2024\/01\/17\/carnaval-nice-2024-edition-under-pop-culture\/","url":"https:\/\/www.hotel-westend.com\/en\/2024\/01\/17\/carnaval-nice-2024-edition-under-pop-culture\/","name":"Carnaval de Nice : the 2024 edition, under the sign of Pop Culture ! -","isPartOf":{"@id":"https:\/\/www.hotel-westend.com\/#website"},"primaryImageOfPage":{"@id":"https:\/\/www.hotel-westend.com\/en\/2024\/01\/17\/carnaval-nice-2024-edition-under-pop-culture\/#primaryimage"},"image":{"@id":"https:\/\/www.hotel-westend.com\/en\/2024\/01\/17\/carnaval-nice-2024-edition-under-pop-culture\/#primaryimage"},"thumbnailUrl":"https:\/\/www.hotel-westend.com\/wp-content\/uploads\/2024\/01\/Carnaval_WestEnd.png","datePublished":"2024-01-17T16:36:33+00:00","dateModified":"2024-01-19T09:07:47+00:00","author":{"@id":"https:\/\/www.hotel-westend.com\/#\/schema\/person\/c3ec475886346e12750f94aa1d3d9458"},"description":"The 151st edition of the Carnaval de Nice will take place from February 17th\u00a0to March 3rd. The King of Pop Culture will be celebrated.","breadcrumb":{"@id":"https:\/\/www.hotel-westend.com\/en\/2024\/01\/17\/carnaval-nice-2024-edition-under-pop-culture\/#breadcrumb"},"inLanguage":"en-US","potentialAction":[{"@type":"ReadAction","target":["https:\/\/www.hotel-westend.com\/en\/2024\/01\/17\/carnaval-nice-2024-edition-under-pop-culture\/"]}]},{"@type":"ImageObject","inLanguage":"en-US","@id":"https:\/\/www.hotel-westend.com\/en\/2024\/01\/17\/carnaval-nice-2024-edition-under-pop-culture\/#primaryimage","url":"https:\/\/www.hotel-westend.com\/wp-content\/uploads\/2024\/01\/Carnaval_WestEnd.png","contentUrl":"https:\/\/www.hotel-westend.com\/wp-content\/uploads\/2024\/01\/Carnaval_WestEnd.png","width":2041,"height":1323},{"@type":"BreadcrumbList","@id":"https:\/\/www.hotel-westend.com\/en\/2024\/01\/17\/carnaval-nice-2024-edition-under-pop-culture\/#breadcrumb","itemListElement":[{"@type":"ListItem","position":1,"name":"Accueil","item":"https:\/\/www.hotel-westend.com\/en\/"},{"@type":"ListItem","position":2,"name":"Carnaval de Nice : the 2024 edition, under the sign of Pop Culture !"}]},{"@type":"WebSite","@id":"https:\/\/www.hotel-westend.com\/#website","url":"https:\/\/www.hotel-westend.com\/","name":"Hotel Westend Nice","description":"Hotel 4 Etoiles Nice - Promenade Anglais | OFFICIEL ","potentialAction":[{"@type":"SearchAction","target":{"@type":"EntryPoint","urlTemplate":"https:\/\/www.hotel-westend.com\/?s={search_term_string}"},"query-input":{"@type":"PropertyValueSpecification","valueRequired":true,"valueName":"search_term_string"}}],"inLanguage":"en-US"},{"@type":"Person","@id":"https:\/\/www.hotel-westend.com\/#\/schema\/person\/c3ec475886346e12750f94aa1d3d9458","name":"AgenceAZ","url":"https:\/\/www.hotel-westend.com\/en\/author\/agenceaz\/"}]}},"_links":{"self":[{"href":"https:\/\/www.hotel-westend.com\/en\/wp-json\/wp\/v2\/posts\/6981","targetHints":{"allow":["GET"]}}],"collection":[{"href":"https:\/\/www.hotel-westend.com\/en\/wp-json\/wp\/v2\/posts"}],"about":[{"href":"https:\/\/www.hotel-westend.com\/en\/wp-json\/wp\/v2\/types\/post"}],"author":[{"embeddable":true,"href":"https:\/\/www.hotel-westend.com\/en\/wp-json\/wp\/v2\/users\/7"}],"replies":[{"embeddable":true,"href":"https:\/\/www.hotel-westend.com\/en\/wp-json\/wp\/v2\/comments?post=6981"}],"version-history":[{"count":5,"href":"https:\/\/www.hotel-westend.com\/en\/wp-json\/wp\/v2\/posts\/6981\/revisions"}],"predecessor-version":[{"id":6987,"href":"https:\/\/www.hotel-westend.com\/en\/wp-json\/wp\/v2\/posts\/6981\/revisions\/6987"}],"wp:featuredmedia":[{"embeddable":true,"href":"https:\/\/www.hotel-westend.com\/en\/wp-json\/wp\/v2\/media\/6971"}],"wp:attachment":[{"href":"https:\/\/www.hotel-westend.com\/en\/wp-json\/wp\/v2\/media?parent=6981"}],"wp:term":[{"taxonomy":"category","embeddable":true,"href":"https:\/\/www.hotel-westend.com\/en\/wp-json\/wp\/v2\/categories?post=6981"},{"taxonomy":"post_tag","embeddable":true,"href":"https:\/\/www.hotel-westend.com\/en\/wp-json\/wp\/v2\/tags?post=6981"}],"curies":[{"name":"wp","href":"https:\/\/api.w.org\/{rel}","templated":true}]}}