{"id":7526,"date":"2024-05-15T13:50:27","date_gmt":"2024-05-15T11:50:27","guid":{"rendered":"https:\/\/www.hotel-westend.com\/2024\/05\/15\/la-palmeraie-le-bar-ephemere-de-hotel-west-end\/"},"modified":"2024-05-15T14:08:20","modified_gmt":"2024-05-15T12:08:20","slug":"la-palmeraie-the-ephemeral-bar-at-the-west-end-hotel-reopens-its-doors","status":"publish","type":"post","link":"https:\/\/www.hotel-westend.com\/en\/2024\/05\/15\/la-palmeraie-the-ephemeral-bar-at-the-west-end-hotel-reopens-its-doors\/","title":{"rendered":"La Palmeraie: the ephemeral bar at the West End Hotel reopens its doors"},"content":{"rendered":"<p>[et_pb_section fb_built=&#8221;1&#8243; admin_label=&#8221;section&#8221; _builder_version=&#8221;4.16&#8243; min_height=&#8221;629.4px&#8221; custom_padding=&#8221;||0px|||&#8221; global_colors_info=&#8221;{}&#8221;][et_pb_row admin_label=&#8221;row&#8221; _builder_version=&#8221;4.16&#8243; background_size=&#8221;initial&#8221; background_position=&#8221;top_left&#8221; background_repeat=&#8221;repeat&#8221; custom_margin=&#8221;-2px|auto||auto||&#8221; custom_padding=&#8221;||0px|||&#8221; global_colors_info=&#8221;{}&#8221;][et_pb_column type=&#8221;4_4&#8243; _builder_version=&#8221;4.16&#8243; custom_padding=&#8221;|||&#8221; global_colors_info=&#8221;{}&#8221; custom_padding__hover=&#8221;|||&#8221;][et_pb_text module_class=&#8221;tiretsInverse&#8221; _builder_version=&#8221;4.25.0&#8243; _module_preset=&#8221;default&#8221; header_2_font=&#8221;Gilda Display||||||||&#8221; header_2_text_color=&#8221;#9b8760&#8243; header_2_font_size=&#8221;58px&#8221; width=&#8221;100%&#8221; custom_margin=&#8221;|||0px|false|false&#8221; custom_padding=&#8221;|||0px||&#8221; locked=&#8221;off&#8221; global_colors_info=&#8221;{}&#8221;]<\/p>\n<h2 style=\"font-weight: 400;\">La Palmeraie: the ephemeral bar at the West End Hotel reopens its doors<\/h2>\n<p>[\/et_pb_text][et_pb_image src=&#8221;https:\/\/www.hotel-westend.com\/wp-content\/uploads\/2024\/05\/20230623_225211-scaled.jpg&#8221; title_text=&#8221;20230623_225211&#8243; _builder_version=&#8221;4.25.0&#8243; _module_preset=&#8221;default&#8221; global_colors_info=&#8221;{}&#8221;][\/et_pb_image][et_pb_text admin_label=&#8221;Text&#8221; _builder_version=&#8221;4.25.0&#8243; background_size=&#8221;initial&#8221; background_position=&#8221;top_left&#8221; background_repeat=&#8221;repeat&#8221; global_colors_info=&#8221;{}&#8221;]<\/p>\n<p>&nbsp;<\/p>\n<p style=\"font-weight: 400;\"><strong>Located on the Promenade des Anglais, the West End Hotel&#8217;s <\/strong><b><span lang=\"EN-US\">ephemeral <\/span><\/b><strong style=\"font-size: 14px;\">bar &#8211; La Palmeraie &#8211; is reopening its doors for another summer season.<\/strong><\/p>\n<p style=\"font-weight: 400;\">From Thursday 16 May 2024, this ephemeral relaxation area welcomes locals and visitors alike for a refreshing break. Located on the shaded terrace of the iconic Nice establishment, La Palmeraie is open every day from 2pm to 11pm, providing an ideal escape during the week or a festive meeting place at the weekend.<\/p>\n<p style=\"font-weight: 400;\">Throughout the summer, La Palmeraie will be buzzing to the sound of live music. On Friday and Saturday evenings from 24 May, the venue will be set alight with live performances by C\u00f4te d&#8217;Azur artists such as Fanny Mendes, the duo Mofo, Jude Todd, Miane, Nicoline, Julie Mac Millian and many others. On Tuesdays in July and August, the group Brooklyn2Nice will be providing a funky atmosphere with a repertoire ranging from funk and soul to rhythm&#8217;n blues. La Palmeraie also has a number of special evenings in store for you throughout the summer, including the F\u00eate de la Musique, the F\u00eate nationale and 15th August.<\/p>\n<p style=\"font-weight: 400;\">During these unique occasions, you can enjoy a varied drinks menu, with signature cocktails such as the 31 Prom, the Maitai du Si\u00e8cle, the Cointreau Spritz, the Pink Lover and the So Fresh (alcohol-free). Lovers of good food and drink will be delighted to take advantage of the happy hour, offered every day from 5pm to 6pm.<\/p>\n<p style=\"font-weight: 400;\">For gourmets, charcuterie and cheese boards will be available to share until 31 May. And from 1 June, a selection of gourmet tapas will be added to the menu. Finally, to extend the evening, head to the adjoining restaurant, Le Si\u00e8cle, renowned for its seasonal cuisine and its flamb\u00e9ed dishes, for an unforgettable gastronomic experience!<\/p>\n<p style=\"font-weight: 400;\"><em>La Palmeraie, the summer jewel of the West End hotel &#8211; a member of 3A H\u00f4tels La Collection &#8211; awaits its guests for a season of relaxation, music and flavours. A unique experience in the heart of the C\u00f4te d&#8217;Azur!<\/em><\/p>\n<p>[\/et_pb_text][\/et_pb_column][\/et_pb_row][\/et_pb_section]<\/p>\n","protected":false},"excerpt":{"rendered":"<p>Located on the Promenade des Anglais, the West End Hotel&#8217;s ephemeral bar &#8211; La Palmeraie &#8211; is reopening its doors for another summer season.<\/p>\n","protected":false},"author":5,"featured_media":7484,"comment_status":"open","ping_status":"open","sticky":false,"template":"","format":"standard","meta":{"_et_pb_use_builder":"on","_et_pb_old_content":"<!-- wp:paragraph -->\r\n<p>Du 13 au 27 f\u00e9vrier 2021, Nice deviendra la Capitale mondiale de la mode avec la 137e \u00e9dition du Carnaval sur le th\u00e8me \u00ab Roi des animaux \u00bb. Venez admirer le Roi, la Reine et leurs sujets et participer aux extravagants d\u00e9fil\u00e9s de chars, de grosses t\u00eates et aux \u00e9l\u00e9gantes Batailles de Fleurs.<\/p>\r\n<!-- \/wp:paragraph -->\r\n\r\n<!-- wp:paragraph -->\r\n<p>Pendant 15 jours, le Carnaval de Nice, avec ses deux manifestations\u00a0: les Corsi carnavalesques (de jour ou de nuit) et les Batailles de fleurs, imposera son style et vous offrira un spectacle burlesque, magique et initiatique d\u00e9di\u00e9 \u00e0 la mode sous toutes ses coutures.<\/p>\r\n<!-- \/wp:paragraph -->\r\n\r\n<!-- wp:paragraph -->\r\n<p>Les chars cr\u00e9\u00e9s sur le th\u00e8me d\u00e9fileront lors des Corsi carnavalesques (mardis, samedis et dimanche), accompagn\u00e9s de grosses t\u00eates et d\u2019artistes venant du monde entier dans une ambiance festive et populaire, savamment sc\u00e9nographi\u00e9e, pour revisiter l\u2019histoire de la mode, vous faire rire, sourire mais aussi r\u00e9fl\u00e9chir sur la mode et ses dessous. Car si la mode lance des tendances et bouleverse les codes comme les comportements, elle a aussi un r\u00f4le \u00e9thique et responsable \u00e0 jouer.<\/p>\r\n<!-- \/wp:paragraph -->\r\n\r\n<!-- wp:paragraph -->\r\n<p>Les mercredis et samedis apr\u00e8s-midi, venez d\u00e9couvrir l\u2019autre temps du fort du Carnaval\u00a0: les Batailles de Fleurs o\u00f9 le th\u00e8me sera d\u00e9clin\u00e9 sur des chars orn\u00e9s de fleurs valorisant la production locale (80% des fleurs sont produites dans la r\u00e9gion) et anim\u00e9s par des com\u00e9diennes qui porteront des costumes sp\u00e9cialement con\u00e7us pour la manifestation. Un d\u00e9fil\u00e9 unique au monde o\u00f9 des milliers de fleurs seront distribu\u00e9es.<\/p>\r\n<!-- \/wp:paragraph -->\r\n\r\n<!-- wp:paragraph -->\r\n<p>Et n\u2019oubliez pas, grands et petits, d\u00e9guisez de la t\u00eate aux pieds, les corsi seront gratuits\u00a0!<\/p>\r\n<!-- \/wp:paragraph -->\r\n\r\n<!-- wp:paragraph -->\r\n<p><strong>Alors venez prendre part \u00e0 la f\u00eate du 13 au 27 f\u00e9vrier 2021 \u00e0 Nice.<\/strong><\/p>\r\n<!-- \/wp:paragraph -->","_et_gb_content_width":"1150","inline_featured_image":false,"footnotes":""},"categories":[36,37,35],"tags":[],"class_list":["post-7526","post","type-post","status-publish","format-standard","has-post-thumbnail","hentry","category-actualites-en","category-news-en","category-news-en-2022"],"yoast_head":"<!-- This site is optimized with the Yoast SEO plugin v27.4 - https:\/\/yoast.com\/product\/yoast-seo-wordpress\/ -->\n<title>La Palmeraie: the ephemeral bar at the West End Hotel reopens its doors -<\/title>\n<meta name=\"description\" content=\"Located on the Promenade des Anglais, the West End Hotel&#039;s ephemeral bar - La Palmeraie - is reopening its doors for another summer season.\" \/>\n<meta name=\"robots\" content=\"index, follow, max-snippet:-1, max-image-preview:large, max-video-preview:-1\" \/>\n<link rel=\"canonical\" href=\"https:\/\/www.hotel-westend.com\/en\/2024\/05\/15\/la-palmeraie-the-ephemeral-bar-at-the-west-end-hotel-reopens-its-doors\/\" \/>\n<meta property=\"og:locale\" content=\"en_US\" \/>\n<meta property=\"og:type\" content=\"article\" \/>\n<meta property=\"og:title\" content=\"La Palmeraie: the ephemeral bar at the West End Hotel reopens its doors -\" \/>\n<meta property=\"og:description\" content=\"Located on the Promenade des Anglais, the West End Hotel&#039;s ephemeral bar - La Palmeraie - is reopening its doors for another summer season.\" \/>\n<meta property=\"og:url\" content=\"https:\/\/www.hotel-westend.com\/en\/2024\/05\/15\/la-palmeraie-the-ephemeral-bar-at-the-west-end-hotel-reopens-its-doors\/\" \/>\n<meta property=\"og:site_name\" content=\"Hotel Westend Nice\" \/>\n<meta property=\"article:published_time\" content=\"2024-05-15T11:50:27+00:00\" \/>\n<meta property=\"article:modified_time\" content=\"2024-05-15T12:08:20+00:00\" \/>\n<meta property=\"og:image\" content=\"https:\/\/www.hotel-westend.com\/wp-content\/uploads\/2024\/05\/20230623_225211-scaled.jpg\" \/>\n\t<meta property=\"og:image:width\" content=\"2560\" \/>\n\t<meta property=\"og:image:height\" content=\"1396\" \/>\n\t<meta property=\"og:image:type\" content=\"image\/jpeg\" \/>\n<meta name=\"author\" content=\"Caroline\" \/>\n<meta name=\"twitter:card\" content=\"summary_large_image\" \/>\n<meta name=\"twitter:label1\" content=\"Written by\" \/>\n\t<meta name=\"twitter:data1\" content=\"Caroline\" \/>\n\t<meta name=\"twitter:label2\" content=\"Est. reading time\" \/>\n\t<meta name=\"twitter:data2\" content=\"3 minutes\" \/>\n<script type=\"application\/ld+json\" class=\"yoast-schema-graph\">{\"@context\":\"https:\\\/\\\/schema.org\",\"@graph\":[{\"@type\":\"Article\",\"@id\":\"https:\\\/\\\/www.hotel-westend.com\\\/en\\\/2024\\\/05\\\/15\\\/la-palmeraie-the-ephemeral-bar-at-the-west-end-hotel-reopens-its-doors\\\/#article\",\"isPartOf\":{\"@id\":\"https:\\\/\\\/www.hotel-westend.com\\\/en\\\/2024\\\/05\\\/15\\\/la-palmeraie-the-ephemeral-bar-at-the-west-end-hotel-reopens-its-doors\\\/\"},\"author\":{\"name\":\"Caroline\",\"@id\":\"https:\\\/\\\/www.hotel-westend.com\\\/#\\\/schema\\\/person\\\/1d60ea324d55aaaa4755bc7e298f2d7d\"},\"headline\":\"La Palmeraie: the ephemeral bar at the West End Hotel reopens its doors\",\"datePublished\":\"2024-05-15T11:50:27+00:00\",\"dateModified\":\"2024-05-15T12:08:20+00:00\",\"mainEntityOfPage\":{\"@id\":\"https:\\\/\\\/www.hotel-westend.com\\\/en\\\/2024\\\/05\\\/15\\\/la-palmeraie-the-ephemeral-bar-at-the-west-end-hotel-reopens-its-doors\\\/\"},\"wordCount\":526,\"commentCount\":0,\"image\":{\"@id\":\"https:\\\/\\\/www.hotel-westend.com\\\/en\\\/2024\\\/05\\\/15\\\/la-palmeraie-the-ephemeral-bar-at-the-west-end-hotel-reopens-its-doors\\\/#primaryimage\"},\"thumbnailUrl\":\"https:\\\/\\\/www.hotel-westend.com\\\/wp-content\\\/uploads\\\/2024\\\/05\\\/20230623_225211-scaled.jpg\",\"articleSection\":[\"Actualit\u00e9s\",\"News\",\"News-EN-2022\"],\"inLanguage\":\"en-US\"},{\"@type\":\"WebPage\",\"@id\":\"https:\\\/\\\/www.hotel-westend.com\\\/en\\\/2024\\\/05\\\/15\\\/la-palmeraie-the-ephemeral-bar-at-the-west-end-hotel-reopens-its-doors\\\/\",\"url\":\"https:\\\/\\\/www.hotel-westend.com\\\/en\\\/2024\\\/05\\\/15\\\/la-palmeraie-the-ephemeral-bar-at-the-west-end-hotel-reopens-its-doors\\\/\",\"name\":\"La Palmeraie: the ephemeral bar at the West End Hotel reopens its doors -\",\"isPartOf\":{\"@id\":\"https:\\\/\\\/www.hotel-westend.com\\\/#website\"},\"primaryImageOfPage\":{\"@id\":\"https:\\\/\\\/www.hotel-westend.com\\\/en\\\/2024\\\/05\\\/15\\\/la-palmeraie-the-ephemeral-bar-at-the-west-end-hotel-reopens-its-doors\\\/#primaryimage\"},\"image\":{\"@id\":\"https:\\\/\\\/www.hotel-westend.com\\\/en\\\/2024\\\/05\\\/15\\\/la-palmeraie-the-ephemeral-bar-at-the-west-end-hotel-reopens-its-doors\\\/#primaryimage\"},\"thumbnailUrl\":\"https:\\\/\\\/www.hotel-westend.com\\\/wp-content\\\/uploads\\\/2024\\\/05\\\/20230623_225211-scaled.jpg\",\"datePublished\":\"2024-05-15T11:50:27+00:00\",\"dateModified\":\"2024-05-15T12:08:20+00:00\",\"author\":{\"@id\":\"https:\\\/\\\/www.hotel-westend.com\\\/#\\\/schema\\\/person\\\/1d60ea324d55aaaa4755bc7e298f2d7d\"},\"description\":\"Located on the Promenade des Anglais, the West End Hotel's ephemeral bar - La Palmeraie - is reopening its doors for another summer season.\",\"breadcrumb\":{\"@id\":\"https:\\\/\\\/www.hotel-westend.com\\\/en\\\/2024\\\/05\\\/15\\\/la-palmeraie-the-ephemeral-bar-at-the-west-end-hotel-reopens-its-doors\\\/#breadcrumb\"},\"inLanguage\":\"en-US\",\"potentialAction\":[{\"@type\":\"ReadAction\",\"target\":[\"https:\\\/\\\/www.hotel-westend.com\\\/en\\\/2024\\\/05\\\/15\\\/la-palmeraie-the-ephemeral-bar-at-the-west-end-hotel-reopens-its-doors\\\/\"]}]},{\"@type\":\"ImageObject\",\"inLanguage\":\"en-US\",\"@id\":\"https:\\\/\\\/www.hotel-westend.com\\\/en\\\/2024\\\/05\\\/15\\\/la-palmeraie-the-ephemeral-bar-at-the-west-end-hotel-reopens-its-doors\\\/#primaryimage\",\"url\":\"https:\\\/\\\/www.hotel-westend.com\\\/wp-content\\\/uploads\\\/2024\\\/05\\\/20230623_225211-scaled.jpg\",\"contentUrl\":\"https:\\\/\\\/www.hotel-westend.com\\\/wp-content\\\/uploads\\\/2024\\\/05\\\/20230623_225211-scaled.jpg\",\"width\":2560,\"height\":1396},{\"@type\":\"BreadcrumbList\",\"@id\":\"https:\\\/\\\/www.hotel-westend.com\\\/en\\\/2024\\\/05\\\/15\\\/la-palmeraie-the-ephemeral-bar-at-the-west-end-hotel-reopens-its-doors\\\/#breadcrumb\",\"itemListElement\":[{\"@type\":\"ListItem\",\"position\":1,\"name\":\"Accueil\",\"item\":\"https:\\\/\\\/www.hotel-westend.com\\\/en\\\/\"},{\"@type\":\"ListItem\",\"position\":2,\"name\":\"La Palmeraie: the ephemeral bar at the West End Hotel reopens its doors\"}]},{\"@type\":\"WebSite\",\"@id\":\"https:\\\/\\\/www.hotel-westend.com\\\/#website\",\"url\":\"https:\\\/\\\/www.hotel-westend.com\\\/\",\"name\":\"Hotel Westend Nice\",\"description\":\"Hotel 4 Etoiles Nice - Promenade Anglais | OFFICIEL \",\"potentialAction\":[{\"@type\":\"SearchAction\",\"target\":{\"@type\":\"EntryPoint\",\"urlTemplate\":\"https:\\\/\\\/www.hotel-westend.com\\\/?s={search_term_string}\"},\"query-input\":{\"@type\":\"PropertyValueSpecification\",\"valueRequired\":true,\"valueName\":\"search_term_string\"}}],\"inLanguage\":\"en-US\"},{\"@type\":\"Person\",\"@id\":\"https:\\\/\\\/www.hotel-westend.com\\\/#\\\/schema\\\/person\\\/1d60ea324d55aaaa4755bc7e298f2d7d\",\"name\":\"Caroline\",\"url\":\"https:\\\/\\\/www.hotel-westend.com\\\/en\\\/author\\\/caroline\\\/\"}]}<\/script>\n<!-- \/ Yoast SEO plugin. -->","yoast_head_json":{"title":"La Palmeraie: the ephemeral bar at the West End Hotel reopens its doors -","description":"Located on the Promenade des Anglais, the West End Hotel's ephemeral bar - La Palmeraie - is reopening its doors for another summer season.","robots":{"index":"index","follow":"follow","max-snippet":"max-snippet:-1","max-image-preview":"max-image-preview:large","max-video-preview":"max-video-preview:-1"},"canonical":"https:\/\/www.hotel-westend.com\/en\/2024\/05\/15\/la-palmeraie-the-ephemeral-bar-at-the-west-end-hotel-reopens-its-doors\/","og_locale":"en_US","og_type":"article","og_title":"La Palmeraie: the ephemeral bar at the West End Hotel reopens its doors -","og_description":"Located on the Promenade des Anglais, the West End Hotel's ephemeral bar - La Palmeraie - is reopening its doors for another summer season.","og_url":"https:\/\/www.hotel-westend.com\/en\/2024\/05\/15\/la-palmeraie-the-ephemeral-bar-at-the-west-end-hotel-reopens-its-doors\/","og_site_name":"Hotel Westend Nice","article_published_time":"2024-05-15T11:50:27+00:00","article_modified_time":"2024-05-15T12:08:20+00:00","og_image":[{"width":2560,"height":1396,"url":"https:\/\/www.hotel-westend.com\/wp-content\/uploads\/2024\/05\/20230623_225211-scaled.jpg","type":"image\/jpeg"}],"author":"Caroline","twitter_card":"summary_large_image","twitter_misc":{"Written by":"Caroline","Est. reading time":"3 minutes"},"schema":{"@context":"https:\/\/schema.org","@graph":[{"@type":"Article","@id":"https:\/\/www.hotel-westend.com\/en\/2024\/05\/15\/la-palmeraie-the-ephemeral-bar-at-the-west-end-hotel-reopens-its-doors\/#article","isPartOf":{"@id":"https:\/\/www.hotel-westend.com\/en\/2024\/05\/15\/la-palmeraie-the-ephemeral-bar-at-the-west-end-hotel-reopens-its-doors\/"},"author":{"name":"Caroline","@id":"https:\/\/www.hotel-westend.com\/#\/schema\/person\/1d60ea324d55aaaa4755bc7e298f2d7d"},"headline":"La Palmeraie: the ephemeral bar at the West End Hotel reopens its doors","datePublished":"2024-05-15T11:50:27+00:00","dateModified":"2024-05-15T12:08:20+00:00","mainEntityOfPage":{"@id":"https:\/\/www.hotel-westend.com\/en\/2024\/05\/15\/la-palmeraie-the-ephemeral-bar-at-the-west-end-hotel-reopens-its-doors\/"},"wordCount":526,"commentCount":0,"image":{"@id":"https:\/\/www.hotel-westend.com\/en\/2024\/05\/15\/la-palmeraie-the-ephemeral-bar-at-the-west-end-hotel-reopens-its-doors\/#primaryimage"},"thumbnailUrl":"https:\/\/www.hotel-westend.com\/wp-content\/uploads\/2024\/05\/20230623_225211-scaled.jpg","articleSection":["Actualit\u00e9s","News","News-EN-2022"],"inLanguage":"en-US"},{"@type":"WebPage","@id":"https:\/\/www.hotel-westend.com\/en\/2024\/05\/15\/la-palmeraie-the-ephemeral-bar-at-the-west-end-hotel-reopens-its-doors\/","url":"https:\/\/www.hotel-westend.com\/en\/2024\/05\/15\/la-palmeraie-the-ephemeral-bar-at-the-west-end-hotel-reopens-its-doors\/","name":"La Palmeraie: the ephemeral bar at the West End Hotel reopens its doors -","isPartOf":{"@id":"https:\/\/www.hotel-westend.com\/#website"},"primaryImageOfPage":{"@id":"https:\/\/www.hotel-westend.com\/en\/2024\/05\/15\/la-palmeraie-the-ephemeral-bar-at-the-west-end-hotel-reopens-its-doors\/#primaryimage"},"image":{"@id":"https:\/\/www.hotel-westend.com\/en\/2024\/05\/15\/la-palmeraie-the-ephemeral-bar-at-the-west-end-hotel-reopens-its-doors\/#primaryimage"},"thumbnailUrl":"https:\/\/www.hotel-westend.com\/wp-content\/uploads\/2024\/05\/20230623_225211-scaled.jpg","datePublished":"2024-05-15T11:50:27+00:00","dateModified":"2024-05-15T12:08:20+00:00","author":{"@id":"https:\/\/www.hotel-westend.com\/#\/schema\/person\/1d60ea324d55aaaa4755bc7e298f2d7d"},"description":"Located on the Promenade des Anglais, the West End Hotel's ephemeral bar - La Palmeraie - is reopening its doors for another summer season.","breadcrumb":{"@id":"https:\/\/www.hotel-westend.com\/en\/2024\/05\/15\/la-palmeraie-the-ephemeral-bar-at-the-west-end-hotel-reopens-its-doors\/#breadcrumb"},"inLanguage":"en-US","potentialAction":[{"@type":"ReadAction","target":["https:\/\/www.hotel-westend.com\/en\/2024\/05\/15\/la-palmeraie-the-ephemeral-bar-at-the-west-end-hotel-reopens-its-doors\/"]}]},{"@type":"ImageObject","inLanguage":"en-US","@id":"https:\/\/www.hotel-westend.com\/en\/2024\/05\/15\/la-palmeraie-the-ephemeral-bar-at-the-west-end-hotel-reopens-its-doors\/#primaryimage","url":"https:\/\/www.hotel-westend.com\/wp-content\/uploads\/2024\/05\/20230623_225211-scaled.jpg","contentUrl":"https:\/\/www.hotel-westend.com\/wp-content\/uploads\/2024\/05\/20230623_225211-scaled.jpg","width":2560,"height":1396},{"@type":"BreadcrumbList","@id":"https:\/\/www.hotel-westend.com\/en\/2024\/05\/15\/la-palmeraie-the-ephemeral-bar-at-the-west-end-hotel-reopens-its-doors\/#breadcrumb","itemListElement":[{"@type":"ListItem","position":1,"name":"Accueil","item":"https:\/\/www.hotel-westend.com\/en\/"},{"@type":"ListItem","position":2,"name":"La Palmeraie: the ephemeral bar at the West End Hotel reopens its doors"}]},{"@type":"WebSite","@id":"https:\/\/www.hotel-westend.com\/#website","url":"https:\/\/www.hotel-westend.com\/","name":"Hotel Westend Nice","description":"Hotel 4 Etoiles Nice - Promenade Anglais | OFFICIEL ","potentialAction":[{"@type":"SearchAction","target":{"@type":"EntryPoint","urlTemplate":"https:\/\/www.hotel-westend.com\/?s={search_term_string}"},"query-input":{"@type":"PropertyValueSpecification","valueRequired":true,"valueName":"search_term_string"}}],"inLanguage":"en-US"},{"@type":"Person","@id":"https:\/\/www.hotel-westend.com\/#\/schema\/person\/1d60ea324d55aaaa4755bc7e298f2d7d","name":"Caroline","url":"https:\/\/www.hotel-westend.com\/en\/author\/caroline\/"}]}},"_links":{"self":[{"href":"https:\/\/www.hotel-westend.com\/en\/wp-json\/wp\/v2\/posts\/7526","targetHints":{"allow":["GET"]}}],"collection":[{"href":"https:\/\/www.hotel-westend.com\/en\/wp-json\/wp\/v2\/posts"}],"about":[{"href":"https:\/\/www.hotel-westend.com\/en\/wp-json\/wp\/v2\/types\/post"}],"author":[{"embeddable":true,"href":"https:\/\/www.hotel-westend.com\/en\/wp-json\/wp\/v2\/users\/5"}],"replies":[{"embeddable":true,"href":"https:\/\/www.hotel-westend.com\/en\/wp-json\/wp\/v2\/comments?post=7526"}],"version-history":[{"count":5,"href":"https:\/\/www.hotel-westend.com\/en\/wp-json\/wp\/v2\/posts\/7526\/revisions"}],"predecessor-version":[{"id":7534,"href":"https:\/\/www.hotel-westend.com\/en\/wp-json\/wp\/v2\/posts\/7526\/revisions\/7534"}],"wp:featuredmedia":[{"embeddable":true,"href":"https:\/\/www.hotel-westend.com\/en\/wp-json\/wp\/v2\/media\/7484"}],"wp:attachment":[{"href":"https:\/\/www.hotel-westend.com\/en\/wp-json\/wp\/v2\/media?parent=7526"}],"wp:term":[{"taxonomy":"category","embeddable":true,"href":"https:\/\/www.hotel-westend.com\/en\/wp-json\/wp\/v2\/categories?post=7526"},{"taxonomy":"post_tag","embeddable":true,"href":"https:\/\/www.hotel-westend.com\/en\/wp-json\/wp\/v2\/tags?post=7526"}],"curies":[{"name":"wp","href":"https:\/\/api.w.org\/{rel}","templated":true}]}}