{"id":7563,"date":"2024-05-22T15:48:52","date_gmt":"2024-05-22T13:48:52","guid":{"rendered":"https:\/\/www.hotel-westend.com\/?p=7563"},"modified":"2024-05-22T15:48:57","modified_gmt":"2024-05-22T13:48:57","slug":"art-and-culture-the-unmissable-exhibitions-in-nice-this-summer","status":"publish","type":"post","link":"https:\/\/www.hotel-westend.com\/en\/2024\/05\/22\/art-and-culture-the-unmissable-exhibitions-in-nice-this-summer\/","title":{"rendered":"Art and culture: the unmissable exhibitions in Nice this summer"},"content":{"rendered":"<p>[et_pb_section fb_built=&#8221;1&#8243; admin_label=&#8221;section&#8221; _builder_version=&#8221;4.16&#8243; min_height=&#8221;629.4px&#8221; custom_padding=&#8221;||0px|||&#8221; global_colors_info=&#8221;{}&#8221;][et_pb_row admin_label=&#8221;row&#8221; _builder_version=&#8221;4.16&#8243; background_size=&#8221;initial&#8221; background_position=&#8221;top_left&#8221; background_repeat=&#8221;repeat&#8221; custom_margin=&#8221;-2px|auto||auto||&#8221; custom_padding=&#8221;||0px|||&#8221; global_colors_info=&#8221;{}&#8221;][et_pb_column type=&#8221;4_4&#8243; _builder_version=&#8221;4.16&#8243; custom_padding=&#8221;|||&#8221; global_colors_info=&#8221;{}&#8221; custom_padding__hover=&#8221;|||&#8221;][et_pb_text module_class=&#8221;tiretsInverse&#8221; _builder_version=&#8221;4.25.1&#8243; _module_preset=&#8221;default&#8221; header_2_font=&#8221;Gilda Display||||||||&#8221; header_2_text_color=&#8221;#9b8760&#8243; header_2_font_size=&#8221;58px&#8221; width=&#8221;100%&#8221; custom_margin=&#8221;|||0px|false|false&#8221; custom_padding=&#8221;|||0px||&#8221; locked=&#8221;off&#8221; global_colors_info=&#8221;{}&#8221;]<\/p>\n<div>\n<h2><span class=\"y2iqfc\"><span lang=\"EN\">Art and culture: the unmissable exhibitions in Nice this summer<\/span><\/span><\/h2>\n<\/div>\n<p>[\/et_pb_text][et_pb_image src=&#8221;https:\/\/www.hotel-westend.com\/wp-content\/uploads\/2024\/05\/Musee_Jules_Cheret_Article_West_end.png&#8221; title_text=&#8221;Mus\u00e9e_Jules_Cheret_Article_West_end&#8221; _builder_version=&#8221;4.25.1&#8243; _module_preset=&#8221;default&#8221; global_colors_info=&#8221;{}&#8221;][\/et_pb_image][et_pb_text admin_label=&#8221;Text&#8221; _builder_version=&#8221;4.25.1&#8243; background_size=&#8221;initial&#8221; background_position=&#8221;top_left&#8221; background_repeat=&#8221;repeat&#8221; global_colors_info=&#8221;{}&#8221;]<\/p>\n<div>\n<p>&nbsp;<\/p>\n<p class=\"Date1\"><span lang=\"EN-US\">Nice has nothing to envy of Paris when it comes to art and exhibitions. With 12 museums and art galleries dedicated to an artist, photography, sport or archaeology, Nice offers a cultural experience rich in discoveries. And that\u2019s without counting the number of works of art installed in the city, making Nice an open-air museum. During the summer season, a rich program has been designed to allow residents of Nice and vacationers to discover Nice otherwise<\/span><span lang=\"EN-US\">. Here is a selection of 5 exhibitions not to be missed.<\/span><\/p>\n<p class=\"Date1\"><span style=\"font-size: 14px;\"><strong>At the Lympia space<\/strong><br \/><\/span><span style=\"font-size: 14px;\">Until June 30, 2024, the Herg\u00e9 Museum in Louvain-la-Neuve in Belgium is joining forces with the Lympia space, located at the Port of Nice, to unveil in a double exhibition entitled Tintin, Herg\u00e9 and Chang the multiple facets of the father of Tintin through a magnificent selection of precious documents, original drawings and objects. These are presented for the first time on the C\u00f4te d\u2019Azur.<\/span><\/p>\n<p class=\"Date1\"><span style=\"font-size: 14px;\"><strong>At the National Sports Museum<\/strong><br \/><\/span><span style=\"font-size: 14px;\">Until September 22, 2024, the National Sports Museum, easily accessible by tram from the center of Nice, is offering an immersive and interactive exhibition linked to the Paris 2024 Olympic and Paralympic Games. Called Les Elles des Jeux, the exhibition retraces more than 130 years of our contemporary society through the stories of emblematic women with exemplary destinies.<\/span><\/p>\n<p class=\"Date1\"><strong style=\"font-size: 14px;\">At the National Sports Museum<br \/><\/strong><span style=\"font-size: 14px;\">Until September 22, 2024, the National Sports Museum, easily accessible by tram from the center of Nice, is offering an immersive and interactive exhibition linked to the Paris 2024 Olympic and Paralympic Games. Called Les Elles des Jeux, the exhibition retraces more than 130 years of our contemporary society through the stories of emblematic women with exemplary destinies.<\/span><\/p>\n<p class=\"Date1\"><strong style=\"font-size: 14px;\">At the Jules Cheret museum<br \/><\/strong><span style=\"font-size: 14px;\">From June 7 to September 29, 2024, the Jules Cheret Museum of Fine Arts is offering an event exhibition called \u201cBerthe Morisot in Nice, Impressionist Stopovers\u201d. Designed as part of the territorial operation of the Mus\u00e9e d&#8217;Orsay &#8220;150 years of impressionism&#8221; in partnership with the Palazzo Ducale in Genoa, this retrospective evokes the painter&#8217;s two stays on the Riviera during the winters of 1881-1882 and 1888-1889.<\/span><\/p>\n<p class=\"Date1\"><strong style=\"font-size: 14px;\">At the Terra Amata Museum<br \/><\/strong><span style=\"font-size: 14px;\">From June 21 to September 22, 2024, the Terra Amata Prehistory Museum invites you to discover \u201ctools, between art and science\u201d through an exhibition, halfway between art and science. This therefore invites us to take a new look at the collections of tools discovered on the Terra Amata site in 1966.<\/span><\/p>\n<p class=\"Date1\"><strong style=\"font-size: 14px;\">At the Matisse Museum<br \/><\/strong><span style=\"font-size: 14px;\">From June 28 until September 29, 2024, the Fundaci\u00f3 Joan Mir\u00f3 in Barcelona and the Matisse Museum in Nice, accessible by bus from the center of Nice, are joining forces to organize an exhibition dedicated to the relationships between the works of Henri Matisse and Joan Mir\u00f3: \u201cMir\u00f3Matisse. Beyond the images.\u201d The garden of the Matisse museum is also worth a detour.<\/span><\/p>\n<p class=\"Date1\"><span style=\"font-size: 14px;\">Located on the Promenade des Anglais, <\/span><a style=\"font-size: 14px;\" href=\"https:\/\/www.hotel-westend.com\/en\/special-offers\/\" target=\"_blank\" rel=\"noopener\">the emblematic West End hotel<\/a><span style=\"font-size: 14px;\">, member of 3A H\u00f4tels La Collection, is the ideal place to unpack your bags before heading off to discover and visit these artistic highlights in Nice. Do not hesitate to ask for advice at our reception to guide you in your travels.<\/span><\/p>\n<\/div>\n<p>[\/et_pb_text][\/et_pb_column][\/et_pb_row][\/et_pb_section]<\/p>\n","protected":false},"excerpt":{"rendered":"<p>During the summer season, a rich program has been designed to allow residents of Nice and vacationers to discover Nice otherwise.<\/p>\n","protected":false},"author":5,"featured_media":7542,"comment_status":"open","ping_status":"open","sticky":false,"template":"","format":"standard","meta":{"_et_pb_use_builder":"on","_et_pb_old_content":"<!-- wp:paragraph -->\r\n<p>Du 13 au 27 f\u00e9vrier 2021, Nice deviendra la Capitale mondiale de la mode avec la 137e \u00e9dition du Carnaval sur le th\u00e8me \u00ab Roi des animaux \u00bb. Venez admirer le Roi, la Reine et leurs sujets et participer aux extravagants d\u00e9fil\u00e9s de chars, de grosses t\u00eates et aux \u00e9l\u00e9gantes Batailles de Fleurs.<\/p>\r\n<!-- \/wp:paragraph -->\r\n\r\n<!-- wp:paragraph -->\r\n<p>Pendant 15 jours, le Carnaval de Nice, avec ses deux manifestations\u00a0: les Corsi carnavalesques (de jour ou de nuit) et les Batailles de fleurs, imposera son style et vous offrira un spectacle burlesque, magique et initiatique d\u00e9di\u00e9 \u00e0 la mode sous toutes ses coutures.<\/p>\r\n<!-- \/wp:paragraph -->\r\n\r\n<!-- wp:paragraph -->\r\n<p>Les chars cr\u00e9\u00e9s sur le th\u00e8me d\u00e9fileront lors des Corsi carnavalesques (mardis, samedis et dimanche), accompagn\u00e9s de grosses t\u00eates et d\u2019artistes venant du monde entier dans une ambiance festive et populaire, savamment sc\u00e9nographi\u00e9e, pour revisiter l\u2019histoire de la mode, vous faire rire, sourire mais aussi r\u00e9fl\u00e9chir sur la mode et ses dessous. Car si la mode lance des tendances et bouleverse les codes comme les comportements, elle a aussi un r\u00f4le \u00e9thique et responsable \u00e0 jouer.<\/p>\r\n<!-- \/wp:paragraph -->\r\n\r\n<!-- wp:paragraph -->\r\n<p>Les mercredis et samedis apr\u00e8s-midi, venez d\u00e9couvrir l\u2019autre temps du fort du Carnaval\u00a0: les Batailles de Fleurs o\u00f9 le th\u00e8me sera d\u00e9clin\u00e9 sur des chars orn\u00e9s de fleurs valorisant la production locale (80% des fleurs sont produites dans la r\u00e9gion) et anim\u00e9s par des com\u00e9diennes qui porteront des costumes sp\u00e9cialement con\u00e7us pour la manifestation. Un d\u00e9fil\u00e9 unique au monde o\u00f9 des milliers de fleurs seront distribu\u00e9es.<\/p>\r\n<!-- \/wp:paragraph -->\r\n\r\n<!-- wp:paragraph -->\r\n<p>Et n\u2019oubliez pas, grands et petits, d\u00e9guisez de la t\u00eate aux pieds, les corsi seront gratuits\u00a0!<\/p>\r\n<!-- \/wp:paragraph -->\r\n\r\n<!-- wp:paragraph -->\r\n<p><strong>Alors venez prendre part \u00e0 la f\u00eate du 13 au 27 f\u00e9vrier 2021 \u00e0 Nice.<\/strong><\/p>\r\n<!-- \/wp:paragraph -->","_et_gb_content_width":"1150","inline_featured_image":false,"footnotes":""},"categories":[36,37,35],"tags":[],"class_list":["post-7563","post","type-post","status-publish","format-standard","has-post-thumbnail","hentry","category-actualites-en","category-news-en","category-news-en-2022"],"yoast_head":"<!-- This site is optimized with the Yoast SEO plugin v27.4 - https:\/\/yoast.com\/product\/yoast-seo-wordpress\/ -->\n<title>Art and culture: the unmissable exhibitions in Nice this summer -<\/title>\n<meta name=\"description\" content=\"During the summer season, a rich program has been designed to allow residents of Nice and vacationers to discover Nice otherwise.\" \/>\n<meta name=\"robots\" content=\"index, follow, max-snippet:-1, max-image-preview:large, max-video-preview:-1\" \/>\n<link rel=\"canonical\" href=\"https:\/\/www.hotel-westend.com\/en\/2024\/05\/22\/art-and-culture-the-unmissable-exhibitions-in-nice-this-summer\/\" \/>\n<meta property=\"og:locale\" content=\"en_US\" \/>\n<meta property=\"og:type\" content=\"article\" \/>\n<meta property=\"og:title\" content=\"Art and culture: the unmissable exhibitions in Nice this summer -\" \/>\n<meta property=\"og:description\" content=\"During the summer season, a rich program has been designed to allow residents of Nice and vacationers to discover Nice otherwise.\" \/>\n<meta property=\"og:url\" content=\"https:\/\/www.hotel-westend.com\/en\/2024\/05\/22\/art-and-culture-the-unmissable-exhibitions-in-nice-this-summer\/\" \/>\n<meta property=\"og:site_name\" content=\"Hotel Westend Nice\" \/>\n<meta property=\"article:published_time\" content=\"2024-05-22T13:48:52+00:00\" \/>\n<meta property=\"article:modified_time\" content=\"2024-05-22T13:48:57+00:00\" \/>\n<meta property=\"og:image\" content=\"https:\/\/www.hotel-westend.com\/wp-content\/uploads\/2024\/05\/Musee_Jules_Cheret_Article_West_end-1024x664.png\" \/>\n\t<meta property=\"og:image:width\" content=\"1024\" \/>\n\t<meta property=\"og:image:height\" content=\"664\" \/>\n\t<meta property=\"og:image:type\" content=\"image\/png\" \/>\n<meta name=\"author\" content=\"Caroline\" \/>\n<meta name=\"twitter:card\" content=\"summary_large_image\" \/>\n<meta name=\"twitter:label1\" content=\"Written by\" \/>\n\t<meta name=\"twitter:data1\" content=\"Caroline\" \/>\n\t<meta name=\"twitter:label2\" content=\"Est. reading time\" \/>\n\t<meta name=\"twitter:data2\" content=\"4 minutes\" \/>\n<script type=\"application\/ld+json\" class=\"yoast-schema-graph\">{\"@context\":\"https:\\\/\\\/schema.org\",\"@graph\":[{\"@type\":\"Article\",\"@id\":\"https:\\\/\\\/www.hotel-westend.com\\\/en\\\/2024\\\/05\\\/22\\\/art-and-culture-the-unmissable-exhibitions-in-nice-this-summer\\\/#article\",\"isPartOf\":{\"@id\":\"https:\\\/\\\/www.hotel-westend.com\\\/en\\\/2024\\\/05\\\/22\\\/art-and-culture-the-unmissable-exhibitions-in-nice-this-summer\\\/\"},\"author\":{\"name\":\"Caroline\",\"@id\":\"https:\\\/\\\/www.hotel-westend.com\\\/#\\\/schema\\\/person\\\/1d60ea324d55aaaa4755bc7e298f2d7d\"},\"headline\":\"Art and culture: the unmissable exhibitions in Nice this summer\",\"datePublished\":\"2024-05-22T13:48:52+00:00\",\"dateModified\":\"2024-05-22T13:48:57+00:00\",\"mainEntityOfPage\":{\"@id\":\"https:\\\/\\\/www.hotel-westend.com\\\/en\\\/2024\\\/05\\\/22\\\/art-and-culture-the-unmissable-exhibitions-in-nice-this-summer\\\/\"},\"wordCount\":705,\"commentCount\":0,\"image\":{\"@id\":\"https:\\\/\\\/www.hotel-westend.com\\\/en\\\/2024\\\/05\\\/22\\\/art-and-culture-the-unmissable-exhibitions-in-nice-this-summer\\\/#primaryimage\"},\"thumbnailUrl\":\"https:\\\/\\\/www.hotel-westend.com\\\/wp-content\\\/uploads\\\/2024\\\/05\\\/Musee_Jules_Cheret_Article_West_end.png\",\"articleSection\":[\"Actualit\u00e9s\",\"News\",\"News-EN-2022\"],\"inLanguage\":\"en-US\"},{\"@type\":\"WebPage\",\"@id\":\"https:\\\/\\\/www.hotel-westend.com\\\/en\\\/2024\\\/05\\\/22\\\/art-and-culture-the-unmissable-exhibitions-in-nice-this-summer\\\/\",\"url\":\"https:\\\/\\\/www.hotel-westend.com\\\/en\\\/2024\\\/05\\\/22\\\/art-and-culture-the-unmissable-exhibitions-in-nice-this-summer\\\/\",\"name\":\"Art and culture: the unmissable exhibitions in Nice this summer -\",\"isPartOf\":{\"@id\":\"https:\\\/\\\/www.hotel-westend.com\\\/#website\"},\"primaryImageOfPage\":{\"@id\":\"https:\\\/\\\/www.hotel-westend.com\\\/en\\\/2024\\\/05\\\/22\\\/art-and-culture-the-unmissable-exhibitions-in-nice-this-summer\\\/#primaryimage\"},\"image\":{\"@id\":\"https:\\\/\\\/www.hotel-westend.com\\\/en\\\/2024\\\/05\\\/22\\\/art-and-culture-the-unmissable-exhibitions-in-nice-this-summer\\\/#primaryimage\"},\"thumbnailUrl\":\"https:\\\/\\\/www.hotel-westend.com\\\/wp-content\\\/uploads\\\/2024\\\/05\\\/Musee_Jules_Cheret_Article_West_end.png\",\"datePublished\":\"2024-05-22T13:48:52+00:00\",\"dateModified\":\"2024-05-22T13:48:57+00:00\",\"author\":{\"@id\":\"https:\\\/\\\/www.hotel-westend.com\\\/#\\\/schema\\\/person\\\/1d60ea324d55aaaa4755bc7e298f2d7d\"},\"description\":\"During the summer season, a rich program has been designed to allow residents of Nice and vacationers to discover Nice otherwise.\",\"breadcrumb\":{\"@id\":\"https:\\\/\\\/www.hotel-westend.com\\\/en\\\/2024\\\/05\\\/22\\\/art-and-culture-the-unmissable-exhibitions-in-nice-this-summer\\\/#breadcrumb\"},\"inLanguage\":\"en-US\",\"potentialAction\":[{\"@type\":\"ReadAction\",\"target\":[\"https:\\\/\\\/www.hotel-westend.com\\\/en\\\/2024\\\/05\\\/22\\\/art-and-culture-the-unmissable-exhibitions-in-nice-this-summer\\\/\"]}]},{\"@type\":\"ImageObject\",\"inLanguage\":\"en-US\",\"@id\":\"https:\\\/\\\/www.hotel-westend.com\\\/en\\\/2024\\\/05\\\/22\\\/art-and-culture-the-unmissable-exhibitions-in-nice-this-summer\\\/#primaryimage\",\"url\":\"https:\\\/\\\/www.hotel-westend.com\\\/wp-content\\\/uploads\\\/2024\\\/05\\\/Musee_Jules_Cheret_Article_West_end.png\",\"contentUrl\":\"https:\\\/\\\/www.hotel-westend.com\\\/wp-content\\\/uploads\\\/2024\\\/05\\\/Musee_Jules_Cheret_Article_West_end.png\",\"width\":2041,\"height\":1323},{\"@type\":\"BreadcrumbList\",\"@id\":\"https:\\\/\\\/www.hotel-westend.com\\\/en\\\/2024\\\/05\\\/22\\\/art-and-culture-the-unmissable-exhibitions-in-nice-this-summer\\\/#breadcrumb\",\"itemListElement\":[{\"@type\":\"ListItem\",\"position\":1,\"name\":\"Accueil\",\"item\":\"https:\\\/\\\/www.hotel-westend.com\\\/en\\\/\"},{\"@type\":\"ListItem\",\"position\":2,\"name\":\"Art and culture: the unmissable exhibitions in Nice this summer\"}]},{\"@type\":\"WebSite\",\"@id\":\"https:\\\/\\\/www.hotel-westend.com\\\/#website\",\"url\":\"https:\\\/\\\/www.hotel-westend.com\\\/\",\"name\":\"Hotel Westend Nice\",\"description\":\"Hotel 4 Etoiles Nice - Promenade Anglais | OFFICIEL \",\"potentialAction\":[{\"@type\":\"SearchAction\",\"target\":{\"@type\":\"EntryPoint\",\"urlTemplate\":\"https:\\\/\\\/www.hotel-westend.com\\\/?s={search_term_string}\"},\"query-input\":{\"@type\":\"PropertyValueSpecification\",\"valueRequired\":true,\"valueName\":\"search_term_string\"}}],\"inLanguage\":\"en-US\"},{\"@type\":\"Person\",\"@id\":\"https:\\\/\\\/www.hotel-westend.com\\\/#\\\/schema\\\/person\\\/1d60ea324d55aaaa4755bc7e298f2d7d\",\"name\":\"Caroline\",\"url\":\"https:\\\/\\\/www.hotel-westend.com\\\/en\\\/author\\\/caroline\\\/\"}]}<\/script>\n<!-- \/ Yoast SEO plugin. -->","yoast_head_json":{"title":"Art and culture: the unmissable exhibitions in Nice this summer -","description":"During the summer season, a rich program has been designed to allow residents of Nice and vacationers to discover Nice otherwise.","robots":{"index":"index","follow":"follow","max-snippet":"max-snippet:-1","max-image-preview":"max-image-preview:large","max-video-preview":"max-video-preview:-1"},"canonical":"https:\/\/www.hotel-westend.com\/en\/2024\/05\/22\/art-and-culture-the-unmissable-exhibitions-in-nice-this-summer\/","og_locale":"en_US","og_type":"article","og_title":"Art and culture: the unmissable exhibitions in Nice this summer -","og_description":"During the summer season, a rich program has been designed to allow residents of Nice and vacationers to discover Nice otherwise.","og_url":"https:\/\/www.hotel-westend.com\/en\/2024\/05\/22\/art-and-culture-the-unmissable-exhibitions-in-nice-this-summer\/","og_site_name":"Hotel Westend Nice","article_published_time":"2024-05-22T13:48:52+00:00","article_modified_time":"2024-05-22T13:48:57+00:00","og_image":[{"width":1024,"height":664,"url":"https:\/\/www.hotel-westend.com\/wp-content\/uploads\/2024\/05\/Musee_Jules_Cheret_Article_West_end-1024x664.png","type":"image\/png"}],"author":"Caroline","twitter_card":"summary_large_image","twitter_misc":{"Written by":"Caroline","Est. reading time":"4 minutes"},"schema":{"@context":"https:\/\/schema.org","@graph":[{"@type":"Article","@id":"https:\/\/www.hotel-westend.com\/en\/2024\/05\/22\/art-and-culture-the-unmissable-exhibitions-in-nice-this-summer\/#article","isPartOf":{"@id":"https:\/\/www.hotel-westend.com\/en\/2024\/05\/22\/art-and-culture-the-unmissable-exhibitions-in-nice-this-summer\/"},"author":{"name":"Caroline","@id":"https:\/\/www.hotel-westend.com\/#\/schema\/person\/1d60ea324d55aaaa4755bc7e298f2d7d"},"headline":"Art and culture: the unmissable exhibitions in Nice this summer","datePublished":"2024-05-22T13:48:52+00:00","dateModified":"2024-05-22T13:48:57+00:00","mainEntityOfPage":{"@id":"https:\/\/www.hotel-westend.com\/en\/2024\/05\/22\/art-and-culture-the-unmissable-exhibitions-in-nice-this-summer\/"},"wordCount":705,"commentCount":0,"image":{"@id":"https:\/\/www.hotel-westend.com\/en\/2024\/05\/22\/art-and-culture-the-unmissable-exhibitions-in-nice-this-summer\/#primaryimage"},"thumbnailUrl":"https:\/\/www.hotel-westend.com\/wp-content\/uploads\/2024\/05\/Musee_Jules_Cheret_Article_West_end.png","articleSection":["Actualit\u00e9s","News","News-EN-2022"],"inLanguage":"en-US"},{"@type":"WebPage","@id":"https:\/\/www.hotel-westend.com\/en\/2024\/05\/22\/art-and-culture-the-unmissable-exhibitions-in-nice-this-summer\/","url":"https:\/\/www.hotel-westend.com\/en\/2024\/05\/22\/art-and-culture-the-unmissable-exhibitions-in-nice-this-summer\/","name":"Art and culture: the unmissable exhibitions in Nice this summer -","isPartOf":{"@id":"https:\/\/www.hotel-westend.com\/#website"},"primaryImageOfPage":{"@id":"https:\/\/www.hotel-westend.com\/en\/2024\/05\/22\/art-and-culture-the-unmissable-exhibitions-in-nice-this-summer\/#primaryimage"},"image":{"@id":"https:\/\/www.hotel-westend.com\/en\/2024\/05\/22\/art-and-culture-the-unmissable-exhibitions-in-nice-this-summer\/#primaryimage"},"thumbnailUrl":"https:\/\/www.hotel-westend.com\/wp-content\/uploads\/2024\/05\/Musee_Jules_Cheret_Article_West_end.png","datePublished":"2024-05-22T13:48:52+00:00","dateModified":"2024-05-22T13:48:57+00:00","author":{"@id":"https:\/\/www.hotel-westend.com\/#\/schema\/person\/1d60ea324d55aaaa4755bc7e298f2d7d"},"description":"During the summer season, a rich program has been designed to allow residents of Nice and vacationers to discover Nice otherwise.","breadcrumb":{"@id":"https:\/\/www.hotel-westend.com\/en\/2024\/05\/22\/art-and-culture-the-unmissable-exhibitions-in-nice-this-summer\/#breadcrumb"},"inLanguage":"en-US","potentialAction":[{"@type":"ReadAction","target":["https:\/\/www.hotel-westend.com\/en\/2024\/05\/22\/art-and-culture-the-unmissable-exhibitions-in-nice-this-summer\/"]}]},{"@type":"ImageObject","inLanguage":"en-US","@id":"https:\/\/www.hotel-westend.com\/en\/2024\/05\/22\/art-and-culture-the-unmissable-exhibitions-in-nice-this-summer\/#primaryimage","url":"https:\/\/www.hotel-westend.com\/wp-content\/uploads\/2024\/05\/Musee_Jules_Cheret_Article_West_end.png","contentUrl":"https:\/\/www.hotel-westend.com\/wp-content\/uploads\/2024\/05\/Musee_Jules_Cheret_Article_West_end.png","width":2041,"height":1323},{"@type":"BreadcrumbList","@id":"https:\/\/www.hotel-westend.com\/en\/2024\/05\/22\/art-and-culture-the-unmissable-exhibitions-in-nice-this-summer\/#breadcrumb","itemListElement":[{"@type":"ListItem","position":1,"name":"Accueil","item":"https:\/\/www.hotel-westend.com\/en\/"},{"@type":"ListItem","position":2,"name":"Art and culture: the unmissable exhibitions in Nice this summer"}]},{"@type":"WebSite","@id":"https:\/\/www.hotel-westend.com\/#website","url":"https:\/\/www.hotel-westend.com\/","name":"Hotel Westend Nice","description":"Hotel 4 Etoiles Nice - Promenade Anglais | OFFICIEL ","potentialAction":[{"@type":"SearchAction","target":{"@type":"EntryPoint","urlTemplate":"https:\/\/www.hotel-westend.com\/?s={search_term_string}"},"query-input":{"@type":"PropertyValueSpecification","valueRequired":true,"valueName":"search_term_string"}}],"inLanguage":"en-US"},{"@type":"Person","@id":"https:\/\/www.hotel-westend.com\/#\/schema\/person\/1d60ea324d55aaaa4755bc7e298f2d7d","name":"Caroline","url":"https:\/\/www.hotel-westend.com\/en\/author\/caroline\/"}]}},"_links":{"self":[{"href":"https:\/\/www.hotel-westend.com\/en\/wp-json\/wp\/v2\/posts\/7563","targetHints":{"allow":["GET"]}}],"collection":[{"href":"https:\/\/www.hotel-westend.com\/en\/wp-json\/wp\/v2\/posts"}],"about":[{"href":"https:\/\/www.hotel-westend.com\/en\/wp-json\/wp\/v2\/types\/post"}],"author":[{"embeddable":true,"href":"https:\/\/www.hotel-westend.com\/en\/wp-json\/wp\/v2\/users\/5"}],"replies":[{"embeddable":true,"href":"https:\/\/www.hotel-westend.com\/en\/wp-json\/wp\/v2\/comments?post=7563"}],"version-history":[{"count":2,"href":"https:\/\/www.hotel-westend.com\/en\/wp-json\/wp\/v2\/posts\/7563\/revisions"}],"predecessor-version":[{"id":7566,"href":"https:\/\/www.hotel-westend.com\/en\/wp-json\/wp\/v2\/posts\/7563\/revisions\/7566"}],"wp:featuredmedia":[{"embeddable":true,"href":"https:\/\/www.hotel-westend.com\/en\/wp-json\/wp\/v2\/media\/7542"}],"wp:attachment":[{"href":"https:\/\/www.hotel-westend.com\/en\/wp-json\/wp\/v2\/media?parent=7563"}],"wp:term":[{"taxonomy":"category","embeddable":true,"href":"https:\/\/www.hotel-westend.com\/en\/wp-json\/wp\/v2\/categories?post=7563"},{"taxonomy":"post_tag","embeddable":true,"href":"https:\/\/www.hotel-westend.com\/en\/wp-json\/wp\/v2\/tags?post=7563"}],"curies":[{"name":"wp","href":"https:\/\/api.w.org\/{rel}","templated":true}]}}