{"id":7626,"date":"2024-06-12T12:01:43","date_gmt":"2024-06-12T10:01:43","guid":{"rendered":"https:\/\/www.hotel-westend.com\/2024\/06\/12\/hotel-west-end-une-parenthese-estivale-festive-ou-gourmande\/"},"modified":"2024-06-12T12:24:23","modified_gmt":"2024-06-12T10:24:23","slug":"the-west-end-hotel-for-a-festive-or-gourmet-summer-break","status":"publish","type":"post","link":"https:\/\/www.hotel-westend.com\/en\/2024\/06\/12\/the-west-end-hotel-for-a-festive-or-gourmet-summer-break\/","title":{"rendered":"The West End Hotel, for a festive or gourmet summer break"},"content":{"rendered":"<p>[et_pb_section fb_built=&#8221;1&#8243; admin_label=&#8221;section&#8221; _builder_version=&#8221;4.16&#8243; min_height=&#8221;629.4px&#8221; custom_padding=&#8221;||0px|||&#8221; global_colors_info=&#8221;{}&#8221;][et_pb_row admin_label=&#8221;row&#8221; _builder_version=&#8221;4.16&#8243; background_size=&#8221;initial&#8221; background_position=&#8221;top_left&#8221; background_repeat=&#8221;repeat&#8221; custom_margin=&#8221;-2px|auto||auto||&#8221; custom_padding=&#8221;||0px|||&#8221; global_colors_info=&#8221;{}&#8221;][et_pb_column type=&#8221;4_4&#8243; _builder_version=&#8221;4.16&#8243; custom_padding=&#8221;|||&#8221; global_colors_info=&#8221;{}&#8221; custom_padding__hover=&#8221;|||&#8221;][et_pb_text module_class=&#8221;tiretsInverse&#8221; _builder_version=&#8221;4.25.1&#8243; _module_preset=&#8221;default&#8221; header_2_font=&#8221;Gilda Display||||||||&#8221; header_2_text_color=&#8221;#9b8760&#8243; header_2_font_size=&#8221;58px&#8221; width=&#8221;100%&#8221; custom_margin=&#8221;|||0px|false|false&#8221; custom_padding=&#8221;|||0px||&#8221; hover_enabled=&#8221;0&#8243; locked=&#8221;off&#8221; global_colors_info=&#8221;{}&#8221; sticky_enabled=&#8221;0&#8243;]<\/p>\n<h2 style=\"font-weight: 400;\">The West End Hotel, for a festive or gourmet summer break<\/h2>\n<p>[\/et_pb_text][et_pb_image src=&#8221;https:\/\/www.hotel-westend.com\/wp-content\/uploads\/2024\/06\/La-Palmeraie_WestEnd.png&#8221; alt=&#8221;30\/08\/2020 &#8211; Tour de France 2020 &#8211; Etape 2 &#8211; Nice Haut Pays \/ Nice (186 km) &#8211; Promenade des Anglais&#8221; title_text=&#8221;La Palmeraie_WestEnd&#8221; _builder_version=&#8221;4.25.1&#8243; _module_preset=&#8221;default&#8221; global_colors_info=&#8221;{}&#8221;][\/et_pb_image][et_pb_text admin_label=&#8221;Text&#8221; _builder_version=&#8221;4.25.1&#8243; background_size=&#8221;initial&#8221; background_position=&#8221;top_left&#8221; background_repeat=&#8221;repeat&#8221; hover_enabled=&#8221;0&#8243; global_colors_info=&#8221;{}&#8221; sticky_enabled=&#8221;0&#8243;]<\/p>\n<p style=\"font-weight: 400;\">Nice&#8217;s summer season kicks off! When temperatures and the days get longer, what could be nicer than sipping a cocktail on the terrace or a tasty meal, to enjoy the long summer evenings, with the Promenade des Anglais as a backdrop. Indeed, the season promises to be festive and for the West End hotel.<\/p>\n<p style=\"font-weight: 400;\"><strong>At the ephemeral bar La Palmeraie<\/strong><\/p>\n<p style=\"font-weight: 400;\">Meet us at La Palmeraie, the ephemeral bar of the 3A H\u00f4tels member establishment La Collection. Reopened just a few days ago, the terrace has concocted a rich program for a relaxing or festive break. Throughout the summer, \u201cLive Music\u201d evenings will feature jazz, funky, pop and classical tunes. Mofo, Mix &amp; Light, Margaret &amp; Marcus, Jude Todd, Anaha, Fanny Mendes, Brooklyn2Nice and Nicoline are just some of the bands and singers expected to perform throughout the summer. All to be enjoyed while sipping tasty cocktails and tapas.<\/p>\n<p style=\"font-weight: 400;\"><strong>At Le Si\u00e8cle restaurant<\/strong><\/p>\n<p style=\"font-weight: 400;\">For those with a sweet tooth, head to the adjoining Le Si\u00e8cle restaurant, located. at the foot of the West End Hotel. With its menu offering a fine selection of Mediterranean-inspired dishes, Le Si\u00e8cle is the bistronomic address not to be missed this summer. The menu includes pumpkin velout\u00e9, burrata with thyme-grilled vegetables and gambas flamb\u00e9ed with pastis. Enjoy your meal on Le Si\u00e8cle&#8217;s sunny terrace, in an Art Nouveau-style setting.<\/p>\n<p style=\"font-weight: 400;\">The H\u00f4tel West End and its emblematic fa\u00e7ade have dominated the Promenade des Anglais for over a century and a half. With its 4-star rating, the hotel lends itself perfectly for holidaymakers wishing to discover Nice and the C\u00f4te d&#8217;Azur. But with its ephemeral bar and restaurant, it also welcomes Ni\u00e7ois for a tasty and festive interlude.<\/p>\n<p>[\/et_pb_text][\/et_pb_column][\/et_pb_row][\/et_pb_section]<\/p>\n","protected":false},"excerpt":{"rendered":"<p>When temperatures and the days get longer, what could be nicer than taste a cocktail on the terrace or have a dinner with view&#8230;<\/p>\n","protected":false},"author":5,"featured_media":7622,"comment_status":"open","ping_status":"open","sticky":false,"template":"","format":"standard","meta":{"_et_pb_use_builder":"on","_et_pb_old_content":"<!-- wp:paragraph -->\r\n<p>Du 13 au 27 f\u00e9vrier 2021, Nice deviendra la Capitale mondiale de la mode avec la 137e \u00e9dition du Carnaval sur le th\u00e8me \u00ab Roi des animaux \u00bb. Venez admirer le Roi, la Reine et leurs sujets et participer aux extravagants d\u00e9fil\u00e9s de chars, de grosses t\u00eates et aux \u00e9l\u00e9gantes Batailles de Fleurs.<\/p>\r\n<!-- \/wp:paragraph -->\r\n\r\n<!-- wp:paragraph -->\r\n<p>Pendant 15 jours, le Carnaval de Nice, avec ses deux manifestations\u00a0: les Corsi carnavalesques (de jour ou de nuit) et les Batailles de fleurs, imposera son style et vous offrira un spectacle burlesque, magique et initiatique d\u00e9di\u00e9 \u00e0 la mode sous toutes ses coutures.<\/p>\r\n<!-- \/wp:paragraph -->\r\n\r\n<!-- wp:paragraph -->\r\n<p>Les chars cr\u00e9\u00e9s sur le th\u00e8me d\u00e9fileront lors des Corsi carnavalesques (mardis, samedis et dimanche), accompagn\u00e9s de grosses t\u00eates et d\u2019artistes venant du monde entier dans une ambiance festive et populaire, savamment sc\u00e9nographi\u00e9e, pour revisiter l\u2019histoire de la mode, vous faire rire, sourire mais aussi r\u00e9fl\u00e9chir sur la mode et ses dessous. Car si la mode lance des tendances et bouleverse les codes comme les comportements, elle a aussi un r\u00f4le \u00e9thique et responsable \u00e0 jouer.<\/p>\r\n<!-- \/wp:paragraph -->\r\n\r\n<!-- wp:paragraph -->\r\n<p>Les mercredis et samedis apr\u00e8s-midi, venez d\u00e9couvrir l\u2019autre temps du fort du Carnaval\u00a0: les Batailles de Fleurs o\u00f9 le th\u00e8me sera d\u00e9clin\u00e9 sur des chars orn\u00e9s de fleurs valorisant la production locale (80% des fleurs sont produites dans la r\u00e9gion) et anim\u00e9s par des com\u00e9diennes qui porteront des costumes sp\u00e9cialement con\u00e7us pour la manifestation. Un d\u00e9fil\u00e9 unique au monde o\u00f9 des milliers de fleurs seront distribu\u00e9es.<\/p>\r\n<!-- \/wp:paragraph -->\r\n\r\n<!-- wp:paragraph -->\r\n<p>Et n\u2019oubliez pas, grands et petits, d\u00e9guisez de la t\u00eate aux pieds, les corsi seront gratuits\u00a0!<\/p>\r\n<!-- \/wp:paragraph -->\r\n\r\n<!-- wp:paragraph -->\r\n<p><strong>Alors venez prendre part \u00e0 la f\u00eate du 13 au 27 f\u00e9vrier 2021 \u00e0 Nice.<\/strong><\/p>\r\n<!-- \/wp:paragraph -->","_et_gb_content_width":"1150","inline_featured_image":false,"footnotes":""},"categories":[36,37,35],"tags":[40],"class_list":["post-7626","post","type-post","status-publish","format-standard","has-post-thumbnail","hentry","category-actualites-en","category-news-en","category-news-en-2022","tag-la-palmeraie-en"],"yoast_head":"<!-- This site is optimized with the Yoast SEO plugin v27.4 - https:\/\/yoast.com\/product\/yoast-seo-wordpress\/ -->\n<title>The West End Hotel, for a festive or gourmet summer break -<\/title>\n<meta name=\"description\" content=\"When temperatures and the days get longer, what could be nicer than taste a cocktail on the terrace or have a dinner with view...\" \/>\n<meta name=\"robots\" content=\"index, follow, max-snippet:-1, max-image-preview:large, max-video-preview:-1\" \/>\n<link rel=\"canonical\" href=\"https:\/\/www.hotel-westend.com\/en\/2024\/06\/12\/the-west-end-hotel-for-a-festive-or-gourmet-summer-break\/\" \/>\n<meta property=\"og:locale\" content=\"en_US\" \/>\n<meta property=\"og:type\" content=\"article\" \/>\n<meta property=\"og:title\" content=\"The West End Hotel, for a festive or gourmet summer break -\" \/>\n<meta property=\"og:description\" content=\"When temperatures and the days get longer, what could be nicer than taste a cocktail on the terrace or have a dinner with view...\" \/>\n<meta property=\"og:url\" content=\"https:\/\/www.hotel-westend.com\/en\/2024\/06\/12\/the-west-end-hotel-for-a-festive-or-gourmet-summer-break\/\" \/>\n<meta property=\"og:site_name\" content=\"Hotel Westend Nice\" \/>\n<meta property=\"article:published_time\" content=\"2024-06-12T10:01:43+00:00\" \/>\n<meta property=\"article:modified_time\" content=\"2024-06-12T10:24:23+00:00\" \/>\n<meta property=\"og:image\" content=\"https:\/\/www.hotel-westend.com\/wp-content\/uploads\/2024\/06\/La-Palmeraie_WestEnd-1024x664.png\" \/>\n\t<meta property=\"og:image:width\" content=\"1024\" \/>\n\t<meta property=\"og:image:height\" content=\"664\" \/>\n\t<meta property=\"og:image:type\" content=\"image\/png\" \/>\n<meta name=\"author\" content=\"Caroline\" \/>\n<meta name=\"twitter:card\" content=\"summary_large_image\" \/>\n<meta name=\"twitter:label1\" content=\"Written by\" \/>\n\t<meta name=\"twitter:data1\" content=\"Caroline\" \/>\n\t<meta name=\"twitter:label2\" content=\"Est. reading time\" \/>\n\t<meta name=\"twitter:data2\" content=\"2 minutes\" \/>\n<script type=\"application\/ld+json\" class=\"yoast-schema-graph\">{\"@context\":\"https:\\\/\\\/schema.org\",\"@graph\":[{\"@type\":\"Article\",\"@id\":\"https:\\\/\\\/www.hotel-westend.com\\\/en\\\/2024\\\/06\\\/12\\\/the-west-end-hotel-for-a-festive-or-gourmet-summer-break\\\/#article\",\"isPartOf\":{\"@id\":\"https:\\\/\\\/www.hotel-westend.com\\\/en\\\/2024\\\/06\\\/12\\\/the-west-end-hotel-for-a-festive-or-gourmet-summer-break\\\/\"},\"author\":{\"name\":\"Caroline\",\"@id\":\"https:\\\/\\\/www.hotel-westend.com\\\/#\\\/schema\\\/person\\\/1d60ea324d55aaaa4755bc7e298f2d7d\"},\"headline\":\"The West End Hotel, for a festive or gourmet summer break\",\"datePublished\":\"2024-06-12T10:01:43+00:00\",\"dateModified\":\"2024-06-12T10:24:23+00:00\",\"mainEntityOfPage\":{\"@id\":\"https:\\\/\\\/www.hotel-westend.com\\\/en\\\/2024\\\/06\\\/12\\\/the-west-end-hotel-for-a-festive-or-gourmet-summer-break\\\/\"},\"wordCount\":503,\"commentCount\":0,\"image\":{\"@id\":\"https:\\\/\\\/www.hotel-westend.com\\\/en\\\/2024\\\/06\\\/12\\\/the-west-end-hotel-for-a-festive-or-gourmet-summer-break\\\/#primaryimage\"},\"thumbnailUrl\":\"https:\\\/\\\/www.hotel-westend.com\\\/wp-content\\\/uploads\\\/2024\\\/06\\\/La-Palmeraie_WestEnd.png\",\"keywords\":[\"La Palmeraie\"],\"articleSection\":[\"Actualit\u00e9s\",\"News\",\"News-EN-2022\"],\"inLanguage\":\"en-US\"},{\"@type\":\"WebPage\",\"@id\":\"https:\\\/\\\/www.hotel-westend.com\\\/en\\\/2024\\\/06\\\/12\\\/the-west-end-hotel-for-a-festive-or-gourmet-summer-break\\\/\",\"url\":\"https:\\\/\\\/www.hotel-westend.com\\\/en\\\/2024\\\/06\\\/12\\\/the-west-end-hotel-for-a-festive-or-gourmet-summer-break\\\/\",\"name\":\"The West End Hotel, for a festive or gourmet summer break -\",\"isPartOf\":{\"@id\":\"https:\\\/\\\/www.hotel-westend.com\\\/#website\"},\"primaryImageOfPage\":{\"@id\":\"https:\\\/\\\/www.hotel-westend.com\\\/en\\\/2024\\\/06\\\/12\\\/the-west-end-hotel-for-a-festive-or-gourmet-summer-break\\\/#primaryimage\"},\"image\":{\"@id\":\"https:\\\/\\\/www.hotel-westend.com\\\/en\\\/2024\\\/06\\\/12\\\/the-west-end-hotel-for-a-festive-or-gourmet-summer-break\\\/#primaryimage\"},\"thumbnailUrl\":\"https:\\\/\\\/www.hotel-westend.com\\\/wp-content\\\/uploads\\\/2024\\\/06\\\/La-Palmeraie_WestEnd.png\",\"datePublished\":\"2024-06-12T10:01:43+00:00\",\"dateModified\":\"2024-06-12T10:24:23+00:00\",\"author\":{\"@id\":\"https:\\\/\\\/www.hotel-westend.com\\\/#\\\/schema\\\/person\\\/1d60ea324d55aaaa4755bc7e298f2d7d\"},\"description\":\"When temperatures and the days get longer, what could be nicer than taste a cocktail on the terrace or have a dinner with view...\",\"breadcrumb\":{\"@id\":\"https:\\\/\\\/www.hotel-westend.com\\\/en\\\/2024\\\/06\\\/12\\\/the-west-end-hotel-for-a-festive-or-gourmet-summer-break\\\/#breadcrumb\"},\"inLanguage\":\"en-US\",\"potentialAction\":[{\"@type\":\"ReadAction\",\"target\":[\"https:\\\/\\\/www.hotel-westend.com\\\/en\\\/2024\\\/06\\\/12\\\/the-west-end-hotel-for-a-festive-or-gourmet-summer-break\\\/\"]}]},{\"@type\":\"ImageObject\",\"inLanguage\":\"en-US\",\"@id\":\"https:\\\/\\\/www.hotel-westend.com\\\/en\\\/2024\\\/06\\\/12\\\/the-west-end-hotel-for-a-festive-or-gourmet-summer-break\\\/#primaryimage\",\"url\":\"https:\\\/\\\/www.hotel-westend.com\\\/wp-content\\\/uploads\\\/2024\\\/06\\\/La-Palmeraie_WestEnd.png\",\"contentUrl\":\"https:\\\/\\\/www.hotel-westend.com\\\/wp-content\\\/uploads\\\/2024\\\/06\\\/La-Palmeraie_WestEnd.png\",\"width\":2041,\"height\":1323},{\"@type\":\"BreadcrumbList\",\"@id\":\"https:\\\/\\\/www.hotel-westend.com\\\/en\\\/2024\\\/06\\\/12\\\/the-west-end-hotel-for-a-festive-or-gourmet-summer-break\\\/#breadcrumb\",\"itemListElement\":[{\"@type\":\"ListItem\",\"position\":1,\"name\":\"Accueil\",\"item\":\"https:\\\/\\\/www.hotel-westend.com\\\/en\\\/\"},{\"@type\":\"ListItem\",\"position\":2,\"name\":\"The West End Hotel, for a festive or gourmet summer break\"}]},{\"@type\":\"WebSite\",\"@id\":\"https:\\\/\\\/www.hotel-westend.com\\\/#website\",\"url\":\"https:\\\/\\\/www.hotel-westend.com\\\/\",\"name\":\"Hotel Westend Nice\",\"description\":\"Hotel 4 Etoiles Nice - Promenade Anglais | OFFICIEL \",\"potentialAction\":[{\"@type\":\"SearchAction\",\"target\":{\"@type\":\"EntryPoint\",\"urlTemplate\":\"https:\\\/\\\/www.hotel-westend.com\\\/?s={search_term_string}\"},\"query-input\":{\"@type\":\"PropertyValueSpecification\",\"valueRequired\":true,\"valueName\":\"search_term_string\"}}],\"inLanguage\":\"en-US\"},{\"@type\":\"Person\",\"@id\":\"https:\\\/\\\/www.hotel-westend.com\\\/#\\\/schema\\\/person\\\/1d60ea324d55aaaa4755bc7e298f2d7d\",\"name\":\"Caroline\",\"url\":\"https:\\\/\\\/www.hotel-westend.com\\\/en\\\/author\\\/caroline\\\/\"}]}<\/script>\n<!-- \/ Yoast SEO plugin. -->","yoast_head_json":{"title":"The West End Hotel, for a festive or gourmet summer break -","description":"When temperatures and the days get longer, what could be nicer than taste a cocktail on the terrace or have a dinner with view...","robots":{"index":"index","follow":"follow","max-snippet":"max-snippet:-1","max-image-preview":"max-image-preview:large","max-video-preview":"max-video-preview:-1"},"canonical":"https:\/\/www.hotel-westend.com\/en\/2024\/06\/12\/the-west-end-hotel-for-a-festive-or-gourmet-summer-break\/","og_locale":"en_US","og_type":"article","og_title":"The West End Hotel, for a festive or gourmet summer break -","og_description":"When temperatures and the days get longer, what could be nicer than taste a cocktail on the terrace or have a dinner with view...","og_url":"https:\/\/www.hotel-westend.com\/en\/2024\/06\/12\/the-west-end-hotel-for-a-festive-or-gourmet-summer-break\/","og_site_name":"Hotel Westend Nice","article_published_time":"2024-06-12T10:01:43+00:00","article_modified_time":"2024-06-12T10:24:23+00:00","og_image":[{"width":1024,"height":664,"url":"https:\/\/www.hotel-westend.com\/wp-content\/uploads\/2024\/06\/La-Palmeraie_WestEnd-1024x664.png","type":"image\/png"}],"author":"Caroline","twitter_card":"summary_large_image","twitter_misc":{"Written by":"Caroline","Est. reading time":"2 minutes"},"schema":{"@context":"https:\/\/schema.org","@graph":[{"@type":"Article","@id":"https:\/\/www.hotel-westend.com\/en\/2024\/06\/12\/the-west-end-hotel-for-a-festive-or-gourmet-summer-break\/#article","isPartOf":{"@id":"https:\/\/www.hotel-westend.com\/en\/2024\/06\/12\/the-west-end-hotel-for-a-festive-or-gourmet-summer-break\/"},"author":{"name":"Caroline","@id":"https:\/\/www.hotel-westend.com\/#\/schema\/person\/1d60ea324d55aaaa4755bc7e298f2d7d"},"headline":"The West End Hotel, for a festive or gourmet summer break","datePublished":"2024-06-12T10:01:43+00:00","dateModified":"2024-06-12T10:24:23+00:00","mainEntityOfPage":{"@id":"https:\/\/www.hotel-westend.com\/en\/2024\/06\/12\/the-west-end-hotel-for-a-festive-or-gourmet-summer-break\/"},"wordCount":503,"commentCount":0,"image":{"@id":"https:\/\/www.hotel-westend.com\/en\/2024\/06\/12\/the-west-end-hotel-for-a-festive-or-gourmet-summer-break\/#primaryimage"},"thumbnailUrl":"https:\/\/www.hotel-westend.com\/wp-content\/uploads\/2024\/06\/La-Palmeraie_WestEnd.png","keywords":["La Palmeraie"],"articleSection":["Actualit\u00e9s","News","News-EN-2022"],"inLanguage":"en-US"},{"@type":"WebPage","@id":"https:\/\/www.hotel-westend.com\/en\/2024\/06\/12\/the-west-end-hotel-for-a-festive-or-gourmet-summer-break\/","url":"https:\/\/www.hotel-westend.com\/en\/2024\/06\/12\/the-west-end-hotel-for-a-festive-or-gourmet-summer-break\/","name":"The West End Hotel, for a festive or gourmet summer break -","isPartOf":{"@id":"https:\/\/www.hotel-westend.com\/#website"},"primaryImageOfPage":{"@id":"https:\/\/www.hotel-westend.com\/en\/2024\/06\/12\/the-west-end-hotel-for-a-festive-or-gourmet-summer-break\/#primaryimage"},"image":{"@id":"https:\/\/www.hotel-westend.com\/en\/2024\/06\/12\/the-west-end-hotel-for-a-festive-or-gourmet-summer-break\/#primaryimage"},"thumbnailUrl":"https:\/\/www.hotel-westend.com\/wp-content\/uploads\/2024\/06\/La-Palmeraie_WestEnd.png","datePublished":"2024-06-12T10:01:43+00:00","dateModified":"2024-06-12T10:24:23+00:00","author":{"@id":"https:\/\/www.hotel-westend.com\/#\/schema\/person\/1d60ea324d55aaaa4755bc7e298f2d7d"},"description":"When temperatures and the days get longer, what could be nicer than taste a cocktail on the terrace or have a dinner with view...","breadcrumb":{"@id":"https:\/\/www.hotel-westend.com\/en\/2024\/06\/12\/the-west-end-hotel-for-a-festive-or-gourmet-summer-break\/#breadcrumb"},"inLanguage":"en-US","potentialAction":[{"@type":"ReadAction","target":["https:\/\/www.hotel-westend.com\/en\/2024\/06\/12\/the-west-end-hotel-for-a-festive-or-gourmet-summer-break\/"]}]},{"@type":"ImageObject","inLanguage":"en-US","@id":"https:\/\/www.hotel-westend.com\/en\/2024\/06\/12\/the-west-end-hotel-for-a-festive-or-gourmet-summer-break\/#primaryimage","url":"https:\/\/www.hotel-westend.com\/wp-content\/uploads\/2024\/06\/La-Palmeraie_WestEnd.png","contentUrl":"https:\/\/www.hotel-westend.com\/wp-content\/uploads\/2024\/06\/La-Palmeraie_WestEnd.png","width":2041,"height":1323},{"@type":"BreadcrumbList","@id":"https:\/\/www.hotel-westend.com\/en\/2024\/06\/12\/the-west-end-hotel-for-a-festive-or-gourmet-summer-break\/#breadcrumb","itemListElement":[{"@type":"ListItem","position":1,"name":"Accueil","item":"https:\/\/www.hotel-westend.com\/en\/"},{"@type":"ListItem","position":2,"name":"The West End Hotel, for a festive or gourmet summer break"}]},{"@type":"WebSite","@id":"https:\/\/www.hotel-westend.com\/#website","url":"https:\/\/www.hotel-westend.com\/","name":"Hotel Westend Nice","description":"Hotel 4 Etoiles Nice - Promenade Anglais | OFFICIEL ","potentialAction":[{"@type":"SearchAction","target":{"@type":"EntryPoint","urlTemplate":"https:\/\/www.hotel-westend.com\/?s={search_term_string}"},"query-input":{"@type":"PropertyValueSpecification","valueRequired":true,"valueName":"search_term_string"}}],"inLanguage":"en-US"},{"@type":"Person","@id":"https:\/\/www.hotel-westend.com\/#\/schema\/person\/1d60ea324d55aaaa4755bc7e298f2d7d","name":"Caroline","url":"https:\/\/www.hotel-westend.com\/en\/author\/caroline\/"}]}},"_links":{"self":[{"href":"https:\/\/www.hotel-westend.com\/en\/wp-json\/wp\/v2\/posts\/7626","targetHints":{"allow":["GET"]}}],"collection":[{"href":"https:\/\/www.hotel-westend.com\/en\/wp-json\/wp\/v2\/posts"}],"about":[{"href":"https:\/\/www.hotel-westend.com\/en\/wp-json\/wp\/v2\/types\/post"}],"author":[{"embeddable":true,"href":"https:\/\/www.hotel-westend.com\/en\/wp-json\/wp\/v2\/users\/5"}],"replies":[{"embeddable":true,"href":"https:\/\/www.hotel-westend.com\/en\/wp-json\/wp\/v2\/comments?post=7626"}],"version-history":[{"count":2,"href":"https:\/\/www.hotel-westend.com\/en\/wp-json\/wp\/v2\/posts\/7626\/revisions"}],"predecessor-version":[{"id":7630,"href":"https:\/\/www.hotel-westend.com\/en\/wp-json\/wp\/v2\/posts\/7626\/revisions\/7630"}],"wp:featuredmedia":[{"embeddable":true,"href":"https:\/\/www.hotel-westend.com\/en\/wp-json\/wp\/v2\/media\/7622"}],"wp:attachment":[{"href":"https:\/\/www.hotel-westend.com\/en\/wp-json\/wp\/v2\/media?parent=7626"}],"wp:term":[{"taxonomy":"category","embeddable":true,"href":"https:\/\/www.hotel-westend.com\/en\/wp-json\/wp\/v2\/categories?post=7626"},{"taxonomy":"post_tag","embeddable":true,"href":"https:\/\/www.hotel-westend.com\/en\/wp-json\/wp\/v2\/tags?post=7626"}],"curies":[{"name":"wp","href":"https:\/\/api.w.org\/{rel}","templated":true}]}}