{"id":7658,"date":"2024-06-26T09:00:20","date_gmt":"2024-06-26T07:00:20","guid":{"rendered":"https:\/\/www.hotel-westend.com\/?p=7658"},"modified":"2024-06-24T11:59:01","modified_gmt":"2024-06-24T09:59:01","slug":"portrait-patrick-tziack-technical-manager-at-west-end-hotel","status":"publish","type":"post","link":"https:\/\/www.hotel-westend.com\/en\/2024\/06\/26\/portrait-patrick-tziack-technical-manager-at-west-end-hotel\/","title":{"rendered":"Portrait: Patrick Tziack, technical manager at the West End Hotel"},"content":{"rendered":"<p>[et_pb_section fb_built=&#8221;1&#8243; admin_label=&#8221;section&#8221; _builder_version=&#8221;4.16&#8243; min_height=&#8221;629.4px&#8221; custom_padding=&#8221;||0px|||&#8221; global_colors_info=&#8221;{}&#8221;][et_pb_row admin_label=&#8221;row&#8221; _builder_version=&#8221;4.16&#8243; background_size=&#8221;initial&#8221; background_position=&#8221;top_left&#8221; background_repeat=&#8221;repeat&#8221; custom_padding=&#8221;||0px|||&#8221; global_colors_info=&#8221;{}&#8221;][et_pb_column type=&#8221;4_4&#8243; _builder_version=&#8221;4.16&#8243; custom_padding=&#8221;|||&#8221; global_colors_info=&#8221;{}&#8221; custom_padding__hover=&#8221;|||&#8221;][et_pb_text module_class=&#8221;tiretsInverse&#8221; _builder_version=&#8221;4.25.1&#8243; _module_preset=&#8221;default&#8221; header_2_font=&#8221;Gilda Display||||||||&#8221; header_2_text_color=&#8221;#9b8760&#8243; header_2_font_size=&#8221;58px&#8221; width=&#8221;100%&#8221; custom_margin=&#8221;|||0px|false|false&#8221; custom_padding=&#8221;|||0px||&#8221; hover_enabled=&#8221;0&#8243; locked=&#8221;off&#8221; global_colors_info=&#8221;{}&#8221; sticky_enabled=&#8221;0&#8243;]<\/p>\n<div>\n<h2><span class=\"y2iqfc\"><span lang=\"EN\">Portrait: Patrick Tziack, technical manager at the West End Hotel<\/span><\/span><\/h2>\n<\/div>\n<p>[\/et_pb_text][et_pb_image src=&#8221;https:\/\/www.hotel-westend.com\/wp-content\/uploads\/2024\/06\/Patrick-Tziack_Festivals_Ete_WestEnd-1.png&#8221; alt=&#8221;Staff_Maria_Nice_West_End_hotel&#8221; title_text=&#8221;Patrick Tziack_Festivals_Et\u00e9_WestEnd (1)&#8221; align=&#8221;center&#8221; _builder_version=&#8221;4.25.1&#8243; _module_preset=&#8221;default&#8221; width=&#8221;58%&#8221; max_width=&#8221;71%&#8221; min_height=&#8221;100px&#8221; height=&#8221;378px&#8221; custom_margin=&#8221;||0px||false|false&#8221; global_colors_info=&#8221;{}&#8221;][\/et_pb_image][et_pb_text admin_label=&#8221;Text&#8221; _builder_version=&#8221;4.25.1&#8243; background_size=&#8221;initial&#8221; background_position=&#8221;top_left&#8221; background_repeat=&#8221;repeat&#8221; hover_enabled=&#8221;0&#8243; global_colors_info=&#8221;{}&#8221; sticky_enabled=&#8221;0&#8243;]<\/p>\n<p>&nbsp;<\/p>\n<p style=\"font-weight: 400;\"><strong>Each month, the West End**** Hotel is delighted to highlight one of its employees through a series of questions, in order to find out more about their profession and what drives them within the framework of its functions. Today, the hotel honored Patrick Tziack, technical manager of the West End Hotel.<\/strong><\/p>\n<p style=\"font-weight: 400;\"><strong>Can you introduce yourself ?<\/strong><br \/>I am 55 years old, and I have been a technical manager at the West End hotel for 2 years. I supervise a team of 2 painters and 3 technicians. I was a refrigeration engineer at the start of my career, and I have been working in the hotel industry for 15 years as a technical manager. My role consists of guaranteeing the operation of the installations and carrying out work (plumbing, painting, electricity) as well as emergency or preventive repairs.<\/p>\n<p style=\"font-weight: 400;\"><strong>What excites you most about your job?<\/strong><br \/>It\u2019s a tiring job but what I like most is the diversity of tasks and missions! No day is the same when you are a technical manager in a hotel like this! I am a man in the shadows and a man in the field\u2026 I have to be able to respond to all technical issues.<\/p>\n<p style=\"font-weight: 400;\"><strong>What advice would you give to a new employee?<\/strong><br \/>It\u2019s a job that requires perseverance and a jack-of-all-trades. As a technical manager, you are a bit of a MacGyver! The idea is to be as responsive as possible even if certain problems cannot be resolved immediately and require a little more time.<\/p>\n<p style=\"font-weight: 400;\"><strong>What is your favorite place within the West End Hotel?<\/strong><br \/>I really like the Si\u00e8cle restaurant, adjoining the West End hotel. The decor, the atmosphere\u2026 it\u2019s a place where I feel good. Everyone there is very nice too! And the view from the restaurant is second to none.<\/p>\n<p style=\"font-weight: 400;\"><strong>What are your best memories?<\/strong><br \/>End of year meals are very good memories because it is an opportunity to come together as a team to share friendly and warm moments.<\/p>\n<p style=\"font-weight: 400;\">Finally, what advice would you give to guests to enjoy their stay?<br \/>Take height ! Mont Boron or the Nice C\u00f4te d\u2019Azur Observatory offer magnificent views of Nice and the Mediterranean Sea. Unmissable stops when you come to stay here!<\/p>\n<p>[\/et_pb_text][\/et_pb_column][\/et_pb_row][\/et_pb_section][et_pb_section fb_built=&#8221;1&#8243; _builder_version=&#8221;4.23.4&#8243; _module_preset=&#8221;default&#8221; global_colors_info=&#8221;{}&#8221;][\/et_pb_section]<\/p>\n","protected":false},"excerpt":{"rendered":"<p>Chaque mois, l&#8217;H\u00f4tel West End met en lumi\u00e8re ses collaborateurs. Zoom sur Patrick Tziack, responsable technique \u00e0 l\u2019H\u00f4tel West End<\/p>\n","protected":false},"author":5,"featured_media":7653,"comment_status":"open","ping_status":"open","sticky":false,"template":"","format":"standard","meta":{"_et_pb_use_builder":"on","_et_pb_old_content":"<!-- wp:paragraph -->\r\n<p>Du 13 au 27 f\u00e9vrier 2021, Nice deviendra la Capitale mondiale de la mode avec la 137e \u00e9dition du Carnaval sur le th\u00e8me \u00ab Roi des animaux \u00bb. Venez admirer le Roi, la Reine et leurs sujets et participer aux extravagants d\u00e9fil\u00e9s de chars, de grosses t\u00eates et aux \u00e9l\u00e9gantes Batailles de Fleurs.<\/p>\r\n<!-- \/wp:paragraph -->\r\n\r\n<!-- wp:paragraph -->\r\n<p>Pendant 15 jours, le Carnaval de Nice, avec ses deux manifestations\u00a0: les Corsi carnavalesques (de jour ou de nuit) et les Batailles de fleurs, imposera son style et vous offrira un spectacle burlesque, magique et initiatique d\u00e9di\u00e9 \u00e0 la mode sous toutes ses coutures.<\/p>\r\n<!-- \/wp:paragraph -->\r\n\r\n<!-- wp:paragraph -->\r\n<p>Les chars cr\u00e9\u00e9s sur le th\u00e8me d\u00e9fileront lors des Corsi carnavalesques (mardis, samedis et dimanche), accompagn\u00e9s de grosses t\u00eates et d\u2019artistes venant du monde entier dans une ambiance festive et populaire, savamment sc\u00e9nographi\u00e9e, pour revisiter l\u2019histoire de la mode, vous faire rire, sourire mais aussi r\u00e9fl\u00e9chir sur la mode et ses dessous. Car si la mode lance des tendances et bouleverse les codes comme les comportements, elle a aussi un r\u00f4le \u00e9thique et responsable \u00e0 jouer.<\/p>\r\n<!-- \/wp:paragraph -->\r\n\r\n<!-- wp:paragraph -->\r\n<p>Les mercredis et samedis apr\u00e8s-midi, venez d\u00e9couvrir l\u2019autre temps du fort du Carnaval\u00a0: les Batailles de Fleurs o\u00f9 le th\u00e8me sera d\u00e9clin\u00e9 sur des chars orn\u00e9s de fleurs valorisant la production locale (80% des fleurs sont produites dans la r\u00e9gion) et anim\u00e9s par des com\u00e9diennes qui porteront des costumes sp\u00e9cialement con\u00e7us pour la manifestation. Un d\u00e9fil\u00e9 unique au monde o\u00f9 des milliers de fleurs seront distribu\u00e9es.<\/p>\r\n<!-- \/wp:paragraph -->\r\n\r\n<!-- wp:paragraph -->\r\n<p>Et n\u2019oubliez pas, grands et petits, d\u00e9guisez de la t\u00eate aux pieds, les corsi seront gratuits\u00a0!<\/p>\r\n<!-- \/wp:paragraph -->\r\n\r\n<!-- wp:paragraph -->\r\n<p><strong>Alors venez prendre part \u00e0 la f\u00eate du 13 au 27 f\u00e9vrier 2021 \u00e0 Nice.<\/strong><\/p>\r\n<!-- \/wp:paragraph -->","_et_gb_content_width":"1150","inline_featured_image":false,"footnotes":""},"categories":[36,37],"tags":[],"class_list":["post-7658","post","type-post","status-publish","format-standard","has-post-thumbnail","hentry","category-actualites-en","category-news-en"],"yoast_head":"<!-- This site is optimized with the Yoast SEO plugin v27.4 - https:\/\/yoast.com\/product\/yoast-seo-wordpress\/ -->\n<title>Portrait: Patrick Tziack, technical manager at the West End Hotel -<\/title>\n<meta name=\"description\" content=\"Chaque mois, l&#039;H\u00f4tel West End met en lumi\u00e8re ses collaborateurs. Zoom sur Patrick Tziack, responsable technique \u00e0 l\u2019H\u00f4tel West End\" \/>\n<meta name=\"robots\" content=\"index, follow, max-snippet:-1, max-image-preview:large, max-video-preview:-1\" \/>\n<link rel=\"canonical\" href=\"https:\/\/www.hotel-westend.com\/en\/2024\/06\/26\/portrait-patrick-tziack-technical-manager-at-west-end-hotel\/\" \/>\n<meta property=\"og:locale\" content=\"en_US\" \/>\n<meta property=\"og:type\" content=\"article\" \/>\n<meta property=\"og:title\" content=\"Portrait: Patrick Tziack, technical manager at the West End Hotel -\" \/>\n<meta property=\"og:description\" content=\"Chaque mois, l&#039;H\u00f4tel West End met en lumi\u00e8re ses collaborateurs. Zoom sur Patrick Tziack, responsable technique \u00e0 l\u2019H\u00f4tel West End\" \/>\n<meta property=\"og:url\" content=\"https:\/\/www.hotel-westend.com\/en\/2024\/06\/26\/portrait-patrick-tziack-technical-manager-at-west-end-hotel\/\" \/>\n<meta property=\"og:site_name\" content=\"Hotel Westend Nice\" \/>\n<meta property=\"article:published_time\" content=\"2024-06-26T07:00:20+00:00\" \/>\n<meta property=\"og:image\" content=\"https:\/\/www.hotel-westend.com\/wp-content\/uploads\/2024\/06\/Patrick-Tziack_Festivals_Ete_WestEnd-1-1024x664.png\" \/>\n\t<meta property=\"og:image:width\" content=\"1024\" \/>\n\t<meta property=\"og:image:height\" content=\"664\" \/>\n\t<meta property=\"og:image:type\" content=\"image\/png\" \/>\n<meta name=\"author\" content=\"Caroline\" \/>\n<meta name=\"twitter:card\" content=\"summary_large_image\" \/>\n<meta name=\"twitter:label1\" content=\"Written by\" \/>\n\t<meta name=\"twitter:data1\" content=\"Caroline\" \/>\n\t<meta name=\"twitter:label2\" content=\"Est. reading time\" \/>\n\t<meta name=\"twitter:data2\" content=\"3 minutes\" \/>\n<script type=\"application\/ld+json\" class=\"yoast-schema-graph\">{\"@context\":\"https:\\\/\\\/schema.org\",\"@graph\":[{\"@type\":\"Article\",\"@id\":\"https:\\\/\\\/www.hotel-westend.com\\\/en\\\/2024\\\/06\\\/26\\\/portrait-patrick-tziack-technical-manager-at-west-end-hotel\\\/#article\",\"isPartOf\":{\"@id\":\"https:\\\/\\\/www.hotel-westend.com\\\/en\\\/2024\\\/06\\\/26\\\/portrait-patrick-tziack-technical-manager-at-west-end-hotel\\\/\"},\"author\":{\"name\":\"Caroline\",\"@id\":\"https:\\\/\\\/www.hotel-westend.com\\\/#\\\/schema\\\/person\\\/1d60ea324d55aaaa4755bc7e298f2d7d\"},\"headline\":\"Portrait: Patrick Tziack, technical manager at the West End Hotel\",\"datePublished\":\"2024-06-26T07:00:20+00:00\",\"mainEntityOfPage\":{\"@id\":\"https:\\\/\\\/www.hotel-westend.com\\\/en\\\/2024\\\/06\\\/26\\\/portrait-patrick-tziack-technical-manager-at-west-end-hotel\\\/\"},\"wordCount\":599,\"commentCount\":0,\"image\":{\"@id\":\"https:\\\/\\\/www.hotel-westend.com\\\/en\\\/2024\\\/06\\\/26\\\/portrait-patrick-tziack-technical-manager-at-west-end-hotel\\\/#primaryimage\"},\"thumbnailUrl\":\"https:\\\/\\\/www.hotel-westend.com\\\/wp-content\\\/uploads\\\/2024\\\/06\\\/Patrick-Tziack_Festivals_Ete_WestEnd-1.png\",\"articleSection\":[\"Actualit\u00e9s\",\"News\"],\"inLanguage\":\"en-US\"},{\"@type\":\"WebPage\",\"@id\":\"https:\\\/\\\/www.hotel-westend.com\\\/en\\\/2024\\\/06\\\/26\\\/portrait-patrick-tziack-technical-manager-at-west-end-hotel\\\/\",\"url\":\"https:\\\/\\\/www.hotel-westend.com\\\/en\\\/2024\\\/06\\\/26\\\/portrait-patrick-tziack-technical-manager-at-west-end-hotel\\\/\",\"name\":\"Portrait: Patrick Tziack, technical manager at the West End Hotel -\",\"isPartOf\":{\"@id\":\"https:\\\/\\\/www.hotel-westend.com\\\/#website\"},\"primaryImageOfPage\":{\"@id\":\"https:\\\/\\\/www.hotel-westend.com\\\/en\\\/2024\\\/06\\\/26\\\/portrait-patrick-tziack-technical-manager-at-west-end-hotel\\\/#primaryimage\"},\"image\":{\"@id\":\"https:\\\/\\\/www.hotel-westend.com\\\/en\\\/2024\\\/06\\\/26\\\/portrait-patrick-tziack-technical-manager-at-west-end-hotel\\\/#primaryimage\"},\"thumbnailUrl\":\"https:\\\/\\\/www.hotel-westend.com\\\/wp-content\\\/uploads\\\/2024\\\/06\\\/Patrick-Tziack_Festivals_Ete_WestEnd-1.png\",\"datePublished\":\"2024-06-26T07:00:20+00:00\",\"author\":{\"@id\":\"https:\\\/\\\/www.hotel-westend.com\\\/#\\\/schema\\\/person\\\/1d60ea324d55aaaa4755bc7e298f2d7d\"},\"description\":\"Chaque mois, l'H\u00f4tel West End met en lumi\u00e8re ses collaborateurs. Zoom sur Patrick Tziack, responsable technique \u00e0 l\u2019H\u00f4tel West End\",\"breadcrumb\":{\"@id\":\"https:\\\/\\\/www.hotel-westend.com\\\/en\\\/2024\\\/06\\\/26\\\/portrait-patrick-tziack-technical-manager-at-west-end-hotel\\\/#breadcrumb\"},\"inLanguage\":\"en-US\",\"potentialAction\":[{\"@type\":\"ReadAction\",\"target\":[\"https:\\\/\\\/www.hotel-westend.com\\\/en\\\/2024\\\/06\\\/26\\\/portrait-patrick-tziack-technical-manager-at-west-end-hotel\\\/\"]}]},{\"@type\":\"ImageObject\",\"inLanguage\":\"en-US\",\"@id\":\"https:\\\/\\\/www.hotel-westend.com\\\/en\\\/2024\\\/06\\\/26\\\/portrait-patrick-tziack-technical-manager-at-west-end-hotel\\\/#primaryimage\",\"url\":\"https:\\\/\\\/www.hotel-westend.com\\\/wp-content\\\/uploads\\\/2024\\\/06\\\/Patrick-Tziack_Festivals_Ete_WestEnd-1.png\",\"contentUrl\":\"https:\\\/\\\/www.hotel-westend.com\\\/wp-content\\\/uploads\\\/2024\\\/06\\\/Patrick-Tziack_Festivals_Ete_WestEnd-1.png\",\"width\":2041,\"height\":1323},{\"@type\":\"BreadcrumbList\",\"@id\":\"https:\\\/\\\/www.hotel-westend.com\\\/en\\\/2024\\\/06\\\/26\\\/portrait-patrick-tziack-technical-manager-at-west-end-hotel\\\/#breadcrumb\",\"itemListElement\":[{\"@type\":\"ListItem\",\"position\":1,\"name\":\"Accueil\",\"item\":\"https:\\\/\\\/www.hotel-westend.com\\\/en\\\/\"},{\"@type\":\"ListItem\",\"position\":2,\"name\":\"Portrait: Patrick Tziack, technical manager at the West End Hotel\"}]},{\"@type\":\"WebSite\",\"@id\":\"https:\\\/\\\/www.hotel-westend.com\\\/#website\",\"url\":\"https:\\\/\\\/www.hotel-westend.com\\\/\",\"name\":\"Hotel Westend Nice\",\"description\":\"Hotel 4 Etoiles Nice - Promenade Anglais | OFFICIEL \",\"potentialAction\":[{\"@type\":\"SearchAction\",\"target\":{\"@type\":\"EntryPoint\",\"urlTemplate\":\"https:\\\/\\\/www.hotel-westend.com\\\/?s={search_term_string}\"},\"query-input\":{\"@type\":\"PropertyValueSpecification\",\"valueRequired\":true,\"valueName\":\"search_term_string\"}}],\"inLanguage\":\"en-US\"},{\"@type\":\"Person\",\"@id\":\"https:\\\/\\\/www.hotel-westend.com\\\/#\\\/schema\\\/person\\\/1d60ea324d55aaaa4755bc7e298f2d7d\",\"name\":\"Caroline\",\"url\":\"https:\\\/\\\/www.hotel-westend.com\\\/en\\\/author\\\/caroline\\\/\"}]}<\/script>\n<!-- \/ Yoast SEO plugin. -->","yoast_head_json":{"title":"Portrait: Patrick Tziack, technical manager at the West End Hotel -","description":"Chaque mois, l'H\u00f4tel West End met en lumi\u00e8re ses collaborateurs. Zoom sur Patrick Tziack, responsable technique \u00e0 l\u2019H\u00f4tel West End","robots":{"index":"index","follow":"follow","max-snippet":"max-snippet:-1","max-image-preview":"max-image-preview:large","max-video-preview":"max-video-preview:-1"},"canonical":"https:\/\/www.hotel-westend.com\/en\/2024\/06\/26\/portrait-patrick-tziack-technical-manager-at-west-end-hotel\/","og_locale":"en_US","og_type":"article","og_title":"Portrait: Patrick Tziack, technical manager at the West End Hotel -","og_description":"Chaque mois, l'H\u00f4tel West End met en lumi\u00e8re ses collaborateurs. Zoom sur Patrick Tziack, responsable technique \u00e0 l\u2019H\u00f4tel West End","og_url":"https:\/\/www.hotel-westend.com\/en\/2024\/06\/26\/portrait-patrick-tziack-technical-manager-at-west-end-hotel\/","og_site_name":"Hotel Westend Nice","article_published_time":"2024-06-26T07:00:20+00:00","og_image":[{"width":1024,"height":664,"url":"https:\/\/www.hotel-westend.com\/wp-content\/uploads\/2024\/06\/Patrick-Tziack_Festivals_Ete_WestEnd-1-1024x664.png","type":"image\/png"}],"author":"Caroline","twitter_card":"summary_large_image","twitter_misc":{"Written by":"Caroline","Est. reading time":"3 minutes"},"schema":{"@context":"https:\/\/schema.org","@graph":[{"@type":"Article","@id":"https:\/\/www.hotel-westend.com\/en\/2024\/06\/26\/portrait-patrick-tziack-technical-manager-at-west-end-hotel\/#article","isPartOf":{"@id":"https:\/\/www.hotel-westend.com\/en\/2024\/06\/26\/portrait-patrick-tziack-technical-manager-at-west-end-hotel\/"},"author":{"name":"Caroline","@id":"https:\/\/www.hotel-westend.com\/#\/schema\/person\/1d60ea324d55aaaa4755bc7e298f2d7d"},"headline":"Portrait: Patrick Tziack, technical manager at the West End Hotel","datePublished":"2024-06-26T07:00:20+00:00","mainEntityOfPage":{"@id":"https:\/\/www.hotel-westend.com\/en\/2024\/06\/26\/portrait-patrick-tziack-technical-manager-at-west-end-hotel\/"},"wordCount":599,"commentCount":0,"image":{"@id":"https:\/\/www.hotel-westend.com\/en\/2024\/06\/26\/portrait-patrick-tziack-technical-manager-at-west-end-hotel\/#primaryimage"},"thumbnailUrl":"https:\/\/www.hotel-westend.com\/wp-content\/uploads\/2024\/06\/Patrick-Tziack_Festivals_Ete_WestEnd-1.png","articleSection":["Actualit\u00e9s","News"],"inLanguage":"en-US"},{"@type":"WebPage","@id":"https:\/\/www.hotel-westend.com\/en\/2024\/06\/26\/portrait-patrick-tziack-technical-manager-at-west-end-hotel\/","url":"https:\/\/www.hotel-westend.com\/en\/2024\/06\/26\/portrait-patrick-tziack-technical-manager-at-west-end-hotel\/","name":"Portrait: Patrick Tziack, technical manager at the West End Hotel -","isPartOf":{"@id":"https:\/\/www.hotel-westend.com\/#website"},"primaryImageOfPage":{"@id":"https:\/\/www.hotel-westend.com\/en\/2024\/06\/26\/portrait-patrick-tziack-technical-manager-at-west-end-hotel\/#primaryimage"},"image":{"@id":"https:\/\/www.hotel-westend.com\/en\/2024\/06\/26\/portrait-patrick-tziack-technical-manager-at-west-end-hotel\/#primaryimage"},"thumbnailUrl":"https:\/\/www.hotel-westend.com\/wp-content\/uploads\/2024\/06\/Patrick-Tziack_Festivals_Ete_WestEnd-1.png","datePublished":"2024-06-26T07:00:20+00:00","author":{"@id":"https:\/\/www.hotel-westend.com\/#\/schema\/person\/1d60ea324d55aaaa4755bc7e298f2d7d"},"description":"Chaque mois, l'H\u00f4tel West End met en lumi\u00e8re ses collaborateurs. Zoom sur Patrick Tziack, responsable technique \u00e0 l\u2019H\u00f4tel West End","breadcrumb":{"@id":"https:\/\/www.hotel-westend.com\/en\/2024\/06\/26\/portrait-patrick-tziack-technical-manager-at-west-end-hotel\/#breadcrumb"},"inLanguage":"en-US","potentialAction":[{"@type":"ReadAction","target":["https:\/\/www.hotel-westend.com\/en\/2024\/06\/26\/portrait-patrick-tziack-technical-manager-at-west-end-hotel\/"]}]},{"@type":"ImageObject","inLanguage":"en-US","@id":"https:\/\/www.hotel-westend.com\/en\/2024\/06\/26\/portrait-patrick-tziack-technical-manager-at-west-end-hotel\/#primaryimage","url":"https:\/\/www.hotel-westend.com\/wp-content\/uploads\/2024\/06\/Patrick-Tziack_Festivals_Ete_WestEnd-1.png","contentUrl":"https:\/\/www.hotel-westend.com\/wp-content\/uploads\/2024\/06\/Patrick-Tziack_Festivals_Ete_WestEnd-1.png","width":2041,"height":1323},{"@type":"BreadcrumbList","@id":"https:\/\/www.hotel-westend.com\/en\/2024\/06\/26\/portrait-patrick-tziack-technical-manager-at-west-end-hotel\/#breadcrumb","itemListElement":[{"@type":"ListItem","position":1,"name":"Accueil","item":"https:\/\/www.hotel-westend.com\/en\/"},{"@type":"ListItem","position":2,"name":"Portrait: Patrick Tziack, technical manager at the West End Hotel"}]},{"@type":"WebSite","@id":"https:\/\/www.hotel-westend.com\/#website","url":"https:\/\/www.hotel-westend.com\/","name":"Hotel Westend Nice","description":"Hotel 4 Etoiles Nice - Promenade Anglais | OFFICIEL ","potentialAction":[{"@type":"SearchAction","target":{"@type":"EntryPoint","urlTemplate":"https:\/\/www.hotel-westend.com\/?s={search_term_string}"},"query-input":{"@type":"PropertyValueSpecification","valueRequired":true,"valueName":"search_term_string"}}],"inLanguage":"en-US"},{"@type":"Person","@id":"https:\/\/www.hotel-westend.com\/#\/schema\/person\/1d60ea324d55aaaa4755bc7e298f2d7d","name":"Caroline","url":"https:\/\/www.hotel-westend.com\/en\/author\/caroline\/"}]}},"_links":{"self":[{"href":"https:\/\/www.hotel-westend.com\/en\/wp-json\/wp\/v2\/posts\/7658","targetHints":{"allow":["GET"]}}],"collection":[{"href":"https:\/\/www.hotel-westend.com\/en\/wp-json\/wp\/v2\/posts"}],"about":[{"href":"https:\/\/www.hotel-westend.com\/en\/wp-json\/wp\/v2\/types\/post"}],"author":[{"embeddable":true,"href":"https:\/\/www.hotel-westend.com\/en\/wp-json\/wp\/v2\/users\/5"}],"replies":[{"embeddable":true,"href":"https:\/\/www.hotel-westend.com\/en\/wp-json\/wp\/v2\/comments?post=7658"}],"version-history":[{"count":3,"href":"https:\/\/www.hotel-westend.com\/en\/wp-json\/wp\/v2\/posts\/7658\/revisions"}],"predecessor-version":[{"id":7662,"href":"https:\/\/www.hotel-westend.com\/en\/wp-json\/wp\/v2\/posts\/7658\/revisions\/7662"}],"wp:featuredmedia":[{"embeddable":true,"href":"https:\/\/www.hotel-westend.com\/en\/wp-json\/wp\/v2\/media\/7653"}],"wp:attachment":[{"href":"https:\/\/www.hotel-westend.com\/en\/wp-json\/wp\/v2\/media?parent=7658"}],"wp:term":[{"taxonomy":"category","embeddable":true,"href":"https:\/\/www.hotel-westend.com\/en\/wp-json\/wp\/v2\/categories?post=7658"},{"taxonomy":"post_tag","embeddable":true,"href":"https:\/\/www.hotel-westend.com\/en\/wp-json\/wp\/v2\/tags?post=7658"}],"curies":[{"name":"wp","href":"https:\/\/api.w.org\/{rel}","templated":true}]}}