{"id":7695,"date":"2024-07-17T09:30:09","date_gmt":"2024-07-17T07:30:09","guid":{"rendered":"https:\/\/www.hotel-westend.com\/?p=7695"},"modified":"2024-07-03T17:12:18","modified_gmt":"2024-07-03T15:12:18","slug":"on-holiday-at-the-west-end-dont-miss-these-4-exhibitions-in-nice","status":"publish","type":"post","link":"https:\/\/www.hotel-westend.com\/en\/2024\/07\/17\/on-holiday-at-the-west-end-dont-miss-these-4-exhibitions-in-nice\/","title":{"rendered":"On holiday at the West End hotel, don&#8217;t miss these 4 exhibitions in Nice!"},"content":{"rendered":"<p>[et_pb_section fb_built=&#8221;1&#8243; admin_label=&#8221;section&#8221; _builder_version=&#8221;4.16&#8243; min_height=&#8221;629.4px&#8221; custom_padding=&#8221;||0px|||&#8221; global_colors_info=&#8221;{}&#8221;][et_pb_row admin_label=&#8221;row&#8221; _builder_version=&#8221;4.16&#8243; background_size=&#8221;initial&#8221; background_position=&#8221;top_left&#8221; background_repeat=&#8221;repeat&#8221; custom_margin=&#8221;-2px|auto||180px||&#8221; custom_padding=&#8221;||0px|||&#8221; global_colors_info=&#8221;{}&#8221;][et_pb_column type=&#8221;4_4&#8243; _builder_version=&#8221;4.16&#8243; custom_padding=&#8221;|||&#8221; global_colors_info=&#8221;{}&#8221; custom_padding__hover=&#8221;|||&#8221;][et_pb_text module_class=&#8221;tiretsInverse&#8221; _builder_version=&#8221;4.25.1&#8243; _module_preset=&#8221;default&#8221; header_2_font=&#8221;Gilda Display||||||||&#8221; header_2_text_color=&#8221;#9b8760&#8243; header_2_font_size=&#8221;58px&#8221; width=&#8221;100%&#8221; custom_margin=&#8221;|||0px|false|false&#8221; custom_padding=&#8221;|||0px||&#8221; hover_enabled=&#8221;0&#8243; locked=&#8221;off&#8221; global_colors_info=&#8221;{}&#8221; sticky_enabled=&#8221;0&#8243;]<\/p>\n<h2 style=\"font-weight: 400;\">This summer, don&#8217;t miss these 4 exhibitions in Nice!<\/h2>\n<p>[\/et_pb_text][et_pb_image src=&#8221;https:\/\/www.hotel-westend.com\/wp-content\/uploads\/2024\/07\/Expo-Ete-West-End-Nice.png&#8221; alt=&#8221;30\/08\/2020 &#8211; Tour de France 2020 &#8211; Etape 2 &#8211; Nice Haut Pays \/ Nice (186 km) &#8211; Promenade des Anglais&#8221; title_text=&#8221;Expo-Ete-West-End-Nice&#8221; _builder_version=&#8221;4.25.1&#8243; _module_preset=&#8221;default&#8221; global_colors_info=&#8221;{}&#8221;][\/et_pb_image][et_pb_text admin_label=&#8221;Text&#8221; _builder_version=&#8221;4.25.1&#8243; background_size=&#8221;initial&#8221; background_position=&#8221;top_left&#8221; background_repeat=&#8221;repeat&#8221; hover_enabled=&#8221;0&#8243; global_colors_info=&#8221;{}&#8221; sticky_enabled=&#8221;0&#8243;]<\/p>\n<p style=\"font-weight: 400;\"><strong>Nice is a cultural and artistic destination in its own right. When you come on holiday to the C\u00f4te d&#8217;Azur city, you&#8217;re sure to enjoy an ideal setting, with its Promenade des Anglais, palm trees and sunshine. But that&#8217;s not all. Here are 4 exhibitions not to be missed this summer.<\/strong><\/p>\n<p style=\"font-weight: 400;\">Visit the<strong> Mus\u00e9e de la Photographie Charles N\u00e8gre<\/strong> to admire the exhibition <em>&#8220;Pourquoi m&#8217;as-tu abandonn\u00e9e&#8221;<\/em>\u00a0until 29 September 2024. For the first time in Nice, the museum is presenting an exhibition devoted to Bettina Rheims, the internationally renowned portrait and fashion photographer. In all, no fewer than 29 photographs taken between 1994 and 2013 in France and the United States will be on show.<\/p>\n<p style=\"font-weight: 400;\">Next up is the <strong>Mus\u00e9e des Beaux-Arts Jules Ch\u00e9ret<\/strong>. Until 29 September 2024, the museum is hosting an exhibition entitled &#8220;Berthe Morisot \u00e0 Nice. Escales impressionnistes&#8221;. Designed as part of the Mus\u00e9e d&#8217;Orsay&#8217;s &#8220;150 Years of Impressionism&#8221; initiative, in partnership with Genoa&#8217;s Palazzo Ducale, the exhibition looks at the painter&#8217;s two stays on the Riviera during the winters of 1881-1882 and 1888-1889.<\/p>\n<p style=\"font-weight: 400;\">At the <strong>Mus\u00e9e Massena<\/strong>, the spotlight is on drawing, with an exhibition devoted to the cartoonist Cabu. Until 22 September 2024, the museum is offering visitors the chance to (re)discover the late Cabu&#8217;s drawings on sport, across all disciplines. The <em>&#8220;Cabu, Vive le sport!&#8221;<\/em> exhibition is organised around 6 distinct themes: drawing sport, the Olympic Games, football, the Tour de France, supporters and champions of all categories. A retrospective of over 300 satirical drawings about sport.<\/p>\n<p style=\"font-weight: 400;\">Finally, you won&#8217;t want to miss the <em>&#8220;Mir\u00f3matisse, beyond images&#8221;<\/em> exhibition at the <strong>Mus\u00e9e Matisse<\/strong> until 29 September 2024. The Fundaci\u00f3 Joan Mir\u00f3 in Barcelona and the museum in Nice have joined forces to present an exhibition devoted to the relationship between the works of Henri Matisse and Joan Mir\u00f3. Starting from a biographical base, the exhibition looks back at the decisive moments when the two artists&#8217; views of each other&#8217;s work were particularly productive. Not to be missed!<\/p>\n<p>Located on the Promenade des Anglais, the <a href=\"https:\/\/www.hotel-westend.com\/en\/sea-view-deluxe-room\/\" target=\"_blank\" rel=\"noopener\">West End hotel<\/a> is the perfect base for a cultural and artistic getaway in Nice. As a good idea, don&#8217;t hesitate to get the <a href=\"https:\/\/www.explorenicecotedazur.com\/en\/prepare-your-holidays\/french-riviera-pass\/\" target=\"_blank\" rel=\"noopener\">French Riviera Pass<\/a> to visit the city&#8217;s most important tourist sites at a competitive rate, including these four museums!<\/p>\n<p>[\/et_pb_text][\/et_pb_column][\/et_pb_row][\/et_pb_section]<\/p>\n","protected":false},"excerpt":{"rendered":"<p>Nice is a cultural and artistic destination in its own right. When you come on holiday to the C\u00f4te d&#8217;Azur city&#8230;<\/p>\n","protected":false},"author":5,"featured_media":7691,"comment_status":"open","ping_status":"open","sticky":false,"template":"","format":"standard","meta":{"_et_pb_use_builder":"on","_et_pb_old_content":"<!-- wp:paragraph -->\r\n<p>Du 13 au 27 f\u00e9vrier 2021, Nice deviendra la Capitale mondiale de la mode avec la 137e \u00e9dition du Carnaval sur le th\u00e8me \u00ab Roi des animaux \u00bb. Venez admirer le Roi, la Reine et leurs sujets et participer aux extravagants d\u00e9fil\u00e9s de chars, de grosses t\u00eates et aux \u00e9l\u00e9gantes Batailles de Fleurs.<\/p>\r\n<!-- \/wp:paragraph -->\r\n\r\n<!-- wp:paragraph -->\r\n<p>Pendant 15 jours, le Carnaval de Nice, avec ses deux manifestations\u00a0: les Corsi carnavalesques (de jour ou de nuit) et les Batailles de fleurs, imposera son style et vous offrira un spectacle burlesque, magique et initiatique d\u00e9di\u00e9 \u00e0 la mode sous toutes ses coutures.<\/p>\r\n<!-- \/wp:paragraph -->\r\n\r\n<!-- wp:paragraph -->\r\n<p>Les chars cr\u00e9\u00e9s sur le th\u00e8me d\u00e9fileront lors des Corsi carnavalesques (mardis, samedis et dimanche), accompagn\u00e9s de grosses t\u00eates et d\u2019artistes venant du monde entier dans une ambiance festive et populaire, savamment sc\u00e9nographi\u00e9e, pour revisiter l\u2019histoire de la mode, vous faire rire, sourire mais aussi r\u00e9fl\u00e9chir sur la mode et ses dessous. Car si la mode lance des tendances et bouleverse les codes comme les comportements, elle a aussi un r\u00f4le \u00e9thique et responsable \u00e0 jouer.<\/p>\r\n<!-- \/wp:paragraph -->\r\n\r\n<!-- wp:paragraph -->\r\n<p>Les mercredis et samedis apr\u00e8s-midi, venez d\u00e9couvrir l\u2019autre temps du fort du Carnaval\u00a0: les Batailles de Fleurs o\u00f9 le th\u00e8me sera d\u00e9clin\u00e9 sur des chars orn\u00e9s de fleurs valorisant la production locale (80% des fleurs sont produites dans la r\u00e9gion) et anim\u00e9s par des com\u00e9diennes qui porteront des costumes sp\u00e9cialement con\u00e7us pour la manifestation. Un d\u00e9fil\u00e9 unique au monde o\u00f9 des milliers de fleurs seront distribu\u00e9es.<\/p>\r\n<!-- \/wp:paragraph -->\r\n\r\n<!-- wp:paragraph -->\r\n<p>Et n\u2019oubliez pas, grands et petits, d\u00e9guisez de la t\u00eate aux pieds, les corsi seront gratuits\u00a0!<\/p>\r\n<!-- \/wp:paragraph -->\r\n\r\n<!-- wp:paragraph -->\r\n<p><strong>Alors venez prendre part \u00e0 la f\u00eate du 13 au 27 f\u00e9vrier 2021 \u00e0 Nice.<\/strong><\/p>\r\n<!-- \/wp:paragraph -->","_et_gb_content_width":"1150","inline_featured_image":false,"footnotes":""},"categories":[36,37,35],"tags":[],"class_list":["post-7695","post","type-post","status-publish","format-standard","has-post-thumbnail","hentry","category-actualites-en","category-news-en","category-news-en-2022"],"yoast_head":"<!-- This site is optimized with the Yoast SEO plugin v27.4 - https:\/\/yoast.com\/product\/yoast-seo-wordpress\/ -->\n<title>On holiday at the West End hotel, don&#039;t miss these 4 exhibitions in Nice! -<\/title>\n<meta name=\"description\" content=\"Nice is a cultural and artistic destination in its own right. When you come on holiday to the C\u00f4te d&#039;Azur city...\" \/>\n<meta name=\"robots\" content=\"index, follow, max-snippet:-1, max-image-preview:large, max-video-preview:-1\" \/>\n<link rel=\"canonical\" href=\"https:\/\/www.hotel-westend.com\/en\/2024\/07\/17\/on-holiday-at-the-west-end-dont-miss-these-4-exhibitions-in-nice\/\" \/>\n<meta property=\"og:locale\" content=\"en_US\" \/>\n<meta property=\"og:type\" content=\"article\" \/>\n<meta property=\"og:title\" content=\"On holiday at the West End hotel, don&#039;t miss these 4 exhibitions in Nice! -\" \/>\n<meta property=\"og:description\" content=\"Nice is a cultural and artistic destination in its own right. When you come on holiday to the C\u00f4te d&#039;Azur city...\" \/>\n<meta property=\"og:url\" content=\"https:\/\/www.hotel-westend.com\/en\/2024\/07\/17\/on-holiday-at-the-west-end-dont-miss-these-4-exhibitions-in-nice\/\" \/>\n<meta property=\"og:site_name\" content=\"Hotel Westend Nice\" \/>\n<meta property=\"article:published_time\" content=\"2024-07-17T07:30:09+00:00\" \/>\n<meta property=\"og:image\" content=\"https:\/\/www.hotel-westend.com\/wp-content\/uploads\/2024\/07\/Expo-Ete-West-End-Nice-1024x664.png\" \/>\n\t<meta property=\"og:image:width\" content=\"1024\" \/>\n\t<meta property=\"og:image:height\" content=\"664\" \/>\n\t<meta property=\"og:image:type\" content=\"image\/png\" \/>\n<meta name=\"author\" content=\"Caroline\" \/>\n<meta name=\"twitter:card\" content=\"summary_large_image\" \/>\n<meta name=\"twitter:label1\" content=\"Written by\" \/>\n\t<meta name=\"twitter:data1\" content=\"Caroline\" \/>\n\t<meta name=\"twitter:label2\" content=\"Est. reading time\" \/>\n\t<meta name=\"twitter:data2\" content=\"3 minutes\" \/>\n<script type=\"application\/ld+json\" class=\"yoast-schema-graph\">{\"@context\":\"https:\\\/\\\/schema.org\",\"@graph\":[{\"@type\":\"Article\",\"@id\":\"https:\\\/\\\/www.hotel-westend.com\\\/en\\\/2024\\\/07\\\/17\\\/on-holiday-at-the-west-end-dont-miss-these-4-exhibitions-in-nice\\\/#article\",\"isPartOf\":{\"@id\":\"https:\\\/\\\/www.hotel-westend.com\\\/en\\\/2024\\\/07\\\/17\\\/on-holiday-at-the-west-end-dont-miss-these-4-exhibitions-in-nice\\\/\"},\"author\":{\"name\":\"Caroline\",\"@id\":\"https:\\\/\\\/www.hotel-westend.com\\\/#\\\/schema\\\/person\\\/1d60ea324d55aaaa4755bc7e298f2d7d\"},\"headline\":\"On holiday at the West End hotel, don&#8217;t miss these 4 exhibitions in Nice!\",\"datePublished\":\"2024-07-17T07:30:09+00:00\",\"mainEntityOfPage\":{\"@id\":\"https:\\\/\\\/www.hotel-westend.com\\\/en\\\/2024\\\/07\\\/17\\\/on-holiday-at-the-west-end-dont-miss-these-4-exhibitions-in-nice\\\/\"},\"wordCount\":585,\"commentCount\":0,\"image\":{\"@id\":\"https:\\\/\\\/www.hotel-westend.com\\\/en\\\/2024\\\/07\\\/17\\\/on-holiday-at-the-west-end-dont-miss-these-4-exhibitions-in-nice\\\/#primaryimage\"},\"thumbnailUrl\":\"https:\\\/\\\/www.hotel-westend.com\\\/wp-content\\\/uploads\\\/2024\\\/07\\\/Expo-Ete-West-End-Nice.png\",\"articleSection\":[\"Actualit\u00e9s\",\"News\",\"News-EN-2022\"],\"inLanguage\":\"en-US\"},{\"@type\":\"WebPage\",\"@id\":\"https:\\\/\\\/www.hotel-westend.com\\\/en\\\/2024\\\/07\\\/17\\\/on-holiday-at-the-west-end-dont-miss-these-4-exhibitions-in-nice\\\/\",\"url\":\"https:\\\/\\\/www.hotel-westend.com\\\/en\\\/2024\\\/07\\\/17\\\/on-holiday-at-the-west-end-dont-miss-these-4-exhibitions-in-nice\\\/\",\"name\":\"On holiday at the West End hotel, don't miss these 4 exhibitions in Nice! -\",\"isPartOf\":{\"@id\":\"https:\\\/\\\/www.hotel-westend.com\\\/#website\"},\"primaryImageOfPage\":{\"@id\":\"https:\\\/\\\/www.hotel-westend.com\\\/en\\\/2024\\\/07\\\/17\\\/on-holiday-at-the-west-end-dont-miss-these-4-exhibitions-in-nice\\\/#primaryimage\"},\"image\":{\"@id\":\"https:\\\/\\\/www.hotel-westend.com\\\/en\\\/2024\\\/07\\\/17\\\/on-holiday-at-the-west-end-dont-miss-these-4-exhibitions-in-nice\\\/#primaryimage\"},\"thumbnailUrl\":\"https:\\\/\\\/www.hotel-westend.com\\\/wp-content\\\/uploads\\\/2024\\\/07\\\/Expo-Ete-West-End-Nice.png\",\"datePublished\":\"2024-07-17T07:30:09+00:00\",\"author\":{\"@id\":\"https:\\\/\\\/www.hotel-westend.com\\\/#\\\/schema\\\/person\\\/1d60ea324d55aaaa4755bc7e298f2d7d\"},\"description\":\"Nice is a cultural and artistic destination in its own right. When you come on holiday to the C\u00f4te d'Azur city...\",\"breadcrumb\":{\"@id\":\"https:\\\/\\\/www.hotel-westend.com\\\/en\\\/2024\\\/07\\\/17\\\/on-holiday-at-the-west-end-dont-miss-these-4-exhibitions-in-nice\\\/#breadcrumb\"},\"inLanguage\":\"en-US\",\"potentialAction\":[{\"@type\":\"ReadAction\",\"target\":[\"https:\\\/\\\/www.hotel-westend.com\\\/en\\\/2024\\\/07\\\/17\\\/on-holiday-at-the-west-end-dont-miss-these-4-exhibitions-in-nice\\\/\"]}]},{\"@type\":\"ImageObject\",\"inLanguage\":\"en-US\",\"@id\":\"https:\\\/\\\/www.hotel-westend.com\\\/en\\\/2024\\\/07\\\/17\\\/on-holiday-at-the-west-end-dont-miss-these-4-exhibitions-in-nice\\\/#primaryimage\",\"url\":\"https:\\\/\\\/www.hotel-westend.com\\\/wp-content\\\/uploads\\\/2024\\\/07\\\/Expo-Ete-West-End-Nice.png\",\"contentUrl\":\"https:\\\/\\\/www.hotel-westend.com\\\/wp-content\\\/uploads\\\/2024\\\/07\\\/Expo-Ete-West-End-Nice.png\",\"width\":2041,\"height\":1323},{\"@type\":\"BreadcrumbList\",\"@id\":\"https:\\\/\\\/www.hotel-westend.com\\\/en\\\/2024\\\/07\\\/17\\\/on-holiday-at-the-west-end-dont-miss-these-4-exhibitions-in-nice\\\/#breadcrumb\",\"itemListElement\":[{\"@type\":\"ListItem\",\"position\":1,\"name\":\"Accueil\",\"item\":\"https:\\\/\\\/www.hotel-westend.com\\\/en\\\/\"},{\"@type\":\"ListItem\",\"position\":2,\"name\":\"On holiday at the West End hotel, don&#8217;t miss these 4 exhibitions in Nice!\"}]},{\"@type\":\"WebSite\",\"@id\":\"https:\\\/\\\/www.hotel-westend.com\\\/#website\",\"url\":\"https:\\\/\\\/www.hotel-westend.com\\\/\",\"name\":\"Hotel Westend Nice\",\"description\":\"Hotel 4 Etoiles Nice - Promenade Anglais | OFFICIEL \",\"potentialAction\":[{\"@type\":\"SearchAction\",\"target\":{\"@type\":\"EntryPoint\",\"urlTemplate\":\"https:\\\/\\\/www.hotel-westend.com\\\/?s={search_term_string}\"},\"query-input\":{\"@type\":\"PropertyValueSpecification\",\"valueRequired\":true,\"valueName\":\"search_term_string\"}}],\"inLanguage\":\"en-US\"},{\"@type\":\"Person\",\"@id\":\"https:\\\/\\\/www.hotel-westend.com\\\/#\\\/schema\\\/person\\\/1d60ea324d55aaaa4755bc7e298f2d7d\",\"name\":\"Caroline\",\"url\":\"https:\\\/\\\/www.hotel-westend.com\\\/en\\\/author\\\/caroline\\\/\"}]}<\/script>\n<!-- \/ Yoast SEO plugin. -->","yoast_head_json":{"title":"On holiday at the West End hotel, don't miss these 4 exhibitions in Nice! -","description":"Nice is a cultural and artistic destination in its own right. When you come on holiday to the C\u00f4te d'Azur city...","robots":{"index":"index","follow":"follow","max-snippet":"max-snippet:-1","max-image-preview":"max-image-preview:large","max-video-preview":"max-video-preview:-1"},"canonical":"https:\/\/www.hotel-westend.com\/en\/2024\/07\/17\/on-holiday-at-the-west-end-dont-miss-these-4-exhibitions-in-nice\/","og_locale":"en_US","og_type":"article","og_title":"On holiday at the West End hotel, don't miss these 4 exhibitions in Nice! -","og_description":"Nice is a cultural and artistic destination in its own right. When you come on holiday to the C\u00f4te d'Azur city...","og_url":"https:\/\/www.hotel-westend.com\/en\/2024\/07\/17\/on-holiday-at-the-west-end-dont-miss-these-4-exhibitions-in-nice\/","og_site_name":"Hotel Westend Nice","article_published_time":"2024-07-17T07:30:09+00:00","og_image":[{"width":1024,"height":664,"url":"https:\/\/www.hotel-westend.com\/wp-content\/uploads\/2024\/07\/Expo-Ete-West-End-Nice-1024x664.png","type":"image\/png"}],"author":"Caroline","twitter_card":"summary_large_image","twitter_misc":{"Written by":"Caroline","Est. reading time":"3 minutes"},"schema":{"@context":"https:\/\/schema.org","@graph":[{"@type":"Article","@id":"https:\/\/www.hotel-westend.com\/en\/2024\/07\/17\/on-holiday-at-the-west-end-dont-miss-these-4-exhibitions-in-nice\/#article","isPartOf":{"@id":"https:\/\/www.hotel-westend.com\/en\/2024\/07\/17\/on-holiday-at-the-west-end-dont-miss-these-4-exhibitions-in-nice\/"},"author":{"name":"Caroline","@id":"https:\/\/www.hotel-westend.com\/#\/schema\/person\/1d60ea324d55aaaa4755bc7e298f2d7d"},"headline":"On holiday at the West End hotel, don&#8217;t miss these 4 exhibitions in Nice!","datePublished":"2024-07-17T07:30:09+00:00","mainEntityOfPage":{"@id":"https:\/\/www.hotel-westend.com\/en\/2024\/07\/17\/on-holiday-at-the-west-end-dont-miss-these-4-exhibitions-in-nice\/"},"wordCount":585,"commentCount":0,"image":{"@id":"https:\/\/www.hotel-westend.com\/en\/2024\/07\/17\/on-holiday-at-the-west-end-dont-miss-these-4-exhibitions-in-nice\/#primaryimage"},"thumbnailUrl":"https:\/\/www.hotel-westend.com\/wp-content\/uploads\/2024\/07\/Expo-Ete-West-End-Nice.png","articleSection":["Actualit\u00e9s","News","News-EN-2022"],"inLanguage":"en-US"},{"@type":"WebPage","@id":"https:\/\/www.hotel-westend.com\/en\/2024\/07\/17\/on-holiday-at-the-west-end-dont-miss-these-4-exhibitions-in-nice\/","url":"https:\/\/www.hotel-westend.com\/en\/2024\/07\/17\/on-holiday-at-the-west-end-dont-miss-these-4-exhibitions-in-nice\/","name":"On holiday at the West End hotel, don't miss these 4 exhibitions in Nice! -","isPartOf":{"@id":"https:\/\/www.hotel-westend.com\/#website"},"primaryImageOfPage":{"@id":"https:\/\/www.hotel-westend.com\/en\/2024\/07\/17\/on-holiday-at-the-west-end-dont-miss-these-4-exhibitions-in-nice\/#primaryimage"},"image":{"@id":"https:\/\/www.hotel-westend.com\/en\/2024\/07\/17\/on-holiday-at-the-west-end-dont-miss-these-4-exhibitions-in-nice\/#primaryimage"},"thumbnailUrl":"https:\/\/www.hotel-westend.com\/wp-content\/uploads\/2024\/07\/Expo-Ete-West-End-Nice.png","datePublished":"2024-07-17T07:30:09+00:00","author":{"@id":"https:\/\/www.hotel-westend.com\/#\/schema\/person\/1d60ea324d55aaaa4755bc7e298f2d7d"},"description":"Nice is a cultural and artistic destination in its own right. When you come on holiday to the C\u00f4te d'Azur city...","breadcrumb":{"@id":"https:\/\/www.hotel-westend.com\/en\/2024\/07\/17\/on-holiday-at-the-west-end-dont-miss-these-4-exhibitions-in-nice\/#breadcrumb"},"inLanguage":"en-US","potentialAction":[{"@type":"ReadAction","target":["https:\/\/www.hotel-westend.com\/en\/2024\/07\/17\/on-holiday-at-the-west-end-dont-miss-these-4-exhibitions-in-nice\/"]}]},{"@type":"ImageObject","inLanguage":"en-US","@id":"https:\/\/www.hotel-westend.com\/en\/2024\/07\/17\/on-holiday-at-the-west-end-dont-miss-these-4-exhibitions-in-nice\/#primaryimage","url":"https:\/\/www.hotel-westend.com\/wp-content\/uploads\/2024\/07\/Expo-Ete-West-End-Nice.png","contentUrl":"https:\/\/www.hotel-westend.com\/wp-content\/uploads\/2024\/07\/Expo-Ete-West-End-Nice.png","width":2041,"height":1323},{"@type":"BreadcrumbList","@id":"https:\/\/www.hotel-westend.com\/en\/2024\/07\/17\/on-holiday-at-the-west-end-dont-miss-these-4-exhibitions-in-nice\/#breadcrumb","itemListElement":[{"@type":"ListItem","position":1,"name":"Accueil","item":"https:\/\/www.hotel-westend.com\/en\/"},{"@type":"ListItem","position":2,"name":"On holiday at the West End hotel, don&#8217;t miss these 4 exhibitions in Nice!"}]},{"@type":"WebSite","@id":"https:\/\/www.hotel-westend.com\/#website","url":"https:\/\/www.hotel-westend.com\/","name":"Hotel Westend Nice","description":"Hotel 4 Etoiles Nice - Promenade Anglais | OFFICIEL ","potentialAction":[{"@type":"SearchAction","target":{"@type":"EntryPoint","urlTemplate":"https:\/\/www.hotel-westend.com\/?s={search_term_string}"},"query-input":{"@type":"PropertyValueSpecification","valueRequired":true,"valueName":"search_term_string"}}],"inLanguage":"en-US"},{"@type":"Person","@id":"https:\/\/www.hotel-westend.com\/#\/schema\/person\/1d60ea324d55aaaa4755bc7e298f2d7d","name":"Caroline","url":"https:\/\/www.hotel-westend.com\/en\/author\/caroline\/"}]}},"_links":{"self":[{"href":"https:\/\/www.hotel-westend.com\/en\/wp-json\/wp\/v2\/posts\/7695","targetHints":{"allow":["GET"]}}],"collection":[{"href":"https:\/\/www.hotel-westend.com\/en\/wp-json\/wp\/v2\/posts"}],"about":[{"href":"https:\/\/www.hotel-westend.com\/en\/wp-json\/wp\/v2\/types\/post"}],"author":[{"embeddable":true,"href":"https:\/\/www.hotel-westend.com\/en\/wp-json\/wp\/v2\/users\/5"}],"replies":[{"embeddable":true,"href":"https:\/\/www.hotel-westend.com\/en\/wp-json\/wp\/v2\/comments?post=7695"}],"version-history":[{"count":2,"href":"https:\/\/www.hotel-westend.com\/en\/wp-json\/wp\/v2\/posts\/7695\/revisions"}],"predecessor-version":[{"id":7698,"href":"https:\/\/www.hotel-westend.com\/en\/wp-json\/wp\/v2\/posts\/7695\/revisions\/7698"}],"wp:featuredmedia":[{"embeddable":true,"href":"https:\/\/www.hotel-westend.com\/en\/wp-json\/wp\/v2\/media\/7691"}],"wp:attachment":[{"href":"https:\/\/www.hotel-westend.com\/en\/wp-json\/wp\/v2\/media?parent=7695"}],"wp:term":[{"taxonomy":"category","embeddable":true,"href":"https:\/\/www.hotel-westend.com\/en\/wp-json\/wp\/v2\/categories?post=7695"},{"taxonomy":"post_tag","embeddable":true,"href":"https:\/\/www.hotel-westend.com\/en\/wp-json\/wp\/v2\/tags?post=7695"}],"curies":[{"name":"wp","href":"https:\/\/api.w.org\/{rel}","templated":true}]}}