{"id":7729,"date":"2024-07-31T09:30:19","date_gmt":"2024-07-31T07:30:19","guid":{"rendered":"https:\/\/www.hotel-westend.com\/?p=7729"},"modified":"2024-07-31T14:05:40","modified_gmt":"2024-07-31T12:05:40","slug":"portrait-rachello-ryan-baggage-handler-at-the-west-end-hotel","status":"publish","type":"post","link":"https:\/\/www.hotel-westend.com\/en\/2024\/07\/31\/portrait-rachello-ryan-baggage-handler-at-the-west-end-hotel\/","title":{"rendered":"Portrait: Ryan Rachello, baggage handler at the West End Hotel"},"content":{"rendered":"<p>[et_pb_section fb_built=&#8221;1&#8243; admin_label=&#8221;section&#8221; _builder_version=&#8221;4.16&#8243; min_height=&#8221;629.4px&#8221; custom_padding=&#8221;||0px|||&#8221; global_colors_info=&#8221;{}&#8221;][et_pb_row admin_label=&#8221;row&#8221; _builder_version=&#8221;4.16&#8243; background_size=&#8221;initial&#8221; background_position=&#8221;top_left&#8221; background_repeat=&#8221;repeat&#8221; custom_padding=&#8221;||0px|||&#8221; global_colors_info=&#8221;{}&#8221;][et_pb_column type=&#8221;4_4&#8243; _builder_version=&#8221;4.16&#8243; custom_padding=&#8221;|||&#8221; global_colors_info=&#8221;{}&#8221; custom_padding__hover=&#8221;|||&#8221;][et_pb_text module_class=&#8221;tiretsInverse&#8221; _builder_version=&#8221;4.25.1&#8243; _module_preset=&#8221;default&#8221; header_2_font=&#8221;Gilda Display||||||||&#8221; header_2_text_color=&#8221;#9b8760&#8243; header_2_font_size=&#8221;58px&#8221; width=&#8221;100%&#8221; custom_margin=&#8221;|||0px|false|false&#8221; custom_padding=&#8221;|||0px||&#8221; locked=&#8221;off&#8221; global_colors_info=&#8221;{}&#8221;]<\/p>\n<h2 style=\"font-weight: 400;\">Portrait: Rachello Ryan, baggage handler at the West End Hotel<\/h2>\n<p>[\/et_pb_text][et_pb_image src=&#8221;https:\/\/www.hotel-westend.com\/wp-content\/uploads\/2024\/07\/2.png&#8221; alt=&#8221;Staff_Maria_Nice_West_End_hotel&#8221; title_text=&#8221;2&#8243; align=&#8221;center&#8221; _builder_version=&#8221;4.25.1&#8243; _module_preset=&#8221;default&#8221; width=&#8221;58%&#8221; max_width=&#8221;71%&#8221; min_height=&#8221;100px&#8221; height=&#8221;378px&#8221; custom_margin=&#8221;||0px||false|false&#8221; global_colors_info=&#8221;{}&#8221;][\/et_pb_image][et_pb_text admin_label=&#8221;Text&#8221; _builder_version=&#8221;4.25.1&#8243; background_size=&#8221;initial&#8221; background_position=&#8221;top_left&#8221; background_repeat=&#8221;repeat&#8221; global_colors_info=&#8221;{}&#8221;]<\/p>\n<p style=\"font-weight: 400;\">Each month, the West End Hotel**** is delighted to put the spotlight on one of its employees through a series of questions, in order to find out more about their job and what drives them in the course of their duties. Today, the hotel is honouring Ryan Rachello, baggage handler at the West End Hotel.<\/p>\n<p style=\"font-weight: 400;\"><strong>Can you introduce yourself?<br \/><\/strong>My name is Ryan, I&#8217;m 19 and I&#8217;m from Nice! I&#8217;ve been a baggage handler at the West End Hotel for almost 2 years now. My role is to carry luggage and show guests to their rooms. But that&#8217;s not all. It&#8217;s a multi-faceted job that also involves working at reception, guiding guests and doing concierge work. We currently have a team of 3 baggage handlers and we take turns working different shifts.<\/p>\n<p style=\"font-weight: 400;\"><strong>What do you enjoy most about your job?<br \/><\/strong>What I enjoy most is meeting the customers, who are usually very friendly! I love the affinity you can create with them. It&#8217;s very rewarding!\u00a0<\/p>\n<p style=\"font-weight: 400;\"><strong>What advice would you give to an employee just starting out?<br \/><\/strong>To do this job, it&#8217;s very important to have a good command of English, French, Spanish, Italian and a little Russian too. You always have to be courteous and pleasant with customers, even though some may be less friendly than others. You always have to keep a cool head.<\/p>\n<p style=\"font-weight: 400;\"><strong>What&#8217;s your favourite place in the West End Hotel?<br \/><\/strong>My favourite place in the West End Hotel is the Lobby, because this is where you build friendships with guests. It&#8217;s also the room that houses the magnificent piano&#8230; and I love the piano! The lobby is a place where people live and meet.<\/p>\n<p style=\"font-weight: 400;\"><strong>What are your best memories of this establishment?<br \/><\/strong>I have a lot of memories and they are mainly linked to the relationship with the customers. I create bonds&#8230; and vice versa, so do the customers.<\/p>\n<p style=\"font-weight: 400;\"><strong>Finally, what advice would you give customers to make the most of their stay?<br \/><\/strong>To put their suitcases down at the hotel and get the most out of Nice! And to relax too! A must-see in Nice&#8230; Old Nice, Place Rossetti and its ice-cream parlours and, of course, Cours Saleya. These are not to be missed!<\/p>\n<p>[\/et_pb_text][\/et_pb_column][\/et_pb_row][\/et_pb_section][et_pb_section fb_built=&#8221;1&#8243; _builder_version=&#8221;4.23.4&#8243; _module_preset=&#8221;default&#8221; global_colors_info=&#8221;{}&#8221;][\/et_pb_section]<\/p>\n","protected":false},"excerpt":{"rendered":"<p>Each month, the West End Hotel**** is delighted to put the spotlight on one of its employees through a series of questions&#8230;<\/p>\n","protected":false},"author":5,"featured_media":7721,"comment_status":"open","ping_status":"open","sticky":false,"template":"","format":"standard","meta":{"_et_pb_use_builder":"on","_et_pb_old_content":"<!-- wp:paragraph -->\r\n<p>Du 13 au 27 f\u00e9vrier 2021, Nice deviendra la Capitale mondiale de la mode avec la 137e \u00e9dition du Carnaval sur le th\u00e8me \u00ab Roi des animaux \u00bb. Venez admirer le Roi, la Reine et leurs sujets et participer aux extravagants d\u00e9fil\u00e9s de chars, de grosses t\u00eates et aux \u00e9l\u00e9gantes Batailles de Fleurs.<\/p>\r\n<!-- \/wp:paragraph -->\r\n\r\n<!-- wp:paragraph -->\r\n<p>Pendant 15 jours, le Carnaval de Nice, avec ses deux manifestations\u00a0: les Corsi carnavalesques (de jour ou de nuit) et les Batailles de fleurs, imposera son style et vous offrira un spectacle burlesque, magique et initiatique d\u00e9di\u00e9 \u00e0 la mode sous toutes ses coutures.<\/p>\r\n<!-- \/wp:paragraph -->\r\n\r\n<!-- wp:paragraph -->\r\n<p>Les chars cr\u00e9\u00e9s sur le th\u00e8me d\u00e9fileront lors des Corsi carnavalesques (mardis, samedis et dimanche), accompagn\u00e9s de grosses t\u00eates et d\u2019artistes venant du monde entier dans une ambiance festive et populaire, savamment sc\u00e9nographi\u00e9e, pour revisiter l\u2019histoire de la mode, vous faire rire, sourire mais aussi r\u00e9fl\u00e9chir sur la mode et ses dessous. Car si la mode lance des tendances et bouleverse les codes comme les comportements, elle a aussi un r\u00f4le \u00e9thique et responsable \u00e0 jouer.<\/p>\r\n<!-- \/wp:paragraph -->\r\n\r\n<!-- wp:paragraph -->\r\n<p>Les mercredis et samedis apr\u00e8s-midi, venez d\u00e9couvrir l\u2019autre temps du fort du Carnaval\u00a0: les Batailles de Fleurs o\u00f9 le th\u00e8me sera d\u00e9clin\u00e9 sur des chars orn\u00e9s de fleurs valorisant la production locale (80% des fleurs sont produites dans la r\u00e9gion) et anim\u00e9s par des com\u00e9diennes qui porteront des costumes sp\u00e9cialement con\u00e7us pour la manifestation. Un d\u00e9fil\u00e9 unique au monde o\u00f9 des milliers de fleurs seront distribu\u00e9es.<\/p>\r\n<!-- \/wp:paragraph -->\r\n\r\n<!-- wp:paragraph -->\r\n<p>Et n\u2019oubliez pas, grands et petits, d\u00e9guisez de la t\u00eate aux pieds, les corsi seront gratuits\u00a0!<\/p>\r\n<!-- \/wp:paragraph -->\r\n\r\n<!-- wp:paragraph -->\r\n<p><strong>Alors venez prendre part \u00e0 la f\u00eate du 13 au 27 f\u00e9vrier 2021 \u00e0 Nice.<\/strong><\/p>\r\n<!-- \/wp:paragraph -->","_et_gb_content_width":"1150","inline_featured_image":false,"footnotes":""},"categories":[36,37,35],"tags":[],"class_list":["post-7729","post","type-post","status-publish","format-standard","has-post-thumbnail","hentry","category-actualites-en","category-news-en","category-news-en-2022"],"yoast_head":"<!-- This site is optimized with the Yoast SEO plugin v27.4 - https:\/\/yoast.com\/product\/yoast-seo-wordpress\/ -->\n<title>Portrait: Ryan Rachello, baggage handler at the West End Hotel -<\/title>\n<meta name=\"description\" content=\"Each month, the West End Hotel**** is delighted to put the spotlight on one of its employees through a series of questions...\" \/>\n<meta name=\"robots\" content=\"index, follow, max-snippet:-1, max-image-preview:large, max-video-preview:-1\" \/>\n<link rel=\"canonical\" href=\"https:\/\/www.hotel-westend.com\/en\/2024\/07\/31\/portrait-rachello-ryan-baggage-handler-at-the-west-end-hotel\/\" \/>\n<meta property=\"og:locale\" content=\"en_US\" \/>\n<meta property=\"og:type\" content=\"article\" \/>\n<meta property=\"og:title\" content=\"Portrait: Ryan Rachello, baggage handler at the West End Hotel -\" \/>\n<meta property=\"og:description\" content=\"Each month, the West End Hotel**** is delighted to put the spotlight on one of its employees through a series of questions...\" \/>\n<meta property=\"og:url\" content=\"https:\/\/www.hotel-westend.com\/en\/2024\/07\/31\/portrait-rachello-ryan-baggage-handler-at-the-west-end-hotel\/\" \/>\n<meta property=\"og:site_name\" content=\"Hotel Westend Nice\" \/>\n<meta property=\"article:published_time\" content=\"2024-07-31T07:30:19+00:00\" \/>\n<meta property=\"article:modified_time\" content=\"2024-07-31T12:05:40+00:00\" \/>\n<meta property=\"og:image\" content=\"https:\/\/www.hotel-westend.com\/wp-content\/uploads\/2024\/07\/2-1024x664.png\" \/>\n\t<meta property=\"og:image:width\" content=\"1024\" \/>\n\t<meta property=\"og:image:height\" content=\"664\" \/>\n\t<meta property=\"og:image:type\" content=\"image\/png\" \/>\n<meta name=\"author\" content=\"Caroline\" \/>\n<meta name=\"twitter:card\" content=\"summary_large_image\" \/>\n<meta name=\"twitter:label1\" content=\"Written by\" \/>\n\t<meta name=\"twitter:data1\" content=\"Caroline\" \/>\n\t<meta name=\"twitter:label2\" content=\"Est. reading time\" \/>\n\t<meta name=\"twitter:data2\" content=\"3 minutes\" \/>\n<script type=\"application\/ld+json\" class=\"yoast-schema-graph\">{\"@context\":\"https:\\\/\\\/schema.org\",\"@graph\":[{\"@type\":\"Article\",\"@id\":\"https:\\\/\\\/www.hotel-westend.com\\\/en\\\/2024\\\/07\\\/31\\\/portrait-rachello-ryan-baggage-handler-at-the-west-end-hotel\\\/#article\",\"isPartOf\":{\"@id\":\"https:\\\/\\\/www.hotel-westend.com\\\/en\\\/2024\\\/07\\\/31\\\/portrait-rachello-ryan-baggage-handler-at-the-west-end-hotel\\\/\"},\"author\":{\"name\":\"Caroline\",\"@id\":\"https:\\\/\\\/www.hotel-westend.com\\\/#\\\/schema\\\/person\\\/1d60ea324d55aaaa4755bc7e298f2d7d\"},\"headline\":\"Portrait: Ryan Rachello, baggage handler at the West End Hotel\",\"datePublished\":\"2024-07-31T07:30:19+00:00\",\"dateModified\":\"2024-07-31T12:05:40+00:00\",\"mainEntityOfPage\":{\"@id\":\"https:\\\/\\\/www.hotel-westend.com\\\/en\\\/2024\\\/07\\\/31\\\/portrait-rachello-ryan-baggage-handler-at-the-west-end-hotel\\\/\"},\"wordCount\":578,\"commentCount\":0,\"image\":{\"@id\":\"https:\\\/\\\/www.hotel-westend.com\\\/en\\\/2024\\\/07\\\/31\\\/portrait-rachello-ryan-baggage-handler-at-the-west-end-hotel\\\/#primaryimage\"},\"thumbnailUrl\":\"https:\\\/\\\/www.hotel-westend.com\\\/wp-content\\\/uploads\\\/2024\\\/07\\\/2.png\",\"articleSection\":[\"Actualit\u00e9s\",\"News\",\"News-EN-2022\"],\"inLanguage\":\"en-US\"},{\"@type\":\"WebPage\",\"@id\":\"https:\\\/\\\/www.hotel-westend.com\\\/en\\\/2024\\\/07\\\/31\\\/portrait-rachello-ryan-baggage-handler-at-the-west-end-hotel\\\/\",\"url\":\"https:\\\/\\\/www.hotel-westend.com\\\/en\\\/2024\\\/07\\\/31\\\/portrait-rachello-ryan-baggage-handler-at-the-west-end-hotel\\\/\",\"name\":\"Portrait: Ryan Rachello, baggage handler at the West End Hotel -\",\"isPartOf\":{\"@id\":\"https:\\\/\\\/www.hotel-westend.com\\\/#website\"},\"primaryImageOfPage\":{\"@id\":\"https:\\\/\\\/www.hotel-westend.com\\\/en\\\/2024\\\/07\\\/31\\\/portrait-rachello-ryan-baggage-handler-at-the-west-end-hotel\\\/#primaryimage\"},\"image\":{\"@id\":\"https:\\\/\\\/www.hotel-westend.com\\\/en\\\/2024\\\/07\\\/31\\\/portrait-rachello-ryan-baggage-handler-at-the-west-end-hotel\\\/#primaryimage\"},\"thumbnailUrl\":\"https:\\\/\\\/www.hotel-westend.com\\\/wp-content\\\/uploads\\\/2024\\\/07\\\/2.png\",\"datePublished\":\"2024-07-31T07:30:19+00:00\",\"dateModified\":\"2024-07-31T12:05:40+00:00\",\"author\":{\"@id\":\"https:\\\/\\\/www.hotel-westend.com\\\/#\\\/schema\\\/person\\\/1d60ea324d55aaaa4755bc7e298f2d7d\"},\"description\":\"Each month, the West End Hotel**** is delighted to put the spotlight on one of its employees through a series of questions...\",\"breadcrumb\":{\"@id\":\"https:\\\/\\\/www.hotel-westend.com\\\/en\\\/2024\\\/07\\\/31\\\/portrait-rachello-ryan-baggage-handler-at-the-west-end-hotel\\\/#breadcrumb\"},\"inLanguage\":\"en-US\",\"potentialAction\":[{\"@type\":\"ReadAction\",\"target\":[\"https:\\\/\\\/www.hotel-westend.com\\\/en\\\/2024\\\/07\\\/31\\\/portrait-rachello-ryan-baggage-handler-at-the-west-end-hotel\\\/\"]}]},{\"@type\":\"ImageObject\",\"inLanguage\":\"en-US\",\"@id\":\"https:\\\/\\\/www.hotel-westend.com\\\/en\\\/2024\\\/07\\\/31\\\/portrait-rachello-ryan-baggage-handler-at-the-west-end-hotel\\\/#primaryimage\",\"url\":\"https:\\\/\\\/www.hotel-westend.com\\\/wp-content\\\/uploads\\\/2024\\\/07\\\/2.png\",\"contentUrl\":\"https:\\\/\\\/www.hotel-westend.com\\\/wp-content\\\/uploads\\\/2024\\\/07\\\/2.png\",\"width\":2041,\"height\":1323},{\"@type\":\"BreadcrumbList\",\"@id\":\"https:\\\/\\\/www.hotel-westend.com\\\/en\\\/2024\\\/07\\\/31\\\/portrait-rachello-ryan-baggage-handler-at-the-west-end-hotel\\\/#breadcrumb\",\"itemListElement\":[{\"@type\":\"ListItem\",\"position\":1,\"name\":\"Accueil\",\"item\":\"https:\\\/\\\/www.hotel-westend.com\\\/en\\\/\"},{\"@type\":\"ListItem\",\"position\":2,\"name\":\"Portrait: Ryan Rachello, baggage handler at the West End Hotel\"}]},{\"@type\":\"WebSite\",\"@id\":\"https:\\\/\\\/www.hotel-westend.com\\\/#website\",\"url\":\"https:\\\/\\\/www.hotel-westend.com\\\/\",\"name\":\"Hotel Westend Nice\",\"description\":\"Hotel 4 Etoiles Nice - Promenade Anglais | OFFICIEL \",\"potentialAction\":[{\"@type\":\"SearchAction\",\"target\":{\"@type\":\"EntryPoint\",\"urlTemplate\":\"https:\\\/\\\/www.hotel-westend.com\\\/?s={search_term_string}\"},\"query-input\":{\"@type\":\"PropertyValueSpecification\",\"valueRequired\":true,\"valueName\":\"search_term_string\"}}],\"inLanguage\":\"en-US\"},{\"@type\":\"Person\",\"@id\":\"https:\\\/\\\/www.hotel-westend.com\\\/#\\\/schema\\\/person\\\/1d60ea324d55aaaa4755bc7e298f2d7d\",\"name\":\"Caroline\",\"url\":\"https:\\\/\\\/www.hotel-westend.com\\\/en\\\/author\\\/caroline\\\/\"}]}<\/script>\n<!-- \/ Yoast SEO plugin. -->","yoast_head_json":{"title":"Portrait: Ryan Rachello, baggage handler at the West End Hotel -","description":"Each month, the West End Hotel**** is delighted to put the spotlight on one of its employees through a series of questions...","robots":{"index":"index","follow":"follow","max-snippet":"max-snippet:-1","max-image-preview":"max-image-preview:large","max-video-preview":"max-video-preview:-1"},"canonical":"https:\/\/www.hotel-westend.com\/en\/2024\/07\/31\/portrait-rachello-ryan-baggage-handler-at-the-west-end-hotel\/","og_locale":"en_US","og_type":"article","og_title":"Portrait: Ryan Rachello, baggage handler at the West End Hotel -","og_description":"Each month, the West End Hotel**** is delighted to put the spotlight on one of its employees through a series of questions...","og_url":"https:\/\/www.hotel-westend.com\/en\/2024\/07\/31\/portrait-rachello-ryan-baggage-handler-at-the-west-end-hotel\/","og_site_name":"Hotel Westend Nice","article_published_time":"2024-07-31T07:30:19+00:00","article_modified_time":"2024-07-31T12:05:40+00:00","og_image":[{"width":1024,"height":664,"url":"https:\/\/www.hotel-westend.com\/wp-content\/uploads\/2024\/07\/2-1024x664.png","type":"image\/png"}],"author":"Caroline","twitter_card":"summary_large_image","twitter_misc":{"Written by":"Caroline","Est. reading time":"3 minutes"},"schema":{"@context":"https:\/\/schema.org","@graph":[{"@type":"Article","@id":"https:\/\/www.hotel-westend.com\/en\/2024\/07\/31\/portrait-rachello-ryan-baggage-handler-at-the-west-end-hotel\/#article","isPartOf":{"@id":"https:\/\/www.hotel-westend.com\/en\/2024\/07\/31\/portrait-rachello-ryan-baggage-handler-at-the-west-end-hotel\/"},"author":{"name":"Caroline","@id":"https:\/\/www.hotel-westend.com\/#\/schema\/person\/1d60ea324d55aaaa4755bc7e298f2d7d"},"headline":"Portrait: Ryan Rachello, baggage handler at the West End Hotel","datePublished":"2024-07-31T07:30:19+00:00","dateModified":"2024-07-31T12:05:40+00:00","mainEntityOfPage":{"@id":"https:\/\/www.hotel-westend.com\/en\/2024\/07\/31\/portrait-rachello-ryan-baggage-handler-at-the-west-end-hotel\/"},"wordCount":578,"commentCount":0,"image":{"@id":"https:\/\/www.hotel-westend.com\/en\/2024\/07\/31\/portrait-rachello-ryan-baggage-handler-at-the-west-end-hotel\/#primaryimage"},"thumbnailUrl":"https:\/\/www.hotel-westend.com\/wp-content\/uploads\/2024\/07\/2.png","articleSection":["Actualit\u00e9s","News","News-EN-2022"],"inLanguage":"en-US"},{"@type":"WebPage","@id":"https:\/\/www.hotel-westend.com\/en\/2024\/07\/31\/portrait-rachello-ryan-baggage-handler-at-the-west-end-hotel\/","url":"https:\/\/www.hotel-westend.com\/en\/2024\/07\/31\/portrait-rachello-ryan-baggage-handler-at-the-west-end-hotel\/","name":"Portrait: Ryan Rachello, baggage handler at the West End Hotel -","isPartOf":{"@id":"https:\/\/www.hotel-westend.com\/#website"},"primaryImageOfPage":{"@id":"https:\/\/www.hotel-westend.com\/en\/2024\/07\/31\/portrait-rachello-ryan-baggage-handler-at-the-west-end-hotel\/#primaryimage"},"image":{"@id":"https:\/\/www.hotel-westend.com\/en\/2024\/07\/31\/portrait-rachello-ryan-baggage-handler-at-the-west-end-hotel\/#primaryimage"},"thumbnailUrl":"https:\/\/www.hotel-westend.com\/wp-content\/uploads\/2024\/07\/2.png","datePublished":"2024-07-31T07:30:19+00:00","dateModified":"2024-07-31T12:05:40+00:00","author":{"@id":"https:\/\/www.hotel-westend.com\/#\/schema\/person\/1d60ea324d55aaaa4755bc7e298f2d7d"},"description":"Each month, the West End Hotel**** is delighted to put the spotlight on one of its employees through a series of questions...","breadcrumb":{"@id":"https:\/\/www.hotel-westend.com\/en\/2024\/07\/31\/portrait-rachello-ryan-baggage-handler-at-the-west-end-hotel\/#breadcrumb"},"inLanguage":"en-US","potentialAction":[{"@type":"ReadAction","target":["https:\/\/www.hotel-westend.com\/en\/2024\/07\/31\/portrait-rachello-ryan-baggage-handler-at-the-west-end-hotel\/"]}]},{"@type":"ImageObject","inLanguage":"en-US","@id":"https:\/\/www.hotel-westend.com\/en\/2024\/07\/31\/portrait-rachello-ryan-baggage-handler-at-the-west-end-hotel\/#primaryimage","url":"https:\/\/www.hotel-westend.com\/wp-content\/uploads\/2024\/07\/2.png","contentUrl":"https:\/\/www.hotel-westend.com\/wp-content\/uploads\/2024\/07\/2.png","width":2041,"height":1323},{"@type":"BreadcrumbList","@id":"https:\/\/www.hotel-westend.com\/en\/2024\/07\/31\/portrait-rachello-ryan-baggage-handler-at-the-west-end-hotel\/#breadcrumb","itemListElement":[{"@type":"ListItem","position":1,"name":"Accueil","item":"https:\/\/www.hotel-westend.com\/en\/"},{"@type":"ListItem","position":2,"name":"Portrait: Ryan Rachello, baggage handler at the West End Hotel"}]},{"@type":"WebSite","@id":"https:\/\/www.hotel-westend.com\/#website","url":"https:\/\/www.hotel-westend.com\/","name":"Hotel Westend Nice","description":"Hotel 4 Etoiles Nice - Promenade Anglais | OFFICIEL ","potentialAction":[{"@type":"SearchAction","target":{"@type":"EntryPoint","urlTemplate":"https:\/\/www.hotel-westend.com\/?s={search_term_string}"},"query-input":{"@type":"PropertyValueSpecification","valueRequired":true,"valueName":"search_term_string"}}],"inLanguage":"en-US"},{"@type":"Person","@id":"https:\/\/www.hotel-westend.com\/#\/schema\/person\/1d60ea324d55aaaa4755bc7e298f2d7d","name":"Caroline","url":"https:\/\/www.hotel-westend.com\/en\/author\/caroline\/"}]}},"_links":{"self":[{"href":"https:\/\/www.hotel-westend.com\/en\/wp-json\/wp\/v2\/posts\/7729","targetHints":{"allow":["GET"]}}],"collection":[{"href":"https:\/\/www.hotel-westend.com\/en\/wp-json\/wp\/v2\/posts"}],"about":[{"href":"https:\/\/www.hotel-westend.com\/en\/wp-json\/wp\/v2\/types\/post"}],"author":[{"embeddable":true,"href":"https:\/\/www.hotel-westend.com\/en\/wp-json\/wp\/v2\/users\/5"}],"replies":[{"embeddable":true,"href":"https:\/\/www.hotel-westend.com\/en\/wp-json\/wp\/v2\/comments?post=7729"}],"version-history":[{"count":5,"href":"https:\/\/www.hotel-westend.com\/en\/wp-json\/wp\/v2\/posts\/7729\/revisions"}],"predecessor-version":[{"id":7841,"href":"https:\/\/www.hotel-westend.com\/en\/wp-json\/wp\/v2\/posts\/7729\/revisions\/7841"}],"wp:featuredmedia":[{"embeddable":true,"href":"https:\/\/www.hotel-westend.com\/en\/wp-json\/wp\/v2\/media\/7721"}],"wp:attachment":[{"href":"https:\/\/www.hotel-westend.com\/en\/wp-json\/wp\/v2\/media?parent=7729"}],"wp:term":[{"taxonomy":"category","embeddable":true,"href":"https:\/\/www.hotel-westend.com\/en\/wp-json\/wp\/v2\/categories?post=7729"},{"taxonomy":"post_tag","embeddable":true,"href":"https:\/\/www.hotel-westend.com\/en\/wp-json\/wp\/v2\/tags?post=7729"}],"curies":[{"name":"wp","href":"https:\/\/api.w.org\/{rel}","templated":true}]}}