{"id":7750,"date":"2024-07-24T09:30:42","date_gmt":"2024-07-24T07:30:42","guid":{"rendered":"https:\/\/www.hotel-westend.com\/?p=7750"},"modified":"2024-07-11T15:36:41","modified_gmt":"2024-07-11T13:36:41","slug":"nice-jazz-fest-nas-phoenix-discover-the-programme","status":"publish","type":"post","link":"https:\/\/www.hotel-westend.com\/en\/2024\/07\/24\/nice-jazz-fest-nas-phoenix-discover-the-programme\/","title":{"rendered":"Nice Jazz Fest 2024: Nas, Phoenix, Dabeull&#8230; discover the programme"},"content":{"rendered":"<p>[et_pb_section fb_built=&#8221;1&#8243; admin_label=&#8221;section&#8221; _builder_version=&#8221;4.16&#8243; min_height=&#8221;629.4px&#8221; custom_padding=&#8221;||0px|||&#8221; global_colors_info=&#8221;{}&#8221;][et_pb_row admin_label=&#8221;row&#8221; _builder_version=&#8221;4.16&#8243; background_size=&#8221;initial&#8221; background_position=&#8221;top_left&#8221; background_repeat=&#8221;repeat&#8221; custom_margin=&#8221;-2px|auto||180px||&#8221; custom_padding=&#8221;||0px|||&#8221; global_colors_info=&#8221;{}&#8221;][et_pb_column type=&#8221;4_4&#8243; _builder_version=&#8221;4.16&#8243; custom_padding=&#8221;|||&#8221; global_colors_info=&#8221;{}&#8221; custom_padding__hover=&#8221;|||&#8221;][et_pb_text module_class=&#8221;tiretsInverse&#8221; _builder_version=&#8221;4.25.1&#8243; _module_preset=&#8221;default&#8221; header_2_font=&#8221;Gilda Display||||||||&#8221; header_2_text_color=&#8221;#9b8760&#8243; header_2_font_size=&#8221;58px&#8221; width=&#8221;100%&#8221; custom_margin=&#8221;|||0px|false|false&#8221; custom_padding=&#8221;|||0px||&#8221; hover_enabled=&#8221;0&#8243; locked=&#8221;off&#8221; global_colors_info=&#8221;{}&#8221; sticky_enabled=&#8221;0&#8243;]<\/p>\n<h2 style=\"font-weight: 400;\">Nice Jazz Fest 2024: Nas, Phoenix, Dabeull&#8230; discover the programme<\/h2>\n<p>[\/et_pb_text][et_pb_image src=&#8221;https:\/\/www.hotel-westend.com\/wp-content\/uploads\/2024\/07\/NiceJazzFest-Nice-West-End.png&#8221; alt=&#8221;30\/08\/2020 &#8211; Tour de France 2020 &#8211; Etape 2 &#8211; Nice Haut Pays \/ Nice (186 km) &#8211; Promenade des Anglais&#8221; title_text=&#8221;NiceJazzFest-Nice-West-End&#8221; _builder_version=&#8221;4.25.1&#8243; _module_preset=&#8221;default&#8221; global_colors_info=&#8221;{}&#8221;][\/et_pb_image][et_pb_text admin_label=&#8221;Text&#8221; _builder_version=&#8221;4.25.1&#8243; background_size=&#8221;initial&#8221; background_position=&#8221;top_left&#8221; background_repeat=&#8221;repeat&#8221; hover_enabled=&#8221;0&#8243; global_colors_info=&#8221;{}&#8221; sticky_enabled=&#8221;0&#8243;]<\/p>\n<p style=\"font-weight: 400;\">Don&#8217;t miss the <strong>Nice Jazz Fest<\/strong> this summer! From 20 to 23 August 2024, immerse yourself in the captivating world of this musical event in the Jardin Albert 1er. Enjoy a host of concerts in an idyllic setting that promises to be a memorable experience.<\/p>\n<p style=\"font-weight: 400;\">This latest edition of the Nice Jazz Fest guarantees a rich and varied line-up. Among the 24 artists taking part, headliners include pop-rock band Phoenix and American rapper Nas, who is celebrating the 30th anniversary of his debut album with a special tour. You&#8217;ll also find Kenny Garrett and Monty Alexander representing pure jazz.<\/p>\n<p style=\"font-weight: 400;\">The festival will feature artists from a wide range of musical genres, including blues, soul, and even a touch of pop and world music. This musical diversity will appeal to all tastes, giving you the chance to discover the many facets of jazz.<\/p>\n<p style=\"font-weight: 400;\">The concerts will start each evening at around 7.30pm and go on until late, creating a festive and friendly atmosphere right in the heart of Nice.<\/p>\n<p style=\"font-weight: 400;\"><strong>Check out the full Nice Jazz Fest 2024 schedule below:<\/strong><\/p>\n<p style=\"font-weight: 400;\"><strong>Tuesday 20 August<br \/><\/strong><br \/><strong>Mass\u00e9na stage :<\/strong><br \/>Yannis &amp; The Yaw at 8pm<br \/>Dabeull at 9.15pm<br \/>Nas at 11pm<\/p>\n<p style=\"font-weight: 400;\"><strong>Th\u00e9\u00e2tre de verdure stage :<br \/><\/strong>Louis Matute at 7.30pm<br \/>Thee Sacred Souls at 8.45pm<br \/>Mulatu Astatke at 10.30pm<\/p>\n<p><strong>Wednesday 21st August<\/strong><\/p>\n<p><strong> <\/strong><\/p>\n<p><strong>Mass\u00e9na stage :<br \/><\/strong>Jordan Rakei at 8pm<br \/>Omah Lay at 9.15pm<br \/>Jungle at 11pm<\/p>\n<p style=\"font-weight: 400;\"><strong>Th\u00e9\u00e2tre de verdure stage :<br \/><\/strong>Stella Cole at 7.30pm<br \/>Alfredo Rodriguez at 8.45pm<br \/>Kenny Garrett at 10.30pm<\/p>\n<p style=\"font-weight: 400;\">Thursday 22nd August<\/p>\n<p><strong>Sc\u00e8ne Mass\u00e9na :<br \/><\/strong>Julien Granel at 8pm<br \/>Sampha at 9.15pm<br \/>Phoenix at 11pm<\/p>\n<p style=\"font-weight: 400;\"><strong>Th\u00e9\u00e2tre de verdure stage :<br \/><\/strong>Arnaud Dolmen &amp; Le Vitygroove at 7.30pm<br \/>Theo Croker at 8.45pm<br \/>Monty Alexander at 10.30pm<\/p>\n<p style=\"font-weight: 400;\"><strong>Friday 23rd August<\/strong><\/p>\n<p><strong> <\/strong><\/p>\n<p><strong>Mass\u00e9na stage :<br \/><\/strong>Rejjie Snow at 8pm<br \/>Meute at 9.15pm<br \/>Yam\u00ea at 11pm<\/p>\n<p style=\"font-weight: 400;\"><strong>Th\u00e9\u00e2tre de verdure stage :<br \/><\/strong>Kareen Guiock Thuram at 7.30pm<br \/>L\u00e9on Pahl at 8.45pm<br \/>Jon Cleary and The Absolute Monster Gentlemen at 10.30pm<\/p>\n<p style=\"font-weight: 400;\">For the ultimate Nice Jazz Fest experience, the H\u00f4tel West End Nice is the ideal choice for your stay. Situated on the Promenade des Anglais, this historic hotel offers breathtaking views of the Mediterranean and easy access to the Jardins Albert 1er, where the concerts will take place. So you can enjoy the festival without the hassle of transport, just a few minutes&#8217; walk away.<\/p>\n<p><strong>For more information : <a href=\"https:\/\/www.nicejazzfest.fr\/en\/\" target=\"_blank\" rel=\"noopener\">https:\/\/www.nicejazzfest.fr\/en\/<\/a><\/strong><\/p>\n<p>[\/et_pb_text][\/et_pb_column][\/et_pb_row][\/et_pb_section]<\/p>\n","protected":false},"excerpt":{"rendered":"<p>From 20 to 23 August 2024, immerse yourself in the captivating world of this musical event in the Jardin Albert 1er. Enjoy a host of concerts&#8230;<\/p>\n","protected":false},"author":5,"featured_media":7742,"comment_status":"open","ping_status":"open","sticky":false,"template":"","format":"standard","meta":{"_et_pb_use_builder":"on","_et_pb_old_content":"<!-- wp:paragraph -->\r\n<p>Du 13 au 27 f\u00e9vrier 2021, Nice deviendra la Capitale mondiale de la mode avec la 137e \u00e9dition du Carnaval sur le th\u00e8me \u00ab Roi des animaux \u00bb. Venez admirer le Roi, la Reine et leurs sujets et participer aux extravagants d\u00e9fil\u00e9s de chars, de grosses t\u00eates et aux \u00e9l\u00e9gantes Batailles de Fleurs.<\/p>\r\n<!-- \/wp:paragraph -->\r\n\r\n<!-- wp:paragraph -->\r\n<p>Pendant 15 jours, le Carnaval de Nice, avec ses deux manifestations\u00a0: les Corsi carnavalesques (de jour ou de nuit) et les Batailles de fleurs, imposera son style et vous offrira un spectacle burlesque, magique et initiatique d\u00e9di\u00e9 \u00e0 la mode sous toutes ses coutures.<\/p>\r\n<!-- \/wp:paragraph -->\r\n\r\n<!-- wp:paragraph -->\r\n<p>Les chars cr\u00e9\u00e9s sur le th\u00e8me d\u00e9fileront lors des Corsi carnavalesques (mardis, samedis et dimanche), accompagn\u00e9s de grosses t\u00eates et d\u2019artistes venant du monde entier dans une ambiance festive et populaire, savamment sc\u00e9nographi\u00e9e, pour revisiter l\u2019histoire de la mode, vous faire rire, sourire mais aussi r\u00e9fl\u00e9chir sur la mode et ses dessous. Car si la mode lance des tendances et bouleverse les codes comme les comportements, elle a aussi un r\u00f4le \u00e9thique et responsable \u00e0 jouer.<\/p>\r\n<!-- \/wp:paragraph -->\r\n\r\n<!-- wp:paragraph -->\r\n<p>Les mercredis et samedis apr\u00e8s-midi, venez d\u00e9couvrir l\u2019autre temps du fort du Carnaval\u00a0: les Batailles de Fleurs o\u00f9 le th\u00e8me sera d\u00e9clin\u00e9 sur des chars orn\u00e9s de fleurs valorisant la production locale (80% des fleurs sont produites dans la r\u00e9gion) et anim\u00e9s par des com\u00e9diennes qui porteront des costumes sp\u00e9cialement con\u00e7us pour la manifestation. Un d\u00e9fil\u00e9 unique au monde o\u00f9 des milliers de fleurs seront distribu\u00e9es.<\/p>\r\n<!-- \/wp:paragraph -->\r\n\r\n<!-- wp:paragraph -->\r\n<p>Et n\u2019oubliez pas, grands et petits, d\u00e9guisez de la t\u00eate aux pieds, les corsi seront gratuits\u00a0!<\/p>\r\n<!-- \/wp:paragraph -->\r\n\r\n<!-- wp:paragraph -->\r\n<p><strong>Alors venez prendre part \u00e0 la f\u00eate du 13 au 27 f\u00e9vrier 2021 \u00e0 Nice.<\/strong><\/p>\r\n<!-- \/wp:paragraph -->","_et_gb_content_width":"1150","inline_featured_image":false,"footnotes":""},"categories":[36,37,35],"tags":[],"class_list":["post-7750","post","type-post","status-publish","format-standard","has-post-thumbnail","hentry","category-actualites-en","category-news-en","category-news-en-2022"],"yoast_head":"<!-- This site is optimized with the Yoast SEO plugin v27.4 - https:\/\/yoast.com\/product\/yoast-seo-wordpress\/ -->\n<title>Nice Jazz Fest 2024: Nas, Phoenix, Dabeull... discover the programme -<\/title>\n<meta name=\"description\" content=\"From 20 to 23 August 2024, immerse yourself in the captivating world of this musical event in the Jardin Albert 1er. Enjoy a host of concerts...\" \/>\n<meta name=\"robots\" content=\"index, follow, max-snippet:-1, max-image-preview:large, max-video-preview:-1\" \/>\n<link rel=\"canonical\" href=\"https:\/\/www.hotel-westend.com\/en\/2024\/07\/24\/nice-jazz-fest-nas-phoenix-discover-the-programme\/\" \/>\n<meta property=\"og:locale\" content=\"en_US\" \/>\n<meta property=\"og:type\" content=\"article\" \/>\n<meta property=\"og:title\" content=\"Nice Jazz Fest 2024: Nas, Phoenix, Dabeull... discover the programme -\" \/>\n<meta property=\"og:description\" content=\"From 20 to 23 August 2024, immerse yourself in the captivating world of this musical event in the Jardin Albert 1er. Enjoy a host of concerts...\" \/>\n<meta property=\"og:url\" content=\"https:\/\/www.hotel-westend.com\/en\/2024\/07\/24\/nice-jazz-fest-nas-phoenix-discover-the-programme\/\" \/>\n<meta property=\"og:site_name\" content=\"Hotel Westend Nice\" \/>\n<meta property=\"article:published_time\" content=\"2024-07-24T07:30:42+00:00\" \/>\n<meta property=\"og:image\" content=\"https:\/\/www.hotel-westend.com\/wp-content\/uploads\/2024\/07\/NiceJazzFest-Nice-West-End.png\" \/>\n\t<meta property=\"og:image:width\" content=\"2041\" \/>\n\t<meta property=\"og:image:height\" content=\"1323\" \/>\n\t<meta property=\"og:image:type\" content=\"image\/png\" \/>\n<meta name=\"author\" content=\"Caroline\" \/>\n<meta name=\"twitter:card\" content=\"summary_large_image\" \/>\n<meta name=\"twitter:label1\" content=\"Written by\" \/>\n\t<meta name=\"twitter:data1\" content=\"Caroline\" \/>\n\t<meta name=\"twitter:label2\" content=\"Est. reading time\" \/>\n\t<meta name=\"twitter:data2\" content=\"3 minutes\" \/>\n<script type=\"application\/ld+json\" class=\"yoast-schema-graph\">{\"@context\":\"https:\\\/\\\/schema.org\",\"@graph\":[{\"@type\":\"Article\",\"@id\":\"https:\\\/\\\/www.hotel-westend.com\\\/en\\\/2024\\\/07\\\/24\\\/nice-jazz-fest-nas-phoenix-discover-the-programme\\\/#article\",\"isPartOf\":{\"@id\":\"https:\\\/\\\/www.hotel-westend.com\\\/en\\\/2024\\\/07\\\/24\\\/nice-jazz-fest-nas-phoenix-discover-the-programme\\\/\"},\"author\":{\"name\":\"Caroline\",\"@id\":\"https:\\\/\\\/www.hotel-westend.com\\\/#\\\/schema\\\/person\\\/1d60ea324d55aaaa4755bc7e298f2d7d\"},\"headline\":\"Nice Jazz Fest 2024: Nas, Phoenix, Dabeull&#8230; discover the programme\",\"datePublished\":\"2024-07-24T07:30:42+00:00\",\"mainEntityOfPage\":{\"@id\":\"https:\\\/\\\/www.hotel-westend.com\\\/en\\\/2024\\\/07\\\/24\\\/nice-jazz-fest-nas-phoenix-discover-the-programme\\\/\"},\"wordCount\":582,\"commentCount\":0,\"image\":{\"@id\":\"https:\\\/\\\/www.hotel-westend.com\\\/en\\\/2024\\\/07\\\/24\\\/nice-jazz-fest-nas-phoenix-discover-the-programme\\\/#primaryimage\"},\"thumbnailUrl\":\"https:\\\/\\\/www.hotel-westend.com\\\/wp-content\\\/uploads\\\/2024\\\/07\\\/NiceJazzFest-Nice-West-End.png\",\"articleSection\":[\"Actualit\u00e9s\",\"News\",\"News-EN-2022\"],\"inLanguage\":\"en-US\"},{\"@type\":\"WebPage\",\"@id\":\"https:\\\/\\\/www.hotel-westend.com\\\/en\\\/2024\\\/07\\\/24\\\/nice-jazz-fest-nas-phoenix-discover-the-programme\\\/\",\"url\":\"https:\\\/\\\/www.hotel-westend.com\\\/en\\\/2024\\\/07\\\/24\\\/nice-jazz-fest-nas-phoenix-discover-the-programme\\\/\",\"name\":\"Nice Jazz Fest 2024: Nas, Phoenix, Dabeull... discover the programme -\",\"isPartOf\":{\"@id\":\"https:\\\/\\\/www.hotel-westend.com\\\/#website\"},\"primaryImageOfPage\":{\"@id\":\"https:\\\/\\\/www.hotel-westend.com\\\/en\\\/2024\\\/07\\\/24\\\/nice-jazz-fest-nas-phoenix-discover-the-programme\\\/#primaryimage\"},\"image\":{\"@id\":\"https:\\\/\\\/www.hotel-westend.com\\\/en\\\/2024\\\/07\\\/24\\\/nice-jazz-fest-nas-phoenix-discover-the-programme\\\/#primaryimage\"},\"thumbnailUrl\":\"https:\\\/\\\/www.hotel-westend.com\\\/wp-content\\\/uploads\\\/2024\\\/07\\\/NiceJazzFest-Nice-West-End.png\",\"datePublished\":\"2024-07-24T07:30:42+00:00\",\"author\":{\"@id\":\"https:\\\/\\\/www.hotel-westend.com\\\/#\\\/schema\\\/person\\\/1d60ea324d55aaaa4755bc7e298f2d7d\"},\"description\":\"From 20 to 23 August 2024, immerse yourself in the captivating world of this musical event in the Jardin Albert 1er. Enjoy a host of concerts...\",\"breadcrumb\":{\"@id\":\"https:\\\/\\\/www.hotel-westend.com\\\/en\\\/2024\\\/07\\\/24\\\/nice-jazz-fest-nas-phoenix-discover-the-programme\\\/#breadcrumb\"},\"inLanguage\":\"en-US\",\"potentialAction\":[{\"@type\":\"ReadAction\",\"target\":[\"https:\\\/\\\/www.hotel-westend.com\\\/en\\\/2024\\\/07\\\/24\\\/nice-jazz-fest-nas-phoenix-discover-the-programme\\\/\"]}]},{\"@type\":\"ImageObject\",\"inLanguage\":\"en-US\",\"@id\":\"https:\\\/\\\/www.hotel-westend.com\\\/en\\\/2024\\\/07\\\/24\\\/nice-jazz-fest-nas-phoenix-discover-the-programme\\\/#primaryimage\",\"url\":\"https:\\\/\\\/www.hotel-westend.com\\\/wp-content\\\/uploads\\\/2024\\\/07\\\/NiceJazzFest-Nice-West-End.png\",\"contentUrl\":\"https:\\\/\\\/www.hotel-westend.com\\\/wp-content\\\/uploads\\\/2024\\\/07\\\/NiceJazzFest-Nice-West-End.png\",\"width\":2041,\"height\":1323},{\"@type\":\"BreadcrumbList\",\"@id\":\"https:\\\/\\\/www.hotel-westend.com\\\/en\\\/2024\\\/07\\\/24\\\/nice-jazz-fest-nas-phoenix-discover-the-programme\\\/#breadcrumb\",\"itemListElement\":[{\"@type\":\"ListItem\",\"position\":1,\"name\":\"Accueil\",\"item\":\"https:\\\/\\\/www.hotel-westend.com\\\/en\\\/\"},{\"@type\":\"ListItem\",\"position\":2,\"name\":\"Nice Jazz Fest 2024: Nas, Phoenix, Dabeull&#8230; discover the programme\"}]},{\"@type\":\"WebSite\",\"@id\":\"https:\\\/\\\/www.hotel-westend.com\\\/#website\",\"url\":\"https:\\\/\\\/www.hotel-westend.com\\\/\",\"name\":\"Hotel Westend Nice\",\"description\":\"Hotel 4 Etoiles Nice - Promenade Anglais | OFFICIEL \",\"potentialAction\":[{\"@type\":\"SearchAction\",\"target\":{\"@type\":\"EntryPoint\",\"urlTemplate\":\"https:\\\/\\\/www.hotel-westend.com\\\/?s={search_term_string}\"},\"query-input\":{\"@type\":\"PropertyValueSpecification\",\"valueRequired\":true,\"valueName\":\"search_term_string\"}}],\"inLanguage\":\"en-US\"},{\"@type\":\"Person\",\"@id\":\"https:\\\/\\\/www.hotel-westend.com\\\/#\\\/schema\\\/person\\\/1d60ea324d55aaaa4755bc7e298f2d7d\",\"name\":\"Caroline\",\"url\":\"https:\\\/\\\/www.hotel-westend.com\\\/en\\\/author\\\/caroline\\\/\"}]}<\/script>\n<!-- \/ Yoast SEO plugin. -->","yoast_head_json":{"title":"Nice Jazz Fest 2024: Nas, Phoenix, Dabeull... discover the programme -","description":"From 20 to 23 August 2024, immerse yourself in the captivating world of this musical event in the Jardin Albert 1er. Enjoy a host of concerts...","robots":{"index":"index","follow":"follow","max-snippet":"max-snippet:-1","max-image-preview":"max-image-preview:large","max-video-preview":"max-video-preview:-1"},"canonical":"https:\/\/www.hotel-westend.com\/en\/2024\/07\/24\/nice-jazz-fest-nas-phoenix-discover-the-programme\/","og_locale":"en_US","og_type":"article","og_title":"Nice Jazz Fest 2024: Nas, Phoenix, Dabeull... discover the programme -","og_description":"From 20 to 23 August 2024, immerse yourself in the captivating world of this musical event in the Jardin Albert 1er. Enjoy a host of concerts...","og_url":"https:\/\/www.hotel-westend.com\/en\/2024\/07\/24\/nice-jazz-fest-nas-phoenix-discover-the-programme\/","og_site_name":"Hotel Westend Nice","article_published_time":"2024-07-24T07:30:42+00:00","og_image":[{"width":2041,"height":1323,"url":"https:\/\/www.hotel-westend.com\/wp-content\/uploads\/2024\/07\/NiceJazzFest-Nice-West-End.png","type":"image\/png"}],"author":"Caroline","twitter_card":"summary_large_image","twitter_misc":{"Written by":"Caroline","Est. reading time":"3 minutes"},"schema":{"@context":"https:\/\/schema.org","@graph":[{"@type":"Article","@id":"https:\/\/www.hotel-westend.com\/en\/2024\/07\/24\/nice-jazz-fest-nas-phoenix-discover-the-programme\/#article","isPartOf":{"@id":"https:\/\/www.hotel-westend.com\/en\/2024\/07\/24\/nice-jazz-fest-nas-phoenix-discover-the-programme\/"},"author":{"name":"Caroline","@id":"https:\/\/www.hotel-westend.com\/#\/schema\/person\/1d60ea324d55aaaa4755bc7e298f2d7d"},"headline":"Nice Jazz Fest 2024: Nas, Phoenix, Dabeull&#8230; discover the programme","datePublished":"2024-07-24T07:30:42+00:00","mainEntityOfPage":{"@id":"https:\/\/www.hotel-westend.com\/en\/2024\/07\/24\/nice-jazz-fest-nas-phoenix-discover-the-programme\/"},"wordCount":582,"commentCount":0,"image":{"@id":"https:\/\/www.hotel-westend.com\/en\/2024\/07\/24\/nice-jazz-fest-nas-phoenix-discover-the-programme\/#primaryimage"},"thumbnailUrl":"https:\/\/www.hotel-westend.com\/wp-content\/uploads\/2024\/07\/NiceJazzFest-Nice-West-End.png","articleSection":["Actualit\u00e9s","News","News-EN-2022"],"inLanguage":"en-US"},{"@type":"WebPage","@id":"https:\/\/www.hotel-westend.com\/en\/2024\/07\/24\/nice-jazz-fest-nas-phoenix-discover-the-programme\/","url":"https:\/\/www.hotel-westend.com\/en\/2024\/07\/24\/nice-jazz-fest-nas-phoenix-discover-the-programme\/","name":"Nice Jazz Fest 2024: Nas, Phoenix, Dabeull... discover the programme -","isPartOf":{"@id":"https:\/\/www.hotel-westend.com\/#website"},"primaryImageOfPage":{"@id":"https:\/\/www.hotel-westend.com\/en\/2024\/07\/24\/nice-jazz-fest-nas-phoenix-discover-the-programme\/#primaryimage"},"image":{"@id":"https:\/\/www.hotel-westend.com\/en\/2024\/07\/24\/nice-jazz-fest-nas-phoenix-discover-the-programme\/#primaryimage"},"thumbnailUrl":"https:\/\/www.hotel-westend.com\/wp-content\/uploads\/2024\/07\/NiceJazzFest-Nice-West-End.png","datePublished":"2024-07-24T07:30:42+00:00","author":{"@id":"https:\/\/www.hotel-westend.com\/#\/schema\/person\/1d60ea324d55aaaa4755bc7e298f2d7d"},"description":"From 20 to 23 August 2024, immerse yourself in the captivating world of this musical event in the Jardin Albert 1er. Enjoy a host of concerts...","breadcrumb":{"@id":"https:\/\/www.hotel-westend.com\/en\/2024\/07\/24\/nice-jazz-fest-nas-phoenix-discover-the-programme\/#breadcrumb"},"inLanguage":"en-US","potentialAction":[{"@type":"ReadAction","target":["https:\/\/www.hotel-westend.com\/en\/2024\/07\/24\/nice-jazz-fest-nas-phoenix-discover-the-programme\/"]}]},{"@type":"ImageObject","inLanguage":"en-US","@id":"https:\/\/www.hotel-westend.com\/en\/2024\/07\/24\/nice-jazz-fest-nas-phoenix-discover-the-programme\/#primaryimage","url":"https:\/\/www.hotel-westend.com\/wp-content\/uploads\/2024\/07\/NiceJazzFest-Nice-West-End.png","contentUrl":"https:\/\/www.hotel-westend.com\/wp-content\/uploads\/2024\/07\/NiceJazzFest-Nice-West-End.png","width":2041,"height":1323},{"@type":"BreadcrumbList","@id":"https:\/\/www.hotel-westend.com\/en\/2024\/07\/24\/nice-jazz-fest-nas-phoenix-discover-the-programme\/#breadcrumb","itemListElement":[{"@type":"ListItem","position":1,"name":"Accueil","item":"https:\/\/www.hotel-westend.com\/en\/"},{"@type":"ListItem","position":2,"name":"Nice Jazz Fest 2024: Nas, Phoenix, Dabeull&#8230; discover the programme"}]},{"@type":"WebSite","@id":"https:\/\/www.hotel-westend.com\/#website","url":"https:\/\/www.hotel-westend.com\/","name":"Hotel Westend Nice","description":"Hotel 4 Etoiles Nice - Promenade Anglais | OFFICIEL ","potentialAction":[{"@type":"SearchAction","target":{"@type":"EntryPoint","urlTemplate":"https:\/\/www.hotel-westend.com\/?s={search_term_string}"},"query-input":{"@type":"PropertyValueSpecification","valueRequired":true,"valueName":"search_term_string"}}],"inLanguage":"en-US"},{"@type":"Person","@id":"https:\/\/www.hotel-westend.com\/#\/schema\/person\/1d60ea324d55aaaa4755bc7e298f2d7d","name":"Caroline","url":"https:\/\/www.hotel-westend.com\/en\/author\/caroline\/"}]}},"_links":{"self":[{"href":"https:\/\/www.hotel-westend.com\/en\/wp-json\/wp\/v2\/posts\/7750","targetHints":{"allow":["GET"]}}],"collection":[{"href":"https:\/\/www.hotel-westend.com\/en\/wp-json\/wp\/v2\/posts"}],"about":[{"href":"https:\/\/www.hotel-westend.com\/en\/wp-json\/wp\/v2\/types\/post"}],"author":[{"embeddable":true,"href":"https:\/\/www.hotel-westend.com\/en\/wp-json\/wp\/v2\/users\/5"}],"replies":[{"embeddable":true,"href":"https:\/\/www.hotel-westend.com\/en\/wp-json\/wp\/v2\/comments?post=7750"}],"version-history":[{"count":3,"href":"https:\/\/www.hotel-westend.com\/en\/wp-json\/wp\/v2\/posts\/7750\/revisions"}],"predecessor-version":[{"id":7755,"href":"https:\/\/www.hotel-westend.com\/en\/wp-json\/wp\/v2\/posts\/7750\/revisions\/7755"}],"wp:featuredmedia":[{"embeddable":true,"href":"https:\/\/www.hotel-westend.com\/en\/wp-json\/wp\/v2\/media\/7742"}],"wp:attachment":[{"href":"https:\/\/www.hotel-westend.com\/en\/wp-json\/wp\/v2\/media?parent=7750"}],"wp:term":[{"taxonomy":"category","embeddable":true,"href":"https:\/\/www.hotel-westend.com\/en\/wp-json\/wp\/v2\/categories?post=7750"},{"taxonomy":"post_tag","embeddable":true,"href":"https:\/\/www.hotel-westend.com\/en\/wp-json\/wp\/v2\/tags?post=7750"}],"curies":[{"name":"wp","href":"https:\/\/api.w.org\/{rel}","templated":true}]}}