{"id":8056,"date":"2024-10-09T09:44:12","date_gmt":"2024-10-09T07:44:12","guid":{"rendered":"https:\/\/www.hotel-westend.com\/2024\/10\/09\/le-marathon-nice-des-alpes-maritimes-nice-cannes-au-pied-de-l-hotel-west-end\/"},"modified":"2024-10-09T10:29:24","modified_gmt":"2024-10-09T08:29:24","slug":"the-alpes-maritimes-marathon-nice-cannes-at-the-foot-of-the-west-end-hotel","status":"publish","type":"post","link":"https:\/\/www.hotel-westend.com\/en\/2024\/10\/09\/the-alpes-maritimes-marathon-nice-cannes-at-the-foot-of-the-west-end-hotel\/","title":{"rendered":"The Alpes-Maritimes Marathon Nice Cannes, at the foot of the West End Hotel"},"content":{"rendered":"<p>[et_pb_section fb_built=&#8221;1&#8243; admin_label=&#8221;section&#8221; _builder_version=&#8221;4.16&#8243; min_height=&#8221;629.4px&#8221; custom_padding=&#8221;||0px|||&#8221; global_colors_info=&#8221;{}&#8221;][et_pb_row admin_label=&#8221;row&#8221; _builder_version=&#8221;4.16&#8243; background_size=&#8221;initial&#8221; background_position=&#8221;top_left&#8221; background_repeat=&#8221;repeat&#8221; custom_margin=&#8221;-2px|auto||180px||&#8221; custom_padding=&#8221;||0px|||&#8221; global_colors_info=&#8221;{}&#8221;][et_pb_column type=&#8221;4_4&#8243; _builder_version=&#8221;4.16&#8243; custom_padding=&#8221;|||&#8221; global_colors_info=&#8221;{}&#8221; custom_padding__hover=&#8221;|||&#8221;][et_pb_text module_class=&#8221;tiretsInverse&#8221; _builder_version=&#8221;4.27.0&#8243; _module_preset=&#8221;default&#8221; header_2_font=&#8221;Gilda Display||||||||&#8221; header_2_text_color=&#8221;#9b8760&#8243; header_2_font_size=&#8221;58px&#8221; width=&#8221;100%&#8221; custom_margin=&#8221;|||0px|false|false&#8221; custom_padding=&#8221;|||0px||&#8221; locked=&#8221;off&#8221; global_colors_info=&#8221;{}&#8221;]<\/p>\n<h2><span style=\"font-weight: 400;\">The maritime alps marathon, at the foot of the West End Hotel<\/span><\/h2>\n<p>[\/et_pb_text][et_pb_image src=&#8221;https:\/\/www.hotel-westend.com\/wp-content\/uploads\/2024\/10\/14-Activimages20231105_marathon_042.jpeg&#8221; alt=&#8221;Promenade Des Anglais depuis Le West End&#8221; title_text=&#8221;14 Activimages20231105_marathon_042&#8243; _builder_version=&#8221;4.27.0&#8243; _module_preset=&#8221;default&#8221; global_colors_info=&#8221;{}&#8221;][\/et_pb_image][et_pb_text admin_label=&#8221;Text&#8221; _builder_version=&#8221;4.27.0&#8243; background_size=&#8221;initial&#8221; background_position=&#8221;top_left&#8221; background_repeat=&#8221;repeat&#8221; hover_enabled=&#8221;0&#8243; global_colors_info=&#8221;{}&#8221; sticky_enabled=&#8221;0&#8243;]<\/p>\n<p><em><span style=\"font-weight: 400;\">The <\/span><span style=\"font-weight: 400;\">maritime alps marathon <\/span><\/em><em><span style=\"font-weight: 400;\">Nice &#8211; Cannes will be held in Nice on Sunday 3 November 2024. The West End Hotel is doing everything in its power to offer participants the best possible welcome.<\/span><\/em><\/p>\n<p><strong>One of the most beautiful courses in the world\u00a0<\/strong><\/p>\n<p><span style=\"font-weight: 400;\">The 16th edition of the Marathon des Alpes-Maritimes, linking Nice to Cannes along the legendary C\u00f4te d&#8217;Azur, is back! Since its creation in 2008, nearly 175,000 runners of more than 70 nationalities have taken to the course between the sea and the palm trees, enhancing its international reputation. Certified by the AIMS and recognised by the French Athletics Federation (FFA), this race was awarded the title of \u2018World&#8217;s Most Beautiful Tourist Marathon\u2019 in 2018 by Forbes Travel Guide, largely thanks to its magnificent scenery and the impressive size of its field.<\/span><\/p>\n<p><span style=\"font-weight: 400;\">This iconic event offers several distances to suit all types of runner: the full marathon (42.195km), two half-marathons of 21.1km each, a 20km relay, as well as formats adapted for disabled athletes. The start is at 8am on the Promenade des Anglais for the elite runners, and at 8.03am for the rest of the field. Disabled runners get an early start at 7.57 am.<\/span><\/p>\n<p><strong>The H\u00f4tel West End: top accommodation for marathon runners<\/strong><\/p>\n<p><span style=\"font-weight: 400;\">The H\u00f4tel West End, located on the Promenade des Anglais, offers the perfect location for participants in the event. In addition to its historic charm and luxury services, the hotel is offering an exclusive package for the occasion, starting at \u20ac212 per night for two people, including breakfast. For optimum comfort, breakfast will be served from 5.30am on race day, and late check-out is also available for racers.<\/span><\/p>\n<p><span style=\"font-weight: 400;\">Those not registered for the Marathon will be able to enjoy the view of the Mediterranean from their room, while cheering on the athletes. What&#8217;s more, the traditional Breakfast Run, open to all and free of charge, will be held the day before the race. This event brings together between 200 and 300 runners for a relaxed final training session on the Promenade des Anglais.<\/span><\/p>\n<p><strong>Nice, regarded as a land of sport\u00a0<\/strong><\/p>\n<p><span style=\"font-weight: 400;\">Whether you&#8217;re taking part in a marathon or just enjoying the spectacle, Nice is a must-visit sporting destination. With its mild climate, breathtaking scenery and festive atmosphere, the city offers a unique setting for sporting competitions. The Marathon des Alpes-Maritimes Nice-Cannes is a not-to-be-missed event for runners and lovers of sport and the C\u00f4te d&#8217;Azur alike.<\/span><\/p>\n<p><span style=\"font-weight: 400;\"><strong>To book your room and take advantage of this special offer, visit <a href=\"https:\/\/www.hotel-westend.com\/en\/special-offers\/\" target=\"_blank\" rel=\"noopener\">the hotel website<\/a>.\u00a0<\/strong><\/span><\/p>\n<p>[\/et_pb_text][\/et_pb_column][\/et_pb_row][\/et_pb_section]<\/p>\n","protected":false},"excerpt":{"rendered":"<p>The maritime alps marathon will be held in Nice on Sunday 3 November 2024. The West End Hotel offers participants the best possible welcome.<\/p>\n","protected":false},"author":5,"featured_media":8044,"comment_status":"open","ping_status":"open","sticky":false,"template":"","format":"standard","meta":{"_et_pb_use_builder":"on","_et_pb_old_content":"<!-- wp:paragraph -->\r\n<p>Du 13 au 27 f\u00e9vrier 2021, Nice deviendra la Capitale mondiale de la mode avec la 137e \u00e9dition du Carnaval sur le th\u00e8me \u00ab Roi des animaux \u00bb. Venez admirer le Roi, la Reine et leurs sujets et participer aux extravagants d\u00e9fil\u00e9s de chars, de grosses t\u00eates et aux \u00e9l\u00e9gantes Batailles de Fleurs.<\/p>\r\n<!-- \/wp:paragraph -->\r\n\r\n<!-- wp:paragraph -->\r\n<p>Pendant 15 jours, le Carnaval de Nice, avec ses deux manifestations\u00a0: les Corsi carnavalesques (de jour ou de nuit) et les Batailles de fleurs, imposera son style et vous offrira un spectacle burlesque, magique et initiatique d\u00e9di\u00e9 \u00e0 la mode sous toutes ses coutures.<\/p>\r\n<!-- \/wp:paragraph -->\r\n\r\n<!-- wp:paragraph -->\r\n<p>Les chars cr\u00e9\u00e9s sur le th\u00e8me d\u00e9fileront lors des Corsi carnavalesques (mardis, samedis et dimanche), accompagn\u00e9s de grosses t\u00eates et d\u2019artistes venant du monde entier dans une ambiance festive et populaire, savamment sc\u00e9nographi\u00e9e, pour revisiter l\u2019histoire de la mode, vous faire rire, sourire mais aussi r\u00e9fl\u00e9chir sur la mode et ses dessous. Car si la mode lance des tendances et bouleverse les codes comme les comportements, elle a aussi un r\u00f4le \u00e9thique et responsable \u00e0 jouer.<\/p>\r\n<!-- \/wp:paragraph -->\r\n\r\n<!-- wp:paragraph -->\r\n<p>Les mercredis et samedis apr\u00e8s-midi, venez d\u00e9couvrir l\u2019autre temps du fort du Carnaval\u00a0: les Batailles de Fleurs o\u00f9 le th\u00e8me sera d\u00e9clin\u00e9 sur des chars orn\u00e9s de fleurs valorisant la production locale (80% des fleurs sont produites dans la r\u00e9gion) et anim\u00e9s par des com\u00e9diennes qui porteront des costumes sp\u00e9cialement con\u00e7us pour la manifestation. Un d\u00e9fil\u00e9 unique au monde o\u00f9 des milliers de fleurs seront distribu\u00e9es.<\/p>\r\n<!-- \/wp:paragraph -->\r\n\r\n<!-- wp:paragraph -->\r\n<p>Et n\u2019oubliez pas, grands et petits, d\u00e9guisez de la t\u00eate aux pieds, les corsi seront gratuits\u00a0!<\/p>\r\n<!-- \/wp:paragraph -->\r\n\r\n<!-- wp:paragraph -->\r\n<p><strong>Alors venez prendre part \u00e0 la f\u00eate du 13 au 27 f\u00e9vrier 2021 \u00e0 Nice.<\/strong><\/p>\r\n<!-- \/wp:paragraph -->","_et_gb_content_width":"1150","inline_featured_image":false,"footnotes":""},"categories":[36,37,35],"tags":[],"class_list":["post-8056","post","type-post","status-publish","format-standard","has-post-thumbnail","hentry","category-actualites-en","category-news-en","category-news-en-2022"],"yoast_head":"<!-- This site is optimized with the Yoast SEO plugin v27.4 - https:\/\/yoast.com\/product\/yoast-seo-wordpress\/ -->\n<title>The Alpes-Maritimes Marathon Nice Cannes, at the foot of the West End Hotel -<\/title>\n<meta name=\"description\" content=\"The maritime alps marathon will be held in Nice on Sunday 3 November 2024. The West End Hotel offers participants the best possible welcome.\" \/>\n<meta name=\"robots\" content=\"index, follow, max-snippet:-1, max-image-preview:large, max-video-preview:-1\" \/>\n<link rel=\"canonical\" href=\"https:\/\/www.hotel-westend.com\/en\/2024\/10\/09\/the-alpes-maritimes-marathon-nice-cannes-at-the-foot-of-the-west-end-hotel\/\" \/>\n<meta property=\"og:locale\" content=\"en_US\" \/>\n<meta property=\"og:type\" content=\"article\" \/>\n<meta property=\"og:title\" content=\"The Alpes-Maritimes Marathon Nice Cannes, at the foot of the West End Hotel -\" \/>\n<meta property=\"og:description\" content=\"The maritime alps marathon will be held in Nice on Sunday 3 November 2024. The West End Hotel offers participants the best possible welcome.\" \/>\n<meta property=\"og:url\" content=\"https:\/\/www.hotel-westend.com\/en\/2024\/10\/09\/the-alpes-maritimes-marathon-nice-cannes-at-the-foot-of-the-west-end-hotel\/\" \/>\n<meta property=\"og:site_name\" content=\"Hotel Westend Nice\" \/>\n<meta property=\"article:published_time\" content=\"2024-10-09T07:44:12+00:00\" \/>\n<meta property=\"article:modified_time\" content=\"2024-10-09T08:29:24+00:00\" \/>\n<meta property=\"og:image\" content=\"https:\/\/www.hotel-westend.com\/wp-content\/uploads\/2024\/10\/14-Activimages20231105_marathon_042.jpeg\" \/>\n\t<meta property=\"og:image:width\" content=\"1024\" \/>\n\t<meta property=\"og:image:height\" content=\"682\" \/>\n\t<meta property=\"og:image:type\" content=\"image\/jpeg\" \/>\n<meta name=\"author\" content=\"Caroline\" \/>\n<meta name=\"twitter:card\" content=\"summary_large_image\" \/>\n<meta name=\"twitter:label1\" content=\"Written by\" \/>\n\t<meta name=\"twitter:data1\" content=\"Caroline\" \/>\n\t<meta name=\"twitter:label2\" content=\"Est. reading time\" \/>\n\t<meta name=\"twitter:data2\" content=\"3 minutes\" \/>\n<script type=\"application\/ld+json\" class=\"yoast-schema-graph\">{\"@context\":\"https:\\\/\\\/schema.org\",\"@graph\":[{\"@type\":\"Article\",\"@id\":\"https:\\\/\\\/www.hotel-westend.com\\\/en\\\/2024\\\/10\\\/09\\\/the-alpes-maritimes-marathon-nice-cannes-at-the-foot-of-the-west-end-hotel\\\/#article\",\"isPartOf\":{\"@id\":\"https:\\\/\\\/www.hotel-westend.com\\\/en\\\/2024\\\/10\\\/09\\\/the-alpes-maritimes-marathon-nice-cannes-at-the-foot-of-the-west-end-hotel\\\/\"},\"author\":{\"name\":\"Caroline\",\"@id\":\"https:\\\/\\\/www.hotel-westend.com\\\/#\\\/schema\\\/person\\\/1d60ea324d55aaaa4755bc7e298f2d7d\"},\"headline\":\"The Alpes-Maritimes Marathon Nice Cannes, at the foot of the West End Hotel\",\"datePublished\":\"2024-10-09T07:44:12+00:00\",\"dateModified\":\"2024-10-09T08:29:24+00:00\",\"mainEntityOfPage\":{\"@id\":\"https:\\\/\\\/www.hotel-westend.com\\\/en\\\/2024\\\/10\\\/09\\\/the-alpes-maritimes-marathon-nice-cannes-at-the-foot-of-the-west-end-hotel\\\/\"},\"wordCount\":613,\"commentCount\":0,\"image\":{\"@id\":\"https:\\\/\\\/www.hotel-westend.com\\\/en\\\/2024\\\/10\\\/09\\\/the-alpes-maritimes-marathon-nice-cannes-at-the-foot-of-the-west-end-hotel\\\/#primaryimage\"},\"thumbnailUrl\":\"https:\\\/\\\/www.hotel-westend.com\\\/wp-content\\\/uploads\\\/2024\\\/10\\\/14-Activimages20231105_marathon_042.jpeg\",\"articleSection\":[\"Actualit\u00e9s\",\"News\",\"News-EN-2022\"],\"inLanguage\":\"en-US\"},{\"@type\":\"WebPage\",\"@id\":\"https:\\\/\\\/www.hotel-westend.com\\\/en\\\/2024\\\/10\\\/09\\\/the-alpes-maritimes-marathon-nice-cannes-at-the-foot-of-the-west-end-hotel\\\/\",\"url\":\"https:\\\/\\\/www.hotel-westend.com\\\/en\\\/2024\\\/10\\\/09\\\/the-alpes-maritimes-marathon-nice-cannes-at-the-foot-of-the-west-end-hotel\\\/\",\"name\":\"The Alpes-Maritimes Marathon Nice Cannes, at the foot of the West End Hotel -\",\"isPartOf\":{\"@id\":\"https:\\\/\\\/www.hotel-westend.com\\\/#website\"},\"primaryImageOfPage\":{\"@id\":\"https:\\\/\\\/www.hotel-westend.com\\\/en\\\/2024\\\/10\\\/09\\\/the-alpes-maritimes-marathon-nice-cannes-at-the-foot-of-the-west-end-hotel\\\/#primaryimage\"},\"image\":{\"@id\":\"https:\\\/\\\/www.hotel-westend.com\\\/en\\\/2024\\\/10\\\/09\\\/the-alpes-maritimes-marathon-nice-cannes-at-the-foot-of-the-west-end-hotel\\\/#primaryimage\"},\"thumbnailUrl\":\"https:\\\/\\\/www.hotel-westend.com\\\/wp-content\\\/uploads\\\/2024\\\/10\\\/14-Activimages20231105_marathon_042.jpeg\",\"datePublished\":\"2024-10-09T07:44:12+00:00\",\"dateModified\":\"2024-10-09T08:29:24+00:00\",\"author\":{\"@id\":\"https:\\\/\\\/www.hotel-westend.com\\\/#\\\/schema\\\/person\\\/1d60ea324d55aaaa4755bc7e298f2d7d\"},\"description\":\"The maritime alps marathon will be held in Nice on Sunday 3 November 2024. The West End Hotel offers participants the best possible welcome.\",\"breadcrumb\":{\"@id\":\"https:\\\/\\\/www.hotel-westend.com\\\/en\\\/2024\\\/10\\\/09\\\/the-alpes-maritimes-marathon-nice-cannes-at-the-foot-of-the-west-end-hotel\\\/#breadcrumb\"},\"inLanguage\":\"en-US\",\"potentialAction\":[{\"@type\":\"ReadAction\",\"target\":[\"https:\\\/\\\/www.hotel-westend.com\\\/en\\\/2024\\\/10\\\/09\\\/the-alpes-maritimes-marathon-nice-cannes-at-the-foot-of-the-west-end-hotel\\\/\"]}]},{\"@type\":\"ImageObject\",\"inLanguage\":\"en-US\",\"@id\":\"https:\\\/\\\/www.hotel-westend.com\\\/en\\\/2024\\\/10\\\/09\\\/the-alpes-maritimes-marathon-nice-cannes-at-the-foot-of-the-west-end-hotel\\\/#primaryimage\",\"url\":\"https:\\\/\\\/www.hotel-westend.com\\\/wp-content\\\/uploads\\\/2024\\\/10\\\/14-Activimages20231105_marathon_042.jpeg\",\"contentUrl\":\"https:\\\/\\\/www.hotel-westend.com\\\/wp-content\\\/uploads\\\/2024\\\/10\\\/14-Activimages20231105_marathon_042.jpeg\",\"width\":1024,\"height\":682},{\"@type\":\"BreadcrumbList\",\"@id\":\"https:\\\/\\\/www.hotel-westend.com\\\/en\\\/2024\\\/10\\\/09\\\/the-alpes-maritimes-marathon-nice-cannes-at-the-foot-of-the-west-end-hotel\\\/#breadcrumb\",\"itemListElement\":[{\"@type\":\"ListItem\",\"position\":1,\"name\":\"Accueil\",\"item\":\"https:\\\/\\\/www.hotel-westend.com\\\/en\\\/\"},{\"@type\":\"ListItem\",\"position\":2,\"name\":\"The Alpes-Maritimes Marathon Nice Cannes, at the foot of the West End Hotel\"}]},{\"@type\":\"WebSite\",\"@id\":\"https:\\\/\\\/www.hotel-westend.com\\\/#website\",\"url\":\"https:\\\/\\\/www.hotel-westend.com\\\/\",\"name\":\"Hotel Westend Nice\",\"description\":\"Hotel 4 Etoiles Nice - Promenade Anglais | OFFICIEL \",\"potentialAction\":[{\"@type\":\"SearchAction\",\"target\":{\"@type\":\"EntryPoint\",\"urlTemplate\":\"https:\\\/\\\/www.hotel-westend.com\\\/?s={search_term_string}\"},\"query-input\":{\"@type\":\"PropertyValueSpecification\",\"valueRequired\":true,\"valueName\":\"search_term_string\"}}],\"inLanguage\":\"en-US\"},{\"@type\":\"Person\",\"@id\":\"https:\\\/\\\/www.hotel-westend.com\\\/#\\\/schema\\\/person\\\/1d60ea324d55aaaa4755bc7e298f2d7d\",\"name\":\"Caroline\",\"url\":\"https:\\\/\\\/www.hotel-westend.com\\\/en\\\/author\\\/caroline\\\/\"}]}<\/script>\n<!-- \/ Yoast SEO plugin. -->","yoast_head_json":{"title":"The Alpes-Maritimes Marathon Nice Cannes, at the foot of the West End Hotel -","description":"The maritime alps marathon will be held in Nice on Sunday 3 November 2024. The West End Hotel offers participants the best possible welcome.","robots":{"index":"index","follow":"follow","max-snippet":"max-snippet:-1","max-image-preview":"max-image-preview:large","max-video-preview":"max-video-preview:-1"},"canonical":"https:\/\/www.hotel-westend.com\/en\/2024\/10\/09\/the-alpes-maritimes-marathon-nice-cannes-at-the-foot-of-the-west-end-hotel\/","og_locale":"en_US","og_type":"article","og_title":"The Alpes-Maritimes Marathon Nice Cannes, at the foot of the West End Hotel -","og_description":"The maritime alps marathon will be held in Nice on Sunday 3 November 2024. The West End Hotel offers participants the best possible welcome.","og_url":"https:\/\/www.hotel-westend.com\/en\/2024\/10\/09\/the-alpes-maritimes-marathon-nice-cannes-at-the-foot-of-the-west-end-hotel\/","og_site_name":"Hotel Westend Nice","article_published_time":"2024-10-09T07:44:12+00:00","article_modified_time":"2024-10-09T08:29:24+00:00","og_image":[{"width":1024,"height":682,"url":"https:\/\/www.hotel-westend.com\/wp-content\/uploads\/2024\/10\/14-Activimages20231105_marathon_042.jpeg","type":"image\/jpeg"}],"author":"Caroline","twitter_card":"summary_large_image","twitter_misc":{"Written by":"Caroline","Est. reading time":"3 minutes"},"schema":{"@context":"https:\/\/schema.org","@graph":[{"@type":"Article","@id":"https:\/\/www.hotel-westend.com\/en\/2024\/10\/09\/the-alpes-maritimes-marathon-nice-cannes-at-the-foot-of-the-west-end-hotel\/#article","isPartOf":{"@id":"https:\/\/www.hotel-westend.com\/en\/2024\/10\/09\/the-alpes-maritimes-marathon-nice-cannes-at-the-foot-of-the-west-end-hotel\/"},"author":{"name":"Caroline","@id":"https:\/\/www.hotel-westend.com\/#\/schema\/person\/1d60ea324d55aaaa4755bc7e298f2d7d"},"headline":"The Alpes-Maritimes Marathon Nice Cannes, at the foot of the West End Hotel","datePublished":"2024-10-09T07:44:12+00:00","dateModified":"2024-10-09T08:29:24+00:00","mainEntityOfPage":{"@id":"https:\/\/www.hotel-westend.com\/en\/2024\/10\/09\/the-alpes-maritimes-marathon-nice-cannes-at-the-foot-of-the-west-end-hotel\/"},"wordCount":613,"commentCount":0,"image":{"@id":"https:\/\/www.hotel-westend.com\/en\/2024\/10\/09\/the-alpes-maritimes-marathon-nice-cannes-at-the-foot-of-the-west-end-hotel\/#primaryimage"},"thumbnailUrl":"https:\/\/www.hotel-westend.com\/wp-content\/uploads\/2024\/10\/14-Activimages20231105_marathon_042.jpeg","articleSection":["Actualit\u00e9s","News","News-EN-2022"],"inLanguage":"en-US"},{"@type":"WebPage","@id":"https:\/\/www.hotel-westend.com\/en\/2024\/10\/09\/the-alpes-maritimes-marathon-nice-cannes-at-the-foot-of-the-west-end-hotel\/","url":"https:\/\/www.hotel-westend.com\/en\/2024\/10\/09\/the-alpes-maritimes-marathon-nice-cannes-at-the-foot-of-the-west-end-hotel\/","name":"The Alpes-Maritimes Marathon Nice Cannes, at the foot of the West End Hotel -","isPartOf":{"@id":"https:\/\/www.hotel-westend.com\/#website"},"primaryImageOfPage":{"@id":"https:\/\/www.hotel-westend.com\/en\/2024\/10\/09\/the-alpes-maritimes-marathon-nice-cannes-at-the-foot-of-the-west-end-hotel\/#primaryimage"},"image":{"@id":"https:\/\/www.hotel-westend.com\/en\/2024\/10\/09\/the-alpes-maritimes-marathon-nice-cannes-at-the-foot-of-the-west-end-hotel\/#primaryimage"},"thumbnailUrl":"https:\/\/www.hotel-westend.com\/wp-content\/uploads\/2024\/10\/14-Activimages20231105_marathon_042.jpeg","datePublished":"2024-10-09T07:44:12+00:00","dateModified":"2024-10-09T08:29:24+00:00","author":{"@id":"https:\/\/www.hotel-westend.com\/#\/schema\/person\/1d60ea324d55aaaa4755bc7e298f2d7d"},"description":"The maritime alps marathon will be held in Nice on Sunday 3 November 2024. The West End Hotel offers participants the best possible welcome.","breadcrumb":{"@id":"https:\/\/www.hotel-westend.com\/en\/2024\/10\/09\/the-alpes-maritimes-marathon-nice-cannes-at-the-foot-of-the-west-end-hotel\/#breadcrumb"},"inLanguage":"en-US","potentialAction":[{"@type":"ReadAction","target":["https:\/\/www.hotel-westend.com\/en\/2024\/10\/09\/the-alpes-maritimes-marathon-nice-cannes-at-the-foot-of-the-west-end-hotel\/"]}]},{"@type":"ImageObject","inLanguage":"en-US","@id":"https:\/\/www.hotel-westend.com\/en\/2024\/10\/09\/the-alpes-maritimes-marathon-nice-cannes-at-the-foot-of-the-west-end-hotel\/#primaryimage","url":"https:\/\/www.hotel-westend.com\/wp-content\/uploads\/2024\/10\/14-Activimages20231105_marathon_042.jpeg","contentUrl":"https:\/\/www.hotel-westend.com\/wp-content\/uploads\/2024\/10\/14-Activimages20231105_marathon_042.jpeg","width":1024,"height":682},{"@type":"BreadcrumbList","@id":"https:\/\/www.hotel-westend.com\/en\/2024\/10\/09\/the-alpes-maritimes-marathon-nice-cannes-at-the-foot-of-the-west-end-hotel\/#breadcrumb","itemListElement":[{"@type":"ListItem","position":1,"name":"Accueil","item":"https:\/\/www.hotel-westend.com\/en\/"},{"@type":"ListItem","position":2,"name":"The Alpes-Maritimes Marathon Nice Cannes, at the foot of the West End Hotel"}]},{"@type":"WebSite","@id":"https:\/\/www.hotel-westend.com\/#website","url":"https:\/\/www.hotel-westend.com\/","name":"Hotel Westend Nice","description":"Hotel 4 Etoiles Nice - Promenade Anglais | OFFICIEL ","potentialAction":[{"@type":"SearchAction","target":{"@type":"EntryPoint","urlTemplate":"https:\/\/www.hotel-westend.com\/?s={search_term_string}"},"query-input":{"@type":"PropertyValueSpecification","valueRequired":true,"valueName":"search_term_string"}}],"inLanguage":"en-US"},{"@type":"Person","@id":"https:\/\/www.hotel-westend.com\/#\/schema\/person\/1d60ea324d55aaaa4755bc7e298f2d7d","name":"Caroline","url":"https:\/\/www.hotel-westend.com\/en\/author\/caroline\/"}]}},"_links":{"self":[{"href":"https:\/\/www.hotel-westend.com\/en\/wp-json\/wp\/v2\/posts\/8056","targetHints":{"allow":["GET"]}}],"collection":[{"href":"https:\/\/www.hotel-westend.com\/en\/wp-json\/wp\/v2\/posts"}],"about":[{"href":"https:\/\/www.hotel-westend.com\/en\/wp-json\/wp\/v2\/types\/post"}],"author":[{"embeddable":true,"href":"https:\/\/www.hotel-westend.com\/en\/wp-json\/wp\/v2\/users\/5"}],"replies":[{"embeddable":true,"href":"https:\/\/www.hotel-westend.com\/en\/wp-json\/wp\/v2\/comments?post=8056"}],"version-history":[{"count":6,"href":"https:\/\/www.hotel-westend.com\/en\/wp-json\/wp\/v2\/posts\/8056\/revisions"}],"predecessor-version":[{"id":8067,"href":"https:\/\/www.hotel-westend.com\/en\/wp-json\/wp\/v2\/posts\/8056\/revisions\/8067"}],"wp:featuredmedia":[{"embeddable":true,"href":"https:\/\/www.hotel-westend.com\/en\/wp-json\/wp\/v2\/media\/8044"}],"wp:attachment":[{"href":"https:\/\/www.hotel-westend.com\/en\/wp-json\/wp\/v2\/media?parent=8056"}],"wp:term":[{"taxonomy":"category","embeddable":true,"href":"https:\/\/www.hotel-westend.com\/en\/wp-json\/wp\/v2\/categories?post=8056"},{"taxonomy":"post_tag","embeddable":true,"href":"https:\/\/www.hotel-westend.com\/en\/wp-json\/wp\/v2\/tags?post=8056"}],"curies":[{"name":"wp","href":"https:\/\/api.w.org\/{rel}","templated":true}]}}