{"id":8079,"date":"2024-10-30T09:30:48","date_gmt":"2024-10-30T08:30:48","guid":{"rendered":"https:\/\/www.hotel-westend.com\/?p=8079"},"modified":"2024-10-14T12:08:33","modified_gmt":"2024-10-14T10:08:33","slug":"meet-benoit-fossiez-chef-of-the-restaurant-le-siecle","status":"publish","type":"post","link":"https:\/\/www.hotel-westend.com\/en\/2024\/10\/30\/meet-benoit-fossiez-chef-of-the-restaurant-le-siecle\/","title":{"rendered":"Meet Benoit Fossiez, Chef of the restaurant Le Si\u00e8cle"},"content":{"rendered":"<p>[et_pb_section fb_built=&#8221;1&#8243; admin_label=&#8221;section&#8221; _builder_version=&#8221;4.16&#8243; min_height=&#8221;629.4px&#8221; custom_padding=&#8221;||0px|||&#8221; global_colors_info=&#8221;{}&#8221;][et_pb_row admin_label=&#8221;row&#8221; _builder_version=&#8221;4.16&#8243; background_size=&#8221;initial&#8221; background_position=&#8221;top_left&#8221; background_repeat=&#8221;repeat&#8221; custom_margin=&#8221;-2px|auto||180px||&#8221; custom_padding=&#8221;||0px|||&#8221; global_colors_info=&#8221;{}&#8221;][et_pb_column type=&#8221;4_4&#8243; _builder_version=&#8221;4.16&#8243; custom_padding=&#8221;|||&#8221; global_colors_info=&#8221;{}&#8221; custom_padding__hover=&#8221;|||&#8221;][et_pb_text module_class=&#8221;tiretsInverse&#8221; _builder_version=&#8221;4.27.0&#8243; _module_preset=&#8221;default&#8221; header_2_font=&#8221;Gilda Display||||||||&#8221; header_2_text_color=&#8221;#9b8760&#8243; header_2_font_size=&#8221;58px&#8221; width=&#8221;100%&#8221; custom_margin=&#8221;|||0px|false|false&#8221; custom_padding=&#8221;|||0px||&#8221; hover_enabled=&#8221;0&#8243; locked=&#8221;off&#8221; global_colors_info=&#8221;{}&#8221; sticky_enabled=&#8221;0&#8243;]<\/p>\n<h2>Meet Benoit Fossiez, Chef of the restaurant Le Si\u00e8cle<\/h2>\n<p>[\/et_pb_text][et_pb_image src=&#8221;https:\/\/www.hotel-westend.com\/wp-content\/uploads\/2024\/10\/West-End-_-Benoit-Fossiez.png&#8221; alt=&#8221;Promenade Des Anglais depuis Le West End&#8221; title_text=&#8221;West End _ Benoit Fossiez&#8221; _builder_version=&#8221;4.27.0&#8243; _module_preset=&#8221;default&#8221; global_colors_info=&#8221;{}&#8221;][\/et_pb_image][et_pb_text admin_label=&#8221;Text&#8221; _builder_version=&#8221;4.27.0&#8243; background_size=&#8221;initial&#8221; background_position=&#8221;top_left&#8221; background_repeat=&#8221;repeat&#8221; hover_enabled=&#8221;0&#8243; global_colors_info=&#8221;{}&#8221; sticky_enabled=&#8221;0&#8243;]<\/p>\n<p><strong>Every month, the West End Hotel**** puts the spotlight on one of its employees through a series of questions designed to help us better understand his job and what motivates him in his daily work. Today, the hotel presents Beno\u00eet Fossiez, Chef at Le Si\u00e8cle restaurant.<span class=\"Apple-converted-space\">\u00a0<\/span><\/strong><\/p>\n<p><strong>Can you introduce yourself?<\/strong><br \/>I&#8217;m 44 years old and I&#8217;ve been Chef at Le Si\u00e8cle for 7 months. After travelling a lot and living abroad, I settled in Nice to take over the restaurant&#8217;s kitchen as Chef. I supervise a brigade of 10 people. Before that, I worked in Michelin-starred restaurants in Nice and in some of the top restaurants in Thailand. It was there that I discovered Asian spices, which I like to use in my cooking, even though at Le Si\u00e8cle we&#8217;re more into Mediterranean cuisine with a touch of spice!<\/p>\n<p><strong>What do you love most about your job?<\/strong><br \/>What I love most about my job is discovering new flavours and new ways of cooking. Living and working in Thailand gave me a taste for spices. As a result, today I offer Mediterranean cuisine with unique tastes that people don&#8217;t know about.<\/p>\n<p><strong>What advice would you give to a new colleague?<br \/><\/strong>One of the first pieces of advice I would give to a new employee is to be passionate. Because it&#8217;s a passionate job! Other advice would be to be patient, rigorous and well organised. Organisation is super important and the key to success!<span class=\"Apple-converted-space\">\u00a0<\/span><\/p>\n<p><strong>What&#8217;s your favourite place at the H\u00f4tel West End?<br \/><\/strong>Even though I spend most of my time in the kitchen, the little terrace is my favourite place. There&#8217;s a beautiful view and to clear your head for 5 minutes and take a little break, it&#8217;s the ideal place.<span class=\"Apple-converted-space\">\u00a0<\/span><\/p>\n<p><strong>What are your best memories of the hotel?<br \/><\/strong>My best memories are without doubt the Opera evenings and the Christmas evenings. These are great times for the cuisine, but there&#8217;s a very specific atmosphere. <span class=\"Apple-converted-space\">\u00a0<\/span><\/p>\n<p><strong>What advice would you give guests on how to make the most of their stay?<br \/><\/strong>Several things! I&#8217;d advise them to try the Ch\u00e2teaubriand piece, which is a real treat! And then to explore the Cours Saleya with its unmissable market, which is a must-see, especially in the morning&#8230; the best time of the day.<\/p>\n<p>[\/et_pb_text][\/et_pb_column][\/et_pb_row][\/et_pb_section]<\/p>\n","protected":false},"excerpt":{"rendered":"<p>This month, the West End hotel presents Beno\u00eet Fossiez, Chef at Le Si\u00e8cle restaurant.\u00a0<\/p>\n","protected":false},"author":5,"featured_media":8074,"comment_status":"open","ping_status":"open","sticky":false,"template":"","format":"standard","meta":{"_et_pb_use_builder":"on","_et_pb_old_content":"<!-- wp:paragraph -->\r\n<p>Du 13 au 27 f\u00e9vrier 2021, Nice deviendra la Capitale mondiale de la mode avec la 137e \u00e9dition du Carnaval sur le th\u00e8me \u00ab Roi des animaux \u00bb. Venez admirer le Roi, la Reine et leurs sujets et participer aux extravagants d\u00e9fil\u00e9s de chars, de grosses t\u00eates et aux \u00e9l\u00e9gantes Batailles de Fleurs.<\/p>\r\n<!-- \/wp:paragraph -->\r\n\r\n<!-- wp:paragraph -->\r\n<p>Pendant 15 jours, le Carnaval de Nice, avec ses deux manifestations\u00a0: les Corsi carnavalesques (de jour ou de nuit) et les Batailles de fleurs, imposera son style et vous offrira un spectacle burlesque, magique et initiatique d\u00e9di\u00e9 \u00e0 la mode sous toutes ses coutures.<\/p>\r\n<!-- \/wp:paragraph -->\r\n\r\n<!-- wp:paragraph -->\r\n<p>Les chars cr\u00e9\u00e9s sur le th\u00e8me d\u00e9fileront lors des Corsi carnavalesques (mardis, samedis et dimanche), accompagn\u00e9s de grosses t\u00eates et d\u2019artistes venant du monde entier dans une ambiance festive et populaire, savamment sc\u00e9nographi\u00e9e, pour revisiter l\u2019histoire de la mode, vous faire rire, sourire mais aussi r\u00e9fl\u00e9chir sur la mode et ses dessous. Car si la mode lance des tendances et bouleverse les codes comme les comportements, elle a aussi un r\u00f4le \u00e9thique et responsable \u00e0 jouer.<\/p>\r\n<!-- \/wp:paragraph -->\r\n\r\n<!-- wp:paragraph -->\r\n<p>Les mercredis et samedis apr\u00e8s-midi, venez d\u00e9couvrir l\u2019autre temps du fort du Carnaval\u00a0: les Batailles de Fleurs o\u00f9 le th\u00e8me sera d\u00e9clin\u00e9 sur des chars orn\u00e9s de fleurs valorisant la production locale (80% des fleurs sont produites dans la r\u00e9gion) et anim\u00e9s par des com\u00e9diennes qui porteront des costumes sp\u00e9cialement con\u00e7us pour la manifestation. Un d\u00e9fil\u00e9 unique au monde o\u00f9 des milliers de fleurs seront distribu\u00e9es.<\/p>\r\n<!-- \/wp:paragraph -->\r\n\r\n<!-- wp:paragraph -->\r\n<p>Et n\u2019oubliez pas, grands et petits, d\u00e9guisez de la t\u00eate aux pieds, les corsi seront gratuits\u00a0!<\/p>\r\n<!-- \/wp:paragraph -->\r\n\r\n<!-- wp:paragraph -->\r\n<p><strong>Alors venez prendre part \u00e0 la f\u00eate du 13 au 27 f\u00e9vrier 2021 \u00e0 Nice.<\/strong><\/p>\r\n<!-- \/wp:paragraph -->","_et_gb_content_width":"1150","inline_featured_image":false,"footnotes":""},"categories":[36,37,35],"tags":[],"class_list":["post-8079","post","type-post","status-publish","format-standard","has-post-thumbnail","hentry","category-actualites-en","category-news-en","category-news-en-2022"],"yoast_head":"<!-- This site is optimized with the Yoast SEO plugin v27.4 - https:\/\/yoast.com\/product\/yoast-seo-wordpress\/ -->\n<title>Meet Benoit Fossiez, Chef of the restaurant Le Si\u00e8cle -<\/title>\n<meta name=\"description\" content=\"This month, the West End hotel presents Beno\u00eet Fossiez, Chef at Le Si\u00e8cle restaurant.\" \/>\n<meta name=\"robots\" content=\"index, follow, max-snippet:-1, max-image-preview:large, max-video-preview:-1\" \/>\n<link rel=\"canonical\" href=\"https:\/\/www.hotel-westend.com\/en\/2024\/10\/30\/meet-benoit-fossiez-chef-of-the-restaurant-le-siecle\/\" \/>\n<meta property=\"og:locale\" content=\"en_US\" \/>\n<meta property=\"og:type\" content=\"article\" \/>\n<meta property=\"og:title\" content=\"Meet Benoit Fossiez, Chef of the restaurant Le Si\u00e8cle -\" \/>\n<meta property=\"og:description\" content=\"This month, the West End hotel presents Beno\u00eet Fossiez, Chef at Le Si\u00e8cle restaurant.\" \/>\n<meta property=\"og:url\" content=\"https:\/\/www.hotel-westend.com\/en\/2024\/10\/30\/meet-benoit-fossiez-chef-of-the-restaurant-le-siecle\/\" \/>\n<meta property=\"og:site_name\" content=\"Hotel Westend Nice\" \/>\n<meta property=\"article:published_time\" content=\"2024-10-30T08:30:48+00:00\" \/>\n<meta property=\"og:image\" content=\"https:\/\/www.hotel-westend.com\/wp-content\/uploads\/2024\/10\/West-End-_-Benoit-Fossiez-1024x664.png\" \/>\n\t<meta property=\"og:image:width\" content=\"1024\" \/>\n\t<meta property=\"og:image:height\" content=\"664\" \/>\n\t<meta property=\"og:image:type\" content=\"image\/png\" \/>\n<meta name=\"author\" content=\"Caroline\" \/>\n<meta name=\"twitter:card\" content=\"summary_large_image\" \/>\n<meta name=\"twitter:label1\" content=\"Written by\" \/>\n\t<meta name=\"twitter:data1\" content=\"Caroline\" \/>\n\t<meta name=\"twitter:label2\" content=\"Est. reading time\" \/>\n\t<meta name=\"twitter:data2\" content=\"3 minutes\" \/>\n<script type=\"application\/ld+json\" class=\"yoast-schema-graph\">{\"@context\":\"https:\\\/\\\/schema.org\",\"@graph\":[{\"@type\":\"Article\",\"@id\":\"https:\\\/\\\/www.hotel-westend.com\\\/en\\\/2024\\\/10\\\/30\\\/meet-benoit-fossiez-chef-of-the-restaurant-le-siecle\\\/#article\",\"isPartOf\":{\"@id\":\"https:\\\/\\\/www.hotel-westend.com\\\/en\\\/2024\\\/10\\\/30\\\/meet-benoit-fossiez-chef-of-the-restaurant-le-siecle\\\/\"},\"author\":{\"name\":\"Caroline\",\"@id\":\"https:\\\/\\\/www.hotel-westend.com\\\/#\\\/schema\\\/person\\\/1d60ea324d55aaaa4755bc7e298f2d7d\"},\"headline\":\"Meet Benoit Fossiez, Chef of the restaurant Le Si\u00e8cle\",\"datePublished\":\"2024-10-30T08:30:48+00:00\",\"mainEntityOfPage\":{\"@id\":\"https:\\\/\\\/www.hotel-westend.com\\\/en\\\/2024\\\/10\\\/30\\\/meet-benoit-fossiez-chef-of-the-restaurant-le-siecle\\\/\"},\"wordCount\":583,\"commentCount\":0,\"image\":{\"@id\":\"https:\\\/\\\/www.hotel-westend.com\\\/en\\\/2024\\\/10\\\/30\\\/meet-benoit-fossiez-chef-of-the-restaurant-le-siecle\\\/#primaryimage\"},\"thumbnailUrl\":\"https:\\\/\\\/www.hotel-westend.com\\\/wp-content\\\/uploads\\\/2024\\\/10\\\/West-End-_-Benoit-Fossiez.png\",\"articleSection\":[\"Actualit\u00e9s\",\"News\",\"News-EN-2022\"],\"inLanguage\":\"en-US\"},{\"@type\":\"WebPage\",\"@id\":\"https:\\\/\\\/www.hotel-westend.com\\\/en\\\/2024\\\/10\\\/30\\\/meet-benoit-fossiez-chef-of-the-restaurant-le-siecle\\\/\",\"url\":\"https:\\\/\\\/www.hotel-westend.com\\\/en\\\/2024\\\/10\\\/30\\\/meet-benoit-fossiez-chef-of-the-restaurant-le-siecle\\\/\",\"name\":\"Meet Benoit Fossiez, Chef of the restaurant Le Si\u00e8cle -\",\"isPartOf\":{\"@id\":\"https:\\\/\\\/www.hotel-westend.com\\\/#website\"},\"primaryImageOfPage\":{\"@id\":\"https:\\\/\\\/www.hotel-westend.com\\\/en\\\/2024\\\/10\\\/30\\\/meet-benoit-fossiez-chef-of-the-restaurant-le-siecle\\\/#primaryimage\"},\"image\":{\"@id\":\"https:\\\/\\\/www.hotel-westend.com\\\/en\\\/2024\\\/10\\\/30\\\/meet-benoit-fossiez-chef-of-the-restaurant-le-siecle\\\/#primaryimage\"},\"thumbnailUrl\":\"https:\\\/\\\/www.hotel-westend.com\\\/wp-content\\\/uploads\\\/2024\\\/10\\\/West-End-_-Benoit-Fossiez.png\",\"datePublished\":\"2024-10-30T08:30:48+00:00\",\"author\":{\"@id\":\"https:\\\/\\\/www.hotel-westend.com\\\/#\\\/schema\\\/person\\\/1d60ea324d55aaaa4755bc7e298f2d7d\"},\"description\":\"This month, the West End hotel presents Beno\u00eet Fossiez, Chef at Le Si\u00e8cle restaurant.\",\"breadcrumb\":{\"@id\":\"https:\\\/\\\/www.hotel-westend.com\\\/en\\\/2024\\\/10\\\/30\\\/meet-benoit-fossiez-chef-of-the-restaurant-le-siecle\\\/#breadcrumb\"},\"inLanguage\":\"en-US\",\"potentialAction\":[{\"@type\":\"ReadAction\",\"target\":[\"https:\\\/\\\/www.hotel-westend.com\\\/en\\\/2024\\\/10\\\/30\\\/meet-benoit-fossiez-chef-of-the-restaurant-le-siecle\\\/\"]}]},{\"@type\":\"ImageObject\",\"inLanguage\":\"en-US\",\"@id\":\"https:\\\/\\\/www.hotel-westend.com\\\/en\\\/2024\\\/10\\\/30\\\/meet-benoit-fossiez-chef-of-the-restaurant-le-siecle\\\/#primaryimage\",\"url\":\"https:\\\/\\\/www.hotel-westend.com\\\/wp-content\\\/uploads\\\/2024\\\/10\\\/West-End-_-Benoit-Fossiez.png\",\"contentUrl\":\"https:\\\/\\\/www.hotel-westend.com\\\/wp-content\\\/uploads\\\/2024\\\/10\\\/West-End-_-Benoit-Fossiez.png\",\"width\":2041,\"height\":1323},{\"@type\":\"BreadcrumbList\",\"@id\":\"https:\\\/\\\/www.hotel-westend.com\\\/en\\\/2024\\\/10\\\/30\\\/meet-benoit-fossiez-chef-of-the-restaurant-le-siecle\\\/#breadcrumb\",\"itemListElement\":[{\"@type\":\"ListItem\",\"position\":1,\"name\":\"Accueil\",\"item\":\"https:\\\/\\\/www.hotel-westend.com\\\/en\\\/\"},{\"@type\":\"ListItem\",\"position\":2,\"name\":\"Meet Benoit Fossiez, Chef of the restaurant Le Si\u00e8cle\"}]},{\"@type\":\"WebSite\",\"@id\":\"https:\\\/\\\/www.hotel-westend.com\\\/#website\",\"url\":\"https:\\\/\\\/www.hotel-westend.com\\\/\",\"name\":\"Hotel Westend Nice\",\"description\":\"Hotel 4 Etoiles Nice - Promenade Anglais | OFFICIEL \",\"potentialAction\":[{\"@type\":\"SearchAction\",\"target\":{\"@type\":\"EntryPoint\",\"urlTemplate\":\"https:\\\/\\\/www.hotel-westend.com\\\/?s={search_term_string}\"},\"query-input\":{\"@type\":\"PropertyValueSpecification\",\"valueRequired\":true,\"valueName\":\"search_term_string\"}}],\"inLanguage\":\"en-US\"},{\"@type\":\"Person\",\"@id\":\"https:\\\/\\\/www.hotel-westend.com\\\/#\\\/schema\\\/person\\\/1d60ea324d55aaaa4755bc7e298f2d7d\",\"name\":\"Caroline\",\"url\":\"https:\\\/\\\/www.hotel-westend.com\\\/en\\\/author\\\/caroline\\\/\"}]}<\/script>\n<!-- \/ Yoast SEO plugin. -->","yoast_head_json":{"title":"Meet Benoit Fossiez, Chef of the restaurant Le Si\u00e8cle -","description":"This month, the West End hotel presents Beno\u00eet Fossiez, Chef at Le Si\u00e8cle restaurant.","robots":{"index":"index","follow":"follow","max-snippet":"max-snippet:-1","max-image-preview":"max-image-preview:large","max-video-preview":"max-video-preview:-1"},"canonical":"https:\/\/www.hotel-westend.com\/en\/2024\/10\/30\/meet-benoit-fossiez-chef-of-the-restaurant-le-siecle\/","og_locale":"en_US","og_type":"article","og_title":"Meet Benoit Fossiez, Chef of the restaurant Le Si\u00e8cle -","og_description":"This month, the West End hotel presents Beno\u00eet Fossiez, Chef at Le Si\u00e8cle restaurant.","og_url":"https:\/\/www.hotel-westend.com\/en\/2024\/10\/30\/meet-benoit-fossiez-chef-of-the-restaurant-le-siecle\/","og_site_name":"Hotel Westend Nice","article_published_time":"2024-10-30T08:30:48+00:00","og_image":[{"width":1024,"height":664,"url":"https:\/\/www.hotel-westend.com\/wp-content\/uploads\/2024\/10\/West-End-_-Benoit-Fossiez-1024x664.png","type":"image\/png"}],"author":"Caroline","twitter_card":"summary_large_image","twitter_misc":{"Written by":"Caroline","Est. reading time":"3 minutes"},"schema":{"@context":"https:\/\/schema.org","@graph":[{"@type":"Article","@id":"https:\/\/www.hotel-westend.com\/en\/2024\/10\/30\/meet-benoit-fossiez-chef-of-the-restaurant-le-siecle\/#article","isPartOf":{"@id":"https:\/\/www.hotel-westend.com\/en\/2024\/10\/30\/meet-benoit-fossiez-chef-of-the-restaurant-le-siecle\/"},"author":{"name":"Caroline","@id":"https:\/\/www.hotel-westend.com\/#\/schema\/person\/1d60ea324d55aaaa4755bc7e298f2d7d"},"headline":"Meet Benoit Fossiez, Chef of the restaurant Le Si\u00e8cle","datePublished":"2024-10-30T08:30:48+00:00","mainEntityOfPage":{"@id":"https:\/\/www.hotel-westend.com\/en\/2024\/10\/30\/meet-benoit-fossiez-chef-of-the-restaurant-le-siecle\/"},"wordCount":583,"commentCount":0,"image":{"@id":"https:\/\/www.hotel-westend.com\/en\/2024\/10\/30\/meet-benoit-fossiez-chef-of-the-restaurant-le-siecle\/#primaryimage"},"thumbnailUrl":"https:\/\/www.hotel-westend.com\/wp-content\/uploads\/2024\/10\/West-End-_-Benoit-Fossiez.png","articleSection":["Actualit\u00e9s","News","News-EN-2022"],"inLanguage":"en-US"},{"@type":"WebPage","@id":"https:\/\/www.hotel-westend.com\/en\/2024\/10\/30\/meet-benoit-fossiez-chef-of-the-restaurant-le-siecle\/","url":"https:\/\/www.hotel-westend.com\/en\/2024\/10\/30\/meet-benoit-fossiez-chef-of-the-restaurant-le-siecle\/","name":"Meet Benoit Fossiez, Chef of the restaurant Le Si\u00e8cle -","isPartOf":{"@id":"https:\/\/www.hotel-westend.com\/#website"},"primaryImageOfPage":{"@id":"https:\/\/www.hotel-westend.com\/en\/2024\/10\/30\/meet-benoit-fossiez-chef-of-the-restaurant-le-siecle\/#primaryimage"},"image":{"@id":"https:\/\/www.hotel-westend.com\/en\/2024\/10\/30\/meet-benoit-fossiez-chef-of-the-restaurant-le-siecle\/#primaryimage"},"thumbnailUrl":"https:\/\/www.hotel-westend.com\/wp-content\/uploads\/2024\/10\/West-End-_-Benoit-Fossiez.png","datePublished":"2024-10-30T08:30:48+00:00","author":{"@id":"https:\/\/www.hotel-westend.com\/#\/schema\/person\/1d60ea324d55aaaa4755bc7e298f2d7d"},"description":"This month, the West End hotel presents Beno\u00eet Fossiez, Chef at Le Si\u00e8cle restaurant.","breadcrumb":{"@id":"https:\/\/www.hotel-westend.com\/en\/2024\/10\/30\/meet-benoit-fossiez-chef-of-the-restaurant-le-siecle\/#breadcrumb"},"inLanguage":"en-US","potentialAction":[{"@type":"ReadAction","target":["https:\/\/www.hotel-westend.com\/en\/2024\/10\/30\/meet-benoit-fossiez-chef-of-the-restaurant-le-siecle\/"]}]},{"@type":"ImageObject","inLanguage":"en-US","@id":"https:\/\/www.hotel-westend.com\/en\/2024\/10\/30\/meet-benoit-fossiez-chef-of-the-restaurant-le-siecle\/#primaryimage","url":"https:\/\/www.hotel-westend.com\/wp-content\/uploads\/2024\/10\/West-End-_-Benoit-Fossiez.png","contentUrl":"https:\/\/www.hotel-westend.com\/wp-content\/uploads\/2024\/10\/West-End-_-Benoit-Fossiez.png","width":2041,"height":1323},{"@type":"BreadcrumbList","@id":"https:\/\/www.hotel-westend.com\/en\/2024\/10\/30\/meet-benoit-fossiez-chef-of-the-restaurant-le-siecle\/#breadcrumb","itemListElement":[{"@type":"ListItem","position":1,"name":"Accueil","item":"https:\/\/www.hotel-westend.com\/en\/"},{"@type":"ListItem","position":2,"name":"Meet Benoit Fossiez, Chef of the restaurant Le Si\u00e8cle"}]},{"@type":"WebSite","@id":"https:\/\/www.hotel-westend.com\/#website","url":"https:\/\/www.hotel-westend.com\/","name":"Hotel Westend Nice","description":"Hotel 4 Etoiles Nice - Promenade Anglais | OFFICIEL ","potentialAction":[{"@type":"SearchAction","target":{"@type":"EntryPoint","urlTemplate":"https:\/\/www.hotel-westend.com\/?s={search_term_string}"},"query-input":{"@type":"PropertyValueSpecification","valueRequired":true,"valueName":"search_term_string"}}],"inLanguage":"en-US"},{"@type":"Person","@id":"https:\/\/www.hotel-westend.com\/#\/schema\/person\/1d60ea324d55aaaa4755bc7e298f2d7d","name":"Caroline","url":"https:\/\/www.hotel-westend.com\/en\/author\/caroline\/"}]}},"_links":{"self":[{"href":"https:\/\/www.hotel-westend.com\/en\/wp-json\/wp\/v2\/posts\/8079","targetHints":{"allow":["GET"]}}],"collection":[{"href":"https:\/\/www.hotel-westend.com\/en\/wp-json\/wp\/v2\/posts"}],"about":[{"href":"https:\/\/www.hotel-westend.com\/en\/wp-json\/wp\/v2\/types\/post"}],"author":[{"embeddable":true,"href":"https:\/\/www.hotel-westend.com\/en\/wp-json\/wp\/v2\/users\/5"}],"replies":[{"embeddable":true,"href":"https:\/\/www.hotel-westend.com\/en\/wp-json\/wp\/v2\/comments?post=8079"}],"version-history":[{"count":2,"href":"https:\/\/www.hotel-westend.com\/en\/wp-json\/wp\/v2\/posts\/8079\/revisions"}],"predecessor-version":[{"id":8082,"href":"https:\/\/www.hotel-westend.com\/en\/wp-json\/wp\/v2\/posts\/8079\/revisions\/8082"}],"wp:featuredmedia":[{"embeddable":true,"href":"https:\/\/www.hotel-westend.com\/en\/wp-json\/wp\/v2\/media\/8074"}],"wp:attachment":[{"href":"https:\/\/www.hotel-westend.com\/en\/wp-json\/wp\/v2\/media?parent=8079"}],"wp:term":[{"taxonomy":"category","embeddable":true,"href":"https:\/\/www.hotel-westend.com\/en\/wp-json\/wp\/v2\/categories?post=8079"},{"taxonomy":"post_tag","embeddable":true,"href":"https:\/\/www.hotel-westend.com\/en\/wp-json\/wp\/v2\/tags?post=8079"}],"curies":[{"name":"wp","href":"https:\/\/api.w.org\/{rel}","templated":true}]}}