{"id":9407,"date":"2025-01-29T09:30:04","date_gmt":"2025-01-29T08:30:04","guid":{"rendered":"https:\/\/www.hotel-westend.com\/?p=9407"},"modified":"2025-01-16T15:13:43","modified_gmt":"2025-01-16T14:13:43","slug":"portrait-gregory-gleizolles-head-waiter-at-the-hotel-west-end","status":"publish","type":"post","link":"https:\/\/www.hotel-westend.com\/en\/2025\/01\/29\/portrait-gregory-gleizolles-head-waiter-at-the-hotel-west-end\/","title":{"rendered":"Portrait: Gr\u00e9gory Gleizolles, head waiter at the H\u00f4tel West End"},"content":{"rendered":"<p>[et_pb_section fb_built=&#8221;1&#8243; admin_label=&#8221;section&#8221; _builder_version=&#8221;4.16&#8243; min_height=&#8221;629.4px&#8221; custom_padding=&#8221;||0px|||&#8221; global_colors_info=&#8221;{}&#8221;][et_pb_row admin_label=&#8221;row&#8221; _builder_version=&#8221;4.27.0&#8243; background_size=&#8221;initial&#8221; background_position=&#8221;top_left&#8221; background_repeat=&#8221;repeat&#8221; custom_margin=&#8221;-4px|auto||auto|false|false&#8221; custom_padding=&#8221;||0px|||&#8221; global_colors_info=&#8221;{}&#8221;][et_pb_column type=&#8221;4_4&#8243; _builder_version=&#8221;4.16&#8243; custom_padding=&#8221;|||&#8221; global_colors_info=&#8221;{}&#8221; custom_padding__hover=&#8221;|||&#8221;][et_pb_text module_class=&#8221;tiretsInverse&#8221; _builder_version=&#8221;4.27.0&#8243; _module_preset=&#8221;default&#8221; header_2_font=&#8221;Gilda Display||||||||&#8221; header_2_text_color=&#8221;#9b8760&#8243; header_2_font_size=&#8221;58px&#8221; width=&#8221;100%&#8221; custom_margin=&#8221;|||0px|false|false&#8221; custom_padding=&#8221;0px|||0px||&#8221; hover_enabled=&#8221;0&#8243; locked=&#8221;off&#8221; global_colors_info=&#8221;{}&#8221; sticky_enabled=&#8221;0&#8243;]<\/p>\n<h2>Portrait: Gr\u00e9gory Gleizolles, head waiter at the H\u00f4tel West End<\/h2>\n<p>[\/et_pb_text][et_pb_image src=&#8221;https:\/\/www.hotel-westend.com\/wp-content\/uploads\/2025\/01\/West-End-_-TempsForts-5.png&#8221; alt=&#8221;Portrait : Gr\u00e9gory Gleizolles, ma\u00eetre d\u2019h\u00f4tel \u00e0 l\u2019H\u00f4tel West End &#8221; title_text=&#8221;Portrait : Gr\u00e9gory Gleizolles, ma\u00eetre d\u2019h\u00f4tel \u00e0 l\u2019H\u00f4tel West End &#8221; _builder_version=&#8221;4.27.0&#8243; _module_preset=&#8221;default&#8221; global_colors_info=&#8221;{}&#8221;][\/et_pb_image][et_pb_text admin_label=&#8221;Text&#8221; _builder_version=&#8221;4.27.0&#8243; background_size=&#8221;initial&#8221; background_position=&#8221;top_left&#8221; background_repeat=&#8221;repeat&#8221; hover_enabled=&#8221;0&#8243; global_colors_info=&#8221;{}&#8221; sticky_enabled=&#8221;0&#8243;]<\/p>\n<p><strong>Every month, the H\u00f4tel West End**** puts the spotlight on one of its staff by asking a few questions to help us better understand their job, their missions and what motivates them on a daily basis. Today, we&#8217;d like to introduce you to Gregory Gleizolles, head waiter at the H\u00f4tel West End.\u00a0<\/strong><\/p>\n<h3><span style=\"font-weight: 400;\">Can you introduce yourself?<\/span><\/h3>\n<p><span style=\"font-weight: 400;\">I&#8217;m 44 years old and I&#8217;ve been in this profession for 27 years. During my career, I&#8217;ve worked for the Louvre Hotels group. I&#8217;ve been at the West End Hotel for five years now, and it&#8217;s a real pleasure to work in this establishment on the famous Promenade des Anglais.<\/span><\/p>\n<p><span style=\"font-weight: 400;\">My role is to supervise the service, organise schedules and manage recruitment. I&#8217;m also responsible for ensuring that each of our guests has an unforgettable culinary experience. I&#8217;m passionate about wine, a love that comes from my roots, having grown up in the C\u00f4tes du Rh\u00f4ne region.\u00a0<\/span><\/p>\n<h3><span style=\"font-weight: 400;\">What are you most passionate about in your job?<\/span><\/h3>\n<p><span style=\"font-weight: 400;\">What I&#8217;m most passionate about in my job is above all the contact with customers, an area in which I feel particularly at ease. Every meeting is an exceptional opportunity to discover different profiles and unique stories. One of my most vivid memories is meeting Peter Shilton, the famous English football goalkeeper who played against Maradona. It was a fascinating experience that perfectly illustrates the richness and intensity of the exchanges that this profession can offer.<\/span><\/p>\n<h3><span style=\"font-weight: 400;\">What advice would you give to a new colleague?<\/span><\/h3>\n<p><span style=\"font-weight: 400;\">My advice to a new employee would always be to choose a job that they love and to invest themselves fully in it. Enjoying human contact is essential, as is an interest in foreign languages, which open the door to rewarding exchanges with customers from all over the world. You need to feel at ease in what you do and cultivate a positive attitude, full of good vibes. That&#8217;s the key to success and long-term fulfillment in this profession.<\/span><\/p>\n<h3><span style=\"font-weight: 400;\">What is your favourite place at the H\u00f4tel West End?<\/span><\/h3>\n<p><span style=\"font-weight: 400;\">The Mezzanine, with its incredible view of the Promenade des Anglais, is my favourite place at <a href=\"https:\/\/www.hotel-westend.com\/en\/partielle-sea-view-room\/\" target=\"_blank\" rel=\"noopener\">the West End Hotel<\/a>. Having a coffee here, even for just five minutes, is a real pleasure. In the morning, with the magnificent light that bathes the place, it&#8217;s absolutely magical!\u00a0<\/span><\/p>\n<h3><span style=\"font-weight: 400;\">What are your fondest memories of the hotel?<\/span><\/h3>\n<p><span style=\"font-weight: 400;\">\u00a0My best memories of the hotel include my first 15 August. That evening, I bet we&#8217;d have over 100 people in the restaurant. In the end, we served 107! A great success for the whole team!<\/span><span style=\"font-weight: 400;\">\u00a0<\/span><\/p>\n<h3><span style=\"font-weight: 400;\">What advice would you give customers to make the most of their stay?<\/span><\/h3>\n<p><span style=\"font-weight: 400;\">I&#8217;d strongly advise guests to take advantage of the opera evenings, because it&#8217;s a truly unique experience. Even if you&#8217;re not necessarily an opera fan, the concept itself is fascinating and original. It&#8217;s a great opportunity to experience an exceptional and memorable moment during their stay.<\/span><\/p>\n<p>&nbsp;<\/p>\n<p>[\/et_pb_text][\/et_pb_column][\/et_pb_row][\/et_pb_section]<\/p>\n","protected":false},"excerpt":{"rendered":"<p>Every month, the H\u00f4tel West End puts the spotlight on one of its staff by asking a few questions about his job&#8230;<\/p>\n","protected":false},"author":7,"featured_media":9404,"comment_status":"open","ping_status":"open","sticky":false,"template":"","format":"standard","meta":{"_et_pb_use_builder":"on","_et_pb_old_content":"<!-- wp:paragraph -->\r\n<p>Du 13 au 27 f\u00e9vrier 2021, Nice deviendra la Capitale mondiale de la mode avec la 137e \u00e9dition du Carnaval sur le th\u00e8me \u00ab Roi des animaux \u00bb. Venez admirer le Roi, la Reine et leurs sujets et participer aux extravagants d\u00e9fil\u00e9s de chars, de grosses t\u00eates et aux \u00e9l\u00e9gantes Batailles de Fleurs.<\/p>\r\n<!-- \/wp:paragraph -->\r\n\r\n<!-- wp:paragraph -->\r\n<p>Pendant 15 jours, le Carnaval de Nice, avec ses deux manifestations\u00a0: les Corsi carnavalesques (de jour ou de nuit) et les Batailles de fleurs, imposera son style et vous offrira un spectacle burlesque, magique et initiatique d\u00e9di\u00e9 \u00e0 la mode sous toutes ses coutures.<\/p>\r\n<!-- \/wp:paragraph -->\r\n\r\n<!-- wp:paragraph -->\r\n<p>Les chars cr\u00e9\u00e9s sur le th\u00e8me d\u00e9fileront lors des Corsi carnavalesques (mardis, samedis et dimanche), accompagn\u00e9s de grosses t\u00eates et d\u2019artistes venant du monde entier dans une ambiance festive et populaire, savamment sc\u00e9nographi\u00e9e, pour revisiter l\u2019histoire de la mode, vous faire rire, sourire mais aussi r\u00e9fl\u00e9chir sur la mode et ses dessous. Car si la mode lance des tendances et bouleverse les codes comme les comportements, elle a aussi un r\u00f4le \u00e9thique et responsable \u00e0 jouer.<\/p>\r\n<!-- \/wp:paragraph -->\r\n\r\n<!-- wp:paragraph -->\r\n<p>Les mercredis et samedis apr\u00e8s-midi, venez d\u00e9couvrir l\u2019autre temps du fort du Carnaval\u00a0: les Batailles de Fleurs o\u00f9 le th\u00e8me sera d\u00e9clin\u00e9 sur des chars orn\u00e9s de fleurs valorisant la production locale (80% des fleurs sont produites dans la r\u00e9gion) et anim\u00e9s par des com\u00e9diennes qui porteront des costumes sp\u00e9cialement con\u00e7us pour la manifestation. Un d\u00e9fil\u00e9 unique au monde o\u00f9 des milliers de fleurs seront distribu\u00e9es.<\/p>\r\n<!-- \/wp:paragraph -->\r\n\r\n<!-- wp:paragraph -->\r\n<p>Et n\u2019oubliez pas, grands et petits, d\u00e9guisez de la t\u00eate aux pieds, les corsi seront gratuits\u00a0!<\/p>\r\n<!-- \/wp:paragraph -->\r\n\r\n<!-- wp:paragraph -->\r\n<p><strong>Alors venez prendre part \u00e0 la f\u00eate du 13 au 27 f\u00e9vrier 2021 \u00e0 Nice.<\/strong><\/p>\r\n<!-- \/wp:paragraph -->","_et_gb_content_width":"1150","inline_featured_image":false,"footnotes":""},"categories":[36,37,35],"tags":[],"class_list":["post-9407","post","type-post","status-publish","format-standard","has-post-thumbnail","hentry","category-actualites-en","category-news-en","category-news-en-2022"],"yoast_head":"<!-- This site is optimized with the Yoast SEO plugin v27.4 - https:\/\/yoast.com\/product\/yoast-seo-wordpress\/ -->\n<title>Portrait: Gr\u00e9gory Gleizolles, head waiter at the H\u00f4tel West End -<\/title>\n<meta name=\"description\" content=\"Every month, the H\u00f4tel West End puts the spotlight on one of its staff by asking a few questions about his job...\" \/>\n<meta name=\"robots\" content=\"index, follow, max-snippet:-1, max-image-preview:large, max-video-preview:-1\" \/>\n<link rel=\"canonical\" href=\"https:\/\/www.hotel-westend.com\/en\/2025\/01\/29\/portrait-gregory-gleizolles-head-waiter-at-the-hotel-west-end\/\" \/>\n<meta property=\"og:locale\" content=\"en_US\" \/>\n<meta property=\"og:type\" content=\"article\" \/>\n<meta property=\"og:title\" content=\"Portrait: Gr\u00e9gory Gleizolles, head waiter at the H\u00f4tel West End -\" \/>\n<meta property=\"og:description\" content=\"Every month, the H\u00f4tel West End puts the spotlight on one of its staff by asking a few questions about his job...\" \/>\n<meta property=\"og:url\" content=\"https:\/\/www.hotel-westend.com\/en\/2025\/01\/29\/portrait-gregory-gleizolles-head-waiter-at-the-hotel-west-end\/\" \/>\n<meta property=\"og:site_name\" content=\"Hotel Westend Nice\" \/>\n<meta property=\"article:published_time\" content=\"2025-01-29T08:30:04+00:00\" \/>\n<meta property=\"og:image\" content=\"https:\/\/www.hotel-westend.com\/wp-content\/uploads\/2025\/01\/West-End-_-TempsForts-5-1024x664.png\" \/>\n\t<meta property=\"og:image:width\" content=\"1024\" \/>\n\t<meta property=\"og:image:height\" content=\"664\" \/>\n\t<meta property=\"og:image:type\" content=\"image\/png\" \/>\n<meta name=\"author\" content=\"AgenceAZ\" \/>\n<meta name=\"twitter:card\" content=\"summary_large_image\" \/>\n<meta name=\"twitter:label1\" content=\"Written by\" \/>\n\t<meta name=\"twitter:data1\" content=\"AgenceAZ\" \/>\n\t<meta name=\"twitter:label2\" content=\"Est. reading time\" \/>\n\t<meta name=\"twitter:data2\" content=\"3 minutes\" \/>\n<script type=\"application\/ld+json\" class=\"yoast-schema-graph\">{\"@context\":\"https:\\\/\\\/schema.org\",\"@graph\":[{\"@type\":\"Article\",\"@id\":\"https:\\\/\\\/www.hotel-westend.com\\\/en\\\/2025\\\/01\\\/29\\\/portrait-gregory-gleizolles-head-waiter-at-the-hotel-west-end\\\/#article\",\"isPartOf\":{\"@id\":\"https:\\\/\\\/www.hotel-westend.com\\\/en\\\/2025\\\/01\\\/29\\\/portrait-gregory-gleizolles-head-waiter-at-the-hotel-west-end\\\/\"},\"author\":{\"name\":\"AgenceAZ\",\"@id\":\"https:\\\/\\\/www.hotel-westend.com\\\/#\\\/schema\\\/person\\\/c3ec475886346e12750f94aa1d3d9458\"},\"headline\":\"Portrait: Gr\u00e9gory Gleizolles, head waiter at the H\u00f4tel West End\",\"datePublished\":\"2025-01-29T08:30:04+00:00\",\"mainEntityOfPage\":{\"@id\":\"https:\\\/\\\/www.hotel-westend.com\\\/en\\\/2025\\\/01\\\/29\\\/portrait-gregory-gleizolles-head-waiter-at-the-hotel-west-end\\\/\"},\"wordCount\":713,\"commentCount\":0,\"image\":{\"@id\":\"https:\\\/\\\/www.hotel-westend.com\\\/en\\\/2025\\\/01\\\/29\\\/portrait-gregory-gleizolles-head-waiter-at-the-hotel-west-end\\\/#primaryimage\"},\"thumbnailUrl\":\"https:\\\/\\\/www.hotel-westend.com\\\/wp-content\\\/uploads\\\/2025\\\/01\\\/West-End-_-TempsForts-5.png\",\"articleSection\":[\"Actualit\u00e9s\",\"News\",\"News-EN-2022\"],\"inLanguage\":\"en-US\"},{\"@type\":\"WebPage\",\"@id\":\"https:\\\/\\\/www.hotel-westend.com\\\/en\\\/2025\\\/01\\\/29\\\/portrait-gregory-gleizolles-head-waiter-at-the-hotel-west-end\\\/\",\"url\":\"https:\\\/\\\/www.hotel-westend.com\\\/en\\\/2025\\\/01\\\/29\\\/portrait-gregory-gleizolles-head-waiter-at-the-hotel-west-end\\\/\",\"name\":\"Portrait: Gr\u00e9gory Gleizolles, head waiter at the H\u00f4tel West End -\",\"isPartOf\":{\"@id\":\"https:\\\/\\\/www.hotel-westend.com\\\/#website\"},\"primaryImageOfPage\":{\"@id\":\"https:\\\/\\\/www.hotel-westend.com\\\/en\\\/2025\\\/01\\\/29\\\/portrait-gregory-gleizolles-head-waiter-at-the-hotel-west-end\\\/#primaryimage\"},\"image\":{\"@id\":\"https:\\\/\\\/www.hotel-westend.com\\\/en\\\/2025\\\/01\\\/29\\\/portrait-gregory-gleizolles-head-waiter-at-the-hotel-west-end\\\/#primaryimage\"},\"thumbnailUrl\":\"https:\\\/\\\/www.hotel-westend.com\\\/wp-content\\\/uploads\\\/2025\\\/01\\\/West-End-_-TempsForts-5.png\",\"datePublished\":\"2025-01-29T08:30:04+00:00\",\"author\":{\"@id\":\"https:\\\/\\\/www.hotel-westend.com\\\/#\\\/schema\\\/person\\\/c3ec475886346e12750f94aa1d3d9458\"},\"description\":\"Every month, the H\u00f4tel West End puts the spotlight on one of its staff by asking a few questions about his job...\",\"breadcrumb\":{\"@id\":\"https:\\\/\\\/www.hotel-westend.com\\\/en\\\/2025\\\/01\\\/29\\\/portrait-gregory-gleizolles-head-waiter-at-the-hotel-west-end\\\/#breadcrumb\"},\"inLanguage\":\"en-US\",\"potentialAction\":[{\"@type\":\"ReadAction\",\"target\":[\"https:\\\/\\\/www.hotel-westend.com\\\/en\\\/2025\\\/01\\\/29\\\/portrait-gregory-gleizolles-head-waiter-at-the-hotel-west-end\\\/\"]}]},{\"@type\":\"ImageObject\",\"inLanguage\":\"en-US\",\"@id\":\"https:\\\/\\\/www.hotel-westend.com\\\/en\\\/2025\\\/01\\\/29\\\/portrait-gregory-gleizolles-head-waiter-at-the-hotel-west-end\\\/#primaryimage\",\"url\":\"https:\\\/\\\/www.hotel-westend.com\\\/wp-content\\\/uploads\\\/2025\\\/01\\\/West-End-_-TempsForts-5.png\",\"contentUrl\":\"https:\\\/\\\/www.hotel-westend.com\\\/wp-content\\\/uploads\\\/2025\\\/01\\\/West-End-_-TempsForts-5.png\",\"width\":2041,\"height\":1323,\"caption\":\"Portrait : Gr\u00e9gory Gleizolles, ma\u00eetre d\u2019h\u00f4tel \u00e0 l\u2019H\u00f4tel West End\"},{\"@type\":\"BreadcrumbList\",\"@id\":\"https:\\\/\\\/www.hotel-westend.com\\\/en\\\/2025\\\/01\\\/29\\\/portrait-gregory-gleizolles-head-waiter-at-the-hotel-west-end\\\/#breadcrumb\",\"itemListElement\":[{\"@type\":\"ListItem\",\"position\":1,\"name\":\"Accueil\",\"item\":\"https:\\\/\\\/www.hotel-westend.com\\\/en\\\/\"},{\"@type\":\"ListItem\",\"position\":2,\"name\":\"Portrait: Gr\u00e9gory Gleizolles, head waiter at the H\u00f4tel West End\"}]},{\"@type\":\"WebSite\",\"@id\":\"https:\\\/\\\/www.hotel-westend.com\\\/#website\",\"url\":\"https:\\\/\\\/www.hotel-westend.com\\\/\",\"name\":\"Hotel Westend Nice\",\"description\":\"Hotel 4 Etoiles Nice - Promenade Anglais | OFFICIEL \",\"potentialAction\":[{\"@type\":\"SearchAction\",\"target\":{\"@type\":\"EntryPoint\",\"urlTemplate\":\"https:\\\/\\\/www.hotel-westend.com\\\/?s={search_term_string}\"},\"query-input\":{\"@type\":\"PropertyValueSpecification\",\"valueRequired\":true,\"valueName\":\"search_term_string\"}}],\"inLanguage\":\"en-US\"},{\"@type\":\"Person\",\"@id\":\"https:\\\/\\\/www.hotel-westend.com\\\/#\\\/schema\\\/person\\\/c3ec475886346e12750f94aa1d3d9458\",\"name\":\"AgenceAZ\",\"url\":\"https:\\\/\\\/www.hotel-westend.com\\\/en\\\/author\\\/agenceaz\\\/\"}]}<\/script>\n<!-- \/ Yoast SEO plugin. -->","yoast_head_json":{"title":"Portrait: Gr\u00e9gory Gleizolles, head waiter at the H\u00f4tel West End -","description":"Every month, the H\u00f4tel West End puts the spotlight on one of its staff by asking a few questions about his job...","robots":{"index":"index","follow":"follow","max-snippet":"max-snippet:-1","max-image-preview":"max-image-preview:large","max-video-preview":"max-video-preview:-1"},"canonical":"https:\/\/www.hotel-westend.com\/en\/2025\/01\/29\/portrait-gregory-gleizolles-head-waiter-at-the-hotel-west-end\/","og_locale":"en_US","og_type":"article","og_title":"Portrait: Gr\u00e9gory Gleizolles, head waiter at the H\u00f4tel West End -","og_description":"Every month, the H\u00f4tel West End puts the spotlight on one of its staff by asking a few questions about his job...","og_url":"https:\/\/www.hotel-westend.com\/en\/2025\/01\/29\/portrait-gregory-gleizolles-head-waiter-at-the-hotel-west-end\/","og_site_name":"Hotel Westend Nice","article_published_time":"2025-01-29T08:30:04+00:00","og_image":[{"width":1024,"height":664,"url":"https:\/\/www.hotel-westend.com\/wp-content\/uploads\/2025\/01\/West-End-_-TempsForts-5-1024x664.png","type":"image\/png"}],"author":"AgenceAZ","twitter_card":"summary_large_image","twitter_misc":{"Written by":"AgenceAZ","Est. reading time":"3 minutes"},"schema":{"@context":"https:\/\/schema.org","@graph":[{"@type":"Article","@id":"https:\/\/www.hotel-westend.com\/en\/2025\/01\/29\/portrait-gregory-gleizolles-head-waiter-at-the-hotel-west-end\/#article","isPartOf":{"@id":"https:\/\/www.hotel-westend.com\/en\/2025\/01\/29\/portrait-gregory-gleizolles-head-waiter-at-the-hotel-west-end\/"},"author":{"name":"AgenceAZ","@id":"https:\/\/www.hotel-westend.com\/#\/schema\/person\/c3ec475886346e12750f94aa1d3d9458"},"headline":"Portrait: Gr\u00e9gory Gleizolles, head waiter at the H\u00f4tel West End","datePublished":"2025-01-29T08:30:04+00:00","mainEntityOfPage":{"@id":"https:\/\/www.hotel-westend.com\/en\/2025\/01\/29\/portrait-gregory-gleizolles-head-waiter-at-the-hotel-west-end\/"},"wordCount":713,"commentCount":0,"image":{"@id":"https:\/\/www.hotel-westend.com\/en\/2025\/01\/29\/portrait-gregory-gleizolles-head-waiter-at-the-hotel-west-end\/#primaryimage"},"thumbnailUrl":"https:\/\/www.hotel-westend.com\/wp-content\/uploads\/2025\/01\/West-End-_-TempsForts-5.png","articleSection":["Actualit\u00e9s","News","News-EN-2022"],"inLanguage":"en-US"},{"@type":"WebPage","@id":"https:\/\/www.hotel-westend.com\/en\/2025\/01\/29\/portrait-gregory-gleizolles-head-waiter-at-the-hotel-west-end\/","url":"https:\/\/www.hotel-westend.com\/en\/2025\/01\/29\/portrait-gregory-gleizolles-head-waiter-at-the-hotel-west-end\/","name":"Portrait: Gr\u00e9gory Gleizolles, head waiter at the H\u00f4tel West End -","isPartOf":{"@id":"https:\/\/www.hotel-westend.com\/#website"},"primaryImageOfPage":{"@id":"https:\/\/www.hotel-westend.com\/en\/2025\/01\/29\/portrait-gregory-gleizolles-head-waiter-at-the-hotel-west-end\/#primaryimage"},"image":{"@id":"https:\/\/www.hotel-westend.com\/en\/2025\/01\/29\/portrait-gregory-gleizolles-head-waiter-at-the-hotel-west-end\/#primaryimage"},"thumbnailUrl":"https:\/\/www.hotel-westend.com\/wp-content\/uploads\/2025\/01\/West-End-_-TempsForts-5.png","datePublished":"2025-01-29T08:30:04+00:00","author":{"@id":"https:\/\/www.hotel-westend.com\/#\/schema\/person\/c3ec475886346e12750f94aa1d3d9458"},"description":"Every month, the H\u00f4tel West End puts the spotlight on one of its staff by asking a few questions about his job...","breadcrumb":{"@id":"https:\/\/www.hotel-westend.com\/en\/2025\/01\/29\/portrait-gregory-gleizolles-head-waiter-at-the-hotel-west-end\/#breadcrumb"},"inLanguage":"en-US","potentialAction":[{"@type":"ReadAction","target":["https:\/\/www.hotel-westend.com\/en\/2025\/01\/29\/portrait-gregory-gleizolles-head-waiter-at-the-hotel-west-end\/"]}]},{"@type":"ImageObject","inLanguage":"en-US","@id":"https:\/\/www.hotel-westend.com\/en\/2025\/01\/29\/portrait-gregory-gleizolles-head-waiter-at-the-hotel-west-end\/#primaryimage","url":"https:\/\/www.hotel-westend.com\/wp-content\/uploads\/2025\/01\/West-End-_-TempsForts-5.png","contentUrl":"https:\/\/www.hotel-westend.com\/wp-content\/uploads\/2025\/01\/West-End-_-TempsForts-5.png","width":2041,"height":1323,"caption":"Portrait : Gr\u00e9gory Gleizolles, ma\u00eetre d\u2019h\u00f4tel \u00e0 l\u2019H\u00f4tel West End"},{"@type":"BreadcrumbList","@id":"https:\/\/www.hotel-westend.com\/en\/2025\/01\/29\/portrait-gregory-gleizolles-head-waiter-at-the-hotel-west-end\/#breadcrumb","itemListElement":[{"@type":"ListItem","position":1,"name":"Accueil","item":"https:\/\/www.hotel-westend.com\/en\/"},{"@type":"ListItem","position":2,"name":"Portrait: Gr\u00e9gory Gleizolles, head waiter at the H\u00f4tel West End"}]},{"@type":"WebSite","@id":"https:\/\/www.hotel-westend.com\/#website","url":"https:\/\/www.hotel-westend.com\/","name":"Hotel Westend Nice","description":"Hotel 4 Etoiles Nice - Promenade Anglais | OFFICIEL ","potentialAction":[{"@type":"SearchAction","target":{"@type":"EntryPoint","urlTemplate":"https:\/\/www.hotel-westend.com\/?s={search_term_string}"},"query-input":{"@type":"PropertyValueSpecification","valueRequired":true,"valueName":"search_term_string"}}],"inLanguage":"en-US"},{"@type":"Person","@id":"https:\/\/www.hotel-westend.com\/#\/schema\/person\/c3ec475886346e12750f94aa1d3d9458","name":"AgenceAZ","url":"https:\/\/www.hotel-westend.com\/en\/author\/agenceaz\/"}]}},"_links":{"self":[{"href":"https:\/\/www.hotel-westend.com\/en\/wp-json\/wp\/v2\/posts\/9407","targetHints":{"allow":["GET"]}}],"collection":[{"href":"https:\/\/www.hotel-westend.com\/en\/wp-json\/wp\/v2\/posts"}],"about":[{"href":"https:\/\/www.hotel-westend.com\/en\/wp-json\/wp\/v2\/types\/post"}],"author":[{"embeddable":true,"href":"https:\/\/www.hotel-westend.com\/en\/wp-json\/wp\/v2\/users\/7"}],"replies":[{"embeddable":true,"href":"https:\/\/www.hotel-westend.com\/en\/wp-json\/wp\/v2\/comments?post=9407"}],"version-history":[{"count":2,"href":"https:\/\/www.hotel-westend.com\/en\/wp-json\/wp\/v2\/posts\/9407\/revisions"}],"predecessor-version":[{"id":9410,"href":"https:\/\/www.hotel-westend.com\/en\/wp-json\/wp\/v2\/posts\/9407\/revisions\/9410"}],"wp:featuredmedia":[{"embeddable":true,"href":"https:\/\/www.hotel-westend.com\/en\/wp-json\/wp\/v2\/media\/9404"}],"wp:attachment":[{"href":"https:\/\/www.hotel-westend.com\/en\/wp-json\/wp\/v2\/media?parent=9407"}],"wp:term":[{"taxonomy":"category","embeddable":true,"href":"https:\/\/www.hotel-westend.com\/en\/wp-json\/wp\/v2\/categories?post=9407"},{"taxonomy":"post_tag","embeddable":true,"href":"https:\/\/www.hotel-westend.com\/en\/wp-json\/wp\/v2\/tags?post=9407"}],"curies":[{"name":"wp","href":"https:\/\/api.w.org\/{rel}","templated":true}]}}