{"id":9597,"date":"2025-02-05T08:04:39","date_gmt":"2025-02-05T07:04:39","guid":{"rendered":"https:\/\/www.hotel-westend.com\/?p=9597"},"modified":"2025-05-13T14:44:34","modified_gmt":"2025-05-13T12:44:34","slug":"west-end-hotel-awarded-clef-verte","status":"publish","type":"post","link":"https:\/\/www.hotel-westend.com\/en\/2025\/02\/05\/west-end-hotel-awarded-clef-verte\/","title":{"rendered":"The West End Hotel, awarded the Clef Verte label for the 3rd year running"},"content":{"rendered":"<p>[et_pb_section fb_built=&#8221;1&#8243; admin_label=&#8221;section&#8221; _builder_version=&#8221;4.16&#8243; min_height=&#8221;629.4px&#8221; custom_padding=&#8221;||0px|||&#8221; global_colors_info=&#8221;{}&#8221;][et_pb_row admin_label=&#8221;row&#8221; _builder_version=&#8221;4.27.0&#8243; background_size=&#8221;initial&#8221; background_position=&#8221;top_left&#8221; background_repeat=&#8221;repeat&#8221; custom_margin=&#8221;-4px|auto||auto|false|false&#8221; custom_padding=&#8221;||0px|||&#8221; global_colors_info=&#8221;{}&#8221;][et_pb_column type=&#8221;4_4&#8243; _builder_version=&#8221;4.16&#8243; custom_padding=&#8221;|||&#8221; global_colors_info=&#8221;{}&#8221; custom_padding__hover=&#8221;|||&#8221;][et_pb_text module_class=&#8221;tiretsInverse&#8221; _builder_version=&#8221;4.27.0&#8243; _module_preset=&#8221;default&#8221; header_2_font=&#8221;Gilda Display||||||||&#8221; header_2_text_color=&#8221;#9b8760&#8243; header_2_font_size=&#8221;58px&#8221; width=&#8221;100%&#8221; custom_margin=&#8221;|||0px|false|false&#8221; custom_padding=&#8221;0px|||0px||&#8221; locked=&#8221;off&#8221; global_colors_info=&#8221;{}&#8221;]<\/p>\n<h2>The West End Hotel, awarded the Clef Verte label for the 3rd year running<\/h2>\n<p>[\/et_pb_text][et_pb_image src=&#8221;https:\/\/www.hotel-westend.com\/wp-content\/uploads\/2025\/01\/Article-Digitale-Blog-AZ-1.png&#8221; alt=&#8221;L\u2019H\u00f4tel West End, labellis\u00e9 Clef Verte pour la 3e ann\u00e9e cons\u00e9cutive&#8221; title_text=&#8221;L\u2019H\u00f4tel West End, labellis\u00e9 Clef Verte pour la 3e ann\u00e9e cons\u00e9cutive&#8221; _builder_version=&#8221;4.27.0&#8243; _module_preset=&#8221;default&#8221; global_colors_info=&#8221;{}&#8221;][\/et_pb_image][et_pb_text admin_label=&#8221;Text&#8221; _builder_version=&#8221;4.27.0&#8243; background_size=&#8221;initial&#8221; background_position=&#8221;top_left&#8221; background_repeat=&#8221;repeat&#8221; global_colors_info=&#8221;{}&#8221;]<\/p>\n<p><a href=\"https:\/\/www.hotel-westend.com\/en\/\" target=\"_blank\" rel=\"noopener\">The West End Hotel<\/a> is starting 2025 under the banner of commitment. For the 3rd year running, the 4* establishment has been awarded <a href=\"https:\/\/www.laclefverte.org\/\" target=\"_blank\" rel=\"noopener\">the Green Key label<\/a> after continuing its multitude of eco-responsible actions aimed at reducing the impact of its activities on the planet. This distinction rewards the hotel&#8217;s ongoing efforts in the field of sustainable tourism.<\/p>\n<h3>Eco-responsible initiatives and waste recovery<\/h3>\n<p>Among its initiatives are the elimination of single-dose welcome products, the installation of water-saving devices, the switch to LED lighting in all areas, and the sponsorship of beehives located on the Valensole plateau in the Alpes-de-Haute-Provence region. The hotel also favours eco-labelled, energy-efficient suppliers, and actively encourages its staff and guests to adopt a \u201cGreen Attitude\u201d. <br \/>Finally, another initiative has been put in place in collaboration with Les Alchimistes, specialists in food waste recovery. The hotel managed to collect and recycle almost 5 tonnes of bio-waste in 2023. The waste is collected locally and turned into compost.<\/p>\n<h3>A label for the entire 3A H\u00f4tels La Collection Group<\/h3>\n<p>More broadly, the entire 3A H\u00f4tels La Collection group &#8211; including the H\u00f4tel Aston La Scala, the H\u00f4tel Beau Rivage and the Plage Beau Rivage &#8211; has once again been awarded this precious seal of approval. The hotel group is thus reaffirming its ambition to combine hotel excellence with responsible practices. <br \/>Created in Denmark in 1994, the Green Key label was developed in 1998. To date, it is the leading ecolabel for tourist establishments in France, both in terms of the number of establishments awarded the label and the length of time it has been in force. Its mission is to reward hotels, residences, campsites, inns, self-catering cottages, restaurants and beaches that are committed to a high-performance environmental approach.<\/p>\n<p>The H\u00f4tel West End joins 21 new establishments with the Nice C\u00f4te d&#8217;Azur label, bringing to 68 the total number of partners committed to this same approach.<\/p>\n<p>&nbsp;<\/p>\n<p>[\/et_pb_text][\/et_pb_column][\/et_pb_row][\/et_pb_section]<\/p>\n","protected":false},"excerpt":{"rendered":"<p>The West End hotel is starting 2025 under the banner of commitment. For the 3rd year running, the hotel has been awarded the Green Key label&#8230;<\/p>\n","protected":false},"author":7,"featured_media":9589,"comment_status":"open","ping_status":"open","sticky":false,"template":"","format":"standard","meta":{"_et_pb_use_builder":"on","_et_pb_old_content":"<!-- wp:paragraph -->\r\n<p>Du 13 au 27 f\u00e9vrier 2021, Nice deviendra la Capitale mondiale de la mode avec la 137e \u00e9dition du Carnaval sur le th\u00e8me \u00ab Roi des animaux \u00bb. Venez admirer le Roi, la Reine et leurs sujets et participer aux extravagants d\u00e9fil\u00e9s de chars, de grosses t\u00eates et aux \u00e9l\u00e9gantes Batailles de Fleurs.<\/p>\r\n<!-- \/wp:paragraph -->\r\n\r\n<!-- wp:paragraph -->\r\n<p>Pendant 15 jours, le Carnaval de Nice, avec ses deux manifestations\u00a0: les Corsi carnavalesques (de jour ou de nuit) et les Batailles de fleurs, imposera son style et vous offrira un spectacle burlesque, magique et initiatique d\u00e9di\u00e9 \u00e0 la mode sous toutes ses coutures.<\/p>\r\n<!-- \/wp:paragraph -->\r\n\r\n<!-- wp:paragraph -->\r\n<p>Les chars cr\u00e9\u00e9s sur le th\u00e8me d\u00e9fileront lors des Corsi carnavalesques (mardis, samedis et dimanche), accompagn\u00e9s de grosses t\u00eates et d\u2019artistes venant du monde entier dans une ambiance festive et populaire, savamment sc\u00e9nographi\u00e9e, pour revisiter l\u2019histoire de la mode, vous faire rire, sourire mais aussi r\u00e9fl\u00e9chir sur la mode et ses dessous. Car si la mode lance des tendances et bouleverse les codes comme les comportements, elle a aussi un r\u00f4le \u00e9thique et responsable \u00e0 jouer.<\/p>\r\n<!-- \/wp:paragraph -->\r\n\r\n<!-- wp:paragraph -->\r\n<p>Les mercredis et samedis apr\u00e8s-midi, venez d\u00e9couvrir l\u2019autre temps du fort du Carnaval\u00a0: les Batailles de Fleurs o\u00f9 le th\u00e8me sera d\u00e9clin\u00e9 sur des chars orn\u00e9s de fleurs valorisant la production locale (80% des fleurs sont produites dans la r\u00e9gion) et anim\u00e9s par des com\u00e9diennes qui porteront des costumes sp\u00e9cialement con\u00e7us pour la manifestation. Un d\u00e9fil\u00e9 unique au monde o\u00f9 des milliers de fleurs seront distribu\u00e9es.<\/p>\r\n<!-- \/wp:paragraph -->\r\n\r\n<!-- wp:paragraph -->\r\n<p>Et n\u2019oubliez pas, grands et petits, d\u00e9guisez de la t\u00eate aux pieds, les corsi seront gratuits\u00a0!<\/p>\r\n<!-- \/wp:paragraph -->\r\n\r\n<!-- wp:paragraph -->\r\n<p><strong>Alors venez prendre part \u00e0 la f\u00eate du 13 au 27 f\u00e9vrier 2021 \u00e0 Nice.<\/strong><\/p>\r\n<!-- \/wp:paragraph -->","_et_gb_content_width":"1150","inline_featured_image":false,"footnotes":""},"categories":[36,37,35,31],"tags":[],"class_list":["post-9597","post","type-post","status-publish","format-standard","has-post-thumbnail","hentry","category-actualites-en","category-news-en","category-news-en-2022","category-onglet-environnemental-en"],"yoast_head":"<!-- This site is optimized with the Yoast SEO plugin v27.4 - https:\/\/yoast.com\/product\/yoast-seo-wordpress\/ -->\n<title>The West End Hotel, awarded the Clef Verte label for the 3rd year running -<\/title>\n<meta name=\"description\" content=\"The West End hotel is starting 2025 under the banner of commitment. For the 3rd year running, the hotel has been awarded the Green Key label...\" \/>\n<meta name=\"robots\" content=\"index, follow, max-snippet:-1, max-image-preview:large, max-video-preview:-1\" \/>\n<link rel=\"canonical\" href=\"https:\/\/www.hotel-westend.com\/en\/2025\/02\/05\/west-end-hotel-awarded-clef-verte\/\" \/>\n<meta property=\"og:locale\" content=\"en_US\" \/>\n<meta property=\"og:type\" content=\"article\" \/>\n<meta property=\"og:title\" content=\"The West End Hotel, awarded the Clef Verte label for the 3rd year running -\" \/>\n<meta property=\"og:description\" content=\"The West End hotel is starting 2025 under the banner of commitment. For the 3rd year running, the hotel has been awarded the Green Key label...\" \/>\n<meta property=\"og:url\" content=\"https:\/\/www.hotel-westend.com\/en\/2025\/02\/05\/west-end-hotel-awarded-clef-verte\/\" \/>\n<meta property=\"og:site_name\" content=\"Hotel Westend Nice\" \/>\n<meta property=\"article:published_time\" content=\"2025-02-05T07:04:39+00:00\" \/>\n<meta property=\"article:modified_time\" content=\"2025-05-13T12:44:34+00:00\" \/>\n<meta property=\"og:image\" content=\"https:\/\/www.hotel-westend.com\/wp-content\/uploads\/2025\/01\/Article-Digitale-Blog-AZ-1-1024x664.png\" \/>\n\t<meta property=\"og:image:width\" content=\"1024\" \/>\n\t<meta property=\"og:image:height\" content=\"664\" \/>\n\t<meta property=\"og:image:type\" content=\"image\/png\" \/>\n<meta name=\"author\" content=\"AgenceAZ\" \/>\n<meta name=\"twitter:card\" content=\"summary_large_image\" \/>\n<meta name=\"twitter:label1\" content=\"Written by\" \/>\n\t<meta name=\"twitter:data1\" content=\"AgenceAZ\" \/>\n\t<meta name=\"twitter:label2\" content=\"Est. reading time\" \/>\n\t<meta name=\"twitter:data2\" content=\"3 minutes\" \/>\n<script type=\"application\/ld+json\" class=\"yoast-schema-graph\">{\"@context\":\"https:\\\/\\\/schema.org\",\"@graph\":[{\"@type\":\"Article\",\"@id\":\"https:\\\/\\\/www.hotel-westend.com\\\/en\\\/2025\\\/02\\\/05\\\/west-end-hotel-awarded-clef-verte\\\/#article\",\"isPartOf\":{\"@id\":\"https:\\\/\\\/www.hotel-westend.com\\\/en\\\/2025\\\/02\\\/05\\\/west-end-hotel-awarded-clef-verte\\\/\"},\"author\":{\"name\":\"AgenceAZ\",\"@id\":\"https:\\\/\\\/www.hotel-westend.com\\\/#\\\/schema\\\/person\\\/c3ec475886346e12750f94aa1d3d9458\"},\"headline\":\"The West End Hotel, awarded the Clef Verte label for the 3rd year running\",\"datePublished\":\"2025-02-05T07:04:39+00:00\",\"dateModified\":\"2025-05-13T12:44:34+00:00\",\"mainEntityOfPage\":{\"@id\":\"https:\\\/\\\/www.hotel-westend.com\\\/en\\\/2025\\\/02\\\/05\\\/west-end-hotel-awarded-clef-verte\\\/\"},\"wordCount\":538,\"commentCount\":0,\"image\":{\"@id\":\"https:\\\/\\\/www.hotel-westend.com\\\/en\\\/2025\\\/02\\\/05\\\/west-end-hotel-awarded-clef-verte\\\/#primaryimage\"},\"thumbnailUrl\":\"https:\\\/\\\/www.hotel-westend.com\\\/wp-content\\\/uploads\\\/2025\\\/01\\\/Article-Digitale-Blog-AZ-1.png\",\"articleSection\":[\"Actualit\u00e9s\",\"News\",\"News-EN-2022\",\"Onglet Environnemental - EN\"],\"inLanguage\":\"en-US\"},{\"@type\":\"WebPage\",\"@id\":\"https:\\\/\\\/www.hotel-westend.com\\\/en\\\/2025\\\/02\\\/05\\\/west-end-hotel-awarded-clef-verte\\\/\",\"url\":\"https:\\\/\\\/www.hotel-westend.com\\\/en\\\/2025\\\/02\\\/05\\\/west-end-hotel-awarded-clef-verte\\\/\",\"name\":\"The West End Hotel, awarded the Clef Verte label for the 3rd year running -\",\"isPartOf\":{\"@id\":\"https:\\\/\\\/www.hotel-westend.com\\\/#website\"},\"primaryImageOfPage\":{\"@id\":\"https:\\\/\\\/www.hotel-westend.com\\\/en\\\/2025\\\/02\\\/05\\\/west-end-hotel-awarded-clef-verte\\\/#primaryimage\"},\"image\":{\"@id\":\"https:\\\/\\\/www.hotel-westend.com\\\/en\\\/2025\\\/02\\\/05\\\/west-end-hotel-awarded-clef-verte\\\/#primaryimage\"},\"thumbnailUrl\":\"https:\\\/\\\/www.hotel-westend.com\\\/wp-content\\\/uploads\\\/2025\\\/01\\\/Article-Digitale-Blog-AZ-1.png\",\"datePublished\":\"2025-02-05T07:04:39+00:00\",\"dateModified\":\"2025-05-13T12:44:34+00:00\",\"author\":{\"@id\":\"https:\\\/\\\/www.hotel-westend.com\\\/#\\\/schema\\\/person\\\/c3ec475886346e12750f94aa1d3d9458\"},\"description\":\"The West End hotel is starting 2025 under the banner of commitment. For the 3rd year running, the hotel has been awarded the Green Key label...\",\"breadcrumb\":{\"@id\":\"https:\\\/\\\/www.hotel-westend.com\\\/en\\\/2025\\\/02\\\/05\\\/west-end-hotel-awarded-clef-verte\\\/#breadcrumb\"},\"inLanguage\":\"en-US\",\"potentialAction\":[{\"@type\":\"ReadAction\",\"target\":[\"https:\\\/\\\/www.hotel-westend.com\\\/en\\\/2025\\\/02\\\/05\\\/west-end-hotel-awarded-clef-verte\\\/\"]}]},{\"@type\":\"ImageObject\",\"inLanguage\":\"en-US\",\"@id\":\"https:\\\/\\\/www.hotel-westend.com\\\/en\\\/2025\\\/02\\\/05\\\/west-end-hotel-awarded-clef-verte\\\/#primaryimage\",\"url\":\"https:\\\/\\\/www.hotel-westend.com\\\/wp-content\\\/uploads\\\/2025\\\/01\\\/Article-Digitale-Blog-AZ-1.png\",\"contentUrl\":\"https:\\\/\\\/www.hotel-westend.com\\\/wp-content\\\/uploads\\\/2025\\\/01\\\/Article-Digitale-Blog-AZ-1.png\",\"width\":2041,\"height\":1323,\"caption\":\"L\u2019H\u00f4tel West End, labellis\u00e9 Clef Verte pour la 3e ann\u00e9e cons\u00e9cutive\"},{\"@type\":\"BreadcrumbList\",\"@id\":\"https:\\\/\\\/www.hotel-westend.com\\\/en\\\/2025\\\/02\\\/05\\\/west-end-hotel-awarded-clef-verte\\\/#breadcrumb\",\"itemListElement\":[{\"@type\":\"ListItem\",\"position\":1,\"name\":\"Accueil\",\"item\":\"https:\\\/\\\/www.hotel-westend.com\\\/en\\\/\"},{\"@type\":\"ListItem\",\"position\":2,\"name\":\"The West End Hotel, awarded the Clef Verte label for the 3rd year running\"}]},{\"@type\":\"WebSite\",\"@id\":\"https:\\\/\\\/www.hotel-westend.com\\\/#website\",\"url\":\"https:\\\/\\\/www.hotel-westend.com\\\/\",\"name\":\"Hotel Westend Nice\",\"description\":\"Hotel 4 Etoiles Nice - Promenade Anglais | OFFICIEL \",\"potentialAction\":[{\"@type\":\"SearchAction\",\"target\":{\"@type\":\"EntryPoint\",\"urlTemplate\":\"https:\\\/\\\/www.hotel-westend.com\\\/?s={search_term_string}\"},\"query-input\":{\"@type\":\"PropertyValueSpecification\",\"valueRequired\":true,\"valueName\":\"search_term_string\"}}],\"inLanguage\":\"en-US\"},{\"@type\":\"Person\",\"@id\":\"https:\\\/\\\/www.hotel-westend.com\\\/#\\\/schema\\\/person\\\/c3ec475886346e12750f94aa1d3d9458\",\"name\":\"AgenceAZ\",\"url\":\"https:\\\/\\\/www.hotel-westend.com\\\/en\\\/author\\\/agenceaz\\\/\"}]}<\/script>\n<!-- \/ Yoast SEO plugin. -->","yoast_head_json":{"title":"The West End Hotel, awarded the Clef Verte label for the 3rd year running -","description":"The West End hotel is starting 2025 under the banner of commitment. For the 3rd year running, the hotel has been awarded the Green Key label...","robots":{"index":"index","follow":"follow","max-snippet":"max-snippet:-1","max-image-preview":"max-image-preview:large","max-video-preview":"max-video-preview:-1"},"canonical":"https:\/\/www.hotel-westend.com\/en\/2025\/02\/05\/west-end-hotel-awarded-clef-verte\/","og_locale":"en_US","og_type":"article","og_title":"The West End Hotel, awarded the Clef Verte label for the 3rd year running -","og_description":"The West End hotel is starting 2025 under the banner of commitment. For the 3rd year running, the hotel has been awarded the Green Key label...","og_url":"https:\/\/www.hotel-westend.com\/en\/2025\/02\/05\/west-end-hotel-awarded-clef-verte\/","og_site_name":"Hotel Westend Nice","article_published_time":"2025-02-05T07:04:39+00:00","article_modified_time":"2025-05-13T12:44:34+00:00","og_image":[{"width":1024,"height":664,"url":"https:\/\/www.hotel-westend.com\/wp-content\/uploads\/2025\/01\/Article-Digitale-Blog-AZ-1-1024x664.png","type":"image\/png"}],"author":"AgenceAZ","twitter_card":"summary_large_image","twitter_misc":{"Written by":"AgenceAZ","Est. reading time":"3 minutes"},"schema":{"@context":"https:\/\/schema.org","@graph":[{"@type":"Article","@id":"https:\/\/www.hotel-westend.com\/en\/2025\/02\/05\/west-end-hotel-awarded-clef-verte\/#article","isPartOf":{"@id":"https:\/\/www.hotel-westend.com\/en\/2025\/02\/05\/west-end-hotel-awarded-clef-verte\/"},"author":{"name":"AgenceAZ","@id":"https:\/\/www.hotel-westend.com\/#\/schema\/person\/c3ec475886346e12750f94aa1d3d9458"},"headline":"The West End Hotel, awarded the Clef Verte label for the 3rd year running","datePublished":"2025-02-05T07:04:39+00:00","dateModified":"2025-05-13T12:44:34+00:00","mainEntityOfPage":{"@id":"https:\/\/www.hotel-westend.com\/en\/2025\/02\/05\/west-end-hotel-awarded-clef-verte\/"},"wordCount":538,"commentCount":0,"image":{"@id":"https:\/\/www.hotel-westend.com\/en\/2025\/02\/05\/west-end-hotel-awarded-clef-verte\/#primaryimage"},"thumbnailUrl":"https:\/\/www.hotel-westend.com\/wp-content\/uploads\/2025\/01\/Article-Digitale-Blog-AZ-1.png","articleSection":["Actualit\u00e9s","News","News-EN-2022","Onglet Environnemental - EN"],"inLanguage":"en-US"},{"@type":"WebPage","@id":"https:\/\/www.hotel-westend.com\/en\/2025\/02\/05\/west-end-hotel-awarded-clef-verte\/","url":"https:\/\/www.hotel-westend.com\/en\/2025\/02\/05\/west-end-hotel-awarded-clef-verte\/","name":"The West End Hotel, awarded the Clef Verte label for the 3rd year running -","isPartOf":{"@id":"https:\/\/www.hotel-westend.com\/#website"},"primaryImageOfPage":{"@id":"https:\/\/www.hotel-westend.com\/en\/2025\/02\/05\/west-end-hotel-awarded-clef-verte\/#primaryimage"},"image":{"@id":"https:\/\/www.hotel-westend.com\/en\/2025\/02\/05\/west-end-hotel-awarded-clef-verte\/#primaryimage"},"thumbnailUrl":"https:\/\/www.hotel-westend.com\/wp-content\/uploads\/2025\/01\/Article-Digitale-Blog-AZ-1.png","datePublished":"2025-02-05T07:04:39+00:00","dateModified":"2025-05-13T12:44:34+00:00","author":{"@id":"https:\/\/www.hotel-westend.com\/#\/schema\/person\/c3ec475886346e12750f94aa1d3d9458"},"description":"The West End hotel is starting 2025 under the banner of commitment. For the 3rd year running, the hotel has been awarded the Green Key label...","breadcrumb":{"@id":"https:\/\/www.hotel-westend.com\/en\/2025\/02\/05\/west-end-hotel-awarded-clef-verte\/#breadcrumb"},"inLanguage":"en-US","potentialAction":[{"@type":"ReadAction","target":["https:\/\/www.hotel-westend.com\/en\/2025\/02\/05\/west-end-hotel-awarded-clef-verte\/"]}]},{"@type":"ImageObject","inLanguage":"en-US","@id":"https:\/\/www.hotel-westend.com\/en\/2025\/02\/05\/west-end-hotel-awarded-clef-verte\/#primaryimage","url":"https:\/\/www.hotel-westend.com\/wp-content\/uploads\/2025\/01\/Article-Digitale-Blog-AZ-1.png","contentUrl":"https:\/\/www.hotel-westend.com\/wp-content\/uploads\/2025\/01\/Article-Digitale-Blog-AZ-1.png","width":2041,"height":1323,"caption":"L\u2019H\u00f4tel West End, labellis\u00e9 Clef Verte pour la 3e ann\u00e9e cons\u00e9cutive"},{"@type":"BreadcrumbList","@id":"https:\/\/www.hotel-westend.com\/en\/2025\/02\/05\/west-end-hotel-awarded-clef-verte\/#breadcrumb","itemListElement":[{"@type":"ListItem","position":1,"name":"Accueil","item":"https:\/\/www.hotel-westend.com\/en\/"},{"@type":"ListItem","position":2,"name":"The West End Hotel, awarded the Clef Verte label for the 3rd year running"}]},{"@type":"WebSite","@id":"https:\/\/www.hotel-westend.com\/#website","url":"https:\/\/www.hotel-westend.com\/","name":"Hotel Westend Nice","description":"Hotel 4 Etoiles Nice - Promenade Anglais | OFFICIEL ","potentialAction":[{"@type":"SearchAction","target":{"@type":"EntryPoint","urlTemplate":"https:\/\/www.hotel-westend.com\/?s={search_term_string}"},"query-input":{"@type":"PropertyValueSpecification","valueRequired":true,"valueName":"search_term_string"}}],"inLanguage":"en-US"},{"@type":"Person","@id":"https:\/\/www.hotel-westend.com\/#\/schema\/person\/c3ec475886346e12750f94aa1d3d9458","name":"AgenceAZ","url":"https:\/\/www.hotel-westend.com\/en\/author\/agenceaz\/"}]}},"_links":{"self":[{"href":"https:\/\/www.hotel-westend.com\/en\/wp-json\/wp\/v2\/posts\/9597","targetHints":{"allow":["GET"]}}],"collection":[{"href":"https:\/\/www.hotel-westend.com\/en\/wp-json\/wp\/v2\/posts"}],"about":[{"href":"https:\/\/www.hotel-westend.com\/en\/wp-json\/wp\/v2\/types\/post"}],"author":[{"embeddable":true,"href":"https:\/\/www.hotel-westend.com\/en\/wp-json\/wp\/v2\/users\/7"}],"replies":[{"embeddable":true,"href":"https:\/\/www.hotel-westend.com\/en\/wp-json\/wp\/v2\/comments?post=9597"}],"version-history":[{"count":3,"href":"https:\/\/www.hotel-westend.com\/en\/wp-json\/wp\/v2\/posts\/9597\/revisions"}],"predecessor-version":[{"id":9938,"href":"https:\/\/www.hotel-westend.com\/en\/wp-json\/wp\/v2\/posts\/9597\/revisions\/9938"}],"wp:featuredmedia":[{"embeddable":true,"href":"https:\/\/www.hotel-westend.com\/en\/wp-json\/wp\/v2\/media\/9589"}],"wp:attachment":[{"href":"https:\/\/www.hotel-westend.com\/en\/wp-json\/wp\/v2\/media?parent=9597"}],"wp:term":[{"taxonomy":"category","embeddable":true,"href":"https:\/\/www.hotel-westend.com\/en\/wp-json\/wp\/v2\/categories?post=9597"},{"taxonomy":"post_tag","embeddable":true,"href":"https:\/\/www.hotel-westend.com\/en\/wp-json\/wp\/v2\/tags?post=9597"}],"curies":[{"name":"wp","href":"https:\/\/api.w.org\/{rel}","templated":true}]}}