{"id":9656,"date":"2025-02-19T12:15:27","date_gmt":"2025-02-19T11:15:27","guid":{"rendered":"https:\/\/www.hotel-westend.com\/2025\/02\/19\/hotel-west-end-restaurant-le-siecle-nouvelle-carte\/"},"modified":"2025-02-21T15:49:41","modified_gmt":"2025-02-21T14:49:41","slug":"hotel-west-end-the-siecle-new-menu","status":"publish","type":"post","link":"https:\/\/www.hotel-westend.com\/en\/2025\/02\/19\/hotel-west-end-the-siecle-new-menu\/","title":{"rendered":"H\u00f4tel West End: the Si\u00e8cle restaurant unveils its new menu"},"content":{"rendered":"<p>[et_pb_section fb_built=&#8221;1&#8243; admin_label=&#8221;section&#8221; _builder_version=&#8221;4.16&#8243; min_height=&#8221;629.4px&#8221; custom_padding=&#8221;||0px|||&#8221; global_colors_info=&#8221;{}&#8221;][et_pb_row admin_label=&#8221;row&#8221; _builder_version=&#8221;4.27.0&#8243; background_size=&#8221;initial&#8221; background_position=&#8221;top_left&#8221; background_repeat=&#8221;repeat&#8221; custom_margin=&#8221;-4px|auto||auto|false|false&#8221; custom_padding=&#8221;||0px|||&#8221; global_colors_info=&#8221;{}&#8221;][et_pb_column type=&#8221;4_4&#8243; _builder_version=&#8221;4.16&#8243; custom_padding=&#8221;|||&#8221; global_colors_info=&#8221;{}&#8221; custom_padding__hover=&#8221;|||&#8221;][et_pb_text module_class=&#8221;tiretsInverse&#8221; _builder_version=&#8221;4.27.0&#8243; _module_preset=&#8221;default&#8221; header_2_font=&#8221;Gilda Display||||||||&#8221; header_2_text_color=&#8221;#9b8760&#8243; header_2_font_size=&#8221;58px&#8221; width=&#8221;100%&#8221; custom_margin=&#8221;|||0px|false|false&#8221; custom_padding=&#8221;0px|||0px||&#8221; hover_enabled=&#8221;0&#8243; locked=&#8221;off&#8221; global_colors_info=&#8221;{}&#8221; sticky_enabled=&#8221;0&#8243;]<\/p>\n<h2 class=\"p1\"><span style=\"font-weight: 400;\">H\u00f4tel West End: the Si\u00e8cle restaurant unveils its new menu<\/span><\/h2>\n<p>[\/et_pb_text][et_pb_image src=&#8221;https:\/\/www.hotel-westend.com\/wp-content\/uploads\/2025\/02\/DSC03221-1-scaled.jpg&#8221; alt=&#8221;H\u00f4tel West End : le restaurant Le Si\u00e8cle d\u00e9voile sa nouvelle carte&#8221; title_text=&#8221;DSC03221&#8243; _builder_version=&#8221;4.27.0&#8243; _module_preset=&#8221;default&#8221; global_colors_info=&#8221;{}&#8221;][\/et_pb_image][et_pb_text admin_label=&#8221;Text&#8221; _builder_version=&#8221;4.27.0&#8243; background_size=&#8221;initial&#8221; background_position=&#8221;top_left&#8221; background_repeat=&#8221;repeat&#8221; hover_enabled=&#8221;0&#8243; global_colors_info=&#8221;{}&#8221; sticky_enabled=&#8221;0&#8243;]<\/p>\n<p><span style=\"font-weight: 400;\">Facing the sea, on the legendary <a href=\"https:\/\/www.explorenicecotedazur.com\/en\/info\/promenade-des-anglais-en\/\" target=\"_blank\" rel=\"noopener\">Promenade des Anglais<\/a>, the restaurant le Si\u00e8cle is unveiling its new menu. Located at the foot of the H\u00f4tel West End, this not-to-be-missed address in Nice offers dishes made from fresh, local produce. Are you ready for a culinary experience in a warm and intimate setting?\u00a0<\/span><\/p>\n<h4><span style=\"font-weight: 400;\">A cuisine that celebrates local produce<\/span><\/h4>\n<p><span style=\"font-weight: 400;\">When the sun comes out in Nice, it&#8217;s the perfect opportunity to enjoy lunch on the terrace at the Si\u00e8cle restaurant. Get ready to savour cuisine with a Mediterranean flavour, combining creativity, modernity and tradition. Start your meal with gravlax salmon served with marinated red cabbage and herb cream, or opt for truffled foie gras served with homemade gingerbread and fig pur\u00e9e.<\/span><\/p>\n<p><span style=\"font-weight: 400;\">One of our star dishes is the Chateaubriand flamb\u00e9ed in Cognac before your very eyes, a true visual and taste experience. Seafood lovers will love the pan-fried scallops, delicately combined with a Jerusalem artichoke pur\u00e9e and herbed bacon cream. To finish on a sweet note, the flamb\u00e9ed cr\u00eapes Suzette or the lavender cr\u00e8me br\u00fbl\u00e9e will delight gourmets.\u00a0<\/span><\/p>\n<h4><span style=\"font-weight: 400;\">Le Si\u00e8cle restaurant: a not-to-be-missed address\u00a0<\/span><\/h4>\n<p><span style=\"font-weight: 400;\">Behind its entrance inspired by Hector Guimard&#8217;s famous Parisian underground trains, Le Si\u00e8cle restaurant&#8217;s decor is a tribute to the Art Nouveau style. Red velvet banquettes, an Art Deco glass roof, brass and wood panelling create a timeless atmosphere. Ideally located facing the sea, Le Si\u00e8cle is the ideal address for a romantic dinner, a business lunch or a relaxing moment with friends.<\/span><\/p>\n<p><span style=\"font-weight: 400;\">Don&#8217;t miss: the last <a href=\"https:\/\/www.hotel-westend.com\/en\/?p=8027\" target=\"_blank\" rel=\"noopener\">Opera Evenings<\/a> on Fridays 7 March and 11 April 2025. Enjoy the most beautiful operatic arias while savouring a delicious dinner.\u00a0<\/span><\/p>\n<p><span style=\"font-weight: 400;\">Book your table now and let yourself be seduced by the new menu, an invitation to savour the best of local gastronomy in an exceptional setting.<\/span><\/p>\n<p>[\/et_pb_text][\/et_pb_column][\/et_pb_row][\/et_pb_section]<\/p>\n","protected":false},"excerpt":{"rendered":"<p>Located on the legendary Promenade des Anglais at the foot of the West End Hotel, Le Si\u00e8cle restaurant is unveiling its new menu in Nice&#8230;<\/p>\n","protected":false},"author":7,"featured_media":9628,"comment_status":"open","ping_status":"open","sticky":false,"template":"","format":"standard","meta":{"_et_pb_use_builder":"on","_et_pb_old_content":"<!-- wp:paragraph -->\r\n<p>Du 13 au 27 f\u00e9vrier 2021, Nice deviendra la Capitale mondiale de la mode avec la 137e \u00e9dition du Carnaval sur le th\u00e8me \u00ab Roi des animaux \u00bb. Venez admirer le Roi, la Reine et leurs sujets et participer aux extravagants d\u00e9fil\u00e9s de chars, de grosses t\u00eates et aux \u00e9l\u00e9gantes Batailles de Fleurs.<\/p>\r\n<!-- \/wp:paragraph -->\r\n\r\n<!-- wp:paragraph -->\r\n<p>Pendant 15 jours, le Carnaval de Nice, avec ses deux manifestations\u00a0: les Corsi carnavalesques (de jour ou de nuit) et les Batailles de fleurs, imposera son style et vous offrira un spectacle burlesque, magique et initiatique d\u00e9di\u00e9 \u00e0 la mode sous toutes ses coutures.<\/p>\r\n<!-- \/wp:paragraph -->\r\n\r\n<!-- wp:paragraph -->\r\n<p>Les chars cr\u00e9\u00e9s sur le th\u00e8me d\u00e9fileront lors des Corsi carnavalesques (mardis, samedis et dimanche), accompagn\u00e9s de grosses t\u00eates et d\u2019artistes venant du monde entier dans une ambiance festive et populaire, savamment sc\u00e9nographi\u00e9e, pour revisiter l\u2019histoire de la mode, vous faire rire, sourire mais aussi r\u00e9fl\u00e9chir sur la mode et ses dessous. Car si la mode lance des tendances et bouleverse les codes comme les comportements, elle a aussi un r\u00f4le \u00e9thique et responsable \u00e0 jouer.<\/p>\r\n<!-- \/wp:paragraph -->\r\n\r\n<!-- wp:paragraph -->\r\n<p>Les mercredis et samedis apr\u00e8s-midi, venez d\u00e9couvrir l\u2019autre temps du fort du Carnaval\u00a0: les Batailles de Fleurs o\u00f9 le th\u00e8me sera d\u00e9clin\u00e9 sur des chars orn\u00e9s de fleurs valorisant la production locale (80% des fleurs sont produites dans la r\u00e9gion) et anim\u00e9s par des com\u00e9diennes qui porteront des costumes sp\u00e9cialement con\u00e7us pour la manifestation. Un d\u00e9fil\u00e9 unique au monde o\u00f9 des milliers de fleurs seront distribu\u00e9es.<\/p>\r\n<!-- \/wp:paragraph -->\r\n\r\n<!-- wp:paragraph -->\r\n<p>Et n\u2019oubliez pas, grands et petits, d\u00e9guisez de la t\u00eate aux pieds, les corsi seront gratuits\u00a0!<\/p>\r\n<!-- \/wp:paragraph -->\r\n\r\n<!-- wp:paragraph -->\r\n<p><strong>Alors venez prendre part \u00e0 la f\u00eate du 13 au 27 f\u00e9vrier 2021 \u00e0 Nice.<\/strong><\/p>\r\n<!-- \/wp:paragraph -->","_et_gb_content_width":"1150","inline_featured_image":false,"footnotes":""},"categories":[36,37,35],"tags":[],"class_list":["post-9656","post","type-post","status-publish","format-standard","has-post-thumbnail","hentry","category-actualites-en","category-news-en","category-news-en-2022"],"yoast_head":"<!-- This site is optimized with the Yoast SEO plugin v27.4 - https:\/\/yoast.com\/product\/yoast-seo-wordpress\/ -->\n<title>H\u00f4tel West End: the Si\u00e8cle restaurant unveils its new menu -<\/title>\n<meta name=\"description\" content=\"Located on the legendary Promenade des Anglais at the foot of the West End Hotel, Le Si\u00e8cle restaurant is unveiling its new menu in Nice...\" \/>\n<meta name=\"robots\" content=\"index, follow, max-snippet:-1, max-image-preview:large, max-video-preview:-1\" \/>\n<link rel=\"canonical\" href=\"https:\/\/www.hotel-westend.com\/en\/2025\/02\/19\/hotel-west-end-the-siecle-new-menu\/\" \/>\n<meta property=\"og:locale\" content=\"en_US\" \/>\n<meta property=\"og:type\" content=\"article\" \/>\n<meta property=\"og:title\" content=\"H\u00f4tel West End: the Si\u00e8cle restaurant unveils its new menu -\" \/>\n<meta property=\"og:description\" content=\"Located on the legendary Promenade des Anglais at the foot of the West End Hotel, Le Si\u00e8cle restaurant is unveiling its new menu in Nice...\" \/>\n<meta property=\"og:url\" content=\"https:\/\/www.hotel-westend.com\/en\/2025\/02\/19\/hotel-west-end-the-siecle-new-menu\/\" \/>\n<meta property=\"og:site_name\" content=\"Hotel Westend Nice\" \/>\n<meta property=\"article:published_time\" content=\"2025-02-19T11:15:27+00:00\" \/>\n<meta property=\"article:modified_time\" content=\"2025-02-21T14:49:41+00:00\" \/>\n<meta property=\"og:image\" content=\"https:\/\/www.hotel-westend.com\/wp-content\/uploads\/2025\/02\/DSC03221-1-scaled.jpg\" \/>\n\t<meta property=\"og:image:width\" content=\"2560\" \/>\n\t<meta property=\"og:image:height\" content=\"1707\" \/>\n\t<meta property=\"og:image:type\" content=\"image\/jpeg\" \/>\n<meta name=\"author\" content=\"AgenceAZ\" \/>\n<meta name=\"twitter:card\" content=\"summary_large_image\" \/>\n<meta name=\"twitter:label1\" content=\"Written by\" \/>\n\t<meta name=\"twitter:data1\" content=\"AgenceAZ\" \/>\n\t<meta name=\"twitter:label2\" content=\"Est. reading time\" \/>\n\t<meta name=\"twitter:data2\" content=\"2 minutes\" \/>\n<script type=\"application\/ld+json\" class=\"yoast-schema-graph\">{\"@context\":\"https:\\\/\\\/schema.org\",\"@graph\":[{\"@type\":\"Article\",\"@id\":\"https:\\\/\\\/www.hotel-westend.com\\\/en\\\/2025\\\/02\\\/19\\\/hotel-west-end-the-siecle-new-menu\\\/#article\",\"isPartOf\":{\"@id\":\"https:\\\/\\\/www.hotel-westend.com\\\/en\\\/2025\\\/02\\\/19\\\/hotel-west-end-the-siecle-new-menu\\\/\"},\"author\":{\"name\":\"AgenceAZ\",\"@id\":\"https:\\\/\\\/www.hotel-westend.com\\\/#\\\/schema\\\/person\\\/c3ec475886346e12750f94aa1d3d9458\"},\"headline\":\"H\u00f4tel West End: the Si\u00e8cle restaurant unveils its new menu\",\"datePublished\":\"2025-02-19T11:15:27+00:00\",\"dateModified\":\"2025-02-21T14:49:41+00:00\",\"mainEntityOfPage\":{\"@id\":\"https:\\\/\\\/www.hotel-westend.com\\\/en\\\/2025\\\/02\\\/19\\\/hotel-west-end-the-siecle-new-menu\\\/\"},\"wordCount\":522,\"commentCount\":0,\"image\":{\"@id\":\"https:\\\/\\\/www.hotel-westend.com\\\/en\\\/2025\\\/02\\\/19\\\/hotel-west-end-the-siecle-new-menu\\\/#primaryimage\"},\"thumbnailUrl\":\"https:\\\/\\\/www.hotel-westend.com\\\/wp-content\\\/uploads\\\/2025\\\/02\\\/DSC03221-1-scaled.jpg\",\"articleSection\":[\"Actualit\u00e9s\",\"News\",\"News-EN-2022\"],\"inLanguage\":\"en-US\"},{\"@type\":\"WebPage\",\"@id\":\"https:\\\/\\\/www.hotel-westend.com\\\/en\\\/2025\\\/02\\\/19\\\/hotel-west-end-the-siecle-new-menu\\\/\",\"url\":\"https:\\\/\\\/www.hotel-westend.com\\\/en\\\/2025\\\/02\\\/19\\\/hotel-west-end-the-siecle-new-menu\\\/\",\"name\":\"H\u00f4tel West End: the Si\u00e8cle restaurant unveils its new menu -\",\"isPartOf\":{\"@id\":\"https:\\\/\\\/www.hotel-westend.com\\\/#website\"},\"primaryImageOfPage\":{\"@id\":\"https:\\\/\\\/www.hotel-westend.com\\\/en\\\/2025\\\/02\\\/19\\\/hotel-west-end-the-siecle-new-menu\\\/#primaryimage\"},\"image\":{\"@id\":\"https:\\\/\\\/www.hotel-westend.com\\\/en\\\/2025\\\/02\\\/19\\\/hotel-west-end-the-siecle-new-menu\\\/#primaryimage\"},\"thumbnailUrl\":\"https:\\\/\\\/www.hotel-westend.com\\\/wp-content\\\/uploads\\\/2025\\\/02\\\/DSC03221-1-scaled.jpg\",\"datePublished\":\"2025-02-19T11:15:27+00:00\",\"dateModified\":\"2025-02-21T14:49:41+00:00\",\"author\":{\"@id\":\"https:\\\/\\\/www.hotel-westend.com\\\/#\\\/schema\\\/person\\\/c3ec475886346e12750f94aa1d3d9458\"},\"description\":\"Located on the legendary Promenade des Anglais at the foot of the West End Hotel, Le Si\u00e8cle restaurant is unveiling its new menu in Nice...\",\"breadcrumb\":{\"@id\":\"https:\\\/\\\/www.hotel-westend.com\\\/en\\\/2025\\\/02\\\/19\\\/hotel-west-end-the-siecle-new-menu\\\/#breadcrumb\"},\"inLanguage\":\"en-US\",\"potentialAction\":[{\"@type\":\"ReadAction\",\"target\":[\"https:\\\/\\\/www.hotel-westend.com\\\/en\\\/2025\\\/02\\\/19\\\/hotel-west-end-the-siecle-new-menu\\\/\"]}]},{\"@type\":\"ImageObject\",\"inLanguage\":\"en-US\",\"@id\":\"https:\\\/\\\/www.hotel-westend.com\\\/en\\\/2025\\\/02\\\/19\\\/hotel-west-end-the-siecle-new-menu\\\/#primaryimage\",\"url\":\"https:\\\/\\\/www.hotel-westend.com\\\/wp-content\\\/uploads\\\/2025\\\/02\\\/DSC03221-1-scaled.jpg\",\"contentUrl\":\"https:\\\/\\\/www.hotel-westend.com\\\/wp-content\\\/uploads\\\/2025\\\/02\\\/DSC03221-1-scaled.jpg\",\"width\":2560,\"height\":1707,\"caption\":\"H\u00f4tel West End : le restaurant Le Si\u00e8cle d\u00e9voile sa nouvelle carte\"},{\"@type\":\"BreadcrumbList\",\"@id\":\"https:\\\/\\\/www.hotel-westend.com\\\/en\\\/2025\\\/02\\\/19\\\/hotel-west-end-the-siecle-new-menu\\\/#breadcrumb\",\"itemListElement\":[{\"@type\":\"ListItem\",\"position\":1,\"name\":\"Accueil\",\"item\":\"https:\\\/\\\/www.hotel-westend.com\\\/en\\\/\"},{\"@type\":\"ListItem\",\"position\":2,\"name\":\"H\u00f4tel West End: the Si\u00e8cle restaurant unveils its new menu\"}]},{\"@type\":\"WebSite\",\"@id\":\"https:\\\/\\\/www.hotel-westend.com\\\/#website\",\"url\":\"https:\\\/\\\/www.hotel-westend.com\\\/\",\"name\":\"Hotel Westend Nice\",\"description\":\"Hotel 4 Etoiles Nice - Promenade Anglais | OFFICIEL \",\"potentialAction\":[{\"@type\":\"SearchAction\",\"target\":{\"@type\":\"EntryPoint\",\"urlTemplate\":\"https:\\\/\\\/www.hotel-westend.com\\\/?s={search_term_string}\"},\"query-input\":{\"@type\":\"PropertyValueSpecification\",\"valueRequired\":true,\"valueName\":\"search_term_string\"}}],\"inLanguage\":\"en-US\"},{\"@type\":\"Person\",\"@id\":\"https:\\\/\\\/www.hotel-westend.com\\\/#\\\/schema\\\/person\\\/c3ec475886346e12750f94aa1d3d9458\",\"name\":\"AgenceAZ\",\"url\":\"https:\\\/\\\/www.hotel-westend.com\\\/en\\\/author\\\/agenceaz\\\/\"}]}<\/script>\n<!-- \/ Yoast SEO plugin. -->","yoast_head_json":{"title":"H\u00f4tel West End: the Si\u00e8cle restaurant unveils its new menu -","description":"Located on the legendary Promenade des Anglais at the foot of the West End Hotel, Le Si\u00e8cle restaurant is unveiling its new menu in Nice...","robots":{"index":"index","follow":"follow","max-snippet":"max-snippet:-1","max-image-preview":"max-image-preview:large","max-video-preview":"max-video-preview:-1"},"canonical":"https:\/\/www.hotel-westend.com\/en\/2025\/02\/19\/hotel-west-end-the-siecle-new-menu\/","og_locale":"en_US","og_type":"article","og_title":"H\u00f4tel West End: the Si\u00e8cle restaurant unveils its new menu -","og_description":"Located on the legendary Promenade des Anglais at the foot of the West End Hotel, Le Si\u00e8cle restaurant is unveiling its new menu in Nice...","og_url":"https:\/\/www.hotel-westend.com\/en\/2025\/02\/19\/hotel-west-end-the-siecle-new-menu\/","og_site_name":"Hotel Westend Nice","article_published_time":"2025-02-19T11:15:27+00:00","article_modified_time":"2025-02-21T14:49:41+00:00","og_image":[{"width":2560,"height":1707,"url":"https:\/\/www.hotel-westend.com\/wp-content\/uploads\/2025\/02\/DSC03221-1-scaled.jpg","type":"image\/jpeg"}],"author":"AgenceAZ","twitter_card":"summary_large_image","twitter_misc":{"Written by":"AgenceAZ","Est. reading time":"2 minutes"},"schema":{"@context":"https:\/\/schema.org","@graph":[{"@type":"Article","@id":"https:\/\/www.hotel-westend.com\/en\/2025\/02\/19\/hotel-west-end-the-siecle-new-menu\/#article","isPartOf":{"@id":"https:\/\/www.hotel-westend.com\/en\/2025\/02\/19\/hotel-west-end-the-siecle-new-menu\/"},"author":{"name":"AgenceAZ","@id":"https:\/\/www.hotel-westend.com\/#\/schema\/person\/c3ec475886346e12750f94aa1d3d9458"},"headline":"H\u00f4tel West End: the Si\u00e8cle restaurant unveils its new menu","datePublished":"2025-02-19T11:15:27+00:00","dateModified":"2025-02-21T14:49:41+00:00","mainEntityOfPage":{"@id":"https:\/\/www.hotel-westend.com\/en\/2025\/02\/19\/hotel-west-end-the-siecle-new-menu\/"},"wordCount":522,"commentCount":0,"image":{"@id":"https:\/\/www.hotel-westend.com\/en\/2025\/02\/19\/hotel-west-end-the-siecle-new-menu\/#primaryimage"},"thumbnailUrl":"https:\/\/www.hotel-westend.com\/wp-content\/uploads\/2025\/02\/DSC03221-1-scaled.jpg","articleSection":["Actualit\u00e9s","News","News-EN-2022"],"inLanguage":"en-US"},{"@type":"WebPage","@id":"https:\/\/www.hotel-westend.com\/en\/2025\/02\/19\/hotel-west-end-the-siecle-new-menu\/","url":"https:\/\/www.hotel-westend.com\/en\/2025\/02\/19\/hotel-west-end-the-siecle-new-menu\/","name":"H\u00f4tel West End: the Si\u00e8cle restaurant unveils its new menu -","isPartOf":{"@id":"https:\/\/www.hotel-westend.com\/#website"},"primaryImageOfPage":{"@id":"https:\/\/www.hotel-westend.com\/en\/2025\/02\/19\/hotel-west-end-the-siecle-new-menu\/#primaryimage"},"image":{"@id":"https:\/\/www.hotel-westend.com\/en\/2025\/02\/19\/hotel-west-end-the-siecle-new-menu\/#primaryimage"},"thumbnailUrl":"https:\/\/www.hotel-westend.com\/wp-content\/uploads\/2025\/02\/DSC03221-1-scaled.jpg","datePublished":"2025-02-19T11:15:27+00:00","dateModified":"2025-02-21T14:49:41+00:00","author":{"@id":"https:\/\/www.hotel-westend.com\/#\/schema\/person\/c3ec475886346e12750f94aa1d3d9458"},"description":"Located on the legendary Promenade des Anglais at the foot of the West End Hotel, Le Si\u00e8cle restaurant is unveiling its new menu in Nice...","breadcrumb":{"@id":"https:\/\/www.hotel-westend.com\/en\/2025\/02\/19\/hotel-west-end-the-siecle-new-menu\/#breadcrumb"},"inLanguage":"en-US","potentialAction":[{"@type":"ReadAction","target":["https:\/\/www.hotel-westend.com\/en\/2025\/02\/19\/hotel-west-end-the-siecle-new-menu\/"]}]},{"@type":"ImageObject","inLanguage":"en-US","@id":"https:\/\/www.hotel-westend.com\/en\/2025\/02\/19\/hotel-west-end-the-siecle-new-menu\/#primaryimage","url":"https:\/\/www.hotel-westend.com\/wp-content\/uploads\/2025\/02\/DSC03221-1-scaled.jpg","contentUrl":"https:\/\/www.hotel-westend.com\/wp-content\/uploads\/2025\/02\/DSC03221-1-scaled.jpg","width":2560,"height":1707,"caption":"H\u00f4tel West End : le restaurant Le Si\u00e8cle d\u00e9voile sa nouvelle carte"},{"@type":"BreadcrumbList","@id":"https:\/\/www.hotel-westend.com\/en\/2025\/02\/19\/hotel-west-end-the-siecle-new-menu\/#breadcrumb","itemListElement":[{"@type":"ListItem","position":1,"name":"Accueil","item":"https:\/\/www.hotel-westend.com\/en\/"},{"@type":"ListItem","position":2,"name":"H\u00f4tel West End: the Si\u00e8cle restaurant unveils its new menu"}]},{"@type":"WebSite","@id":"https:\/\/www.hotel-westend.com\/#website","url":"https:\/\/www.hotel-westend.com\/","name":"Hotel Westend Nice","description":"Hotel 4 Etoiles Nice - Promenade Anglais | OFFICIEL ","potentialAction":[{"@type":"SearchAction","target":{"@type":"EntryPoint","urlTemplate":"https:\/\/www.hotel-westend.com\/?s={search_term_string}"},"query-input":{"@type":"PropertyValueSpecification","valueRequired":true,"valueName":"search_term_string"}}],"inLanguage":"en-US"},{"@type":"Person","@id":"https:\/\/www.hotel-westend.com\/#\/schema\/person\/c3ec475886346e12750f94aa1d3d9458","name":"AgenceAZ","url":"https:\/\/www.hotel-westend.com\/en\/author\/agenceaz\/"}]}},"_links":{"self":[{"href":"https:\/\/www.hotel-westend.com\/en\/wp-json\/wp\/v2\/posts\/9656","targetHints":{"allow":["GET"]}}],"collection":[{"href":"https:\/\/www.hotel-westend.com\/en\/wp-json\/wp\/v2\/posts"}],"about":[{"href":"https:\/\/www.hotel-westend.com\/en\/wp-json\/wp\/v2\/types\/post"}],"author":[{"embeddable":true,"href":"https:\/\/www.hotel-westend.com\/en\/wp-json\/wp\/v2\/users\/7"}],"replies":[{"embeddable":true,"href":"https:\/\/www.hotel-westend.com\/en\/wp-json\/wp\/v2\/comments?post=9656"}],"version-history":[{"count":2,"href":"https:\/\/www.hotel-westend.com\/en\/wp-json\/wp\/v2\/posts\/9656\/revisions"}],"predecessor-version":[{"id":9659,"href":"https:\/\/www.hotel-westend.com\/en\/wp-json\/wp\/v2\/posts\/9656\/revisions\/9659"}],"wp:featuredmedia":[{"embeddable":true,"href":"https:\/\/www.hotel-westend.com\/en\/wp-json\/wp\/v2\/media\/9628"}],"wp:attachment":[{"href":"https:\/\/www.hotel-westend.com\/en\/wp-json\/wp\/v2\/media?parent=9656"}],"wp:term":[{"taxonomy":"category","embeddable":true,"href":"https:\/\/www.hotel-westend.com\/en\/wp-json\/wp\/v2\/categories?post=9656"},{"taxonomy":"post_tag","embeddable":true,"href":"https:\/\/www.hotel-westend.com\/en\/wp-json\/wp\/v2\/tags?post=9656"}],"curies":[{"name":"wp","href":"https:\/\/api.w.org\/{rel}","templated":true}]}}