{"id":9702,"date":"2025-03-05T09:08:04","date_gmt":"2025-03-05T08:08:04","guid":{"rendered":"https:\/\/www.hotel-westend.com\/?p=9702"},"modified":"2025-03-05T10:41:35","modified_gmt":"2025-03-05T09:41:35","slug":"hotel-west-end-residence-aston-la-scala-nice","status":"publish","type":"post","link":"https:\/\/www.hotel-westend.com\/en\/2025\/03\/05\/hotel-west-end-residence-aston-la-scala-nice\/","title":{"rendered":"H\u00f4tel West End : opening of the R\u00e9sidence Aston La Scala in Nice"},"content":{"rendered":"<p>[et_pb_section fb_built=&#8221;1&#8243; admin_label=&#8221;section&#8221; _builder_version=&#8221;4.16&#8243; min_height=&#8221;629.4px&#8221; custom_padding=&#8221;||0px|||&#8221; global_colors_info=&#8221;{}&#8221;][et_pb_row admin_label=&#8221;row&#8221; _builder_version=&#8221;4.27.0&#8243; background_size=&#8221;initial&#8221; background_position=&#8221;top_left&#8221; background_repeat=&#8221;repeat&#8221; custom_margin=&#8221;-4px|auto||auto|false|false&#8221; custom_padding=&#8221;||0px|||&#8221; global_colors_info=&#8221;{}&#8221;][et_pb_column type=&#8221;4_4&#8243; _builder_version=&#8221;4.16&#8243; custom_padding=&#8221;|||&#8221; global_colors_info=&#8221;{}&#8221; custom_padding__hover=&#8221;|||&#8221;][et_pb_text module_class=&#8221;tiretsInverse&#8221; _builder_version=&#8221;4.27.0&#8243; _module_preset=&#8221;default&#8221; header_2_font=&#8221;Gilda Display||||||||&#8221; header_2_text_color=&#8221;#9b8760&#8243; header_2_font_size=&#8221;58px&#8221; width=&#8221;100%&#8221; custom_margin=&#8221;|||0px|false|false&#8221; custom_padding=&#8221;0px|||0px||&#8221; locked=&#8221;off&#8221; global_colors_info=&#8221;{}&#8221;]<\/p>\n<h2>H\u00f4tel West End : opening of the R\u00e9sidence Aston La Scala in Nice<\/h2>\n<p>[\/et_pb_text][et_pb_image src=&#8221;https:\/\/www.hotel-westend.com\/wp-content\/uploads\/2025\/03\/Article-West-End.png&#8221; alt=&#8221;H\u00f4tel West End : ouverture de la R\u00e9sidence Aston La Scala \u00e0 Nice&#8221; title_text=&#8221;H\u00f4tel West End : ouverture de la R\u00e9sidence Aston La Scala \u00e0 Nice&#8221; _builder_version=&#8221;4.27.0&#8243; _module_preset=&#8221;default&#8221; global_colors_info=&#8221;{}&#8221;][\/et_pb_image][et_pb_text admin_label=&#8221;Text&#8221; _builder_version=&#8221;4.27.0&#8243; background_size=&#8221;initial&#8221; background_position=&#8221;top_left&#8221; background_repeat=&#8221;repeat&#8221; global_colors_info=&#8221;{}&#8221;]<\/p>\n<p>H\u00f4tel West End is delighted to highlight a milestone event for the 3A Hotels La Collection Group : the opening of the <a href=\"https:\/\/www.residenceastonlascala.com\/#\" target=\"_blank\" rel=\"noopener\">R\u00e9sidence Aston La Scala<\/a>, a brand new prestige establishment in the heart of Nice. Located opposite the Promenade du Paillon, a stone&#8217;s throw from the flower market and the Carr\u00e9 d&#8217;Or, the R\u00e9sidence Aston La Scala embodies the art of living in Nice in all its splendour. This address is also just a few minutes from the famous Promenade des Anglais, making it an ideal destination for visitors seeking independence, comfort, luxury and proximity.<\/p>\n<h3>An architectural heritage reinvented<\/h3>\n<p>Built in 1908 by architect Fran\u00e7ois Fraticci, the building, formerly known as Peter&#8217;s H\u00f4tel, has been completely renovated to become a modern and elegant residence, while retaining its original charm. Inspired by New York&#8217;s famous Flat Iron, it boasts triangular architecture and luminous rotundas offering breathtaking views of the city.<\/p>\n<h3>Modern comfort in a historic setting<\/h3>\n<p>The R\u00e9sidence Aston La Scala offers 17 spacious flats, decorated in a revisited art deco style with terracotta, ochre and petrol blue hues. Each flat is equipped with all the comforts you need : fully-equipped open-plan kitchen, dishwasher, washing machine, espresso machine, air conditioning and television with a wide choice of international channels.<\/p>\n<p>The flats range in size from 35 to 58 m\u00b2, and are ideal for up to four people, whether staying with family, friends or travelling on business. Finally, the PRM studio on the ground floor offers access for all.<\/p>\n<h3>Top-of-the-range services<\/h3>\n<p>In addition to their individual facilities, the flats in the residence allow their occupants to take advantage of the 4-star services offered by the H\u00f4tel Aston La Scala, just a few steps away :<\/p>\n<p>24-hour concierge service<br \/>Buffet breakfast<br \/>Moon Bar, rooftop restaurant <br \/>Restaurant L&#8217;Horloge, at the foot of the hotel<br \/>Aston Club<br \/>Fitness area<br \/>Meeting and seminar facilities<\/p>\n<p>Following on from the H\u00f4tel West End, the H\u00f4tel Aston La Scala and the H\u00f4tel et Plage Beau Rivage, the 3A Hotels La Collection Group is continuing its commitment to offering unique venues that combine heritage and modernity. H\u00f4tel West End is delighted to welcome this new residence to the group&#8217;s portfolio.<\/p>\n<p>To book your stay at the West End, visit the hotel&#8217;s website : <a href=\"https:\/\/www.hotel-westend.com\/en\/\" target=\"_blank\" rel=\"noopener\">https:\/\/www.hotel-westend.com\/en\/<\/a><\/p>\n<p>[\/et_pb_text][\/et_pb_column][\/et_pb_row][\/et_pb_section]<\/p>\n","protected":false},"excerpt":{"rendered":"<p>H\u00f4tel West End is delighted to present a new addition to the 3A Hotels La Collection Group: the R\u00e9sidence Aston La Scala&#8230;<\/p>\n","protected":false},"author":7,"featured_media":9695,"comment_status":"open","ping_status":"open","sticky":false,"template":"","format":"standard","meta":{"_et_pb_use_builder":"on","_et_pb_old_content":"<!-- wp:paragraph -->\r\n<p>Du 13 au 27 f\u00e9vrier 2021, Nice deviendra la Capitale mondiale de la mode avec la 137e \u00e9dition du Carnaval sur le th\u00e8me \u00ab Roi des animaux \u00bb. Venez admirer le Roi, la Reine et leurs sujets et participer aux extravagants d\u00e9fil\u00e9s de chars, de grosses t\u00eates et aux \u00e9l\u00e9gantes Batailles de Fleurs.<\/p>\r\n<!-- \/wp:paragraph -->\r\n\r\n<!-- wp:paragraph -->\r\n<p>Pendant 15 jours, le Carnaval de Nice, avec ses deux manifestations\u00a0: les Corsi carnavalesques (de jour ou de nuit) et les Batailles de fleurs, imposera son style et vous offrira un spectacle burlesque, magique et initiatique d\u00e9di\u00e9 \u00e0 la mode sous toutes ses coutures.<\/p>\r\n<!-- \/wp:paragraph -->\r\n\r\n<!-- wp:paragraph -->\r\n<p>Les chars cr\u00e9\u00e9s sur le th\u00e8me d\u00e9fileront lors des Corsi carnavalesques (mardis, samedis et dimanche), accompagn\u00e9s de grosses t\u00eates et d\u2019artistes venant du monde entier dans une ambiance festive et populaire, savamment sc\u00e9nographi\u00e9e, pour revisiter l\u2019histoire de la mode, vous faire rire, sourire mais aussi r\u00e9fl\u00e9chir sur la mode et ses dessous. Car si la mode lance des tendances et bouleverse les codes comme les comportements, elle a aussi un r\u00f4le \u00e9thique et responsable \u00e0 jouer.<\/p>\r\n<!-- \/wp:paragraph -->\r\n\r\n<!-- wp:paragraph -->\r\n<p>Les mercredis et samedis apr\u00e8s-midi, venez d\u00e9couvrir l\u2019autre temps du fort du Carnaval\u00a0: les Batailles de Fleurs o\u00f9 le th\u00e8me sera d\u00e9clin\u00e9 sur des chars orn\u00e9s de fleurs valorisant la production locale (80% des fleurs sont produites dans la r\u00e9gion) et anim\u00e9s par des com\u00e9diennes qui porteront des costumes sp\u00e9cialement con\u00e7us pour la manifestation. Un d\u00e9fil\u00e9 unique au monde o\u00f9 des milliers de fleurs seront distribu\u00e9es.<\/p>\r\n<!-- \/wp:paragraph -->\r\n\r\n<!-- wp:paragraph -->\r\n<p>Et n\u2019oubliez pas, grands et petits, d\u00e9guisez de la t\u00eate aux pieds, les corsi seront gratuits\u00a0!<\/p>\r\n<!-- \/wp:paragraph -->\r\n\r\n<!-- wp:paragraph -->\r\n<p><strong>Alors venez prendre part \u00e0 la f\u00eate du 13 au 27 f\u00e9vrier 2021 \u00e0 Nice.<\/strong><\/p>\r\n<!-- \/wp:paragraph -->","_et_gb_content_width":"1150","inline_featured_image":false,"footnotes":""},"categories":[36,37,35],"tags":[],"class_list":["post-9702","post","type-post","status-publish","format-standard","has-post-thumbnail","hentry","category-actualites-en","category-news-en","category-news-en-2022"],"yoast_head":"<!-- This site is optimized with the Yoast SEO plugin v27.4 - https:\/\/yoast.com\/product\/yoast-seo-wordpress\/ -->\n<title>H\u00f4tel West End : opening of the R\u00e9sidence Aston La Scala in Nice -<\/title>\n<meta name=\"description\" content=\"H\u00f4tel West End is delighted to present a new addition to the 3A Hotels La Collection Group: the R\u00e9sidence Aston La Scala...\" \/>\n<meta name=\"robots\" content=\"index, follow, max-snippet:-1, max-image-preview:large, max-video-preview:-1\" \/>\n<link rel=\"canonical\" href=\"https:\/\/www.hotel-westend.com\/en\/2025\/03\/05\/hotel-west-end-residence-aston-la-scala-nice\/\" \/>\n<meta property=\"og:locale\" content=\"en_US\" \/>\n<meta property=\"og:type\" content=\"article\" \/>\n<meta property=\"og:title\" content=\"H\u00f4tel West End : opening of the R\u00e9sidence Aston La Scala in Nice -\" \/>\n<meta property=\"og:description\" content=\"H\u00f4tel West End is delighted to present a new addition to the 3A Hotels La Collection Group: the R\u00e9sidence Aston La Scala...\" \/>\n<meta property=\"og:url\" content=\"https:\/\/www.hotel-westend.com\/en\/2025\/03\/05\/hotel-west-end-residence-aston-la-scala-nice\/\" \/>\n<meta property=\"og:site_name\" content=\"Hotel Westend Nice\" \/>\n<meta property=\"article:published_time\" content=\"2025-03-05T08:08:04+00:00\" \/>\n<meta property=\"article:modified_time\" content=\"2025-03-05T09:41:35+00:00\" \/>\n<meta property=\"og:image\" content=\"https:\/\/www.hotel-westend.com\/wp-content\/uploads\/2025\/03\/Article-West-End-1024x664.png\" \/>\n\t<meta property=\"og:image:width\" content=\"1024\" \/>\n\t<meta property=\"og:image:height\" content=\"664\" \/>\n\t<meta property=\"og:image:type\" content=\"image\/png\" \/>\n<meta name=\"author\" content=\"AgenceAZ\" \/>\n<meta name=\"twitter:card\" content=\"summary_large_image\" \/>\n<meta name=\"twitter:label1\" content=\"Written by\" \/>\n\t<meta name=\"twitter:data1\" content=\"AgenceAZ\" \/>\n\t<meta name=\"twitter:label2\" content=\"Est. reading time\" \/>\n\t<meta name=\"twitter:data2\" content=\"3 minutes\" \/>\n<script type=\"application\/ld+json\" class=\"yoast-schema-graph\">{\"@context\":\"https:\\\/\\\/schema.org\",\"@graph\":[{\"@type\":\"Article\",\"@id\":\"https:\\\/\\\/www.hotel-westend.com\\\/en\\\/2025\\\/03\\\/05\\\/hotel-west-end-residence-aston-la-scala-nice\\\/#article\",\"isPartOf\":{\"@id\":\"https:\\\/\\\/www.hotel-westend.com\\\/en\\\/2025\\\/03\\\/05\\\/hotel-west-end-residence-aston-la-scala-nice\\\/\"},\"author\":{\"name\":\"AgenceAZ\",\"@id\":\"https:\\\/\\\/www.hotel-westend.com\\\/#\\\/schema\\\/person\\\/c3ec475886346e12750f94aa1d3d9458\"},\"headline\":\"H\u00f4tel West End : opening of the R\u00e9sidence Aston La Scala in Nice\",\"datePublished\":\"2025-03-05T08:08:04+00:00\",\"dateModified\":\"2025-03-05T09:41:35+00:00\",\"mainEntityOfPage\":{\"@id\":\"https:\\\/\\\/www.hotel-westend.com\\\/en\\\/2025\\\/03\\\/05\\\/hotel-west-end-residence-aston-la-scala-nice\\\/\"},\"wordCount\":596,\"commentCount\":0,\"image\":{\"@id\":\"https:\\\/\\\/www.hotel-westend.com\\\/en\\\/2025\\\/03\\\/05\\\/hotel-west-end-residence-aston-la-scala-nice\\\/#primaryimage\"},\"thumbnailUrl\":\"https:\\\/\\\/www.hotel-westend.com\\\/wp-content\\\/uploads\\\/2025\\\/03\\\/Article-West-End.png\",\"articleSection\":[\"Actualit\u00e9s\",\"News\",\"News-EN-2022\"],\"inLanguage\":\"en-US\"},{\"@type\":\"WebPage\",\"@id\":\"https:\\\/\\\/www.hotel-westend.com\\\/en\\\/2025\\\/03\\\/05\\\/hotel-west-end-residence-aston-la-scala-nice\\\/\",\"url\":\"https:\\\/\\\/www.hotel-westend.com\\\/en\\\/2025\\\/03\\\/05\\\/hotel-west-end-residence-aston-la-scala-nice\\\/\",\"name\":\"H\u00f4tel West End : opening of the R\u00e9sidence Aston La Scala in Nice -\",\"isPartOf\":{\"@id\":\"https:\\\/\\\/www.hotel-westend.com\\\/#website\"},\"primaryImageOfPage\":{\"@id\":\"https:\\\/\\\/www.hotel-westend.com\\\/en\\\/2025\\\/03\\\/05\\\/hotel-west-end-residence-aston-la-scala-nice\\\/#primaryimage\"},\"image\":{\"@id\":\"https:\\\/\\\/www.hotel-westend.com\\\/en\\\/2025\\\/03\\\/05\\\/hotel-west-end-residence-aston-la-scala-nice\\\/#primaryimage\"},\"thumbnailUrl\":\"https:\\\/\\\/www.hotel-westend.com\\\/wp-content\\\/uploads\\\/2025\\\/03\\\/Article-West-End.png\",\"datePublished\":\"2025-03-05T08:08:04+00:00\",\"dateModified\":\"2025-03-05T09:41:35+00:00\",\"author\":{\"@id\":\"https:\\\/\\\/www.hotel-westend.com\\\/#\\\/schema\\\/person\\\/c3ec475886346e12750f94aa1d3d9458\"},\"description\":\"H\u00f4tel West End is delighted to present a new addition to the 3A Hotels La Collection Group: the R\u00e9sidence Aston La Scala...\",\"breadcrumb\":{\"@id\":\"https:\\\/\\\/www.hotel-westend.com\\\/en\\\/2025\\\/03\\\/05\\\/hotel-west-end-residence-aston-la-scala-nice\\\/#breadcrumb\"},\"inLanguage\":\"en-US\",\"potentialAction\":[{\"@type\":\"ReadAction\",\"target\":[\"https:\\\/\\\/www.hotel-westend.com\\\/en\\\/2025\\\/03\\\/05\\\/hotel-west-end-residence-aston-la-scala-nice\\\/\"]}]},{\"@type\":\"ImageObject\",\"inLanguage\":\"en-US\",\"@id\":\"https:\\\/\\\/www.hotel-westend.com\\\/en\\\/2025\\\/03\\\/05\\\/hotel-west-end-residence-aston-la-scala-nice\\\/#primaryimage\",\"url\":\"https:\\\/\\\/www.hotel-westend.com\\\/wp-content\\\/uploads\\\/2025\\\/03\\\/Article-West-End.png\",\"contentUrl\":\"https:\\\/\\\/www.hotel-westend.com\\\/wp-content\\\/uploads\\\/2025\\\/03\\\/Article-West-End.png\",\"width\":2041,\"height\":1323,\"caption\":\"H\u00f4tel West End : ouverture de la R\u00e9sidence Aston La Scala \u00e0 Nice\"},{\"@type\":\"BreadcrumbList\",\"@id\":\"https:\\\/\\\/www.hotel-westend.com\\\/en\\\/2025\\\/03\\\/05\\\/hotel-west-end-residence-aston-la-scala-nice\\\/#breadcrumb\",\"itemListElement\":[{\"@type\":\"ListItem\",\"position\":1,\"name\":\"Accueil\",\"item\":\"https:\\\/\\\/www.hotel-westend.com\\\/en\\\/\"},{\"@type\":\"ListItem\",\"position\":2,\"name\":\"H\u00f4tel West End : opening of the R\u00e9sidence Aston La Scala in Nice\"}]},{\"@type\":\"WebSite\",\"@id\":\"https:\\\/\\\/www.hotel-westend.com\\\/#website\",\"url\":\"https:\\\/\\\/www.hotel-westend.com\\\/\",\"name\":\"Hotel Westend Nice\",\"description\":\"Hotel 4 Etoiles Nice - Promenade Anglais | OFFICIEL \",\"potentialAction\":[{\"@type\":\"SearchAction\",\"target\":{\"@type\":\"EntryPoint\",\"urlTemplate\":\"https:\\\/\\\/www.hotel-westend.com\\\/?s={search_term_string}\"},\"query-input\":{\"@type\":\"PropertyValueSpecification\",\"valueRequired\":true,\"valueName\":\"search_term_string\"}}],\"inLanguage\":\"en-US\"},{\"@type\":\"Person\",\"@id\":\"https:\\\/\\\/www.hotel-westend.com\\\/#\\\/schema\\\/person\\\/c3ec475886346e12750f94aa1d3d9458\",\"name\":\"AgenceAZ\",\"url\":\"https:\\\/\\\/www.hotel-westend.com\\\/en\\\/author\\\/agenceaz\\\/\"}]}<\/script>\n<!-- \/ Yoast SEO plugin. -->","yoast_head_json":{"title":"H\u00f4tel West End : opening of the R\u00e9sidence Aston La Scala in Nice -","description":"H\u00f4tel West End is delighted to present a new addition to the 3A Hotels La Collection Group: the R\u00e9sidence Aston La Scala...","robots":{"index":"index","follow":"follow","max-snippet":"max-snippet:-1","max-image-preview":"max-image-preview:large","max-video-preview":"max-video-preview:-1"},"canonical":"https:\/\/www.hotel-westend.com\/en\/2025\/03\/05\/hotel-west-end-residence-aston-la-scala-nice\/","og_locale":"en_US","og_type":"article","og_title":"H\u00f4tel West End : opening of the R\u00e9sidence Aston La Scala in Nice -","og_description":"H\u00f4tel West End is delighted to present a new addition to the 3A Hotels La Collection Group: the R\u00e9sidence Aston La Scala...","og_url":"https:\/\/www.hotel-westend.com\/en\/2025\/03\/05\/hotel-west-end-residence-aston-la-scala-nice\/","og_site_name":"Hotel Westend Nice","article_published_time":"2025-03-05T08:08:04+00:00","article_modified_time":"2025-03-05T09:41:35+00:00","og_image":[{"width":1024,"height":664,"url":"https:\/\/www.hotel-westend.com\/wp-content\/uploads\/2025\/03\/Article-West-End-1024x664.png","type":"image\/png"}],"author":"AgenceAZ","twitter_card":"summary_large_image","twitter_misc":{"Written by":"AgenceAZ","Est. reading time":"3 minutes"},"schema":{"@context":"https:\/\/schema.org","@graph":[{"@type":"Article","@id":"https:\/\/www.hotel-westend.com\/en\/2025\/03\/05\/hotel-west-end-residence-aston-la-scala-nice\/#article","isPartOf":{"@id":"https:\/\/www.hotel-westend.com\/en\/2025\/03\/05\/hotel-west-end-residence-aston-la-scala-nice\/"},"author":{"name":"AgenceAZ","@id":"https:\/\/www.hotel-westend.com\/#\/schema\/person\/c3ec475886346e12750f94aa1d3d9458"},"headline":"H\u00f4tel West End : opening of the R\u00e9sidence Aston La Scala in Nice","datePublished":"2025-03-05T08:08:04+00:00","dateModified":"2025-03-05T09:41:35+00:00","mainEntityOfPage":{"@id":"https:\/\/www.hotel-westend.com\/en\/2025\/03\/05\/hotel-west-end-residence-aston-la-scala-nice\/"},"wordCount":596,"commentCount":0,"image":{"@id":"https:\/\/www.hotel-westend.com\/en\/2025\/03\/05\/hotel-west-end-residence-aston-la-scala-nice\/#primaryimage"},"thumbnailUrl":"https:\/\/www.hotel-westend.com\/wp-content\/uploads\/2025\/03\/Article-West-End.png","articleSection":["Actualit\u00e9s","News","News-EN-2022"],"inLanguage":"en-US"},{"@type":"WebPage","@id":"https:\/\/www.hotel-westend.com\/en\/2025\/03\/05\/hotel-west-end-residence-aston-la-scala-nice\/","url":"https:\/\/www.hotel-westend.com\/en\/2025\/03\/05\/hotel-west-end-residence-aston-la-scala-nice\/","name":"H\u00f4tel West End : opening of the R\u00e9sidence Aston La Scala in Nice -","isPartOf":{"@id":"https:\/\/www.hotel-westend.com\/#website"},"primaryImageOfPage":{"@id":"https:\/\/www.hotel-westend.com\/en\/2025\/03\/05\/hotel-west-end-residence-aston-la-scala-nice\/#primaryimage"},"image":{"@id":"https:\/\/www.hotel-westend.com\/en\/2025\/03\/05\/hotel-west-end-residence-aston-la-scala-nice\/#primaryimage"},"thumbnailUrl":"https:\/\/www.hotel-westend.com\/wp-content\/uploads\/2025\/03\/Article-West-End.png","datePublished":"2025-03-05T08:08:04+00:00","dateModified":"2025-03-05T09:41:35+00:00","author":{"@id":"https:\/\/www.hotel-westend.com\/#\/schema\/person\/c3ec475886346e12750f94aa1d3d9458"},"description":"H\u00f4tel West End is delighted to present a new addition to the 3A Hotels La Collection Group: the R\u00e9sidence Aston La Scala...","breadcrumb":{"@id":"https:\/\/www.hotel-westend.com\/en\/2025\/03\/05\/hotel-west-end-residence-aston-la-scala-nice\/#breadcrumb"},"inLanguage":"en-US","potentialAction":[{"@type":"ReadAction","target":["https:\/\/www.hotel-westend.com\/en\/2025\/03\/05\/hotel-west-end-residence-aston-la-scala-nice\/"]}]},{"@type":"ImageObject","inLanguage":"en-US","@id":"https:\/\/www.hotel-westend.com\/en\/2025\/03\/05\/hotel-west-end-residence-aston-la-scala-nice\/#primaryimage","url":"https:\/\/www.hotel-westend.com\/wp-content\/uploads\/2025\/03\/Article-West-End.png","contentUrl":"https:\/\/www.hotel-westend.com\/wp-content\/uploads\/2025\/03\/Article-West-End.png","width":2041,"height":1323,"caption":"H\u00f4tel West End : ouverture de la R\u00e9sidence Aston La Scala \u00e0 Nice"},{"@type":"BreadcrumbList","@id":"https:\/\/www.hotel-westend.com\/en\/2025\/03\/05\/hotel-west-end-residence-aston-la-scala-nice\/#breadcrumb","itemListElement":[{"@type":"ListItem","position":1,"name":"Accueil","item":"https:\/\/www.hotel-westend.com\/en\/"},{"@type":"ListItem","position":2,"name":"H\u00f4tel West End : opening of the R\u00e9sidence Aston La Scala in Nice"}]},{"@type":"WebSite","@id":"https:\/\/www.hotel-westend.com\/#website","url":"https:\/\/www.hotel-westend.com\/","name":"Hotel Westend Nice","description":"Hotel 4 Etoiles Nice - Promenade Anglais | OFFICIEL ","potentialAction":[{"@type":"SearchAction","target":{"@type":"EntryPoint","urlTemplate":"https:\/\/www.hotel-westend.com\/?s={search_term_string}"},"query-input":{"@type":"PropertyValueSpecification","valueRequired":true,"valueName":"search_term_string"}}],"inLanguage":"en-US"},{"@type":"Person","@id":"https:\/\/www.hotel-westend.com\/#\/schema\/person\/c3ec475886346e12750f94aa1d3d9458","name":"AgenceAZ","url":"https:\/\/www.hotel-westend.com\/en\/author\/agenceaz\/"}]}},"_links":{"self":[{"href":"https:\/\/www.hotel-westend.com\/en\/wp-json\/wp\/v2\/posts\/9702","targetHints":{"allow":["GET"]}}],"collection":[{"href":"https:\/\/www.hotel-westend.com\/en\/wp-json\/wp\/v2\/posts"}],"about":[{"href":"https:\/\/www.hotel-westend.com\/en\/wp-json\/wp\/v2\/types\/post"}],"author":[{"embeddable":true,"href":"https:\/\/www.hotel-westend.com\/en\/wp-json\/wp\/v2\/users\/7"}],"replies":[{"embeddable":true,"href":"https:\/\/www.hotel-westend.com\/en\/wp-json\/wp\/v2\/comments?post=9702"}],"version-history":[{"count":4,"href":"https:\/\/www.hotel-westend.com\/en\/wp-json\/wp\/v2\/posts\/9702\/revisions"}],"predecessor-version":[{"id":9709,"href":"https:\/\/www.hotel-westend.com\/en\/wp-json\/wp\/v2\/posts\/9702\/revisions\/9709"}],"wp:featuredmedia":[{"embeddable":true,"href":"https:\/\/www.hotel-westend.com\/en\/wp-json\/wp\/v2\/media\/9695"}],"wp:attachment":[{"href":"https:\/\/www.hotel-westend.com\/en\/wp-json\/wp\/v2\/media?parent=9702"}],"wp:term":[{"taxonomy":"category","embeddable":true,"href":"https:\/\/www.hotel-westend.com\/en\/wp-json\/wp\/v2\/categories?post=9702"},{"taxonomy":"post_tag","embeddable":true,"href":"https:\/\/www.hotel-westend.com\/en\/wp-json\/wp\/v2\/tags?post=9702"}],"curies":[{"name":"wp","href":"https:\/\/api.w.org\/{rel}","templated":true}]}}