{"id":9774,"date":"2025-04-02T08:27:47","date_gmt":"2025-04-02T06:27:47","guid":{"rendered":"https:\/\/www.hotel-westend.com\/?p=9774"},"modified":"2025-04-12T15:03:53","modified_gmt":"2025-04-12T13:03:53","slug":"week-end-paques-gourmand-festif-restaurant-le-siecle","status":"publish","type":"post","link":"https:\/\/www.hotel-westend.com\/en\/2025\/04\/02\/week-end-paques-gourmand-festif-restaurant-le-siecle\/","title":{"rendered":"A gourmet and festive Easter weekend at Le Si\u00e8cle restaurant"},"content":{"rendered":"<p>[et_pb_section fb_built=&#8221;1&#8243; admin_label=&#8221;section&#8221; _builder_version=&#8221;4.16&#8243; min_height=&#8221;629.4px&#8221; custom_padding=&#8221;||0px|||&#8221; global_colors_info=&#8221;{}&#8221;][et_pb_row admin_label=&#8221;row&#8221; _builder_version=&#8221;4.27.0&#8243; background_size=&#8221;initial&#8221; background_position=&#8221;top_left&#8221; background_repeat=&#8221;repeat&#8221; custom_margin=&#8221;-4px|auto||auto|false|false&#8221; custom_padding=&#8221;||0px|||&#8221; global_colors_info=&#8221;{}&#8221;][et_pb_column type=&#8221;4_4&#8243; _builder_version=&#8221;4.16&#8243; custom_padding=&#8221;|||&#8221; global_colors_info=&#8221;{}&#8221; custom_padding__hover=&#8221;|||&#8221;][et_pb_text module_class=&#8221;tiretsInverse&#8221; _builder_version=&#8221;4.27.0&#8243; _module_preset=&#8221;default&#8221; header_2_font=&#8221;Gilda Display||||||||&#8221; header_2_text_color=&#8221;#9b8760&#8243; header_2_font_size=&#8221;58px&#8221; width=&#8221;100%&#8221; custom_margin=&#8221;|||0px|false|false&#8221; custom_padding=&#8221;0px|||0px||&#8221; locked=&#8221;off&#8221; global_colors_info=&#8221;{}&#8221;]<\/p>\n<h2>A gourmet and festive Easter weekend at Le Si\u00e8cle restaurant<\/h2>\n<p>[\/et_pb_text][et_pb_image src=&#8221;https:\/\/www.hotel-westend.com\/wp-content\/uploads\/2025\/04\/Article-West-End-2.png&#8221; alt=&#8221;Un week-end de P\u00e2ques gourmand et festif au restaurant Le Si\u00e8cle&#8221; title_text=&#8221;Article West End (2)&#8221; _builder_version=&#8221;4.27.0&#8243; _module_preset=&#8221;default&#8221; global_colors_info=&#8221;{}&#8221;][\/et_pb_image][et_pb_text admin_label=&#8221;Text&#8221; _builder_version=&#8221;4.27.0&#8243; background_size=&#8221;initial&#8221; background_position=&#8221;top_left&#8221; background_repeat=&#8221;repeat&#8221; hover_enabled=&#8221;0&#8243; global_colors_info=&#8221;{}&#8221; sticky_enabled=&#8221;0&#8243;]<\/p>\n<p><span style=\"font-weight: 400;\">Easter is just around the corner and at <a href=\"https:\/\/www.instagram.com\/restaurant_le_siecle_nice\/\" target=\"_blank\" rel=\"noopener\">Le Si\u00e8cle restaurant<\/a>, we&#8217;re celebrating with an exceptional menu and a touch of conviviality! From Friday 18 April at dinner to Monday 21 April at lunch, let yourself be tempted by a unique culinary experience combining revisited traditions and spring flavours, all in an Art Deco setting.<\/span><\/p>\n<h4><span style=\"font-weight: 400;\">Le Si\u00e8cle restaurant celebrates Easter with gourmet delights<\/span><\/h4>\n<p><span style=\"font-weight: 400;\">The Chef has devised a refined, gourmet menu for this special occasion. For starters, try a new take on the poached egg with Scottish salmon and toasted muffins, or succumb to a melt-in-your-mouth burrata with hazelnut tartar of green asparagus. As for the main courses, let yourself be seduced by the salmon koulibiac with button mushrooms or the unmissable paschal shoulder of lamb, confit for 7 hours with black olives from Nice. Finally, to end on a sweet note, savour the chocolate Easter surprise or a strawberry tart with spring accents.<\/span><\/p>\n<p><span style=\"font-weight: 400;\">The menu is priced at \u20ac69, and the restaurant&#8217;s regular \u00e0 la carte menu is available for those who would like to discover other flavours. Please note that on Sunday, April 20, only the Easter menu will be available. Reservations only by telephone (prior confirmation required).<\/span><\/p>\n<h4><span style=\"font-weight: 400;\">An egg hunt at La Palmeraie<\/span><\/h4>\n<p><span style=\"font-weight: 400;\">To the delight of children, an egg hunt is being organised on the terrace of La Palmeraie on Sunday<\/span><span style=\"font-weight: 400;\"> 20 April 2025 from 11:00am to 12:00pm. Reserved for young gourmets staying at the hotel, this event promises a magical moment overlooking the sea, punctuated by delicious chocolate surprises.<\/span><\/p>\n<h4><span style=\"font-weight: 400;\">Springtime to the rhythm of Brooklyn2Nice<\/span><\/h4>\n<p><span style=\"font-weight: 400;\">Another highlight of the weekend is the launch of live music evenings with the group Brooklyn2Nice! The concept takes over Le Si\u00e8cle restaurant on Friday 18 April for an exclusive first evening. It&#8217;s a cosmopolitan and vibrant atmosphere to discover, and to enjoy every Tuesday from April 29th until October.<\/span><\/p>\n<h4><span style=\"font-weight: 400;\">Stay at the H\u00f4tel West End with a special offer<\/span><\/h4>\n<p><span style=\"font-weight: 400;\">To extend the experience, take advantage of our spring offer: get 10% off your stay at <a href=\"https:\/\/www.hotel-westend.com\/en\/\" target=\"_blank\" rel=\"noopener\">the H\u00f4tel West End<\/a> with the code SPRING. A great opportunity to celebrate Easter and the arrival of fine weather in an idyllic setting.<\/span><span style=\"font-weight: 400;\"> Join us at Le Si\u00e8cle restaurant for an Easter weekend full of food and sharing!\u00a0<\/span><\/p>\n<p>[\/et_pb_text][\/et_pb_column][\/et_pb_row][\/et_pb_section]<\/p>\n","protected":false},"excerpt":{"rendered":"<p>From Friday 18 April at dinner until Monday 21 April at lunch, discover the special Easter menu at Le Si\u00e8cle&#8230;<\/p>\n","protected":false},"author":7,"featured_media":9770,"comment_status":"open","ping_status":"open","sticky":false,"template":"","format":"standard","meta":{"_et_pb_use_builder":"on","_et_pb_old_content":"<!-- wp:paragraph -->\r\n<p>Du 13 au 27 f\u00e9vrier 2021, Nice deviendra la Capitale mondiale de la mode avec la 137e \u00e9dition du Carnaval sur le th\u00e8me \u00ab Roi des animaux \u00bb. Venez admirer le Roi, la Reine et leurs sujets et participer aux extravagants d\u00e9fil\u00e9s de chars, de grosses t\u00eates et aux \u00e9l\u00e9gantes Batailles de Fleurs.<\/p>\r\n<!-- \/wp:paragraph -->\r\n\r\n<!-- wp:paragraph -->\r\n<p>Pendant 15 jours, le Carnaval de Nice, avec ses deux manifestations\u00a0: les Corsi carnavalesques (de jour ou de nuit) et les Batailles de fleurs, imposera son style et vous offrira un spectacle burlesque, magique et initiatique d\u00e9di\u00e9 \u00e0 la mode sous toutes ses coutures.<\/p>\r\n<!-- \/wp:paragraph -->\r\n\r\n<!-- wp:paragraph -->\r\n<p>Les chars cr\u00e9\u00e9s sur le th\u00e8me d\u00e9fileront lors des Corsi carnavalesques (mardis, samedis et dimanche), accompagn\u00e9s de grosses t\u00eates et d\u2019artistes venant du monde entier dans une ambiance festive et populaire, savamment sc\u00e9nographi\u00e9e, pour revisiter l\u2019histoire de la mode, vous faire rire, sourire mais aussi r\u00e9fl\u00e9chir sur la mode et ses dessous. Car si la mode lance des tendances et bouleverse les codes comme les comportements, elle a aussi un r\u00f4le \u00e9thique et responsable \u00e0 jouer.<\/p>\r\n<!-- \/wp:paragraph -->\r\n\r\n<!-- wp:paragraph -->\r\n<p>Les mercredis et samedis apr\u00e8s-midi, venez d\u00e9couvrir l\u2019autre temps du fort du Carnaval\u00a0: les Batailles de Fleurs o\u00f9 le th\u00e8me sera d\u00e9clin\u00e9 sur des chars orn\u00e9s de fleurs valorisant la production locale (80% des fleurs sont produites dans la r\u00e9gion) et anim\u00e9s par des com\u00e9diennes qui porteront des costumes sp\u00e9cialement con\u00e7us pour la manifestation. Un d\u00e9fil\u00e9 unique au monde o\u00f9 des milliers de fleurs seront distribu\u00e9es.<\/p>\r\n<!-- \/wp:paragraph -->\r\n\r\n<!-- wp:paragraph -->\r\n<p>Et n\u2019oubliez pas, grands et petits, d\u00e9guisez de la t\u00eate aux pieds, les corsi seront gratuits\u00a0!<\/p>\r\n<!-- \/wp:paragraph -->\r\n\r\n<!-- wp:paragraph -->\r\n<p><strong>Alors venez prendre part \u00e0 la f\u00eate du 13 au 27 f\u00e9vrier 2021 \u00e0 Nice.<\/strong><\/p>\r\n<!-- \/wp:paragraph -->","_et_gb_content_width":"1150","inline_featured_image":false,"footnotes":""},"categories":[36,37,35],"tags":[],"class_list":["post-9774","post","type-post","status-publish","format-standard","has-post-thumbnail","hentry","category-actualites-en","category-news-en","category-news-en-2022"],"yoast_head":"<!-- This site is optimized with the Yoast SEO plugin v27.4 - https:\/\/yoast.com\/product\/yoast-seo-wordpress\/ -->\n<title>A gourmet and festive Easter weekend at Le Si\u00e8cle restaurant -<\/title>\n<meta name=\"description\" content=\"From Friday 18 April at dinner until Monday 21 April at lunch, discover the special Easter menu at Le Si\u00e8cle...\" \/>\n<meta name=\"robots\" content=\"index, follow, max-snippet:-1, max-image-preview:large, max-video-preview:-1\" \/>\n<link rel=\"canonical\" href=\"https:\/\/www.hotel-westend.com\/en\/2025\/04\/02\/week-end-paques-gourmand-festif-restaurant-le-siecle\/\" \/>\n<meta property=\"og:locale\" content=\"en_US\" \/>\n<meta property=\"og:type\" content=\"article\" \/>\n<meta property=\"og:title\" content=\"A gourmet and festive Easter weekend at Le Si\u00e8cle restaurant -\" \/>\n<meta property=\"og:description\" content=\"From Friday 18 April at dinner until Monday 21 April at lunch, discover the special Easter menu at Le Si\u00e8cle...\" \/>\n<meta property=\"og:url\" content=\"https:\/\/www.hotel-westend.com\/en\/2025\/04\/02\/week-end-paques-gourmand-festif-restaurant-le-siecle\/\" \/>\n<meta property=\"og:site_name\" content=\"Hotel Westend Nice\" \/>\n<meta property=\"article:published_time\" content=\"2025-04-02T06:27:47+00:00\" \/>\n<meta property=\"article:modified_time\" content=\"2025-04-12T13:03:53+00:00\" \/>\n<meta property=\"og:image\" content=\"https:\/\/www.hotel-westend.com\/wp-content\/uploads\/2025\/04\/Article-West-End-2-1024x664.png\" \/>\n\t<meta property=\"og:image:width\" content=\"1024\" \/>\n\t<meta property=\"og:image:height\" content=\"664\" \/>\n\t<meta property=\"og:image:type\" content=\"image\/png\" \/>\n<meta name=\"author\" content=\"AgenceAZ\" \/>\n<meta name=\"twitter:card\" content=\"summary_large_image\" \/>\n<meta name=\"twitter:label1\" content=\"Written by\" \/>\n\t<meta name=\"twitter:data1\" content=\"AgenceAZ\" \/>\n\t<meta name=\"twitter:label2\" content=\"Est. reading time\" \/>\n\t<meta name=\"twitter:data2\" content=\"3 minutes\" \/>\n<script type=\"application\/ld+json\" class=\"yoast-schema-graph\">{\"@context\":\"https:\\\/\\\/schema.org\",\"@graph\":[{\"@type\":\"Article\",\"@id\":\"https:\\\/\\\/www.hotel-westend.com\\\/en\\\/2025\\\/04\\\/02\\\/week-end-paques-gourmand-festif-restaurant-le-siecle\\\/#article\",\"isPartOf\":{\"@id\":\"https:\\\/\\\/www.hotel-westend.com\\\/en\\\/2025\\\/04\\\/02\\\/week-end-paques-gourmand-festif-restaurant-le-siecle\\\/\"},\"author\":{\"name\":\"AgenceAZ\",\"@id\":\"https:\\\/\\\/www.hotel-westend.com\\\/#\\\/schema\\\/person\\\/c3ec475886346e12750f94aa1d3d9458\"},\"headline\":\"A gourmet and festive Easter weekend at Le Si\u00e8cle restaurant\",\"datePublished\":\"2025-04-02T06:27:47+00:00\",\"dateModified\":\"2025-04-12T13:03:53+00:00\",\"mainEntityOfPage\":{\"@id\":\"https:\\\/\\\/www.hotel-westend.com\\\/en\\\/2025\\\/04\\\/02\\\/week-end-paques-gourmand-festif-restaurant-le-siecle\\\/\"},\"wordCount\":580,\"commentCount\":0,\"image\":{\"@id\":\"https:\\\/\\\/www.hotel-westend.com\\\/en\\\/2025\\\/04\\\/02\\\/week-end-paques-gourmand-festif-restaurant-le-siecle\\\/#primaryimage\"},\"thumbnailUrl\":\"https:\\\/\\\/www.hotel-westend.com\\\/wp-content\\\/uploads\\\/2025\\\/04\\\/Article-West-End-2.png\",\"articleSection\":[\"Actualit\u00e9s\",\"News\",\"News-EN-2022\"],\"inLanguage\":\"en-US\"},{\"@type\":\"WebPage\",\"@id\":\"https:\\\/\\\/www.hotel-westend.com\\\/en\\\/2025\\\/04\\\/02\\\/week-end-paques-gourmand-festif-restaurant-le-siecle\\\/\",\"url\":\"https:\\\/\\\/www.hotel-westend.com\\\/en\\\/2025\\\/04\\\/02\\\/week-end-paques-gourmand-festif-restaurant-le-siecle\\\/\",\"name\":\"A gourmet and festive Easter weekend at Le Si\u00e8cle restaurant -\",\"isPartOf\":{\"@id\":\"https:\\\/\\\/www.hotel-westend.com\\\/#website\"},\"primaryImageOfPage\":{\"@id\":\"https:\\\/\\\/www.hotel-westend.com\\\/en\\\/2025\\\/04\\\/02\\\/week-end-paques-gourmand-festif-restaurant-le-siecle\\\/#primaryimage\"},\"image\":{\"@id\":\"https:\\\/\\\/www.hotel-westend.com\\\/en\\\/2025\\\/04\\\/02\\\/week-end-paques-gourmand-festif-restaurant-le-siecle\\\/#primaryimage\"},\"thumbnailUrl\":\"https:\\\/\\\/www.hotel-westend.com\\\/wp-content\\\/uploads\\\/2025\\\/04\\\/Article-West-End-2.png\",\"datePublished\":\"2025-04-02T06:27:47+00:00\",\"dateModified\":\"2025-04-12T13:03:53+00:00\",\"author\":{\"@id\":\"https:\\\/\\\/www.hotel-westend.com\\\/#\\\/schema\\\/person\\\/c3ec475886346e12750f94aa1d3d9458\"},\"description\":\"From Friday 18 April at dinner until Monday 21 April at lunch, discover the special Easter menu at Le Si\u00e8cle...\",\"breadcrumb\":{\"@id\":\"https:\\\/\\\/www.hotel-westend.com\\\/en\\\/2025\\\/04\\\/02\\\/week-end-paques-gourmand-festif-restaurant-le-siecle\\\/#breadcrumb\"},\"inLanguage\":\"en-US\",\"potentialAction\":[{\"@type\":\"ReadAction\",\"target\":[\"https:\\\/\\\/www.hotel-westend.com\\\/en\\\/2025\\\/04\\\/02\\\/week-end-paques-gourmand-festif-restaurant-le-siecle\\\/\"]}]},{\"@type\":\"ImageObject\",\"inLanguage\":\"en-US\",\"@id\":\"https:\\\/\\\/www.hotel-westend.com\\\/en\\\/2025\\\/04\\\/02\\\/week-end-paques-gourmand-festif-restaurant-le-siecle\\\/#primaryimage\",\"url\":\"https:\\\/\\\/www.hotel-westend.com\\\/wp-content\\\/uploads\\\/2025\\\/04\\\/Article-West-End-2.png\",\"contentUrl\":\"https:\\\/\\\/www.hotel-westend.com\\\/wp-content\\\/uploads\\\/2025\\\/04\\\/Article-West-End-2.png\",\"width\":2041,\"height\":1323,\"caption\":\"Un week-end de P\u00e2ques gourmand et festif au restaurant Le Si\u00e8cle\"},{\"@type\":\"BreadcrumbList\",\"@id\":\"https:\\\/\\\/www.hotel-westend.com\\\/en\\\/2025\\\/04\\\/02\\\/week-end-paques-gourmand-festif-restaurant-le-siecle\\\/#breadcrumb\",\"itemListElement\":[{\"@type\":\"ListItem\",\"position\":1,\"name\":\"Accueil\",\"item\":\"https:\\\/\\\/www.hotel-westend.com\\\/en\\\/\"},{\"@type\":\"ListItem\",\"position\":2,\"name\":\"A gourmet and festive Easter weekend at Le Si\u00e8cle restaurant\"}]},{\"@type\":\"WebSite\",\"@id\":\"https:\\\/\\\/www.hotel-westend.com\\\/#website\",\"url\":\"https:\\\/\\\/www.hotel-westend.com\\\/\",\"name\":\"Hotel Westend Nice\",\"description\":\"Hotel 4 Etoiles Nice - Promenade Anglais | OFFICIEL \",\"potentialAction\":[{\"@type\":\"SearchAction\",\"target\":{\"@type\":\"EntryPoint\",\"urlTemplate\":\"https:\\\/\\\/www.hotel-westend.com\\\/?s={search_term_string}\"},\"query-input\":{\"@type\":\"PropertyValueSpecification\",\"valueRequired\":true,\"valueName\":\"search_term_string\"}}],\"inLanguage\":\"en-US\"},{\"@type\":\"Person\",\"@id\":\"https:\\\/\\\/www.hotel-westend.com\\\/#\\\/schema\\\/person\\\/c3ec475886346e12750f94aa1d3d9458\",\"name\":\"AgenceAZ\",\"url\":\"https:\\\/\\\/www.hotel-westend.com\\\/en\\\/author\\\/agenceaz\\\/\"}]}<\/script>\n<!-- \/ Yoast SEO plugin. -->","yoast_head_json":{"title":"A gourmet and festive Easter weekend at Le Si\u00e8cle restaurant -","description":"From Friday 18 April at dinner until Monday 21 April at lunch, discover the special Easter menu at Le Si\u00e8cle...","robots":{"index":"index","follow":"follow","max-snippet":"max-snippet:-1","max-image-preview":"max-image-preview:large","max-video-preview":"max-video-preview:-1"},"canonical":"https:\/\/www.hotel-westend.com\/en\/2025\/04\/02\/week-end-paques-gourmand-festif-restaurant-le-siecle\/","og_locale":"en_US","og_type":"article","og_title":"A gourmet and festive Easter weekend at Le Si\u00e8cle restaurant -","og_description":"From Friday 18 April at dinner until Monday 21 April at lunch, discover the special Easter menu at Le Si\u00e8cle...","og_url":"https:\/\/www.hotel-westend.com\/en\/2025\/04\/02\/week-end-paques-gourmand-festif-restaurant-le-siecle\/","og_site_name":"Hotel Westend Nice","article_published_time":"2025-04-02T06:27:47+00:00","article_modified_time":"2025-04-12T13:03:53+00:00","og_image":[{"width":1024,"height":664,"url":"https:\/\/www.hotel-westend.com\/wp-content\/uploads\/2025\/04\/Article-West-End-2-1024x664.png","type":"image\/png"}],"author":"AgenceAZ","twitter_card":"summary_large_image","twitter_misc":{"Written by":"AgenceAZ","Est. reading time":"3 minutes"},"schema":{"@context":"https:\/\/schema.org","@graph":[{"@type":"Article","@id":"https:\/\/www.hotel-westend.com\/en\/2025\/04\/02\/week-end-paques-gourmand-festif-restaurant-le-siecle\/#article","isPartOf":{"@id":"https:\/\/www.hotel-westend.com\/en\/2025\/04\/02\/week-end-paques-gourmand-festif-restaurant-le-siecle\/"},"author":{"name":"AgenceAZ","@id":"https:\/\/www.hotel-westend.com\/#\/schema\/person\/c3ec475886346e12750f94aa1d3d9458"},"headline":"A gourmet and festive Easter weekend at Le Si\u00e8cle restaurant","datePublished":"2025-04-02T06:27:47+00:00","dateModified":"2025-04-12T13:03:53+00:00","mainEntityOfPage":{"@id":"https:\/\/www.hotel-westend.com\/en\/2025\/04\/02\/week-end-paques-gourmand-festif-restaurant-le-siecle\/"},"wordCount":580,"commentCount":0,"image":{"@id":"https:\/\/www.hotel-westend.com\/en\/2025\/04\/02\/week-end-paques-gourmand-festif-restaurant-le-siecle\/#primaryimage"},"thumbnailUrl":"https:\/\/www.hotel-westend.com\/wp-content\/uploads\/2025\/04\/Article-West-End-2.png","articleSection":["Actualit\u00e9s","News","News-EN-2022"],"inLanguage":"en-US"},{"@type":"WebPage","@id":"https:\/\/www.hotel-westend.com\/en\/2025\/04\/02\/week-end-paques-gourmand-festif-restaurant-le-siecle\/","url":"https:\/\/www.hotel-westend.com\/en\/2025\/04\/02\/week-end-paques-gourmand-festif-restaurant-le-siecle\/","name":"A gourmet and festive Easter weekend at Le Si\u00e8cle restaurant -","isPartOf":{"@id":"https:\/\/www.hotel-westend.com\/#website"},"primaryImageOfPage":{"@id":"https:\/\/www.hotel-westend.com\/en\/2025\/04\/02\/week-end-paques-gourmand-festif-restaurant-le-siecle\/#primaryimage"},"image":{"@id":"https:\/\/www.hotel-westend.com\/en\/2025\/04\/02\/week-end-paques-gourmand-festif-restaurant-le-siecle\/#primaryimage"},"thumbnailUrl":"https:\/\/www.hotel-westend.com\/wp-content\/uploads\/2025\/04\/Article-West-End-2.png","datePublished":"2025-04-02T06:27:47+00:00","dateModified":"2025-04-12T13:03:53+00:00","author":{"@id":"https:\/\/www.hotel-westend.com\/#\/schema\/person\/c3ec475886346e12750f94aa1d3d9458"},"description":"From Friday 18 April at dinner until Monday 21 April at lunch, discover the special Easter menu at Le Si\u00e8cle...","breadcrumb":{"@id":"https:\/\/www.hotel-westend.com\/en\/2025\/04\/02\/week-end-paques-gourmand-festif-restaurant-le-siecle\/#breadcrumb"},"inLanguage":"en-US","potentialAction":[{"@type":"ReadAction","target":["https:\/\/www.hotel-westend.com\/en\/2025\/04\/02\/week-end-paques-gourmand-festif-restaurant-le-siecle\/"]}]},{"@type":"ImageObject","inLanguage":"en-US","@id":"https:\/\/www.hotel-westend.com\/en\/2025\/04\/02\/week-end-paques-gourmand-festif-restaurant-le-siecle\/#primaryimage","url":"https:\/\/www.hotel-westend.com\/wp-content\/uploads\/2025\/04\/Article-West-End-2.png","contentUrl":"https:\/\/www.hotel-westend.com\/wp-content\/uploads\/2025\/04\/Article-West-End-2.png","width":2041,"height":1323,"caption":"Un week-end de P\u00e2ques gourmand et festif au restaurant Le Si\u00e8cle"},{"@type":"BreadcrumbList","@id":"https:\/\/www.hotel-westend.com\/en\/2025\/04\/02\/week-end-paques-gourmand-festif-restaurant-le-siecle\/#breadcrumb","itemListElement":[{"@type":"ListItem","position":1,"name":"Accueil","item":"https:\/\/www.hotel-westend.com\/en\/"},{"@type":"ListItem","position":2,"name":"A gourmet and festive Easter weekend at Le Si\u00e8cle restaurant"}]},{"@type":"WebSite","@id":"https:\/\/www.hotel-westend.com\/#website","url":"https:\/\/www.hotel-westend.com\/","name":"Hotel Westend Nice","description":"Hotel 4 Etoiles Nice - Promenade Anglais | OFFICIEL ","potentialAction":[{"@type":"SearchAction","target":{"@type":"EntryPoint","urlTemplate":"https:\/\/www.hotel-westend.com\/?s={search_term_string}"},"query-input":{"@type":"PropertyValueSpecification","valueRequired":true,"valueName":"search_term_string"}}],"inLanguage":"en-US"},{"@type":"Person","@id":"https:\/\/www.hotel-westend.com\/#\/schema\/person\/c3ec475886346e12750f94aa1d3d9458","name":"AgenceAZ","url":"https:\/\/www.hotel-westend.com\/en\/author\/agenceaz\/"}]}},"_links":{"self":[{"href":"https:\/\/www.hotel-westend.com\/en\/wp-json\/wp\/v2\/posts\/9774","targetHints":{"allow":["GET"]}}],"collection":[{"href":"https:\/\/www.hotel-westend.com\/en\/wp-json\/wp\/v2\/posts"}],"about":[{"href":"https:\/\/www.hotel-westend.com\/en\/wp-json\/wp\/v2\/types\/post"}],"author":[{"embeddable":true,"href":"https:\/\/www.hotel-westend.com\/en\/wp-json\/wp\/v2\/users\/7"}],"replies":[{"embeddable":true,"href":"https:\/\/www.hotel-westend.com\/en\/wp-json\/wp\/v2\/comments?post=9774"}],"version-history":[{"count":8,"href":"https:\/\/www.hotel-westend.com\/en\/wp-json\/wp\/v2\/posts\/9774\/revisions"}],"predecessor-version":[{"id":9844,"href":"https:\/\/www.hotel-westend.com\/en\/wp-json\/wp\/v2\/posts\/9774\/revisions\/9844"}],"wp:featuredmedia":[{"embeddable":true,"href":"https:\/\/www.hotel-westend.com\/en\/wp-json\/wp\/v2\/media\/9770"}],"wp:attachment":[{"href":"https:\/\/www.hotel-westend.com\/en\/wp-json\/wp\/v2\/media?parent=9774"}],"wp:term":[{"taxonomy":"category","embeddable":true,"href":"https:\/\/www.hotel-westend.com\/en\/wp-json\/wp\/v2\/categories?post=9774"},{"taxonomy":"post_tag","embeddable":true,"href":"https:\/\/www.hotel-westend.com\/en\/wp-json\/wp\/v2\/tags?post=9774"}],"curies":[{"name":"wp","href":"https:\/\/api.w.org\/{rel}","templated":true}]}}